{"id":9332,"date":"2014-04-23T16:04:49","date_gmt":"2014-04-23T19:04:49","guid":{"rendered":"http:\/\/www.pm.pb.gov.br\/portal\/2014\/04\/6_cipm_intercepta_grupo_que_planejava_cometer_duplo_homicidio\/"},"modified":"2014-04-23T16:04:49","modified_gmt":"2014-04-23T19:04:49","slug":"6_cipm_intercepta_grupo_que_planejava_cometer_duplo_homicidio","status":"publish","type":"post","link":"https:\/\/www.pm.pb.gov.br\/portal\/2014\/04\/23\/6_cipm_intercepta_grupo_que_planejava_cometer_duplo_homicidio\/","title":{"rendered":"6\u00aa CIPM intercepta grupo que planejava cometer duplo homic\u00eddio"},"content":{"rendered":"<figure style=\"width: 500px\" class=\"wp-caption alignnone\"><img decoding=\"async\" class=\"alignnone size-medium\" src=\"http:\/\/www.pm.pb.gov.br\/portal\/wp-content\/uploads\/2014\/04\/9332_12769.jpg\" title=\"Foto ilustrativa\" width=\"100%\" \/><figcaption class=\"wp-caption-text\">Foto ilustrativa<\/figcaption><\/figure>\n<div style=\"text-align: justify;\">A Pol\u00edcia Militar interceptou um ve\u00edculo com seis suspeitos de estarem planejando cometer um duplo homic\u00eddio, na madrugada desta ter\u00e7a-feira (22), no bairro do Renascer, em Cabedelo. O grupo foi detido ap\u00f3s persegui\u00e7\u00e3o policial. Com eles foi apreendido um rev\u00f3lver calibre 38, que seria utilizado no crime.<\/p>\n<p>De acordo com o tenente Raony Fran\u00e7a, da 6\u00aa Companhia Independente, a guarni\u00e7\u00e3o policial realizava rondas quando se deparou com o carro dos suspeitos, que tentaram fugir. \u0093Na fuga eles jogaram a arma pela janela, mas ap\u00f3s conseguir deter o grupo, a arma foi localizada. Eles revelaram o nome de dois homens que estavam \u00e0 procura no bairro, antes da chegada de nossa guarni\u00e7\u00e3o\u0094, contou.<\/p>\n<p>Foi preso Josias Pereira da Silva, de 38 anos, e apreendidos cinco adolescente, de 16 e 17 anos, entre eles duas garotas. O grupo foi levado para a 7\u00aa Delegacia Distrital, em Cabedelo. <\/p>\n<div class=\"row\" align=\"center\"><\/div>\n<\/div>\n","protected":false},"excerpt":{"rendered":"<p>A Pol\u00edcia Militar interceptou um ve\u00edculo com seis suspeitos de estarem planejando cometer um duplo homic\u00eddio, na madrugada desta ter\u00e7a-feira<\/p>\n","protected":false},"author":5,"featured_media":12769,"comment_status":"closed","ping_status":"closed","sticky":false,"template":"","format":"standard","meta":{"_exactmetrics_skip_tracking":false,"_exactmetrics_sitenote_active":false,"_exactmetrics_sitenote_note":"","_exactmetrics_sitenote_category":0,"footnotes":""},"categories":[4],"tags":[],"yoast_head":"<!-- This site is optimized with the Yoast SEO plugin v22.0 - https:\/\/yoast.com\/wordpress\/plugins\/seo\/ -->\n<title>6\u00aa CIPM intercepta grupo que planejava cometer duplo homic\u00eddio - Pol\u00edcia Militar da Para\u00edba<\/title>\n<meta name=\"robots\" content=\"index, follow, max-snippet:-1, max-image-preview:large, max-video-preview:-1\" \/>\n<link rel=\"canonical\" href=\"https:\/\/www.pm.pb.gov.br\/portal\/2014\/04\/23\/6_cipm_intercepta_grupo_que_planejava_cometer_duplo_homicidio\/\" \/>\n<meta property=\"og:locale\" content=\"pt_BR\" \/>\n<meta property=\"og:type\" content=\"article\" \/>\n<meta property=\"og:title\" content=\"6\u00aa CIPM intercepta grupo que planejava cometer duplo homic\u00eddio - Pol\u00edcia Militar da Para\u00edba\" \/>\n<meta property=\"og:description\" content=\"A Pol\u00edcia Militar interceptou um ve\u00edculo com seis suspeitos de estarem planejando cometer um duplo homic\u00eddio, na madrugada desta ter\u00e7a-feira\" \/>\n<meta property=\"og:url\" content=\"https:\/\/www.pm.pb.gov.br\/portal\/2014\/04\/23\/6_cipm_intercepta_grupo_que_planejava_cometer_duplo_homicidio\/\" \/>\n<meta property=\"og:site_name\" content=\"Pol\u00edcia Militar da Para\u00edba\" \/>\n<meta property=\"article:published_time\" content=\"2014-04-23T19:04:49+00:00\" \/>\n<meta property=\"og:image\" content=\"https:\/\/www.pm.pb.gov.br\/portal\/wp-content\/uploads\/2014\/04\/9332_12769.jpg\" \/>\n\t<meta property=\"og:image:width\" content=\"500\" \/>\n\t<meta property=\"og:image:height\" content=\"336\" \/>\n\t<meta property=\"og:image:type\" content=\"image\/jpeg\" \/>\n<meta name=\"author\" content=\"Assessoria de Imprensa da PMPB\" \/>\n<meta name=\"twitter:card\" content=\"summary_large_image\" \/>\n<meta name=\"twitter:label1\" content=\"Escrito por\" \/>\n\t<meta name=\"twitter:data1\" content=\"Assessoria de Imprensa da PMPB\" \/>\n\t<meta name=\"twitter:label2\" content=\"Est. tempo de leitura\" \/>\n\t<meta name=\"twitter:data2\" content=\"1 minuto\" \/>\n<script type=\"application\/ld+json\" class=\"yoast-schema-graph\">{\"@context\":\"https:\/\/schema.org\",\"@graph\":[{\"@type\":\"Article\",\"@id\":\"https:\/\/www.pm.pb.gov.br\/portal\/2014\/04\/23\/6_cipm_intercepta_grupo_que_planejava_cometer_duplo_homicidio\/#article\",\"isPartOf\":{\"@id\":\"https:\/\/www.pm.pb.gov.br\/portal\/2014\/04\/23\/6_cipm_intercepta_grupo_que_planejava_cometer_duplo_homicidio\/\"},\"author\":{\"name\":\"Assessoria de Imprensa da PMPB\",\"@id\":\"https:\/\/www.pm.pb.gov.br\/portal\/#\/schema\/person\/e8454f46651c3ecf0e1ba3c1666d9947\"},\"headline\":\"6\u00aa CIPM intercepta grupo que planejava cometer duplo homic\u00eddio\",\"datePublished\":\"2014-04-23T19:04:49+00:00\",\"dateModified\":\"2014-04-23T19:04:49+00:00\",\"mainEntityOfPage\":{\"@id\":\"https:\/\/www.pm.pb.gov.br\/portal\/2014\/04\/23\/6_cipm_intercepta_grupo_que_planejava_cometer_duplo_homicidio\/\"},\"wordCount\":165,\"publisher\":{\"@id\":\"https:\/\/www.pm.pb.gov.br\/portal\/#organization\"},\"articleSection\":[\"A\u00e7\u00f5es Policiais\"],\"inLanguage\":\"pt-BR\"},{\"@type\":\"WebPage\",\"@id\":\"https:\/\/www.pm.pb.gov.br\/portal\/2014\/04\/23\/6_cipm_intercepta_grupo_que_planejava_cometer_duplo_homicidio\/\",\"url\":\"https:\/\/www.pm.pb.gov.br\/portal\/2014\/04\/23\/6_cipm_intercepta_grupo_que_planejava_cometer_duplo_homicidio\/\",\"name\":\"6\u00aa CIPM intercepta grupo que planejava cometer duplo homic\u00eddio - Pol\u00edcia Militar da Para\u00edba\",\"isPartOf\":{\"@id\":\"https:\/\/www.pm.pb.gov.br\/portal\/#website\"},\"datePublished\":\"2014-04-23T19:04:49+00:00\",\"dateModified\":\"2014-04-23T19:04:49+00:00\",\"breadcrumb\":{\"@id\":\"https:\/\/www.pm.pb.gov.br\/portal\/2014\/04\/23\/6_cipm_intercepta_grupo_que_planejava_cometer_duplo_homicidio\/#breadcrumb\"},\"inLanguage\":\"pt-BR\",\"potentialAction\":[{\"@type\":\"ReadAction\",\"target\":[\"https:\/\/www.pm.pb.gov.br\/portal\/2014\/04\/23\/6_cipm_intercepta_grupo_que_planejava_cometer_duplo_homicidio\/\"]}]},{\"@type\":\"BreadcrumbList\",\"@id\":\"https:\/\/www.pm.pb.gov.br\/portal\/2014\/04\/23\/6_cipm_intercepta_grupo_que_planejava_cometer_duplo_homicidio\/#breadcrumb\",\"itemListElement\":[{\"@type\":\"ListItem\",\"position\":1,\"name\":\"In\u00edcio\",\"item\":\"https:\/\/www.pm.pb.gov.br\/portal\/\"},{\"@type\":\"ListItem\",\"position\":2,\"name\":\"6\u00aa CIPM intercepta grupo que planejava cometer duplo homic\u00eddio\"}]},{\"@type\":\"WebSite\",\"@id\":\"https:\/\/www.pm.pb.gov.br\/portal\/#website\",\"url\":\"https:\/\/www.pm.pb.gov.br\/portal\/\",\"name\":\"Pol\u00edcia Militar da Para\u00edba\",\"description\":\"\",\"publisher\":{\"@id\":\"https:\/\/www.pm.pb.gov.br\/portal\/#organization\"},\"potentialAction\":[{\"@type\":\"SearchAction\",\"target\":{\"@type\":\"EntryPoint\",\"urlTemplate\":\"https:\/\/www.pm.pb.gov.br\/portal\/?s={search_term_string}\"},\"query-input\":\"required name=search_term_string\"}],\"inLanguage\":\"pt-BR\"},{\"@type\":\"Organization\",\"@id\":\"https:\/\/www.pm.pb.gov.br\/portal\/#organization\",\"name\":\"Pol\u00edcia Militar da Para\u00edba\",\"url\":\"https:\/\/www.pm.pb.gov.br\/portal\/\",\"logo\":{\"@type\":\"ImageObject\",\"inLanguage\":\"pt-BR\",\"@id\":\"https:\/\/www.pm.pb.gov.br\/portal\/#\/schema\/logo\/image\/\",\"url\":\"https:\/\/www.pm.pb.gov.br\/portal\/wp-content\/uploads\/2025\/03\/cropped-logo-site-mag2-1.png\",\"contentUrl\":\"https:\/\/www.pm.pb.gov.br\/portal\/wp-content\/uploads\/2025\/03\/cropped-logo-site-mag2-1.png\",\"width\":320,\"height\":90,\"caption\":\"Pol\u00edcia Militar da Para\u00edba\"},\"image\":{\"@id\":\"https:\/\/www.pm.pb.gov.br\/portal\/#\/schema\/logo\/image\/\"}},{\"@type\":\"Person\",\"@id\":\"https:\/\/www.pm.pb.gov.br\/portal\/#\/schema\/person\/e8454f46651c3ecf0e1ba3c1666d9947\",\"name\":\"Assessoria de Imprensa da PMPB\",\"image\":{\"@type\":\"ImageObject\",\"inLanguage\":\"pt-BR\",\"@id\":\"https:\/\/www.pm.pb.gov.br\/portal\/#\/schema\/person\/image\/\",\"url\":\"https:\/\/secure.gravatar.com\/avatar\/2efe197438265d1e90bd98c4c8e1acf8?s=96&d=mm&r=g\",\"contentUrl\":\"https:\/\/secure.gravatar.com\/avatar\/2efe197438265d1e90bd98c4c8e1acf8?s=96&d=mm&r=g\",\"caption\":\"Assessoria de Imprensa da PMPB\"},\"url\":\"https:\/\/www.pm.pb.gov.br\/portal\/author\/assessoria\/\"}]}<\/script>\n<!-- \/ Yoast SEO plugin. -->","yoast_head_json":{"title":"6\u00aa CIPM intercepta grupo que planejava cometer duplo homic\u00eddio - Pol\u00edcia Militar da Para\u00edba","robots":{"index":"index","follow":"follow","max-snippet":"max-snippet:-1","max-image-preview":"max-image-preview:large","max-video-preview":"max-video-preview:-1"},"canonical":"https:\/\/www.pm.pb.gov.br\/portal\/2014\/04\/23\/6_cipm_intercepta_grupo_que_planejava_cometer_duplo_homicidio\/","og_locale":"pt_BR","og_type":"article","og_title":"6\u00aa CIPM intercepta grupo que planejava cometer duplo homic\u00eddio - Pol\u00edcia Militar da Para\u00edba","og_description":"A Pol\u00edcia Militar interceptou um ve\u00edculo com seis suspeitos de estarem planejando cometer um duplo homic\u00eddio, na madrugada desta ter\u00e7a-feira","og_url":"https:\/\/www.pm.pb.gov.br\/portal\/2014\/04\/23\/6_cipm_intercepta_grupo_que_planejava_cometer_duplo_homicidio\/","og_site_name":"Pol\u00edcia Militar da Para\u00edba","article_published_time":"2014-04-23T19:04:49+00:00","og_image":[{"width":500,"height":336,"url":"https:\/\/www.pm.pb.gov.br\/portal\/wp-content\/uploads\/2014\/04\/9332_12769.jpg","type":"image\/jpeg"}],"author":"Assessoria de Imprensa da PMPB","twitter_card":"summary_large_image","twitter_misc":{"Escrito por":"Assessoria de Imprensa da PMPB","Est. tempo de leitura":"1 minuto"},"schema":{"@context":"https:\/\/schema.org","@graph":[{"@type":"Article","@id":"https:\/\/www.pm.pb.gov.br\/portal\/2014\/04\/23\/6_cipm_intercepta_grupo_que_planejava_cometer_duplo_homicidio\/#article","isPartOf":{"@id":"https:\/\/www.pm.pb.gov.br\/portal\/2014\/04\/23\/6_cipm_intercepta_grupo_que_planejava_cometer_duplo_homicidio\/"},"author":{"name":"Assessoria de Imprensa da PMPB","@id":"https:\/\/www.pm.pb.gov.br\/portal\/#\/schema\/person\/e8454f46651c3ecf0e1ba3c1666d9947"},"headline":"6\u00aa CIPM intercepta grupo que planejava cometer duplo homic\u00eddio","datePublished":"2014-04-23T19:04:49+00:00","dateModified":"2014-04-23T19:04:49+00:00","mainEntityOfPage":{"@id":"https:\/\/www.pm.pb.gov.br\/portal\/2014\/04\/23\/6_cipm_intercepta_grupo_que_planejava_cometer_duplo_homicidio\/"},"wordCount":165,"publisher":{"@id":"https:\/\/www.pm.pb.gov.br\/portal\/#organization"},"articleSection":["A\u00e7\u00f5es Policiais"],"inLanguage":"pt-BR"},{"@type":"WebPage","@id":"https:\/\/www.pm.pb.gov.br\/portal\/2014\/04\/23\/6_cipm_intercepta_grupo_que_planejava_cometer_duplo_homicidio\/","url":"https:\/\/www.pm.pb.gov.br\/portal\/2014\/04\/23\/6_cipm_intercepta_grupo_que_planejava_cometer_duplo_homicidio\/","name":"6\u00aa CIPM intercepta grupo que planejava cometer duplo homic\u00eddio - Pol\u00edcia Militar da Para\u00edba","isPartOf":{"@id":"https:\/\/www.pm.pb.gov.br\/portal\/#website"},"datePublished":"2014-04-23T19:04:49+00:00","dateModified":"2014-04-23T19:04:49+00:00","breadcrumb":{"@id":"https:\/\/www.pm.pb.gov.br\/portal\/2014\/04\/23\/6_cipm_intercepta_grupo_que_planejava_cometer_duplo_homicidio\/#breadcrumb"},"inLanguage":"pt-BR","potentialAction":[{"@type":"ReadAction","target":["https:\/\/www.pm.pb.gov.br\/portal\/2014\/04\/23\/6_cipm_intercepta_grupo_que_planejava_cometer_duplo_homicidio\/"]}]},{"@type":"BreadcrumbList","@id":"https:\/\/www.pm.pb.gov.br\/portal\/2014\/04\/23\/6_cipm_intercepta_grupo_que_planejava_cometer_duplo_homicidio\/#breadcrumb","itemListElement":[{"@type":"ListItem","position":1,"name":"In\u00edcio","item":"https:\/\/www.pm.pb.gov.br\/portal\/"},{"@type":"ListItem","position":2,"name":"6\u00aa CIPM intercepta grupo que planejava cometer duplo homic\u00eddio"}]},{"@type":"WebSite","@id":"https:\/\/www.pm.pb.gov.br\/portal\/#website","url":"https:\/\/www.pm.pb.gov.br\/portal\/","name":"Pol\u00edcia Militar da Para\u00edba","description":"","publisher":{"@id":"https:\/\/www.pm.pb.gov.br\/portal\/#organization"},"potentialAction":[{"@type":"SearchAction","target":{"@type":"EntryPoint","urlTemplate":"https:\/\/www.pm.pb.gov.br\/portal\/?s={search_term_string}"},"query-input":"required name=search_term_string"}],"inLanguage":"pt-BR"},{"@type":"Organization","@id":"https:\/\/www.pm.pb.gov.br\/portal\/#organization","name":"Pol\u00edcia Militar da Para\u00edba","url":"https:\/\/www.pm.pb.gov.br\/portal\/","logo":{"@type":"ImageObject","inLanguage":"pt-BR","@id":"https:\/\/www.pm.pb.gov.br\/portal\/#\/schema\/logo\/image\/","url":"https:\/\/www.pm.pb.gov.br\/portal\/wp-content\/uploads\/2025\/03\/cropped-logo-site-mag2-1.png","contentUrl":"https:\/\/www.pm.pb.gov.br\/portal\/wp-content\/uploads\/2025\/03\/cropped-logo-site-mag2-1.png","width":320,"height":90,"caption":"Pol\u00edcia Militar da Para\u00edba"},"image":{"@id":"https:\/\/www.pm.pb.gov.br\/portal\/#\/schema\/logo\/image\/"}},{"@type":"Person","@id":"https:\/\/www.pm.pb.gov.br\/portal\/#\/schema\/person\/e8454f46651c3ecf0e1ba3c1666d9947","name":"Assessoria de Imprensa da PMPB","image":{"@type":"ImageObject","inLanguage":"pt-BR","@id":"https:\/\/www.pm.pb.gov.br\/portal\/#\/schema\/person\/image\/","url":"https:\/\/secure.gravatar.com\/avatar\/2efe197438265d1e90bd98c4c8e1acf8?s=96&d=mm&r=g","contentUrl":"https:\/\/secure.gravatar.com\/avatar\/2efe197438265d1e90bd98c4c8e1acf8?s=96&d=mm&r=g","caption":"Assessoria de Imprensa da PMPB"},"url":"https:\/\/www.pm.pb.gov.br\/portal\/author\/assessoria\/"}]}},"_links":{"self":[{"href":"https:\/\/www.pm.pb.gov.br\/portal\/wp-json\/wp\/v2\/posts\/9332"}],"collection":[{"href":"https:\/\/www.pm.pb.gov.br\/portal\/wp-json\/wp\/v2\/posts"}],"about":[{"href":"https:\/\/www.pm.pb.gov.br\/portal\/wp-json\/wp\/v2\/types\/post"}],"author":[{"embeddable":true,"href":"https:\/\/www.pm.pb.gov.br\/portal\/wp-json\/wp\/v2\/users\/5"}],"replies":[{"embeddable":true,"href":"https:\/\/www.pm.pb.gov.br\/portal\/wp-json\/wp\/v2\/comments?post=9332"}],"version-history":[{"count":0,"href":"https:\/\/www.pm.pb.gov.br\/portal\/wp-json\/wp\/v2\/posts\/9332\/revisions"}],"wp:featuredmedia":[{"embeddable":true,"href":"https:\/\/www.pm.pb.gov.br\/portal\/wp-json\/wp\/v2\/media\/12769"}],"wp:attachment":[{"href":"https:\/\/www.pm.pb.gov.br\/portal\/wp-json\/wp\/v2\/media?parent=9332"}],"wp:term":[{"taxonomy":"category","embeddable":true,"href":"https:\/\/www.pm.pb.gov.br\/portal\/wp-json\/wp\/v2\/categories?post=9332"},{"taxonomy":"post_tag","embeddable":true,"href":"https:\/\/www.pm.pb.gov.br\/portal\/wp-json\/wp\/v2\/tags?post=9332"}],"curies":[{"name":"wp","href":"https:\/\/api.w.org\/{rel}","templated":true}]}}