{"id":930828,"date":"2026-04-30T19:59:12","date_gmt":"2026-04-30T22:59:12","guid":{"rendered":"https:\/\/www.pm.pb.gov.br\/portal\/?p=930828"},"modified":"2026-04-30T20:04:17","modified_gmt":"2026-04-30T23:04:17","slug":"integracao-comandante-geral-e-convidado-para-reuniao-com-gestores-da-policia-civil","status":"publish","type":"post","link":"https:\/\/www.pm.pb.gov.br\/portal\/2026\/04\/30\/integracao-comandante-geral-e-convidado-para-reuniao-com-gestores-da-policia-civil\/","title":{"rendered":"Integra\u00e7\u00e3o: Comandante-geral \u00e9 convidado para reuni\u00e3o com gestores da Pol\u00edcia Civil"},"content":{"rendered":"\n<p>A integra\u00e7\u00e3o das Pol\u00edcias Militar e Civil foi fortalecida, nesta quinta-feira (30), durante reuni\u00e3o de alinhamento dos gestores da Pol\u00edcia Civil, que teve como convidado o comandante-geral da Pol\u00edcia Militar, coronel Ronildo.<br><br>\u201cFoi um momento importante, onde demonstramos a integra\u00e7\u00e3o entre a Pol\u00edcia Civil e Pol\u00edcia Militar, refor\u00e7ando os la\u00e7os entre as institui\u00e7\u00f5es\u201d, destacou o comandante-geral da PM.<br><br>A reuni\u00e3o foi presidida pelo delegado-geral da Pol\u00edcia Civil, Andr\u00e9 Rabelo, e contou com delegados de v\u00e1rias unidades da PC.<\/p>\n\n\n\n<p><img loading=\"lazy\" decoding=\"async\" width=\"1600\" height=\"1066\" class=\"wp-image-930832\" style=\"width: 800px;\" src=\"http:\/\/www.pm.pb.gov.br\/portal\/wp-content\/uploads\/2026\/04\/WhatsApp-Image-2026-04-30-at-7.29.12-PM.jpeg\" alt=\"\" srcset=\"https:\/\/www.pm.pb.gov.br\/portal\/wp-content\/uploads\/2026\/04\/WhatsApp-Image-2026-04-30-at-7.29.12-PM.jpeg 1600w, https:\/\/www.pm.pb.gov.br\/portal\/wp-content\/uploads\/2026\/04\/WhatsApp-Image-2026-04-30-at-7.29.12-PM-668x445.jpeg 668w, https:\/\/www.pm.pb.gov.br\/portal\/wp-content\/uploads\/2026\/04\/WhatsApp-Image-2026-04-30-at-7.29.12-PM-856x570.jpeg 856w, https:\/\/www.pm.pb.gov.br\/portal\/wp-content\/uploads\/2026\/04\/WhatsApp-Image-2026-04-30-at-7.29.12-PM-768x512.jpeg 768w, https:\/\/www.pm.pb.gov.br\/portal\/wp-content\/uploads\/2026\/04\/WhatsApp-Image-2026-04-30-at-7.29.12-PM-1536x1023.jpeg 1536w, https:\/\/www.pm.pb.gov.br\/portal\/wp-content\/uploads\/2026\/04\/WhatsApp-Image-2026-04-30-at-7.29.12-PM-272x182.jpeg 272w\" sizes=\"(max-width: 1600px) 100vw, 1600px\" \/><\/p>\n\n\n\n<p><img loading=\"lazy\" decoding=\"async\" width=\"1600\" height=\"1066\" class=\"wp-image-930833\" style=\"width: 800px;\" src=\"http:\/\/www.pm.pb.gov.br\/portal\/wp-content\/uploads\/2026\/04\/WhatsApp-Image-2026-04-30-at-7.29.10-PM-1.jpeg\" alt=\"\" srcset=\"https:\/\/www.pm.pb.gov.br\/portal\/wp-content\/uploads\/2026\/04\/WhatsApp-Image-2026-04-30-at-7.29.10-PM-1.jpeg 1600w, https:\/\/www.pm.pb.gov.br\/portal\/wp-content\/uploads\/2026\/04\/WhatsApp-Image-2026-04-30-at-7.29.10-PM-1-668x445.jpeg 668w, https:\/\/www.pm.pb.gov.br\/portal\/wp-content\/uploads\/2026\/04\/WhatsApp-Image-2026-04-30-at-7.29.10-PM-1-856x570.jpeg 856w, https:\/\/www.pm.pb.gov.br\/portal\/wp-content\/uploads\/2026\/04\/WhatsApp-Image-2026-04-30-at-7.29.10-PM-1-768x512.jpeg 768w, https:\/\/www.pm.pb.gov.br\/portal\/wp-content\/uploads\/2026\/04\/WhatsApp-Image-2026-04-30-at-7.29.10-PM-1-1536x1023.jpeg 1536w, https:\/\/www.pm.pb.gov.br\/portal\/wp-content\/uploads\/2026\/04\/WhatsApp-Image-2026-04-30-at-7.29.10-PM-1-272x182.jpeg 272w\" sizes=\"(max-width: 1600px) 100vw, 1600px\" \/><\/p>\n\n\n\n<p><img loading=\"lazy\" decoding=\"async\" width=\"1600\" height=\"1066\" class=\"wp-image-930837\" style=\"width: 800px;\" src=\"http:\/\/www.pm.pb.gov.br\/portal\/wp-content\/uploads\/2026\/04\/WhatsApp-Image-2026-04-30-at-7.29.13-PM-2.jpeg\" alt=\"\" srcset=\"https:\/\/www.pm.pb.gov.br\/portal\/wp-content\/uploads\/2026\/04\/WhatsApp-Image-2026-04-30-at-7.29.13-PM-2.jpeg 1600w, https:\/\/www.pm.pb.gov.br\/portal\/wp-content\/uploads\/2026\/04\/WhatsApp-Image-2026-04-30-at-7.29.13-PM-2-668x445.jpeg 668w, https:\/\/www.pm.pb.gov.br\/portal\/wp-content\/uploads\/2026\/04\/WhatsApp-Image-2026-04-30-at-7.29.13-PM-2-856x570.jpeg 856w, https:\/\/www.pm.pb.gov.br\/portal\/wp-content\/uploads\/2026\/04\/WhatsApp-Image-2026-04-30-at-7.29.13-PM-2-768x512.jpeg 768w, https:\/\/www.pm.pb.gov.br\/portal\/wp-content\/uploads\/2026\/04\/WhatsApp-Image-2026-04-30-at-7.29.13-PM-2-1536x1023.jpeg 1536w, https:\/\/www.pm.pb.gov.br\/portal\/wp-content\/uploads\/2026\/04\/WhatsApp-Image-2026-04-30-at-7.29.13-PM-2-272x182.jpeg 272w\" sizes=\"(max-width: 1600px) 100vw, 1600px\" \/><\/p>\n","protected":false},"excerpt":{"rendered":"<p>A integra\u00e7\u00e3o das Pol\u00edcias Militar e Civil foi fortalecida, nesta quinta-feira (30), durante reuni\u00e3o de alinhamento dos gestores da Pol\u00edcia<\/p>\n","protected":false},"author":5,"featured_media":930831,"comment_status":"closed","ping_status":"closed","sticky":false,"template":"","format":"standard","meta":{"_exactmetrics_skip_tracking":false,"_exactmetrics_sitenote_active":false,"_exactmetrics_sitenote_note":"","_exactmetrics_sitenote_category":0,"footnotes":""},"categories":[29],"tags":[],"yoast_head":"<!-- This site is optimized with the Yoast SEO plugin v22.0 - https:\/\/yoast.com\/wordpress\/plugins\/seo\/ -->\n<title>Integra\u00e7\u00e3o: Comandante-geral \u00e9 convidado para reuni\u00e3o com gestores da Pol\u00edcia Civil - Pol\u00edcia Militar da Para\u00edba<\/title>\n<meta name=\"robots\" content=\"index, follow, max-snippet:-1, max-image-preview:large, max-video-preview:-1\" \/>\n<link rel=\"canonical\" href=\"https:\/\/www.pm.pb.gov.br\/portal\/2026\/04\/30\/integracao-comandante-geral-e-convidado-para-reuniao-com-gestores-da-policia-civil\/\" \/>\n<meta property=\"og:locale\" content=\"pt_BR\" \/>\n<meta property=\"og:type\" content=\"article\" \/>\n<meta property=\"og:title\" content=\"Integra\u00e7\u00e3o: Comandante-geral \u00e9 convidado para reuni\u00e3o com gestores da Pol\u00edcia Civil - Pol\u00edcia Militar da Para\u00edba\" \/>\n<meta property=\"og:description\" content=\"A integra\u00e7\u00e3o das Pol\u00edcias Militar e Civil foi fortalecida, nesta quinta-feira (30), durante reuni\u00e3o de alinhamento dos gestores da Pol\u00edcia\" \/>\n<meta property=\"og:url\" content=\"https:\/\/www.pm.pb.gov.br\/portal\/2026\/04\/30\/integracao-comandante-geral-e-convidado-para-reuniao-com-gestores-da-policia-civil\/\" \/>\n<meta property=\"og:site_name\" content=\"Pol\u00edcia Militar da Para\u00edba\" \/>\n<meta property=\"article:published_time\" content=\"2026-04-30T22:59:12+00:00\" \/>\n<meta property=\"article:modified_time\" content=\"2026-04-30T23:04:17+00:00\" \/>\n<meta property=\"og:image\" content=\"http:\/\/www.pm.pb.gov.br\/portal\/wp-content\/uploads\/2026\/04\/WhatsApp-Image-2026-04-30-at-7.29.11-PM.jpeg\" \/>\n\t<meta property=\"og:image:width\" content=\"1600\" \/>\n\t<meta property=\"og:image:height\" content=\"1066\" \/>\n\t<meta property=\"og:image:type\" content=\"image\/jpeg\" \/>\n<meta name=\"author\" content=\"Assessoria de Imprensa da PMPB\" \/>\n<meta name=\"twitter:card\" content=\"summary_large_image\" \/>\n<meta name=\"twitter:label1\" content=\"Escrito por\" \/>\n\t<meta name=\"twitter:data1\" content=\"Assessoria de Imprensa da PMPB\" \/>\n\t<meta name=\"twitter:label2\" content=\"Est. tempo de leitura\" \/>\n\t<meta name=\"twitter:data2\" content=\"2 minutos\" \/>\n<script type=\"application\/ld+json\" class=\"yoast-schema-graph\">{\"@context\":\"https:\/\/schema.org\",\"@graph\":[{\"@type\":\"Article\",\"@id\":\"https:\/\/www.pm.pb.gov.br\/portal\/2026\/04\/30\/integracao-comandante-geral-e-convidado-para-reuniao-com-gestores-da-policia-civil\/#article\",\"isPartOf\":{\"@id\":\"https:\/\/www.pm.pb.gov.br\/portal\/2026\/04\/30\/integracao-comandante-geral-e-convidado-para-reuniao-com-gestores-da-policia-civil\/\"},\"author\":{\"name\":\"Assessoria de Imprensa da PMPB\",\"@id\":\"https:\/\/www.pm.pb.gov.br\/portal\/#\/schema\/person\/e8454f46651c3ecf0e1ba3c1666d9947\"},\"headline\":\"Integra\u00e7\u00e3o: Comandante-geral \u00e9 convidado para reuni\u00e3o com gestores da Pol\u00edcia Civil\",\"datePublished\":\"2026-04-30T22:59:12+00:00\",\"dateModified\":\"2026-04-30T23:04:17+00:00\",\"mainEntityOfPage\":{\"@id\":\"https:\/\/www.pm.pb.gov.br\/portal\/2026\/04\/30\/integracao-comandante-geral-e-convidado-para-reuniao-com-gestores-da-policia-civil\/\"},\"wordCount\":104,\"publisher\":{\"@id\":\"https:\/\/www.pm.pb.gov.br\/portal\/#organization\"},\"articleSection\":[\"Gest\u00e3o e planejamento\"],\"inLanguage\":\"pt-BR\"},{\"@type\":\"WebPage\",\"@id\":\"https:\/\/www.pm.pb.gov.br\/portal\/2026\/04\/30\/integracao-comandante-geral-e-convidado-para-reuniao-com-gestores-da-policia-civil\/\",\"url\":\"https:\/\/www.pm.pb.gov.br\/portal\/2026\/04\/30\/integracao-comandante-geral-e-convidado-para-reuniao-com-gestores-da-policia-civil\/\",\"name\":\"Integra\u00e7\u00e3o: Comandante-geral \u00e9 convidado para reuni\u00e3o com gestores da Pol\u00edcia Civil - Pol\u00edcia Militar da Para\u00edba\",\"isPartOf\":{\"@id\":\"https:\/\/www.pm.pb.gov.br\/portal\/#website\"},\"datePublished\":\"2026-04-30T22:59:12+00:00\",\"dateModified\":\"2026-04-30T23:04:17+00:00\",\"breadcrumb\":{\"@id\":\"https:\/\/www.pm.pb.gov.br\/portal\/2026\/04\/30\/integracao-comandante-geral-e-convidado-para-reuniao-com-gestores-da-policia-civil\/#breadcrumb\"},\"inLanguage\":\"pt-BR\",\"potentialAction\":[{\"@type\":\"ReadAction\",\"target\":[\"https:\/\/www.pm.pb.gov.br\/portal\/2026\/04\/30\/integracao-comandante-geral-e-convidado-para-reuniao-com-gestores-da-policia-civil\/\"]}]},{\"@type\":\"BreadcrumbList\",\"@id\":\"https:\/\/www.pm.pb.gov.br\/portal\/2026\/04\/30\/integracao-comandante-geral-e-convidado-para-reuniao-com-gestores-da-policia-civil\/#breadcrumb\",\"itemListElement\":[{\"@type\":\"ListItem\",\"position\":1,\"name\":\"In\u00edcio\",\"item\":\"https:\/\/www.pm.pb.gov.br\/portal\/\"},{\"@type\":\"ListItem\",\"position\":2,\"name\":\"Integra\u00e7\u00e3o: Comandante-geral \u00e9 convidado para reuni\u00e3o com gestores da Pol\u00edcia Civil\"}]},{\"@type\":\"WebSite\",\"@id\":\"https:\/\/www.pm.pb.gov.br\/portal\/#website\",\"url\":\"https:\/\/www.pm.pb.gov.br\/portal\/\",\"name\":\"Pol\u00edcia Militar da Para\u00edba\",\"description\":\"\",\"publisher\":{\"@id\":\"https:\/\/www.pm.pb.gov.br\/portal\/#organization\"},\"potentialAction\":[{\"@type\":\"SearchAction\",\"target\":{\"@type\":\"EntryPoint\",\"urlTemplate\":\"https:\/\/www.pm.pb.gov.br\/portal\/?s={search_term_string}\"},\"query-input\":\"required name=search_term_string\"}],\"inLanguage\":\"pt-BR\"},{\"@type\":\"Organization\",\"@id\":\"https:\/\/www.pm.pb.gov.br\/portal\/#organization\",\"name\":\"Pol\u00edcia Militar da Para\u00edba\",\"url\":\"https:\/\/www.pm.pb.gov.br\/portal\/\",\"logo\":{\"@type\":\"ImageObject\",\"inLanguage\":\"pt-BR\",\"@id\":\"https:\/\/www.pm.pb.gov.br\/portal\/#\/schema\/logo\/image\/\",\"url\":\"https:\/\/www.pm.pb.gov.br\/portal\/wp-content\/uploads\/2025\/03\/cropped-logo-site-mag2-1.png\",\"contentUrl\":\"https:\/\/www.pm.pb.gov.br\/portal\/wp-content\/uploads\/2025\/03\/cropped-logo-site-mag2-1.png\",\"width\":320,\"height\":90,\"caption\":\"Pol\u00edcia Militar da Para\u00edba\"},\"image\":{\"@id\":\"https:\/\/www.pm.pb.gov.br\/portal\/#\/schema\/logo\/image\/\"}},{\"@type\":\"Person\",\"@id\":\"https:\/\/www.pm.pb.gov.br\/portal\/#\/schema\/person\/e8454f46651c3ecf0e1ba3c1666d9947\",\"name\":\"Assessoria de Imprensa da PMPB\",\"image\":{\"@type\":\"ImageObject\",\"inLanguage\":\"pt-BR\",\"@id\":\"https:\/\/www.pm.pb.gov.br\/portal\/#\/schema\/person\/image\/\",\"url\":\"https:\/\/secure.gravatar.com\/avatar\/2efe197438265d1e90bd98c4c8e1acf8?s=96&d=mm&r=g\",\"contentUrl\":\"https:\/\/secure.gravatar.com\/avatar\/2efe197438265d1e90bd98c4c8e1acf8?s=96&d=mm&r=g\",\"caption\":\"Assessoria de Imprensa da PMPB\"},\"url\":\"https:\/\/www.pm.pb.gov.br\/portal\/author\/assessoria\/\"}]}<\/script>\n<!-- \/ Yoast SEO plugin. -->","yoast_head_json":{"title":"Integra\u00e7\u00e3o: Comandante-geral \u00e9 convidado para reuni\u00e3o com gestores da Pol\u00edcia Civil - Pol\u00edcia Militar da Para\u00edba","robots":{"index":"index","follow":"follow","max-snippet":"max-snippet:-1","max-image-preview":"max-image-preview:large","max-video-preview":"max-video-preview:-1"},"canonical":"https:\/\/www.pm.pb.gov.br\/portal\/2026\/04\/30\/integracao-comandante-geral-e-convidado-para-reuniao-com-gestores-da-policia-civil\/","og_locale":"pt_BR","og_type":"article","og_title":"Integra\u00e7\u00e3o: Comandante-geral \u00e9 convidado para reuni\u00e3o com gestores da Pol\u00edcia Civil - Pol\u00edcia Militar da Para\u00edba","og_description":"A integra\u00e7\u00e3o das Pol\u00edcias Militar e Civil foi fortalecida, nesta quinta-feira (30), durante reuni\u00e3o de alinhamento dos gestores da Pol\u00edcia","og_url":"https:\/\/www.pm.pb.gov.br\/portal\/2026\/04\/30\/integracao-comandante-geral-e-convidado-para-reuniao-com-gestores-da-policia-civil\/","og_site_name":"Pol\u00edcia Militar da Para\u00edba","article_published_time":"2026-04-30T22:59:12+00:00","article_modified_time":"2026-04-30T23:04:17+00:00","og_image":[{"width":1600,"height":1066,"url":"http:\/\/www.pm.pb.gov.br\/portal\/wp-content\/uploads\/2026\/04\/WhatsApp-Image-2026-04-30-at-7.29.11-PM.jpeg","type":"image\/jpeg"}],"author":"Assessoria de Imprensa da PMPB","twitter_card":"summary_large_image","twitter_misc":{"Escrito por":"Assessoria de Imprensa da PMPB","Est. tempo de leitura":"2 minutos"},"schema":{"@context":"https:\/\/schema.org","@graph":[{"@type":"Article","@id":"https:\/\/www.pm.pb.gov.br\/portal\/2026\/04\/30\/integracao-comandante-geral-e-convidado-para-reuniao-com-gestores-da-policia-civil\/#article","isPartOf":{"@id":"https:\/\/www.pm.pb.gov.br\/portal\/2026\/04\/30\/integracao-comandante-geral-e-convidado-para-reuniao-com-gestores-da-policia-civil\/"},"author":{"name":"Assessoria de Imprensa da PMPB","@id":"https:\/\/www.pm.pb.gov.br\/portal\/#\/schema\/person\/e8454f46651c3ecf0e1ba3c1666d9947"},"headline":"Integra\u00e7\u00e3o: Comandante-geral \u00e9 convidado para reuni\u00e3o com gestores da Pol\u00edcia Civil","datePublished":"2026-04-30T22:59:12+00:00","dateModified":"2026-04-30T23:04:17+00:00","mainEntityOfPage":{"@id":"https:\/\/www.pm.pb.gov.br\/portal\/2026\/04\/30\/integracao-comandante-geral-e-convidado-para-reuniao-com-gestores-da-policia-civil\/"},"wordCount":104,"publisher":{"@id":"https:\/\/www.pm.pb.gov.br\/portal\/#organization"},"articleSection":["Gest\u00e3o e planejamento"],"inLanguage":"pt-BR"},{"@type":"WebPage","@id":"https:\/\/www.pm.pb.gov.br\/portal\/2026\/04\/30\/integracao-comandante-geral-e-convidado-para-reuniao-com-gestores-da-policia-civil\/","url":"https:\/\/www.pm.pb.gov.br\/portal\/2026\/04\/30\/integracao-comandante-geral-e-convidado-para-reuniao-com-gestores-da-policia-civil\/","name":"Integra\u00e7\u00e3o: Comandante-geral \u00e9 convidado para reuni\u00e3o com gestores da Pol\u00edcia Civil - Pol\u00edcia Militar da Para\u00edba","isPartOf":{"@id":"https:\/\/www.pm.pb.gov.br\/portal\/#website"},"datePublished":"2026-04-30T22:59:12+00:00","dateModified":"2026-04-30T23:04:17+00:00","breadcrumb":{"@id":"https:\/\/www.pm.pb.gov.br\/portal\/2026\/04\/30\/integracao-comandante-geral-e-convidado-para-reuniao-com-gestores-da-policia-civil\/#breadcrumb"},"inLanguage":"pt-BR","potentialAction":[{"@type":"ReadAction","target":["https:\/\/www.pm.pb.gov.br\/portal\/2026\/04\/30\/integracao-comandante-geral-e-convidado-para-reuniao-com-gestores-da-policia-civil\/"]}]},{"@type":"BreadcrumbList","@id":"https:\/\/www.pm.pb.gov.br\/portal\/2026\/04\/30\/integracao-comandante-geral-e-convidado-para-reuniao-com-gestores-da-policia-civil\/#breadcrumb","itemListElement":[{"@type":"ListItem","position":1,"name":"In\u00edcio","item":"https:\/\/www.pm.pb.gov.br\/portal\/"},{"@type":"ListItem","position":2,"name":"Integra\u00e7\u00e3o: Comandante-geral \u00e9 convidado para reuni\u00e3o com gestores da Pol\u00edcia Civil"}]},{"@type":"WebSite","@id":"https:\/\/www.pm.pb.gov.br\/portal\/#website","url":"https:\/\/www.pm.pb.gov.br\/portal\/","name":"Pol\u00edcia Militar da Para\u00edba","description":"","publisher":{"@id":"https:\/\/www.pm.pb.gov.br\/portal\/#organization"},"potentialAction":[{"@type":"SearchAction","target":{"@type":"EntryPoint","urlTemplate":"https:\/\/www.pm.pb.gov.br\/portal\/?s={search_term_string}"},"query-input":"required name=search_term_string"}],"inLanguage":"pt-BR"},{"@type":"Organization","@id":"https:\/\/www.pm.pb.gov.br\/portal\/#organization","name":"Pol\u00edcia Militar da Para\u00edba","url":"https:\/\/www.pm.pb.gov.br\/portal\/","logo":{"@type":"ImageObject","inLanguage":"pt-BR","@id":"https:\/\/www.pm.pb.gov.br\/portal\/#\/schema\/logo\/image\/","url":"https:\/\/www.pm.pb.gov.br\/portal\/wp-content\/uploads\/2025\/03\/cropped-logo-site-mag2-1.png","contentUrl":"https:\/\/www.pm.pb.gov.br\/portal\/wp-content\/uploads\/2025\/03\/cropped-logo-site-mag2-1.png","width":320,"height":90,"caption":"Pol\u00edcia Militar da Para\u00edba"},"image":{"@id":"https:\/\/www.pm.pb.gov.br\/portal\/#\/schema\/logo\/image\/"}},{"@type":"Person","@id":"https:\/\/www.pm.pb.gov.br\/portal\/#\/schema\/person\/e8454f46651c3ecf0e1ba3c1666d9947","name":"Assessoria de Imprensa da PMPB","image":{"@type":"ImageObject","inLanguage":"pt-BR","@id":"https:\/\/www.pm.pb.gov.br\/portal\/#\/schema\/person\/image\/","url":"https:\/\/secure.gravatar.com\/avatar\/2efe197438265d1e90bd98c4c8e1acf8?s=96&d=mm&r=g","contentUrl":"https:\/\/secure.gravatar.com\/avatar\/2efe197438265d1e90bd98c4c8e1acf8?s=96&d=mm&r=g","caption":"Assessoria de Imprensa da PMPB"},"url":"https:\/\/www.pm.pb.gov.br\/portal\/author\/assessoria\/"}]}},"_links":{"self":[{"href":"https:\/\/www.pm.pb.gov.br\/portal\/wp-json\/wp\/v2\/posts\/930828"}],"collection":[{"href":"https:\/\/www.pm.pb.gov.br\/portal\/wp-json\/wp\/v2\/posts"}],"about":[{"href":"https:\/\/www.pm.pb.gov.br\/portal\/wp-json\/wp\/v2\/types\/post"}],"author":[{"embeddable":true,"href":"https:\/\/www.pm.pb.gov.br\/portal\/wp-json\/wp\/v2\/users\/5"}],"replies":[{"embeddable":true,"href":"https:\/\/www.pm.pb.gov.br\/portal\/wp-json\/wp\/v2\/comments?post=930828"}],"version-history":[{"count":4,"href":"https:\/\/www.pm.pb.gov.br\/portal\/wp-json\/wp\/v2\/posts\/930828\/revisions"}],"predecessor-version":[{"id":930838,"href":"https:\/\/www.pm.pb.gov.br\/portal\/wp-json\/wp\/v2\/posts\/930828\/revisions\/930838"}],"wp:featuredmedia":[{"embeddable":true,"href":"https:\/\/www.pm.pb.gov.br\/portal\/wp-json\/wp\/v2\/media\/930831"}],"wp:attachment":[{"href":"https:\/\/www.pm.pb.gov.br\/portal\/wp-json\/wp\/v2\/media?parent=930828"}],"wp:term":[{"taxonomy":"category","embeddable":true,"href":"https:\/\/www.pm.pb.gov.br\/portal\/wp-json\/wp\/v2\/categories?post=930828"},{"taxonomy":"post_tag","embeddable":true,"href":"https:\/\/www.pm.pb.gov.br\/portal\/wp-json\/wp\/v2\/tags?post=930828"}],"curies":[{"name":"wp","href":"https:\/\/api.w.org\/{rel}","templated":true}]}}