{"id":930785,"date":"2026-04-25T11:24:31","date_gmt":"2026-04-25T14:24:31","guid":{"rendered":"https:\/\/www.pm.pb.gov.br\/portal\/?p=930785"},"modified":"2026-04-25T15:30:36","modified_gmt":"2026-04-25T18:30:36","slug":"diario-oficial-traz-a-nomeacao-dos-comandantes-das-novas-unidades-militares-da-paraiba-2","status":"publish","type":"post","link":"https:\/\/www.pm.pb.gov.br\/portal\/2026\/04\/25\/diario-oficial-traz-a-nomeacao-dos-comandantes-das-novas-unidades-militares-da-paraiba-2\/","title":{"rendered":"Di\u00e1rio Oficial traz a nomea\u00e7\u00e3o dos comandantes das Unidades Militares na Para\u00edba"},"content":{"rendered":"\n<p>O Di\u00e1rio Oficial deste s\u00e1bado (25), trouxe as nomea\u00e7\u00f5es dos Comandos de Policiamento Regionais, do Regimento de Policiamento Montado (RPMont), do Batalh\u00e3o de Pol\u00edcia do Meio Ambiente (BPMA), do Grupamento de Opera\u00e7\u00f5es A\u00e9reas (GOA), Col\u00e9gio da Pol\u00edcia Militar, Grupamento de A\u00e7\u00f5es T\u00e1ticas Especiais (GATE), 2\u00ba BPM (Campina Grande), 3\u00ba BPM (Patos), 4\u00ba BPM (Guarabira), 5\u00ba BPM (Jo\u00e3o Pessoa), 14\u00ba BPM (Sousa), 18\u00ba BPM (Queimadas), 19\u00ba BPM (Bayeux), 21\u00ba BPM (Cabedelo), 22\u00ba BPM (Sol\u00e2nea), 23\u00ba BPM (Juazeirinho) e 24\u00ba BPM (Sap\u00e9).<\/p>\n\n\n\n<p>Para o Comando de Policiamento da Regi\u00e3o Metropolitana foi nomeado o coronel Gleidistone G. Cavalcanti da Silva, ao CPRM ficar\u00e3o subordinados o 1\u00ba BPM, 5\u00ba BPM, 7\u00ba BPM, 16\u00ba BPM, 19\u00ba BPM, 21\u00ba BPM e 25\u00ba BPM. Para o Comando de Policiamento Regional II foi nomeado o coronel Esa\u00fa de Lucena Barbosa, ao CPR-II ficar\u00e3o subordinados o 3\u00ba BPM, 9\u00ba BPM, 10\u00ba BPM, 11\u00ba BPM, 15\u00ba BPM, 18\u00ba BPM e 23\u00ba BPM. Para o Comando de Policiamento Regional III foi nomeado o coronel Sinval Albuquerque da Silva, ao CPR-III ficar\u00e3o subordinados o 4\u00ba BPM, 8\u00ba BPM, 17\u00ba BPM, 22\u00ba BPM e 24\u00ba BPM.<\/p>\n\n\n\n<p>O RPMont tem como comandante o tenente-coronel Jos\u00e9 Jailson Bezerra Junior. Para o comando BPMA foi nomeada a tenente-coronel Janaina Let\u00edcia de Farias Barros e para o GOA foi nomeado o tenente-coronel S\u00e9rvio T\u00falio Cavalcanti Ramalho, al\u00e9m da nomea\u00e7\u00e3o de Oficiais para outras Unidades Administrativas.<\/p>\n\n\n\n<p>No \u00faltimo dia 3, o Governador nomeou o coronel Jos\u00e9 Ronildo para o cargo de comandante-geral da PM e o coronel Douglas Ferreira para o cargo de subcomandante-geral. As nomea\u00e7\u00f5es tiveram como base a Lei Complementar n\u00ba 212\/2025 (nova Lei de Organiza\u00e7\u00e3o B\u00e1sica da PMPB), que trouxe uma nova estrutura\u00e7\u00e3o organizacional da PMPB. A medida fez parte da estrat\u00e9gia de gest\u00e3o por resultados, que tem por objetivo realizar a compartimentaliza\u00e7\u00e3o de responsabilidades e da pr\u00f3pria gest\u00e3o.<\/p>\n\n\n\n<p>Veja a lista de nomea\u00e7\u00f5es:<\/p>\n\n\n\n<p>CEL QOEM ROG\u00c9RIO DAMASCENO BERNARDO &#8211; DIRETOR-GERAL DO DGO<br>CEL QOEM ANDERSON HENRIQUE BENEVIDES PESSOA &#8211; DIRETOR-GERAL DO DGA<br>CEL QOEM EDUARDO ALVES TEM\u00d3TEO &#8211; DIRETOR-GERAL DO DEPARTAMENTO CORRECIONAL<br>CEL QOEM MARCELO TADEU RODRIGUES LIMA &#8211; CORREGEDOR DA POL\u00cdCIA MILITAR<br>CEL QOEM JOM\u00c1RIO FERNANDES DE LIMA &#8211; OUVIDOR DA POL\u00cdCIA MILITAR<br>CEL QOEM GLEIDISTONE G. CAVALCANTI DA SILVA &#8211; COMANDANTE DO CPRM<br>CEL QOEM ESA\u00da DE LUCENA BARBOSA &#8211; COMANDANTE DO CPR II<br>CEL QOEM SINVAL ALBUQUERQUE DA SILVA &#8211; COMANDANTE DO CPR III<br>CEL QOEM IRLAN TRAJANO DE SENA &#8211; DIRETOR DE FINAN\u00c7AS<br>TC QOEM JAERSON ALVES DA SILVA &#8211; COMANDANTE DO 22\u00ba BPM<br>TC QOEM LUIZ ANT\u00d4NIO ALMEIDA ROSAS &#8211; COMANDANTE DO 21\u00ba BPM<br>TC QOEM DEUSL\u00c2NIO MENEZES R. DE FREITAS &#8211; COMANDANTE DO 3\u00ba BPM<br>TC QOEM JOS\u00c9 JAILSON BEZERRA JUNIOR &#8211; COMANDANTE DO RPMONT<br>TC QOEM DENILSON PORF\u00cdRIO DE LIMA &#8211; COMANDANTE DO 19\u00ba BPM<br>TC QOEM TARCISO CARLOS CAVALCANTI JUNIOR &#8211; COMANDANTE DO 5\u00ba BPM<br>TC QOEM EDMILSON FLORENTINO DE SOUZA &#8211; COMANDANTE DO 23\u00ba BPM<br>TC QOEM S\u00c9RVIO T\u00daLIO CAVALCANTI RAMALHO &#8211; COMANDANTE DO GOA<br>TC QOEM ROBERTO ZANATA EVANGELISTA PEREIRA &#8211; COMANDANTE DO 14\u00ba BPM<br>TC QOEM JANAINA LET\u00cdCIA DE FARIAS BARROS &#8211; COMANDANTE DO BPMA<br>MAJ QOEM ALLAN JONES ANDREZA SILVA &#8211; COMANDANTE DO 4\u00ba BPM<br>MAJ QOEM GUILHERME HERCULANO FERNANDES &#8211; COMANDANTE DO 18\u00ba BPM<br>MAJ QOEM DANIEL CORREIA AMORIM DE LIMA &#8211; COMANDANTE DO 24\u00ba BPM<br>TC QOEM FRANCISCO DE ASSIS SOARES J\u00daNIOR &#8211; COMANDANTE DO 2\u00ba BPM<br>TC QOEM CARLOS ALVES DE CARVALHO JUNIOR &#8211; COMANDANTE DO COL\u00c9GIO DA POL\u00cdCIA MILITAR<br>MAJ QOEM ERONILDO RIBEIRO MENDES FILHO &#8211; COMANDANTE DO GATE<\/p>\n\n\n\n<p>A lista completa com as nomea\u00e7\u00f5es e exonera\u00e7\u00f5es est\u00e1 no <a href=\"https:\/\/auniao.pb.gov.br\/servicos\/doe\/2026\/abril\/diario-oficial-25-04-2026-portal.pdf\">Di\u00e1rio Oficial do Estado n\u00ba 18.576, de 25 de abril de 2026.<\/a><\/p>\n","protected":false},"excerpt":{"rendered":"<p>O Di\u00e1rio Oficial deste s\u00e1bado (25), trouxe as nomea\u00e7\u00f5es dos Comandos de Policiamento Regionais, do Regimento de Policiamento Montado (RPMont),<\/p>\n","protected":false},"author":5,"featured_media":915844,"comment_status":"closed","ping_status":"closed","sticky":false,"template":"","format":"standard","meta":{"_exactmetrics_skip_tracking":false,"_exactmetrics_sitenote_active":false,"_exactmetrics_sitenote_note":"","_exactmetrics_sitenote_category":0,"footnotes":""},"categories":[19],"tags":[],"yoast_head":"<!-- This site is optimized with the Yoast SEO plugin v22.0 - https:\/\/yoast.com\/wordpress\/plugins\/seo\/ -->\n<title>Di\u00e1rio Oficial traz a nomea\u00e7\u00e3o dos comandantes das Unidades Militares na Para\u00edba - Pol\u00edcia Militar da Para\u00edba<\/title>\n<meta name=\"robots\" content=\"index, follow, max-snippet:-1, max-image-preview:large, max-video-preview:-1\" \/>\n<link rel=\"canonical\" href=\"https:\/\/www.pm.pb.gov.br\/portal\/2026\/04\/25\/diario-oficial-traz-a-nomeacao-dos-comandantes-das-novas-unidades-militares-da-paraiba-2\/\" \/>\n<meta property=\"og:locale\" content=\"pt_BR\" \/>\n<meta property=\"og:type\" content=\"article\" \/>\n<meta property=\"og:title\" content=\"Di\u00e1rio Oficial traz a nomea\u00e7\u00e3o dos comandantes das Unidades Militares na Para\u00edba - Pol\u00edcia Militar da Para\u00edba\" \/>\n<meta property=\"og:description\" content=\"O Di\u00e1rio Oficial deste s\u00e1bado (25), trouxe as nomea\u00e7\u00f5es dos Comandos de Policiamento Regionais, do Regimento de Policiamento Montado (RPMont),\" \/>\n<meta property=\"og:url\" content=\"https:\/\/www.pm.pb.gov.br\/portal\/2026\/04\/25\/diario-oficial-traz-a-nomeacao-dos-comandantes-das-novas-unidades-militares-da-paraiba-2\/\" \/>\n<meta property=\"og:site_name\" content=\"Pol\u00edcia Militar da Para\u00edba\" \/>\n<meta property=\"article:published_time\" content=\"2026-04-25T14:24:31+00:00\" \/>\n<meta property=\"article:modified_time\" content=\"2026-04-25T18:30:36+00:00\" \/>\n<meta property=\"og:image\" content=\"http:\/\/www.pm.pb.gov.br\/portal\/wp-content\/uploads\/2023\/03\/qcg.jpeg\" \/>\n\t<meta property=\"og:image:width\" content=\"800\" \/>\n\t<meta property=\"og:image:height\" content=\"445\" \/>\n\t<meta property=\"og:image:type\" content=\"image\/jpeg\" \/>\n<meta name=\"author\" content=\"Assessoria de Imprensa da PMPB\" \/>\n<meta name=\"twitter:card\" content=\"summary_large_image\" \/>\n<meta name=\"twitter:label1\" content=\"Escrito por\" \/>\n\t<meta name=\"twitter:data1\" content=\"Assessoria de Imprensa da PMPB\" \/>\n\t<meta name=\"twitter:label2\" content=\"Est. tempo de leitura\" \/>\n\t<meta name=\"twitter:data2\" content=\"4 minutos\" \/>\n<script type=\"application\/ld+json\" class=\"yoast-schema-graph\">{\"@context\":\"https:\/\/schema.org\",\"@graph\":[{\"@type\":\"Article\",\"@id\":\"https:\/\/www.pm.pb.gov.br\/portal\/2026\/04\/25\/diario-oficial-traz-a-nomeacao-dos-comandantes-das-novas-unidades-militares-da-paraiba-2\/#article\",\"isPartOf\":{\"@id\":\"https:\/\/www.pm.pb.gov.br\/portal\/2026\/04\/25\/diario-oficial-traz-a-nomeacao-dos-comandantes-das-novas-unidades-militares-da-paraiba-2\/\"},\"author\":{\"name\":\"Assessoria de Imprensa da PMPB\",\"@id\":\"https:\/\/www.pm.pb.gov.br\/portal\/#\/schema\/person\/e8454f46651c3ecf0e1ba3c1666d9947\"},\"headline\":\"Di\u00e1rio Oficial traz a nomea\u00e7\u00e3o dos comandantes das Unidades Militares na Para\u00edba\",\"datePublished\":\"2026-04-25T14:24:31+00:00\",\"dateModified\":\"2026-04-25T18:30:36+00:00\",\"mainEntityOfPage\":{\"@id\":\"https:\/\/www.pm.pb.gov.br\/portal\/2026\/04\/25\/diario-oficial-traz-a-nomeacao-dos-comandantes-das-novas-unidades-militares-da-paraiba-2\/\"},\"wordCount\":597,\"publisher\":{\"@id\":\"https:\/\/www.pm.pb.gov.br\/portal\/#organization\"},\"articleSection\":[\"Aconteceu\"],\"inLanguage\":\"pt-BR\"},{\"@type\":\"WebPage\",\"@id\":\"https:\/\/www.pm.pb.gov.br\/portal\/2026\/04\/25\/diario-oficial-traz-a-nomeacao-dos-comandantes-das-novas-unidades-militares-da-paraiba-2\/\",\"url\":\"https:\/\/www.pm.pb.gov.br\/portal\/2026\/04\/25\/diario-oficial-traz-a-nomeacao-dos-comandantes-das-novas-unidades-militares-da-paraiba-2\/\",\"name\":\"Di\u00e1rio Oficial traz a nomea\u00e7\u00e3o dos comandantes das Unidades Militares na Para\u00edba - Pol\u00edcia Militar da Para\u00edba\",\"isPartOf\":{\"@id\":\"https:\/\/www.pm.pb.gov.br\/portal\/#website\"},\"datePublished\":\"2026-04-25T14:24:31+00:00\",\"dateModified\":\"2026-04-25T18:30:36+00:00\",\"breadcrumb\":{\"@id\":\"https:\/\/www.pm.pb.gov.br\/portal\/2026\/04\/25\/diario-oficial-traz-a-nomeacao-dos-comandantes-das-novas-unidades-militares-da-paraiba-2\/#breadcrumb\"},\"inLanguage\":\"pt-BR\",\"potentialAction\":[{\"@type\":\"ReadAction\",\"target\":[\"https:\/\/www.pm.pb.gov.br\/portal\/2026\/04\/25\/diario-oficial-traz-a-nomeacao-dos-comandantes-das-novas-unidades-militares-da-paraiba-2\/\"]}]},{\"@type\":\"BreadcrumbList\",\"@id\":\"https:\/\/www.pm.pb.gov.br\/portal\/2026\/04\/25\/diario-oficial-traz-a-nomeacao-dos-comandantes-das-novas-unidades-militares-da-paraiba-2\/#breadcrumb\",\"itemListElement\":[{\"@type\":\"ListItem\",\"position\":1,\"name\":\"In\u00edcio\",\"item\":\"https:\/\/www.pm.pb.gov.br\/portal\/\"},{\"@type\":\"ListItem\",\"position\":2,\"name\":\"Di\u00e1rio Oficial traz a nomea\u00e7\u00e3o dos comandantes das Unidades Militares na Para\u00edba\"}]},{\"@type\":\"WebSite\",\"@id\":\"https:\/\/www.pm.pb.gov.br\/portal\/#website\",\"url\":\"https:\/\/www.pm.pb.gov.br\/portal\/\",\"name\":\"Pol\u00edcia Militar da Para\u00edba\",\"description\":\"\",\"publisher\":{\"@id\":\"https:\/\/www.pm.pb.gov.br\/portal\/#organization\"},\"potentialAction\":[{\"@type\":\"SearchAction\",\"target\":{\"@type\":\"EntryPoint\",\"urlTemplate\":\"https:\/\/www.pm.pb.gov.br\/portal\/?s={search_term_string}\"},\"query-input\":\"required name=search_term_string\"}],\"inLanguage\":\"pt-BR\"},{\"@type\":\"Organization\",\"@id\":\"https:\/\/www.pm.pb.gov.br\/portal\/#organization\",\"name\":\"Pol\u00edcia Militar da Para\u00edba\",\"url\":\"https:\/\/www.pm.pb.gov.br\/portal\/\",\"logo\":{\"@type\":\"ImageObject\",\"inLanguage\":\"pt-BR\",\"@id\":\"https:\/\/www.pm.pb.gov.br\/portal\/#\/schema\/logo\/image\/\",\"url\":\"https:\/\/www.pm.pb.gov.br\/portal\/wp-content\/uploads\/2025\/03\/cropped-logo-site-mag2-1.png\",\"contentUrl\":\"https:\/\/www.pm.pb.gov.br\/portal\/wp-content\/uploads\/2025\/03\/cropped-logo-site-mag2-1.png\",\"width\":320,\"height\":90,\"caption\":\"Pol\u00edcia Militar da Para\u00edba\"},\"image\":{\"@id\":\"https:\/\/www.pm.pb.gov.br\/portal\/#\/schema\/logo\/image\/\"}},{\"@type\":\"Person\",\"@id\":\"https:\/\/www.pm.pb.gov.br\/portal\/#\/schema\/person\/e8454f46651c3ecf0e1ba3c1666d9947\",\"name\":\"Assessoria de Imprensa da PMPB\",\"image\":{\"@type\":\"ImageObject\",\"inLanguage\":\"pt-BR\",\"@id\":\"https:\/\/www.pm.pb.gov.br\/portal\/#\/schema\/person\/image\/\",\"url\":\"https:\/\/secure.gravatar.com\/avatar\/2efe197438265d1e90bd98c4c8e1acf8?s=96&d=mm&r=g\",\"contentUrl\":\"https:\/\/secure.gravatar.com\/avatar\/2efe197438265d1e90bd98c4c8e1acf8?s=96&d=mm&r=g\",\"caption\":\"Assessoria de Imprensa da PMPB\"},\"url\":\"https:\/\/www.pm.pb.gov.br\/portal\/author\/assessoria\/\"}]}<\/script>\n<!-- \/ Yoast SEO plugin. -->","yoast_head_json":{"title":"Di\u00e1rio Oficial traz a nomea\u00e7\u00e3o dos comandantes das Unidades Militares na Para\u00edba - Pol\u00edcia Militar da Para\u00edba","robots":{"index":"index","follow":"follow","max-snippet":"max-snippet:-1","max-image-preview":"max-image-preview:large","max-video-preview":"max-video-preview:-1"},"canonical":"https:\/\/www.pm.pb.gov.br\/portal\/2026\/04\/25\/diario-oficial-traz-a-nomeacao-dos-comandantes-das-novas-unidades-militares-da-paraiba-2\/","og_locale":"pt_BR","og_type":"article","og_title":"Di\u00e1rio Oficial traz a nomea\u00e7\u00e3o dos comandantes das Unidades Militares na Para\u00edba - Pol\u00edcia Militar da Para\u00edba","og_description":"O Di\u00e1rio Oficial deste s\u00e1bado (25), trouxe as nomea\u00e7\u00f5es dos Comandos de Policiamento Regionais, do Regimento de Policiamento Montado (RPMont),","og_url":"https:\/\/www.pm.pb.gov.br\/portal\/2026\/04\/25\/diario-oficial-traz-a-nomeacao-dos-comandantes-das-novas-unidades-militares-da-paraiba-2\/","og_site_name":"Pol\u00edcia Militar da Para\u00edba","article_published_time":"2026-04-25T14:24:31+00:00","article_modified_time":"2026-04-25T18:30:36+00:00","og_image":[{"width":800,"height":445,"url":"http:\/\/www.pm.pb.gov.br\/portal\/wp-content\/uploads\/2023\/03\/qcg.jpeg","type":"image\/jpeg"}],"author":"Assessoria de Imprensa da PMPB","twitter_card":"summary_large_image","twitter_misc":{"Escrito por":"Assessoria de Imprensa da PMPB","Est. tempo de leitura":"4 minutos"},"schema":{"@context":"https:\/\/schema.org","@graph":[{"@type":"Article","@id":"https:\/\/www.pm.pb.gov.br\/portal\/2026\/04\/25\/diario-oficial-traz-a-nomeacao-dos-comandantes-das-novas-unidades-militares-da-paraiba-2\/#article","isPartOf":{"@id":"https:\/\/www.pm.pb.gov.br\/portal\/2026\/04\/25\/diario-oficial-traz-a-nomeacao-dos-comandantes-das-novas-unidades-militares-da-paraiba-2\/"},"author":{"name":"Assessoria de Imprensa da PMPB","@id":"https:\/\/www.pm.pb.gov.br\/portal\/#\/schema\/person\/e8454f46651c3ecf0e1ba3c1666d9947"},"headline":"Di\u00e1rio Oficial traz a nomea\u00e7\u00e3o dos comandantes das Unidades Militares na Para\u00edba","datePublished":"2026-04-25T14:24:31+00:00","dateModified":"2026-04-25T18:30:36+00:00","mainEntityOfPage":{"@id":"https:\/\/www.pm.pb.gov.br\/portal\/2026\/04\/25\/diario-oficial-traz-a-nomeacao-dos-comandantes-das-novas-unidades-militares-da-paraiba-2\/"},"wordCount":597,"publisher":{"@id":"https:\/\/www.pm.pb.gov.br\/portal\/#organization"},"articleSection":["Aconteceu"],"inLanguage":"pt-BR"},{"@type":"WebPage","@id":"https:\/\/www.pm.pb.gov.br\/portal\/2026\/04\/25\/diario-oficial-traz-a-nomeacao-dos-comandantes-das-novas-unidades-militares-da-paraiba-2\/","url":"https:\/\/www.pm.pb.gov.br\/portal\/2026\/04\/25\/diario-oficial-traz-a-nomeacao-dos-comandantes-das-novas-unidades-militares-da-paraiba-2\/","name":"Di\u00e1rio Oficial traz a nomea\u00e7\u00e3o dos comandantes das Unidades Militares na Para\u00edba - Pol\u00edcia Militar da Para\u00edba","isPartOf":{"@id":"https:\/\/www.pm.pb.gov.br\/portal\/#website"},"datePublished":"2026-04-25T14:24:31+00:00","dateModified":"2026-04-25T18:30:36+00:00","breadcrumb":{"@id":"https:\/\/www.pm.pb.gov.br\/portal\/2026\/04\/25\/diario-oficial-traz-a-nomeacao-dos-comandantes-das-novas-unidades-militares-da-paraiba-2\/#breadcrumb"},"inLanguage":"pt-BR","potentialAction":[{"@type":"ReadAction","target":["https:\/\/www.pm.pb.gov.br\/portal\/2026\/04\/25\/diario-oficial-traz-a-nomeacao-dos-comandantes-das-novas-unidades-militares-da-paraiba-2\/"]}]},{"@type":"BreadcrumbList","@id":"https:\/\/www.pm.pb.gov.br\/portal\/2026\/04\/25\/diario-oficial-traz-a-nomeacao-dos-comandantes-das-novas-unidades-militares-da-paraiba-2\/#breadcrumb","itemListElement":[{"@type":"ListItem","position":1,"name":"In\u00edcio","item":"https:\/\/www.pm.pb.gov.br\/portal\/"},{"@type":"ListItem","position":2,"name":"Di\u00e1rio Oficial traz a nomea\u00e7\u00e3o dos comandantes das Unidades Militares na Para\u00edba"}]},{"@type":"WebSite","@id":"https:\/\/www.pm.pb.gov.br\/portal\/#website","url":"https:\/\/www.pm.pb.gov.br\/portal\/","name":"Pol\u00edcia Militar da Para\u00edba","description":"","publisher":{"@id":"https:\/\/www.pm.pb.gov.br\/portal\/#organization"},"potentialAction":[{"@type":"SearchAction","target":{"@type":"EntryPoint","urlTemplate":"https:\/\/www.pm.pb.gov.br\/portal\/?s={search_term_string}"},"query-input":"required name=search_term_string"}],"inLanguage":"pt-BR"},{"@type":"Organization","@id":"https:\/\/www.pm.pb.gov.br\/portal\/#organization","name":"Pol\u00edcia Militar da Para\u00edba","url":"https:\/\/www.pm.pb.gov.br\/portal\/","logo":{"@type":"ImageObject","inLanguage":"pt-BR","@id":"https:\/\/www.pm.pb.gov.br\/portal\/#\/schema\/logo\/image\/","url":"https:\/\/www.pm.pb.gov.br\/portal\/wp-content\/uploads\/2025\/03\/cropped-logo-site-mag2-1.png","contentUrl":"https:\/\/www.pm.pb.gov.br\/portal\/wp-content\/uploads\/2025\/03\/cropped-logo-site-mag2-1.png","width":320,"height":90,"caption":"Pol\u00edcia Militar da Para\u00edba"},"image":{"@id":"https:\/\/www.pm.pb.gov.br\/portal\/#\/schema\/logo\/image\/"}},{"@type":"Person","@id":"https:\/\/www.pm.pb.gov.br\/portal\/#\/schema\/person\/e8454f46651c3ecf0e1ba3c1666d9947","name":"Assessoria de Imprensa da PMPB","image":{"@type":"ImageObject","inLanguage":"pt-BR","@id":"https:\/\/www.pm.pb.gov.br\/portal\/#\/schema\/person\/image\/","url":"https:\/\/secure.gravatar.com\/avatar\/2efe197438265d1e90bd98c4c8e1acf8?s=96&d=mm&r=g","contentUrl":"https:\/\/secure.gravatar.com\/avatar\/2efe197438265d1e90bd98c4c8e1acf8?s=96&d=mm&r=g","caption":"Assessoria de Imprensa da PMPB"},"url":"https:\/\/www.pm.pb.gov.br\/portal\/author\/assessoria\/"}]}},"_links":{"self":[{"href":"https:\/\/www.pm.pb.gov.br\/portal\/wp-json\/wp\/v2\/posts\/930785"}],"collection":[{"href":"https:\/\/www.pm.pb.gov.br\/portal\/wp-json\/wp\/v2\/posts"}],"about":[{"href":"https:\/\/www.pm.pb.gov.br\/portal\/wp-json\/wp\/v2\/types\/post"}],"author":[{"embeddable":true,"href":"https:\/\/www.pm.pb.gov.br\/portal\/wp-json\/wp\/v2\/users\/5"}],"replies":[{"embeddable":true,"href":"https:\/\/www.pm.pb.gov.br\/portal\/wp-json\/wp\/v2\/comments?post=930785"}],"version-history":[{"count":3,"href":"https:\/\/www.pm.pb.gov.br\/portal\/wp-json\/wp\/v2\/posts\/930785\/revisions"}],"predecessor-version":[{"id":930795,"href":"https:\/\/www.pm.pb.gov.br\/portal\/wp-json\/wp\/v2\/posts\/930785\/revisions\/930795"}],"wp:featuredmedia":[{"embeddable":true,"href":"https:\/\/www.pm.pb.gov.br\/portal\/wp-json\/wp\/v2\/media\/915844"}],"wp:attachment":[{"href":"https:\/\/www.pm.pb.gov.br\/portal\/wp-json\/wp\/v2\/media?parent=930785"}],"wp:term":[{"taxonomy":"category","embeddable":true,"href":"https:\/\/www.pm.pb.gov.br\/portal\/wp-json\/wp\/v2\/categories?post=930785"},{"taxonomy":"post_tag","embeddable":true,"href":"https:\/\/www.pm.pb.gov.br\/portal\/wp-json\/wp\/v2\/tags?post=930785"}],"curies":[{"name":"wp","href":"https:\/\/api.w.org\/{rel}","templated":true}]}}