{"id":930741,"date":"2026-04-21T12:56:44","date_gmt":"2026-04-21T15:56:44","guid":{"rendered":"https:\/\/www.pm.pb.gov.br\/portal\/?p=930741"},"modified":"2026-04-21T13:01:56","modified_gmt":"2026-04-21T16:01:56","slug":"corrida-tiradentes-leva-mais-de-mil-corredores-as-ruas-da-cabedelo","status":"publish","type":"post","link":"https:\/\/www.pm.pb.gov.br\/portal\/2026\/04\/21\/corrida-tiradentes-leva-mais-de-mil-corredores-as-ruas-da-cabedelo\/","title":{"rendered":"Corrida Tiradentes leva mais de mil corredores \u00e0s ruas de Cabedelo"},"content":{"rendered":"\n<p>A tradicional Corrida Tiradentes, promovida pela Pol\u00edcia Militar da Para\u00edba como um tributo ao patrono das pol\u00edcias do Brasil, levou centenas de corredores, iniciantes e experientes, \u00e0s ruas de Cabedelo nesta ter\u00e7a-feira (21). A 20\u00aa Corrida de Tiradentes 2026 teve largada \u00e0s 6h, em frente ao Quartel do Comando-Geral da PMPB, em Cabedelo (PB), oferecendo percursos de 5 km e 10 km.<\/p>\n\n\n\n<p>As cinco primeiras coloca\u00e7\u00f5es das categorias masculina e feminina, nas provas de 5 km e 10 km, bem como as primeiras coloca\u00e7\u00f5es da categoria para pessoas com defici\u00eancia, receberam premia\u00e7\u00e3o. No geral, todos os participantes que completaram o percurso, com sa\u00edda e chegada na sede do Comando-Geral, no bairro de Ponta de Campina, foram agraciados com uma medalha simb\u00f3lica. Os mais bem colocados por faixa et\u00e1ria tamb\u00e9m receberam trof\u00e9us.<\/p>\n\n\n\n<p>A corrida contou com a presen\u00e7a do Comandante-Geral da PMPB, coronel Jos\u00e9 Ronildo, que refor\u00e7ou a import\u00e2ncia da atividade f\u00edsica e do lazer. \u201cEssa corrida, que j\u00e1 \u00e9 uma tradi\u00e7\u00e3o, estimula ainda mais a participa\u00e7\u00e3o no esporte e na vida da comunidade. Quero parabenizar os organizadores por esse evento e incentivar, ainda mais, que as pessoas participem conosco, que fazemos a seguran\u00e7a p\u00fablica do nosso estado\u201d.<\/p>\n\n\n\n<p>A rela\u00e7\u00e3o completa dos vencedores da competi\u00e7\u00e3o, por categoria, est\u00e1 dispon\u00edvel no link: zeniteesportes.com.br.<\/p>\n\n\n\n<p><\/p>\n\n\n\n<figure class=\"wp-block-gallery has-nested-images columns-2 is-cropped wp-block-gallery-1 is-layout-flex wp-block-gallery-is-layout-flex\">\n<figure class=\"wp-block-image size-large\"><img loading=\"lazy\" decoding=\"async\" width=\"760\" height=\"570\" data-id=\"930744\" src=\"https:\/\/www.pm.pb.gov.br\/portal\/wp-content\/uploads\/2026\/04\/1024-768-max-6-760x570.jpg\" alt=\"\" class=\"wp-image-930744\" srcset=\"https:\/\/www.pm.pb.gov.br\/portal\/wp-content\/uploads\/2026\/04\/1024-768-max-6-760x570.jpg 760w, https:\/\/www.pm.pb.gov.br\/portal\/wp-content\/uploads\/2026\/04\/1024-768-max-6-593x445.jpg 593w, https:\/\/www.pm.pb.gov.br\/portal\/wp-content\/uploads\/2026\/04\/1024-768-max-6-768x576.jpg 768w, https:\/\/www.pm.pb.gov.br\/portal\/wp-content\/uploads\/2026\/04\/1024-768-max-6.jpg 1024w\" sizes=\"(max-width: 760px) 100vw, 760px\" \/><\/figure>\n\n\n\n<figure class=\"wp-block-image size-large\"><img loading=\"lazy\" decoding=\"async\" width=\"760\" height=\"570\" data-id=\"930743\" src=\"https:\/\/www.pm.pb.gov.br\/portal\/wp-content\/uploads\/2026\/04\/1024-768-max-7-760x570.jpg\" alt=\"\" class=\"wp-image-930743\" srcset=\"https:\/\/www.pm.pb.gov.br\/portal\/wp-content\/uploads\/2026\/04\/1024-768-max-7-760x570.jpg 760w, https:\/\/www.pm.pb.gov.br\/portal\/wp-content\/uploads\/2026\/04\/1024-768-max-7-593x445.jpg 593w, https:\/\/www.pm.pb.gov.br\/portal\/wp-content\/uploads\/2026\/04\/1024-768-max-7-768x576.jpg 768w, https:\/\/www.pm.pb.gov.br\/portal\/wp-content\/uploads\/2026\/04\/1024-768-max-7.jpg 1024w\" sizes=\"(max-width: 760px) 100vw, 760px\" \/><\/figure>\n\n\n\n<figure class=\"wp-block-image size-large\"><img loading=\"lazy\" decoding=\"async\" width=\"760\" height=\"570\" data-id=\"930746\" src=\"https:\/\/www.pm.pb.gov.br\/portal\/wp-content\/uploads\/2026\/04\/1024-768-max-760x570.jpg\" alt=\"\" class=\"wp-image-930746\" srcset=\"https:\/\/www.pm.pb.gov.br\/portal\/wp-content\/uploads\/2026\/04\/1024-768-max-760x570.jpg 760w, https:\/\/www.pm.pb.gov.br\/portal\/wp-content\/uploads\/2026\/04\/1024-768-max-593x445.jpg 593w, https:\/\/www.pm.pb.gov.br\/portal\/wp-content\/uploads\/2026\/04\/1024-768-max-768x576.jpg 768w, https:\/\/www.pm.pb.gov.br\/portal\/wp-content\/uploads\/2026\/04\/1024-768-max.jpg 1024w\" sizes=\"(max-width: 760px) 100vw, 760px\" \/><\/figure>\n\n\n\n<figure class=\"wp-block-image size-large\"><img loading=\"lazy\" decoding=\"async\" width=\"760\" height=\"570\" data-id=\"930745\" src=\"https:\/\/www.pm.pb.gov.br\/portal\/wp-content\/uploads\/2026\/04\/1024-768-max-1-760x570.jpg\" alt=\"\" class=\"wp-image-930745\" srcset=\"https:\/\/www.pm.pb.gov.br\/portal\/wp-content\/uploads\/2026\/04\/1024-768-max-1-760x570.jpg 760w, https:\/\/www.pm.pb.gov.br\/portal\/wp-content\/uploads\/2026\/04\/1024-768-max-1-593x445.jpg 593w, https:\/\/www.pm.pb.gov.br\/portal\/wp-content\/uploads\/2026\/04\/1024-768-max-1-768x576.jpg 768w, https:\/\/www.pm.pb.gov.br\/portal\/wp-content\/uploads\/2026\/04\/1024-768-max-1.jpg 1024w\" sizes=\"(max-width: 760px) 100vw, 760px\" \/><\/figure>\n\n\n\n<figure class=\"wp-block-image size-large\"><img loading=\"lazy\" decoding=\"async\" width=\"760\" height=\"570\" data-id=\"930747\" src=\"https:\/\/www.pm.pb.gov.br\/portal\/wp-content\/uploads\/2026\/04\/1024-768-max-2-760x570.jpg\" alt=\"\" class=\"wp-image-930747\" srcset=\"https:\/\/www.pm.pb.gov.br\/portal\/wp-content\/uploads\/2026\/04\/1024-768-max-2-760x570.jpg 760w, https:\/\/www.pm.pb.gov.br\/portal\/wp-content\/uploads\/2026\/04\/1024-768-max-2-593x445.jpg 593w, https:\/\/www.pm.pb.gov.br\/portal\/wp-content\/uploads\/2026\/04\/1024-768-max-2-768x576.jpg 768w, https:\/\/www.pm.pb.gov.br\/portal\/wp-content\/uploads\/2026\/04\/1024-768-max-2.jpg 1024w\" sizes=\"(max-width: 760px) 100vw, 760px\" \/><\/figure>\n\n\n\n<figure class=\"wp-block-image size-large\"><img loading=\"lazy\" decoding=\"async\" width=\"760\" height=\"570\" data-id=\"930748\" src=\"https:\/\/www.pm.pb.gov.br\/portal\/wp-content\/uploads\/2026\/04\/1024-768-max-3-760x570.jpg\" alt=\"\" class=\"wp-image-930748\" srcset=\"https:\/\/www.pm.pb.gov.br\/portal\/wp-content\/uploads\/2026\/04\/1024-768-max-3-760x570.jpg 760w, https:\/\/www.pm.pb.gov.br\/portal\/wp-content\/uploads\/2026\/04\/1024-768-max-3-593x445.jpg 593w, https:\/\/www.pm.pb.gov.br\/portal\/wp-content\/uploads\/2026\/04\/1024-768-max-3-768x576.jpg 768w, https:\/\/www.pm.pb.gov.br\/portal\/wp-content\/uploads\/2026\/04\/1024-768-max-3.jpg 1024w\" sizes=\"(max-width: 760px) 100vw, 760px\" \/><\/figure>\n\n\n\n<figure class=\"wp-block-image size-large\"><img loading=\"lazy\" decoding=\"async\" width=\"760\" height=\"570\" data-id=\"930749\" src=\"https:\/\/www.pm.pb.gov.br\/portal\/wp-content\/uploads\/2026\/04\/1024-768-max-4-760x570.jpg\" alt=\"\" class=\"wp-image-930749\" srcset=\"https:\/\/www.pm.pb.gov.br\/portal\/wp-content\/uploads\/2026\/04\/1024-768-max-4-760x570.jpg 760w, https:\/\/www.pm.pb.gov.br\/portal\/wp-content\/uploads\/2026\/04\/1024-768-max-4-593x445.jpg 593w, https:\/\/www.pm.pb.gov.br\/portal\/wp-content\/uploads\/2026\/04\/1024-768-max-4-768x576.jpg 768w, https:\/\/www.pm.pb.gov.br\/portal\/wp-content\/uploads\/2026\/04\/1024-768-max-4.jpg 1024w\" sizes=\"(max-width: 760px) 100vw, 760px\" \/><\/figure>\n\n\n\n<figure class=\"wp-block-image size-large\"><img loading=\"lazy\" decoding=\"async\" width=\"760\" height=\"570\" data-id=\"930750\" src=\"https:\/\/www.pm.pb.gov.br\/portal\/wp-content\/uploads\/2026\/04\/1024-768-max-5-760x570.jpg\" alt=\"\" class=\"wp-image-930750\" srcset=\"https:\/\/www.pm.pb.gov.br\/portal\/wp-content\/uploads\/2026\/04\/1024-768-max-5-760x570.jpg 760w, https:\/\/www.pm.pb.gov.br\/portal\/wp-content\/uploads\/2026\/04\/1024-768-max-5-593x445.jpg 593w, https:\/\/www.pm.pb.gov.br\/portal\/wp-content\/uploads\/2026\/04\/1024-768-max-5-768x576.jpg 768w, https:\/\/www.pm.pb.gov.br\/portal\/wp-content\/uploads\/2026\/04\/1024-768-max-5.jpg 1024w\" sizes=\"(max-width: 760px) 100vw, 760px\" \/><\/figure>\n<\/figure>\n","protected":false},"excerpt":{"rendered":"<p>A tradicional Corrida Tiradentes, promovida pela Pol\u00edcia Militar da Para\u00edba como um tributo ao patrono das pol\u00edcias do Brasil, levou<\/p>\n","protected":false},"author":5,"featured_media":930751,"comment_status":"closed","ping_status":"closed","sticky":false,"template":"","format":"standard","meta":{"_exactmetrics_skip_tracking":false,"_exactmetrics_sitenote_active":false,"_exactmetrics_sitenote_note":"","_exactmetrics_sitenote_category":0,"footnotes":""},"categories":[19,9],"tags":[],"yoast_head":"<!-- This site is optimized with the Yoast SEO plugin v22.0 - https:\/\/yoast.com\/wordpress\/plugins\/seo\/ -->\n<title>Corrida Tiradentes leva mais de mil corredores \u00e0s ruas de Cabedelo - Pol\u00edcia Militar da Para\u00edba<\/title>\n<meta name=\"robots\" content=\"index, follow, max-snippet:-1, max-image-preview:large, max-video-preview:-1\" \/>\n<link rel=\"canonical\" href=\"https:\/\/www.pm.pb.gov.br\/portal\/2026\/04\/21\/corrida-tiradentes-leva-mais-de-mil-corredores-as-ruas-da-cabedelo\/\" \/>\n<meta property=\"og:locale\" content=\"pt_BR\" \/>\n<meta property=\"og:type\" content=\"article\" \/>\n<meta property=\"og:title\" content=\"Corrida Tiradentes leva mais de mil corredores \u00e0s ruas de Cabedelo - Pol\u00edcia Militar da Para\u00edba\" \/>\n<meta property=\"og:description\" content=\"A tradicional Corrida Tiradentes, promovida pela Pol\u00edcia Militar da Para\u00edba como um tributo ao patrono das pol\u00edcias do Brasil, levou\" \/>\n<meta property=\"og:url\" content=\"https:\/\/www.pm.pb.gov.br\/portal\/2026\/04\/21\/corrida-tiradentes-leva-mais-de-mil-corredores-as-ruas-da-cabedelo\/\" \/>\n<meta property=\"og:site_name\" content=\"Pol\u00edcia Militar da Para\u00edba\" \/>\n<meta property=\"article:published_time\" content=\"2026-04-21T15:56:44+00:00\" \/>\n<meta property=\"article:modified_time\" content=\"2026-04-21T16:01:56+00:00\" \/>\n<meta property=\"og:image\" content=\"http:\/\/www.pm.pb.gov.br\/portal\/wp-content\/uploads\/2026\/04\/1024-768-max-3.png\" \/>\n\t<meta property=\"og:image:width\" content=\"1024\" \/>\n\t<meta property=\"og:image:height\" content=\"570\" \/>\n\t<meta property=\"og:image:type\" content=\"image\/png\" \/>\n<meta name=\"author\" content=\"Assessoria de Imprensa da PMPB\" \/>\n<meta name=\"twitter:card\" content=\"summary_large_image\" \/>\n<meta name=\"twitter:label1\" content=\"Escrito por\" \/>\n\t<meta name=\"twitter:data1\" content=\"Assessoria de Imprensa da PMPB\" \/>\n\t<meta name=\"twitter:label2\" content=\"Est. tempo de leitura\" \/>\n\t<meta name=\"twitter:data2\" content=\"3 minutos\" \/>\n<script type=\"application\/ld+json\" class=\"yoast-schema-graph\">{\"@context\":\"https:\/\/schema.org\",\"@graph\":[{\"@type\":\"Article\",\"@id\":\"https:\/\/www.pm.pb.gov.br\/portal\/2026\/04\/21\/corrida-tiradentes-leva-mais-de-mil-corredores-as-ruas-da-cabedelo\/#article\",\"isPartOf\":{\"@id\":\"https:\/\/www.pm.pb.gov.br\/portal\/2026\/04\/21\/corrida-tiradentes-leva-mais-de-mil-corredores-as-ruas-da-cabedelo\/\"},\"author\":{\"name\":\"Assessoria de Imprensa da PMPB\",\"@id\":\"https:\/\/www.pm.pb.gov.br\/portal\/#\/schema\/person\/e8454f46651c3ecf0e1ba3c1666d9947\"},\"headline\":\"Corrida Tiradentes leva mais de mil corredores \u00e0s ruas de Cabedelo\",\"datePublished\":\"2026-04-21T15:56:44+00:00\",\"dateModified\":\"2026-04-21T16:01:56+00:00\",\"mainEntityOfPage\":{\"@id\":\"https:\/\/www.pm.pb.gov.br\/portal\/2026\/04\/21\/corrida-tiradentes-leva-mais-de-mil-corredores-as-ruas-da-cabedelo\/\"},\"wordCount\":240,\"publisher\":{\"@id\":\"https:\/\/www.pm.pb.gov.br\/portal\/#organization\"},\"articleSection\":[\"Aconteceu\",\"Eventos\"],\"inLanguage\":\"pt-BR\"},{\"@type\":\"WebPage\",\"@id\":\"https:\/\/www.pm.pb.gov.br\/portal\/2026\/04\/21\/corrida-tiradentes-leva-mais-de-mil-corredores-as-ruas-da-cabedelo\/\",\"url\":\"https:\/\/www.pm.pb.gov.br\/portal\/2026\/04\/21\/corrida-tiradentes-leva-mais-de-mil-corredores-as-ruas-da-cabedelo\/\",\"name\":\"Corrida Tiradentes leva mais de mil corredores \u00e0s ruas de Cabedelo - Pol\u00edcia Militar da Para\u00edba\",\"isPartOf\":{\"@id\":\"https:\/\/www.pm.pb.gov.br\/portal\/#website\"},\"datePublished\":\"2026-04-21T15:56:44+00:00\",\"dateModified\":\"2026-04-21T16:01:56+00:00\",\"breadcrumb\":{\"@id\":\"https:\/\/www.pm.pb.gov.br\/portal\/2026\/04\/21\/corrida-tiradentes-leva-mais-de-mil-corredores-as-ruas-da-cabedelo\/#breadcrumb\"},\"inLanguage\":\"pt-BR\",\"potentialAction\":[{\"@type\":\"ReadAction\",\"target\":[\"https:\/\/www.pm.pb.gov.br\/portal\/2026\/04\/21\/corrida-tiradentes-leva-mais-de-mil-corredores-as-ruas-da-cabedelo\/\"]}]},{\"@type\":\"BreadcrumbList\",\"@id\":\"https:\/\/www.pm.pb.gov.br\/portal\/2026\/04\/21\/corrida-tiradentes-leva-mais-de-mil-corredores-as-ruas-da-cabedelo\/#breadcrumb\",\"itemListElement\":[{\"@type\":\"ListItem\",\"position\":1,\"name\":\"In\u00edcio\",\"item\":\"https:\/\/www.pm.pb.gov.br\/portal\/\"},{\"@type\":\"ListItem\",\"position\":2,\"name\":\"Corrida Tiradentes leva mais de mil corredores \u00e0s ruas de Cabedelo\"}]},{\"@type\":\"WebSite\",\"@id\":\"https:\/\/www.pm.pb.gov.br\/portal\/#website\",\"url\":\"https:\/\/www.pm.pb.gov.br\/portal\/\",\"name\":\"Pol\u00edcia Militar da Para\u00edba\",\"description\":\"\",\"publisher\":{\"@id\":\"https:\/\/www.pm.pb.gov.br\/portal\/#organization\"},\"potentialAction\":[{\"@type\":\"SearchAction\",\"target\":{\"@type\":\"EntryPoint\",\"urlTemplate\":\"https:\/\/www.pm.pb.gov.br\/portal\/?s={search_term_string}\"},\"query-input\":\"required name=search_term_string\"}],\"inLanguage\":\"pt-BR\"},{\"@type\":\"Organization\",\"@id\":\"https:\/\/www.pm.pb.gov.br\/portal\/#organization\",\"name\":\"Pol\u00edcia Militar da Para\u00edba\",\"url\":\"https:\/\/www.pm.pb.gov.br\/portal\/\",\"logo\":{\"@type\":\"ImageObject\",\"inLanguage\":\"pt-BR\",\"@id\":\"https:\/\/www.pm.pb.gov.br\/portal\/#\/schema\/logo\/image\/\",\"url\":\"https:\/\/www.pm.pb.gov.br\/portal\/wp-content\/uploads\/2025\/03\/cropped-logo-site-mag2-1.png\",\"contentUrl\":\"https:\/\/www.pm.pb.gov.br\/portal\/wp-content\/uploads\/2025\/03\/cropped-logo-site-mag2-1.png\",\"width\":320,\"height\":90,\"caption\":\"Pol\u00edcia Militar da Para\u00edba\"},\"image\":{\"@id\":\"https:\/\/www.pm.pb.gov.br\/portal\/#\/schema\/logo\/image\/\"}},{\"@type\":\"Person\",\"@id\":\"https:\/\/www.pm.pb.gov.br\/portal\/#\/schema\/person\/e8454f46651c3ecf0e1ba3c1666d9947\",\"name\":\"Assessoria de Imprensa da PMPB\",\"image\":{\"@type\":\"ImageObject\",\"inLanguage\":\"pt-BR\",\"@id\":\"https:\/\/www.pm.pb.gov.br\/portal\/#\/schema\/person\/image\/\",\"url\":\"https:\/\/secure.gravatar.com\/avatar\/2efe197438265d1e90bd98c4c8e1acf8?s=96&d=mm&r=g\",\"contentUrl\":\"https:\/\/secure.gravatar.com\/avatar\/2efe197438265d1e90bd98c4c8e1acf8?s=96&d=mm&r=g\",\"caption\":\"Assessoria de Imprensa da PMPB\"},\"url\":\"https:\/\/www.pm.pb.gov.br\/portal\/author\/assessoria\/\"}]}<\/script>\n<!-- \/ Yoast SEO plugin. -->","yoast_head_json":{"title":"Corrida Tiradentes leva mais de mil corredores \u00e0s ruas de Cabedelo - Pol\u00edcia Militar da Para\u00edba","robots":{"index":"index","follow":"follow","max-snippet":"max-snippet:-1","max-image-preview":"max-image-preview:large","max-video-preview":"max-video-preview:-1"},"canonical":"https:\/\/www.pm.pb.gov.br\/portal\/2026\/04\/21\/corrida-tiradentes-leva-mais-de-mil-corredores-as-ruas-da-cabedelo\/","og_locale":"pt_BR","og_type":"article","og_title":"Corrida Tiradentes leva mais de mil corredores \u00e0s ruas de Cabedelo - Pol\u00edcia Militar da Para\u00edba","og_description":"A tradicional Corrida Tiradentes, promovida pela Pol\u00edcia Militar da Para\u00edba como um tributo ao patrono das pol\u00edcias do Brasil, levou","og_url":"https:\/\/www.pm.pb.gov.br\/portal\/2026\/04\/21\/corrida-tiradentes-leva-mais-de-mil-corredores-as-ruas-da-cabedelo\/","og_site_name":"Pol\u00edcia Militar da Para\u00edba","article_published_time":"2026-04-21T15:56:44+00:00","article_modified_time":"2026-04-21T16:01:56+00:00","og_image":[{"width":1024,"height":570,"url":"http:\/\/www.pm.pb.gov.br\/portal\/wp-content\/uploads\/2026\/04\/1024-768-max-3.png","type":"image\/png"}],"author":"Assessoria de Imprensa da PMPB","twitter_card":"summary_large_image","twitter_misc":{"Escrito por":"Assessoria de Imprensa da PMPB","Est. tempo de leitura":"3 minutos"},"schema":{"@context":"https:\/\/schema.org","@graph":[{"@type":"Article","@id":"https:\/\/www.pm.pb.gov.br\/portal\/2026\/04\/21\/corrida-tiradentes-leva-mais-de-mil-corredores-as-ruas-da-cabedelo\/#article","isPartOf":{"@id":"https:\/\/www.pm.pb.gov.br\/portal\/2026\/04\/21\/corrida-tiradentes-leva-mais-de-mil-corredores-as-ruas-da-cabedelo\/"},"author":{"name":"Assessoria de Imprensa da PMPB","@id":"https:\/\/www.pm.pb.gov.br\/portal\/#\/schema\/person\/e8454f46651c3ecf0e1ba3c1666d9947"},"headline":"Corrida Tiradentes leva mais de mil corredores \u00e0s ruas de Cabedelo","datePublished":"2026-04-21T15:56:44+00:00","dateModified":"2026-04-21T16:01:56+00:00","mainEntityOfPage":{"@id":"https:\/\/www.pm.pb.gov.br\/portal\/2026\/04\/21\/corrida-tiradentes-leva-mais-de-mil-corredores-as-ruas-da-cabedelo\/"},"wordCount":240,"publisher":{"@id":"https:\/\/www.pm.pb.gov.br\/portal\/#organization"},"articleSection":["Aconteceu","Eventos"],"inLanguage":"pt-BR"},{"@type":"WebPage","@id":"https:\/\/www.pm.pb.gov.br\/portal\/2026\/04\/21\/corrida-tiradentes-leva-mais-de-mil-corredores-as-ruas-da-cabedelo\/","url":"https:\/\/www.pm.pb.gov.br\/portal\/2026\/04\/21\/corrida-tiradentes-leva-mais-de-mil-corredores-as-ruas-da-cabedelo\/","name":"Corrida Tiradentes leva mais de mil corredores \u00e0s ruas de Cabedelo - Pol\u00edcia Militar da Para\u00edba","isPartOf":{"@id":"https:\/\/www.pm.pb.gov.br\/portal\/#website"},"datePublished":"2026-04-21T15:56:44+00:00","dateModified":"2026-04-21T16:01:56+00:00","breadcrumb":{"@id":"https:\/\/www.pm.pb.gov.br\/portal\/2026\/04\/21\/corrida-tiradentes-leva-mais-de-mil-corredores-as-ruas-da-cabedelo\/#breadcrumb"},"inLanguage":"pt-BR","potentialAction":[{"@type":"ReadAction","target":["https:\/\/www.pm.pb.gov.br\/portal\/2026\/04\/21\/corrida-tiradentes-leva-mais-de-mil-corredores-as-ruas-da-cabedelo\/"]}]},{"@type":"BreadcrumbList","@id":"https:\/\/www.pm.pb.gov.br\/portal\/2026\/04\/21\/corrida-tiradentes-leva-mais-de-mil-corredores-as-ruas-da-cabedelo\/#breadcrumb","itemListElement":[{"@type":"ListItem","position":1,"name":"In\u00edcio","item":"https:\/\/www.pm.pb.gov.br\/portal\/"},{"@type":"ListItem","position":2,"name":"Corrida Tiradentes leva mais de mil corredores \u00e0s ruas de Cabedelo"}]},{"@type":"WebSite","@id":"https:\/\/www.pm.pb.gov.br\/portal\/#website","url":"https:\/\/www.pm.pb.gov.br\/portal\/","name":"Pol\u00edcia Militar da Para\u00edba","description":"","publisher":{"@id":"https:\/\/www.pm.pb.gov.br\/portal\/#organization"},"potentialAction":[{"@type":"SearchAction","target":{"@type":"EntryPoint","urlTemplate":"https:\/\/www.pm.pb.gov.br\/portal\/?s={search_term_string}"},"query-input":"required name=search_term_string"}],"inLanguage":"pt-BR"},{"@type":"Organization","@id":"https:\/\/www.pm.pb.gov.br\/portal\/#organization","name":"Pol\u00edcia Militar da Para\u00edba","url":"https:\/\/www.pm.pb.gov.br\/portal\/","logo":{"@type":"ImageObject","inLanguage":"pt-BR","@id":"https:\/\/www.pm.pb.gov.br\/portal\/#\/schema\/logo\/image\/","url":"https:\/\/www.pm.pb.gov.br\/portal\/wp-content\/uploads\/2025\/03\/cropped-logo-site-mag2-1.png","contentUrl":"https:\/\/www.pm.pb.gov.br\/portal\/wp-content\/uploads\/2025\/03\/cropped-logo-site-mag2-1.png","width":320,"height":90,"caption":"Pol\u00edcia Militar da Para\u00edba"},"image":{"@id":"https:\/\/www.pm.pb.gov.br\/portal\/#\/schema\/logo\/image\/"}},{"@type":"Person","@id":"https:\/\/www.pm.pb.gov.br\/portal\/#\/schema\/person\/e8454f46651c3ecf0e1ba3c1666d9947","name":"Assessoria de Imprensa da PMPB","image":{"@type":"ImageObject","inLanguage":"pt-BR","@id":"https:\/\/www.pm.pb.gov.br\/portal\/#\/schema\/person\/image\/","url":"https:\/\/secure.gravatar.com\/avatar\/2efe197438265d1e90bd98c4c8e1acf8?s=96&d=mm&r=g","contentUrl":"https:\/\/secure.gravatar.com\/avatar\/2efe197438265d1e90bd98c4c8e1acf8?s=96&d=mm&r=g","caption":"Assessoria de Imprensa da PMPB"},"url":"https:\/\/www.pm.pb.gov.br\/portal\/author\/assessoria\/"}]}},"_links":{"self":[{"href":"https:\/\/www.pm.pb.gov.br\/portal\/wp-json\/wp\/v2\/posts\/930741"}],"collection":[{"href":"https:\/\/www.pm.pb.gov.br\/portal\/wp-json\/wp\/v2\/posts"}],"about":[{"href":"https:\/\/www.pm.pb.gov.br\/portal\/wp-json\/wp\/v2\/types\/post"}],"author":[{"embeddable":true,"href":"https:\/\/www.pm.pb.gov.br\/portal\/wp-json\/wp\/v2\/users\/5"}],"replies":[{"embeddable":true,"href":"https:\/\/www.pm.pb.gov.br\/portal\/wp-json\/wp\/v2\/comments?post=930741"}],"version-history":[{"count":4,"href":"https:\/\/www.pm.pb.gov.br\/portal\/wp-json\/wp\/v2\/posts\/930741\/revisions"}],"predecessor-version":[{"id":930755,"href":"https:\/\/www.pm.pb.gov.br\/portal\/wp-json\/wp\/v2\/posts\/930741\/revisions\/930755"}],"wp:featuredmedia":[{"embeddable":true,"href":"https:\/\/www.pm.pb.gov.br\/portal\/wp-json\/wp\/v2\/media\/930751"}],"wp:attachment":[{"href":"https:\/\/www.pm.pb.gov.br\/portal\/wp-json\/wp\/v2\/media?parent=930741"}],"wp:term":[{"taxonomy":"category","embeddable":true,"href":"https:\/\/www.pm.pb.gov.br\/portal\/wp-json\/wp\/v2\/categories?post=930741"},{"taxonomy":"post_tag","embeddable":true,"href":"https:\/\/www.pm.pb.gov.br\/portal\/wp-json\/wp\/v2\/tags?post=930741"}],"curies":[{"name":"wp","href":"https:\/\/api.w.org\/{rel}","templated":true}]}}