{"id":930723,"date":"2026-04-22T13:01:11","date_gmt":"2026-04-22T16:01:11","guid":{"rendered":"https:\/\/www.pm.pb.gov.br\/portal\/?p=930723"},"modified":"2026-04-22T13:01:12","modified_gmt":"2026-04-22T16:01:12","slug":"operacao-tiradentes-prende-mais-de-160-suspeitos-e-apreende-21-armas-no-feriadao-na-paraiba","status":"publish","type":"post","link":"https:\/\/www.pm.pb.gov.br\/portal\/2026\/04\/22\/operacao-tiradentes-prende-mais-de-160-suspeitos-e-apreende-21-armas-no-feriadao-na-paraiba\/","title":{"rendered":"Opera\u00e7\u00e3o Tiradentes prende mais de 160 suspeitos e apreende 21 armas no feriad\u00e3o na Para\u00edba"},"content":{"rendered":"O comandante-geral da Pol\u00edcia Militar, coronel Ronildo, divulgou, na manh\u00e3 desta quarta-feira (22), o balan\u00e7o final da Opera\u00e7\u00e3o Tiradentes, que refor\u00e7ou as a\u00e7\u00f5es de seguran\u00e7a durante todo o feriad\u00e3o, na Para\u00edba. Foram conduzidas 161 pessoas at\u00e9 as delegacias, apreendidas 21 armas de fogo, recuperados 33 ve\u00edculos com registros de roubos ou furtos e registradas 55 ocorr\u00eancias de apreens\u00e3o de drogas.<br \/><br \/>\u201cHouve um aumento do n\u00famero de pris\u00f5es e de apreens\u00f5es de armas, com o trabalho abnegado de nossos policiais militares, inclusive prendendo aqui na Para\u00edba um procurado da justi\u00e7a de Pernambuco, entre outras a\u00e7\u00f5es de destaque. No per\u00edodo, tivemos uma queda de mais de 50% dos Crimes Violentos Letais Intencionais (CVLI), que \u00e9 um indicador importante para mensurar a redu\u00e7\u00e3o da criminalidade em nosso Estado\u201d, destacou o coronel Ronildo.<br \/><br \/>A opera\u00e7\u00e3o come\u00e7ou no s\u00e1bado (18) e foi conclu\u00edda na madrugada desta quarta-feira (22), contando com mais de 320 policiais de refor\u00e7o, por dia. Agora, a corpora\u00e7\u00e3o j\u00e1 planeja as a\u00e7\u00f5es para o pr\u00f3ximo feriad\u00e3o, que \u00e9 o dia do trabalhador.<br \/>","protected":false},"excerpt":{"rendered":"<p>O comandante-geral da Pol\u00edcia Militar, coronel Ronildo, divulgou, na manh\u00e3 desta quarta-feira (22), o balan\u00e7o final da Opera\u00e7\u00e3o Tiradentes, que<\/p>\n","protected":false},"author":18,"featured_media":930701,"comment_status":"closed","ping_status":"closed","sticky":false,"template":"","format":"standard","meta":{"_exactmetrics_skip_tracking":false,"_exactmetrics_sitenote_active":false,"_exactmetrics_sitenote_note":"","_exactmetrics_sitenote_category":0,"footnotes":""},"categories":[4],"tags":[],"yoast_head":"<!-- This site is optimized with the Yoast SEO plugin v22.0 - https:\/\/yoast.com\/wordpress\/plugins\/seo\/ -->\n<title>Opera\u00e7\u00e3o Tiradentes prende mais de 160 suspeitos e apreende 21 armas no feriad\u00e3o na Para\u00edba - Pol\u00edcia Militar da Para\u00edba<\/title>\n<meta name=\"robots\" content=\"index, follow, max-snippet:-1, max-image-preview:large, max-video-preview:-1\" \/>\n<link rel=\"canonical\" href=\"https:\/\/www.pm.pb.gov.br\/portal\/2026\/04\/22\/operacao-tiradentes-prende-mais-de-160-suspeitos-e-apreende-21-armas-no-feriadao-na-paraiba\/\" \/>\n<meta property=\"og:locale\" content=\"pt_BR\" \/>\n<meta property=\"og:type\" content=\"article\" \/>\n<meta property=\"og:title\" content=\"Opera\u00e7\u00e3o Tiradentes prende mais de 160 suspeitos e apreende 21 armas no feriad\u00e3o na Para\u00edba - Pol\u00edcia Militar da Para\u00edba\" \/>\n<meta property=\"og:description\" content=\"O comandante-geral da Pol\u00edcia Militar, coronel Ronildo, divulgou, na manh\u00e3 desta quarta-feira (22), o balan\u00e7o final da Opera\u00e7\u00e3o Tiradentes, que\" \/>\n<meta property=\"og:url\" content=\"https:\/\/www.pm.pb.gov.br\/portal\/2026\/04\/22\/operacao-tiradentes-prende-mais-de-160-suspeitos-e-apreende-21-armas-no-feriadao-na-paraiba\/\" \/>\n<meta property=\"og:site_name\" content=\"Pol\u00edcia Militar da Para\u00edba\" \/>\n<meta property=\"article:published_time\" content=\"2026-04-22T16:01:11+00:00\" \/>\n<meta property=\"article:modified_time\" content=\"2026-04-22T16:01:12+00:00\" \/>\n<meta property=\"og:image\" content=\"http:\/\/www.pm.pb.gov.br\/portal\/wp-content\/uploads\/2026\/04\/ee4d83ac-d7ff-4282-8ad6-0f20bad70bb8-1024x570.png\" \/>\n\t<meta property=\"og:image:width\" content=\"1024\" \/>\n\t<meta property=\"og:image:height\" content=\"570\" \/>\n\t<meta property=\"og:image:type\" content=\"image\/png\" \/>\n<meta name=\"author\" content=\"Luiz Duarte\" \/>\n<meta name=\"twitter:card\" content=\"summary_large_image\" \/>\n<meta name=\"twitter:label1\" content=\"Escrito por\" \/>\n\t<meta name=\"twitter:data1\" content=\"Luiz Duarte\" \/>\n\t<meta name=\"twitter:label2\" content=\"Est. tempo de leitura\" \/>\n\t<meta name=\"twitter:data2\" content=\"2 minutos\" \/>\n<script type=\"application\/ld+json\" class=\"yoast-schema-graph\">{\"@context\":\"https:\/\/schema.org\",\"@graph\":[{\"@type\":\"Article\",\"@id\":\"https:\/\/www.pm.pb.gov.br\/portal\/2026\/04\/22\/operacao-tiradentes-prende-mais-de-160-suspeitos-e-apreende-21-armas-no-feriadao-na-paraiba\/#article\",\"isPartOf\":{\"@id\":\"https:\/\/www.pm.pb.gov.br\/portal\/2026\/04\/22\/operacao-tiradentes-prende-mais-de-160-suspeitos-e-apreende-21-armas-no-feriadao-na-paraiba\/\"},\"author\":{\"name\":\"Luiz Duarte\",\"@id\":\"https:\/\/www.pm.pb.gov.br\/portal\/#\/schema\/person\/89dd009e2523c97adf8def1d6cf90ca1\"},\"headline\":\"Opera\u00e7\u00e3o Tiradentes prende mais de 160 suspeitos e apreende 21 armas no feriad\u00e3o na Para\u00edba\",\"datePublished\":\"2026-04-22T16:01:11+00:00\",\"dateModified\":\"2026-04-22T16:01:12+00:00\",\"mainEntityOfPage\":{\"@id\":\"https:\/\/www.pm.pb.gov.br\/portal\/2026\/04\/22\/operacao-tiradentes-prende-mais-de-160-suspeitos-e-apreende-21-armas-no-feriadao-na-paraiba\/\"},\"wordCount\":203,\"publisher\":{\"@id\":\"https:\/\/www.pm.pb.gov.br\/portal\/#organization\"},\"articleSection\":[\"A\u00e7\u00f5es Policiais\"],\"inLanguage\":\"pt-BR\"},{\"@type\":\"WebPage\",\"@id\":\"https:\/\/www.pm.pb.gov.br\/portal\/2026\/04\/22\/operacao-tiradentes-prende-mais-de-160-suspeitos-e-apreende-21-armas-no-feriadao-na-paraiba\/\",\"url\":\"https:\/\/www.pm.pb.gov.br\/portal\/2026\/04\/22\/operacao-tiradentes-prende-mais-de-160-suspeitos-e-apreende-21-armas-no-feriadao-na-paraiba\/\",\"name\":\"Opera\u00e7\u00e3o Tiradentes prende mais de 160 suspeitos e apreende 21 armas no feriad\u00e3o na Para\u00edba - Pol\u00edcia Militar da Para\u00edba\",\"isPartOf\":{\"@id\":\"https:\/\/www.pm.pb.gov.br\/portal\/#website\"},\"datePublished\":\"2026-04-22T16:01:11+00:00\",\"dateModified\":\"2026-04-22T16:01:12+00:00\",\"breadcrumb\":{\"@id\":\"https:\/\/www.pm.pb.gov.br\/portal\/2026\/04\/22\/operacao-tiradentes-prende-mais-de-160-suspeitos-e-apreende-21-armas-no-feriadao-na-paraiba\/#breadcrumb\"},\"inLanguage\":\"pt-BR\",\"potentialAction\":[{\"@type\":\"ReadAction\",\"target\":[\"https:\/\/www.pm.pb.gov.br\/portal\/2026\/04\/22\/operacao-tiradentes-prende-mais-de-160-suspeitos-e-apreende-21-armas-no-feriadao-na-paraiba\/\"]}]},{\"@type\":\"BreadcrumbList\",\"@id\":\"https:\/\/www.pm.pb.gov.br\/portal\/2026\/04\/22\/operacao-tiradentes-prende-mais-de-160-suspeitos-e-apreende-21-armas-no-feriadao-na-paraiba\/#breadcrumb\",\"itemListElement\":[{\"@type\":\"ListItem\",\"position\":1,\"name\":\"In\u00edcio\",\"item\":\"https:\/\/www.pm.pb.gov.br\/portal\/\"},{\"@type\":\"ListItem\",\"position\":2,\"name\":\"Opera\u00e7\u00e3o Tiradentes prende mais de 160 suspeitos e apreende 21 armas no feriad\u00e3o na Para\u00edba\"}]},{\"@type\":\"WebSite\",\"@id\":\"https:\/\/www.pm.pb.gov.br\/portal\/#website\",\"url\":\"https:\/\/www.pm.pb.gov.br\/portal\/\",\"name\":\"Pol\u00edcia Militar da Para\u00edba\",\"description\":\"\",\"publisher\":{\"@id\":\"https:\/\/www.pm.pb.gov.br\/portal\/#organization\"},\"potentialAction\":[{\"@type\":\"SearchAction\",\"target\":{\"@type\":\"EntryPoint\",\"urlTemplate\":\"https:\/\/www.pm.pb.gov.br\/portal\/?s={search_term_string}\"},\"query-input\":\"required name=search_term_string\"}],\"inLanguage\":\"pt-BR\"},{\"@type\":\"Organization\",\"@id\":\"https:\/\/www.pm.pb.gov.br\/portal\/#organization\",\"name\":\"Pol\u00edcia Militar da Para\u00edba\",\"url\":\"https:\/\/www.pm.pb.gov.br\/portal\/\",\"logo\":{\"@type\":\"ImageObject\",\"inLanguage\":\"pt-BR\",\"@id\":\"https:\/\/www.pm.pb.gov.br\/portal\/#\/schema\/logo\/image\/\",\"url\":\"https:\/\/www.pm.pb.gov.br\/portal\/wp-content\/uploads\/2025\/03\/cropped-logo-site-mag2-1.png\",\"contentUrl\":\"https:\/\/www.pm.pb.gov.br\/portal\/wp-content\/uploads\/2025\/03\/cropped-logo-site-mag2-1.png\",\"width\":320,\"height\":90,\"caption\":\"Pol\u00edcia Militar da Para\u00edba\"},\"image\":{\"@id\":\"https:\/\/www.pm.pb.gov.br\/portal\/#\/schema\/logo\/image\/\"}},{\"@type\":\"Person\",\"@id\":\"https:\/\/www.pm.pb.gov.br\/portal\/#\/schema\/person\/89dd009e2523c97adf8def1d6cf90ca1\",\"name\":\"Luiz Duarte\",\"image\":{\"@type\":\"ImageObject\",\"inLanguage\":\"pt-BR\",\"@id\":\"https:\/\/www.pm.pb.gov.br\/portal\/#\/schema\/person\/image\/\",\"url\":\"https:\/\/secure.gravatar.com\/avatar\/ce5539b97246ef4d24dd039a3f64145b?s=96&d=mm&r=g\",\"contentUrl\":\"https:\/\/secure.gravatar.com\/avatar\/ce5539b97246ef4d24dd039a3f64145b?s=96&d=mm&r=g\",\"caption\":\"Luiz Duarte\"},\"url\":\"https:\/\/www.pm.pb.gov.br\/portal\/author\/luiz\/\"}]}<\/script>\n<!-- \/ Yoast SEO plugin. -->","yoast_head_json":{"title":"Opera\u00e7\u00e3o Tiradentes prende mais de 160 suspeitos e apreende 21 armas no feriad\u00e3o na Para\u00edba - Pol\u00edcia Militar da Para\u00edba","robots":{"index":"index","follow":"follow","max-snippet":"max-snippet:-1","max-image-preview":"max-image-preview:large","max-video-preview":"max-video-preview:-1"},"canonical":"https:\/\/www.pm.pb.gov.br\/portal\/2026\/04\/22\/operacao-tiradentes-prende-mais-de-160-suspeitos-e-apreende-21-armas-no-feriadao-na-paraiba\/","og_locale":"pt_BR","og_type":"article","og_title":"Opera\u00e7\u00e3o Tiradentes prende mais de 160 suspeitos e apreende 21 armas no feriad\u00e3o na Para\u00edba - Pol\u00edcia Militar da Para\u00edba","og_description":"O comandante-geral da Pol\u00edcia Militar, coronel Ronildo, divulgou, na manh\u00e3 desta quarta-feira (22), o balan\u00e7o final da Opera\u00e7\u00e3o Tiradentes, que","og_url":"https:\/\/www.pm.pb.gov.br\/portal\/2026\/04\/22\/operacao-tiradentes-prende-mais-de-160-suspeitos-e-apreende-21-armas-no-feriadao-na-paraiba\/","og_site_name":"Pol\u00edcia Militar da Para\u00edba","article_published_time":"2026-04-22T16:01:11+00:00","article_modified_time":"2026-04-22T16:01:12+00:00","og_image":[{"width":1024,"height":570,"url":"http:\/\/www.pm.pb.gov.br\/portal\/wp-content\/uploads\/2026\/04\/ee4d83ac-d7ff-4282-8ad6-0f20bad70bb8-1024x570.png","type":"image\/png"}],"author":"Luiz Duarte","twitter_card":"summary_large_image","twitter_misc":{"Escrito por":"Luiz Duarte","Est. tempo de leitura":"2 minutos"},"schema":{"@context":"https:\/\/schema.org","@graph":[{"@type":"Article","@id":"https:\/\/www.pm.pb.gov.br\/portal\/2026\/04\/22\/operacao-tiradentes-prende-mais-de-160-suspeitos-e-apreende-21-armas-no-feriadao-na-paraiba\/#article","isPartOf":{"@id":"https:\/\/www.pm.pb.gov.br\/portal\/2026\/04\/22\/operacao-tiradentes-prende-mais-de-160-suspeitos-e-apreende-21-armas-no-feriadao-na-paraiba\/"},"author":{"name":"Luiz Duarte","@id":"https:\/\/www.pm.pb.gov.br\/portal\/#\/schema\/person\/89dd009e2523c97adf8def1d6cf90ca1"},"headline":"Opera\u00e7\u00e3o Tiradentes prende mais de 160 suspeitos e apreende 21 armas no feriad\u00e3o na Para\u00edba","datePublished":"2026-04-22T16:01:11+00:00","dateModified":"2026-04-22T16:01:12+00:00","mainEntityOfPage":{"@id":"https:\/\/www.pm.pb.gov.br\/portal\/2026\/04\/22\/operacao-tiradentes-prende-mais-de-160-suspeitos-e-apreende-21-armas-no-feriadao-na-paraiba\/"},"wordCount":203,"publisher":{"@id":"https:\/\/www.pm.pb.gov.br\/portal\/#organization"},"articleSection":["A\u00e7\u00f5es Policiais"],"inLanguage":"pt-BR"},{"@type":"WebPage","@id":"https:\/\/www.pm.pb.gov.br\/portal\/2026\/04\/22\/operacao-tiradentes-prende-mais-de-160-suspeitos-e-apreende-21-armas-no-feriadao-na-paraiba\/","url":"https:\/\/www.pm.pb.gov.br\/portal\/2026\/04\/22\/operacao-tiradentes-prende-mais-de-160-suspeitos-e-apreende-21-armas-no-feriadao-na-paraiba\/","name":"Opera\u00e7\u00e3o Tiradentes prende mais de 160 suspeitos e apreende 21 armas no feriad\u00e3o na Para\u00edba - Pol\u00edcia Militar da Para\u00edba","isPartOf":{"@id":"https:\/\/www.pm.pb.gov.br\/portal\/#website"},"datePublished":"2026-04-22T16:01:11+00:00","dateModified":"2026-04-22T16:01:12+00:00","breadcrumb":{"@id":"https:\/\/www.pm.pb.gov.br\/portal\/2026\/04\/22\/operacao-tiradentes-prende-mais-de-160-suspeitos-e-apreende-21-armas-no-feriadao-na-paraiba\/#breadcrumb"},"inLanguage":"pt-BR","potentialAction":[{"@type":"ReadAction","target":["https:\/\/www.pm.pb.gov.br\/portal\/2026\/04\/22\/operacao-tiradentes-prende-mais-de-160-suspeitos-e-apreende-21-armas-no-feriadao-na-paraiba\/"]}]},{"@type":"BreadcrumbList","@id":"https:\/\/www.pm.pb.gov.br\/portal\/2026\/04\/22\/operacao-tiradentes-prende-mais-de-160-suspeitos-e-apreende-21-armas-no-feriadao-na-paraiba\/#breadcrumb","itemListElement":[{"@type":"ListItem","position":1,"name":"In\u00edcio","item":"https:\/\/www.pm.pb.gov.br\/portal\/"},{"@type":"ListItem","position":2,"name":"Opera\u00e7\u00e3o Tiradentes prende mais de 160 suspeitos e apreende 21 armas no feriad\u00e3o na Para\u00edba"}]},{"@type":"WebSite","@id":"https:\/\/www.pm.pb.gov.br\/portal\/#website","url":"https:\/\/www.pm.pb.gov.br\/portal\/","name":"Pol\u00edcia Militar da Para\u00edba","description":"","publisher":{"@id":"https:\/\/www.pm.pb.gov.br\/portal\/#organization"},"potentialAction":[{"@type":"SearchAction","target":{"@type":"EntryPoint","urlTemplate":"https:\/\/www.pm.pb.gov.br\/portal\/?s={search_term_string}"},"query-input":"required name=search_term_string"}],"inLanguage":"pt-BR"},{"@type":"Organization","@id":"https:\/\/www.pm.pb.gov.br\/portal\/#organization","name":"Pol\u00edcia Militar da Para\u00edba","url":"https:\/\/www.pm.pb.gov.br\/portal\/","logo":{"@type":"ImageObject","inLanguage":"pt-BR","@id":"https:\/\/www.pm.pb.gov.br\/portal\/#\/schema\/logo\/image\/","url":"https:\/\/www.pm.pb.gov.br\/portal\/wp-content\/uploads\/2025\/03\/cropped-logo-site-mag2-1.png","contentUrl":"https:\/\/www.pm.pb.gov.br\/portal\/wp-content\/uploads\/2025\/03\/cropped-logo-site-mag2-1.png","width":320,"height":90,"caption":"Pol\u00edcia Militar da Para\u00edba"},"image":{"@id":"https:\/\/www.pm.pb.gov.br\/portal\/#\/schema\/logo\/image\/"}},{"@type":"Person","@id":"https:\/\/www.pm.pb.gov.br\/portal\/#\/schema\/person\/89dd009e2523c97adf8def1d6cf90ca1","name":"Luiz Duarte","image":{"@type":"ImageObject","inLanguage":"pt-BR","@id":"https:\/\/www.pm.pb.gov.br\/portal\/#\/schema\/person\/image\/","url":"https:\/\/secure.gravatar.com\/avatar\/ce5539b97246ef4d24dd039a3f64145b?s=96&d=mm&r=g","contentUrl":"https:\/\/secure.gravatar.com\/avatar\/ce5539b97246ef4d24dd039a3f64145b?s=96&d=mm&r=g","caption":"Luiz Duarte"},"url":"https:\/\/www.pm.pb.gov.br\/portal\/author\/luiz\/"}]}},"_links":{"self":[{"href":"https:\/\/www.pm.pb.gov.br\/portal\/wp-json\/wp\/v2\/posts\/930723"}],"collection":[{"href":"https:\/\/www.pm.pb.gov.br\/portal\/wp-json\/wp\/v2\/posts"}],"about":[{"href":"https:\/\/www.pm.pb.gov.br\/portal\/wp-json\/wp\/v2\/types\/post"}],"author":[{"embeddable":true,"href":"https:\/\/www.pm.pb.gov.br\/portal\/wp-json\/wp\/v2\/users\/18"}],"replies":[{"embeddable":true,"href":"https:\/\/www.pm.pb.gov.br\/portal\/wp-json\/wp\/v2\/comments?post=930723"}],"version-history":[{"count":1,"href":"https:\/\/www.pm.pb.gov.br\/portal\/wp-json\/wp\/v2\/posts\/930723\/revisions"}],"predecessor-version":[{"id":930756,"href":"https:\/\/www.pm.pb.gov.br\/portal\/wp-json\/wp\/v2\/posts\/930723\/revisions\/930756"}],"wp:featuredmedia":[{"embeddable":true,"href":"https:\/\/www.pm.pb.gov.br\/portal\/wp-json\/wp\/v2\/media\/930701"}],"wp:attachment":[{"href":"https:\/\/www.pm.pb.gov.br\/portal\/wp-json\/wp\/v2\/media?parent=930723"}],"wp:term":[{"taxonomy":"category","embeddable":true,"href":"https:\/\/www.pm.pb.gov.br\/portal\/wp-json\/wp\/v2\/categories?post=930723"},{"taxonomy":"post_tag","embeddable":true,"href":"https:\/\/www.pm.pb.gov.br\/portal\/wp-json\/wp\/v2\/tags?post=930723"}],"curies":[{"name":"wp","href":"https:\/\/api.w.org\/{rel}","templated":true}]}}