{"id":930407,"date":"2026-03-16T15:38:47","date_gmt":"2026-03-16T18:38:47","guid":{"rendered":"https:\/\/www.pm.pb.gov.br\/portal\/?p=930407"},"modified":"2026-03-16T15:38:49","modified_gmt":"2026-03-16T18:38:49","slug":"comitiva-da-senasp-realiza-visita-tecnica-a-pmpb-para-acompanhamento-do-projeto-nacional-de-cameras-corporais-e-uso-diferenciado-da-forca","status":"publish","type":"post","link":"https:\/\/www.pm.pb.gov.br\/portal\/2026\/03\/16\/comitiva-da-senasp-realiza-visita-tecnica-a-pmpb-para-acompanhamento-do-projeto-nacional-de-cameras-corporais-e-uso-diferenciado-da-forca\/","title":{"rendered":"Comitiva da SENASP realiza visita t\u00e9cnica \u00e0 PMPB para acompanhamento do Projeto Nacional de C\u00e2meras Corporais e Uso Diferenciado da For\u00e7a"},"content":{"rendered":"\n<p>Na \u00faltima sexta-feira (13), a Pol\u00edcia Militar da Para\u00edba (PMPB) recebeu, no Quartel do Comando-Geral, uma comitiva da Secretaria Nacional de Seguran\u00e7a P\u00fablica (SENASP) para a realiza\u00e7\u00e3o de visita t\u00e9cnica institucional voltada ao acompanhamento do Projeto Nacional de C\u00e2meras Corporais e de Uso Diferenciado da For\u00e7a.<\/p>\n\n\n\n<p>Durante a programa\u00e7\u00e3o, foram realizadas reuni\u00e3o institucional e reuni\u00e3o t\u00e9cnica, com foco na qualifica\u00e7\u00e3o das \u00e1reas relacionadas ao uso de c\u00e2meras corporais e ao aprimoramento das diretrizes de Uso Diferenciado da For\u00e7a. As discuss\u00f5es tiveram como base a an\u00e1lise de desempenho da corpora\u00e7\u00e3o no invent\u00e1rio de conformidade e no plano de trabalho vinculados aos projetos nacionais.<\/p>\n\n\n\n<p>A agenda tamb\u00e9m permitiu a avalia\u00e7\u00e3o de procedimentos operacionais, fluxos administrativos e mecanismos de controle relacionados ao uso de registros audiovisuais nas atividades policiais, contribuindo para o alinhamento das pr\u00e1ticas da PMPB \u00e0s diretrizes do Sistema \u00danico de Seguran\u00e7a P\u00fablica (SUSP).<\/p>\n\n\n\n<p>Ao longo das atividades, a comitiva da SENASP destacou o n\u00edvel de organiza\u00e7\u00e3o institucional e o comprometimento da PMPB com a implementa\u00e7\u00e3o de pol\u00edticas p\u00fablicas voltadas \u00e0 transpar\u00eancia, \u00e0 moderniza\u00e7\u00e3o tecnol\u00f3gica e ao aperfei\u00e7oamento da atividade policial.<\/p>\n\n\n\n<p>O major Franklin Michael, coordenador de Planejamento e Gest\u00e3o da Diretoria do SUSP, ressaltou a import\u00e2ncia da coopera\u00e7\u00e3o federativa para o fortalecimento das iniciativas nacionais na \u00e1rea de seguran\u00e7a p\u00fablica. \u201cA PMPB apresenta avan\u00e7os consistentes na estrutura\u00e7\u00e3o dos processos relacionados ao Projeto Nacional de C\u00e2meras Corporais. Observamos um alinhamento importante com as diretrizes do SUSP, o que contribui para ampliar a transpar\u00eancia, a efici\u00eancia operacional e a prote\u00e7\u00e3o do policial e do cidad\u00e3o.\u201d.<\/p>\n\n\n\n<p>No eixo de Uso Diferenciado da For\u00e7a, o coronel Wolney Alexandre Pereira da Silva enfatizou o desempenho positivo da PMPB nos indicadores avaliados. \u201cOs resultados apresentados indicam um esfor\u00e7o consistente da Pol\u00edcia Militar da Para\u00edba em aprimorar protocolos operacionais e fortalecer a cultura de uso proporcional e t\u00e9cnico da for\u00e7a. Esse alinhamento \u00e9 fundamental para a qualifica\u00e7\u00e3o da atividade policial e para o fortalecimento da confian\u00e7a da sociedade.\u201d.<\/p>\n\n\n\n<p>A visita t\u00e9cnica integra o conjunto de a\u00e7\u00f5es de acompanhamento promovidas pela Secretaria Nacional de Seguran\u00e7a P\u00fablica junto \u00e0s unidades federativas, com o objetivo de fortalecer a governan\u00e7a, a padroniza\u00e7\u00e3o de procedimentos e a efetividade das pol\u00edticas p\u00fablicas de seguran\u00e7a em todo o pa\u00eds.<\/p>\n","protected":false},"excerpt":{"rendered":"<p>Na \u00faltima sexta-feira (13), a Pol\u00edcia Militar da Para\u00edba (PMPB) recebeu, no Quartel do Comando-Geral, uma comitiva da Secretaria Nacional<\/p>\n","protected":false},"author":5,"featured_media":930408,"comment_status":"closed","ping_status":"closed","sticky":false,"template":"","format":"standard","meta":{"_exactmetrics_skip_tracking":false,"_exactmetrics_sitenote_active":false,"_exactmetrics_sitenote_note":"","_exactmetrics_sitenote_category":0,"footnotes":""},"categories":[19,7,29,13],"tags":[],"yoast_head":"<!-- This site is optimized with the Yoast SEO plugin v22.0 - https:\/\/yoast.com\/wordpress\/plugins\/seo\/ -->\n<title>Comitiva da SENASP realiza visita t\u00e9cnica \u00e0 PMPB para acompanhamento do Projeto Nacional de C\u00e2meras Corporais e Uso Diferenciado da For\u00e7a - Pol\u00edcia Militar da Para\u00edba<\/title>\n<meta name=\"robots\" content=\"index, follow, max-snippet:-1, max-image-preview:large, max-video-preview:-1\" \/>\n<link rel=\"canonical\" href=\"https:\/\/www.pm.pb.gov.br\/portal\/2026\/03\/16\/comitiva-da-senasp-realiza-visita-tecnica-a-pmpb-para-acompanhamento-do-projeto-nacional-de-cameras-corporais-e-uso-diferenciado-da-forca\/\" \/>\n<meta property=\"og:locale\" content=\"pt_BR\" \/>\n<meta property=\"og:type\" content=\"article\" \/>\n<meta property=\"og:title\" content=\"Comitiva da SENASP realiza visita t\u00e9cnica \u00e0 PMPB para acompanhamento do Projeto Nacional de C\u00e2meras Corporais e Uso Diferenciado da For\u00e7a - Pol\u00edcia Militar da Para\u00edba\" \/>\n<meta property=\"og:description\" content=\"Na \u00faltima sexta-feira (13), a Pol\u00edcia Militar da Para\u00edba (PMPB) recebeu, no Quartel do Comando-Geral, uma comitiva da Secretaria Nacional\" \/>\n<meta property=\"og:url\" content=\"https:\/\/www.pm.pb.gov.br\/portal\/2026\/03\/16\/comitiva-da-senasp-realiza-visita-tecnica-a-pmpb-para-acompanhamento-do-projeto-nacional-de-cameras-corporais-e-uso-diferenciado-da-forca\/\" \/>\n<meta property=\"og:site_name\" content=\"Pol\u00edcia Militar da Para\u00edba\" \/>\n<meta property=\"article:published_time\" content=\"2026-03-16T18:38:47+00:00\" \/>\n<meta property=\"article:modified_time\" content=\"2026-03-16T18:38:49+00:00\" \/>\n<meta property=\"og:image\" content=\"http:\/\/www.pm.pb.gov.br\/portal\/wp-content\/uploads\/2026\/03\/WhatsApp-Image-2026-03-16-at-14.12.50.jpeg\" \/>\n\t<meta property=\"og:image:width\" content=\"1200\" \/>\n\t<meta property=\"og:image:height\" content=\"668\" \/>\n\t<meta property=\"og:image:type\" content=\"image\/jpeg\" \/>\n<meta name=\"author\" content=\"Assessoria de Imprensa da PMPB\" \/>\n<meta name=\"twitter:card\" content=\"summary_large_image\" \/>\n<meta name=\"twitter:label1\" content=\"Escrito por\" \/>\n\t<meta name=\"twitter:data1\" content=\"Assessoria de Imprensa da PMPB\" \/>\n\t<meta name=\"twitter:label2\" content=\"Est. tempo de leitura\" \/>\n\t<meta name=\"twitter:data2\" content=\"3 minutos\" \/>\n<script type=\"application\/ld+json\" class=\"yoast-schema-graph\">{\"@context\":\"https:\/\/schema.org\",\"@graph\":[{\"@type\":\"Article\",\"@id\":\"https:\/\/www.pm.pb.gov.br\/portal\/2026\/03\/16\/comitiva-da-senasp-realiza-visita-tecnica-a-pmpb-para-acompanhamento-do-projeto-nacional-de-cameras-corporais-e-uso-diferenciado-da-forca\/#article\",\"isPartOf\":{\"@id\":\"https:\/\/www.pm.pb.gov.br\/portal\/2026\/03\/16\/comitiva-da-senasp-realiza-visita-tecnica-a-pmpb-para-acompanhamento-do-projeto-nacional-de-cameras-corporais-e-uso-diferenciado-da-forca\/\"},\"author\":{\"name\":\"Assessoria de Imprensa da PMPB\",\"@id\":\"https:\/\/www.pm.pb.gov.br\/portal\/#\/schema\/person\/e8454f46651c3ecf0e1ba3c1666d9947\"},\"headline\":\"Comitiva da SENASP realiza visita t\u00e9cnica \u00e0 PMPB para acompanhamento do Projeto Nacional de C\u00e2meras Corporais e Uso Diferenciado da For\u00e7a\",\"datePublished\":\"2026-03-16T18:38:47+00:00\",\"dateModified\":\"2026-03-16T18:38:49+00:00\",\"mainEntityOfPage\":{\"@id\":\"https:\/\/www.pm.pb.gov.br\/portal\/2026\/03\/16\/comitiva-da-senasp-realiza-visita-tecnica-a-pmpb-para-acompanhamento-do-projeto-nacional-de-cameras-corporais-e-uso-diferenciado-da-forca\/\"},\"wordCount\":447,\"publisher\":{\"@id\":\"https:\/\/www.pm.pb.gov.br\/portal\/#organization\"},\"articleSection\":[\"Aconteceu\",\"Desenvolvimento e Tecnologia\",\"Gest\u00e3o e planejamento\",\"Visitas Especiais\"],\"inLanguage\":\"pt-BR\"},{\"@type\":\"WebPage\",\"@id\":\"https:\/\/www.pm.pb.gov.br\/portal\/2026\/03\/16\/comitiva-da-senasp-realiza-visita-tecnica-a-pmpb-para-acompanhamento-do-projeto-nacional-de-cameras-corporais-e-uso-diferenciado-da-forca\/\",\"url\":\"https:\/\/www.pm.pb.gov.br\/portal\/2026\/03\/16\/comitiva-da-senasp-realiza-visita-tecnica-a-pmpb-para-acompanhamento-do-projeto-nacional-de-cameras-corporais-e-uso-diferenciado-da-forca\/\",\"name\":\"Comitiva da SENASP realiza visita t\u00e9cnica \u00e0 PMPB para acompanhamento do Projeto Nacional de C\u00e2meras Corporais e Uso Diferenciado da For\u00e7a - Pol\u00edcia Militar da Para\u00edba\",\"isPartOf\":{\"@id\":\"https:\/\/www.pm.pb.gov.br\/portal\/#website\"},\"datePublished\":\"2026-03-16T18:38:47+00:00\",\"dateModified\":\"2026-03-16T18:38:49+00:00\",\"breadcrumb\":{\"@id\":\"https:\/\/www.pm.pb.gov.br\/portal\/2026\/03\/16\/comitiva-da-senasp-realiza-visita-tecnica-a-pmpb-para-acompanhamento-do-projeto-nacional-de-cameras-corporais-e-uso-diferenciado-da-forca\/#breadcrumb\"},\"inLanguage\":\"pt-BR\",\"potentialAction\":[{\"@type\":\"ReadAction\",\"target\":[\"https:\/\/www.pm.pb.gov.br\/portal\/2026\/03\/16\/comitiva-da-senasp-realiza-visita-tecnica-a-pmpb-para-acompanhamento-do-projeto-nacional-de-cameras-corporais-e-uso-diferenciado-da-forca\/\"]}]},{\"@type\":\"BreadcrumbList\",\"@id\":\"https:\/\/www.pm.pb.gov.br\/portal\/2026\/03\/16\/comitiva-da-senasp-realiza-visita-tecnica-a-pmpb-para-acompanhamento-do-projeto-nacional-de-cameras-corporais-e-uso-diferenciado-da-forca\/#breadcrumb\",\"itemListElement\":[{\"@type\":\"ListItem\",\"position\":1,\"name\":\"In\u00edcio\",\"item\":\"https:\/\/www.pm.pb.gov.br\/portal\/\"},{\"@type\":\"ListItem\",\"position\":2,\"name\":\"Comitiva da SENASP realiza visita t\u00e9cnica \u00e0 PMPB para acompanhamento do Projeto Nacional de C\u00e2meras Corporais e Uso Diferenciado da For\u00e7a\"}]},{\"@type\":\"WebSite\",\"@id\":\"https:\/\/www.pm.pb.gov.br\/portal\/#website\",\"url\":\"https:\/\/www.pm.pb.gov.br\/portal\/\",\"name\":\"Pol\u00edcia Militar da Para\u00edba\",\"description\":\"\",\"publisher\":{\"@id\":\"https:\/\/www.pm.pb.gov.br\/portal\/#organization\"},\"potentialAction\":[{\"@type\":\"SearchAction\",\"target\":{\"@type\":\"EntryPoint\",\"urlTemplate\":\"https:\/\/www.pm.pb.gov.br\/portal\/?s={search_term_string}\"},\"query-input\":\"required name=search_term_string\"}],\"inLanguage\":\"pt-BR\"},{\"@type\":\"Organization\",\"@id\":\"https:\/\/www.pm.pb.gov.br\/portal\/#organization\",\"name\":\"Pol\u00edcia Militar da Para\u00edba\",\"url\":\"https:\/\/www.pm.pb.gov.br\/portal\/\",\"logo\":{\"@type\":\"ImageObject\",\"inLanguage\":\"pt-BR\",\"@id\":\"https:\/\/www.pm.pb.gov.br\/portal\/#\/schema\/logo\/image\/\",\"url\":\"https:\/\/www.pm.pb.gov.br\/portal\/wp-content\/uploads\/2025\/03\/cropped-logo-site-mag2-1.png\",\"contentUrl\":\"https:\/\/www.pm.pb.gov.br\/portal\/wp-content\/uploads\/2025\/03\/cropped-logo-site-mag2-1.png\",\"width\":320,\"height\":90,\"caption\":\"Pol\u00edcia Militar da Para\u00edba\"},\"image\":{\"@id\":\"https:\/\/www.pm.pb.gov.br\/portal\/#\/schema\/logo\/image\/\"}},{\"@type\":\"Person\",\"@id\":\"https:\/\/www.pm.pb.gov.br\/portal\/#\/schema\/person\/e8454f46651c3ecf0e1ba3c1666d9947\",\"name\":\"Assessoria de Imprensa da PMPB\",\"image\":{\"@type\":\"ImageObject\",\"inLanguage\":\"pt-BR\",\"@id\":\"https:\/\/www.pm.pb.gov.br\/portal\/#\/schema\/person\/image\/\",\"url\":\"https:\/\/secure.gravatar.com\/avatar\/2efe197438265d1e90bd98c4c8e1acf8?s=96&d=mm&r=g\",\"contentUrl\":\"https:\/\/secure.gravatar.com\/avatar\/2efe197438265d1e90bd98c4c8e1acf8?s=96&d=mm&r=g\",\"caption\":\"Assessoria de Imprensa da PMPB\"},\"url\":\"https:\/\/www.pm.pb.gov.br\/portal\/author\/assessoria\/\"}]}<\/script>\n<!-- \/ Yoast SEO plugin. -->","yoast_head_json":{"title":"Comitiva da SENASP realiza visita t\u00e9cnica \u00e0 PMPB para acompanhamento do Projeto Nacional de C\u00e2meras Corporais e Uso Diferenciado da For\u00e7a - Pol\u00edcia Militar da Para\u00edba","robots":{"index":"index","follow":"follow","max-snippet":"max-snippet:-1","max-image-preview":"max-image-preview:large","max-video-preview":"max-video-preview:-1"},"canonical":"https:\/\/www.pm.pb.gov.br\/portal\/2026\/03\/16\/comitiva-da-senasp-realiza-visita-tecnica-a-pmpb-para-acompanhamento-do-projeto-nacional-de-cameras-corporais-e-uso-diferenciado-da-forca\/","og_locale":"pt_BR","og_type":"article","og_title":"Comitiva da SENASP realiza visita t\u00e9cnica \u00e0 PMPB para acompanhamento do Projeto Nacional de C\u00e2meras Corporais e Uso Diferenciado da For\u00e7a - Pol\u00edcia Militar da Para\u00edba","og_description":"Na \u00faltima sexta-feira (13), a Pol\u00edcia Militar da Para\u00edba (PMPB) recebeu, no Quartel do Comando-Geral, uma comitiva da Secretaria Nacional","og_url":"https:\/\/www.pm.pb.gov.br\/portal\/2026\/03\/16\/comitiva-da-senasp-realiza-visita-tecnica-a-pmpb-para-acompanhamento-do-projeto-nacional-de-cameras-corporais-e-uso-diferenciado-da-forca\/","og_site_name":"Pol\u00edcia Militar da Para\u00edba","article_published_time":"2026-03-16T18:38:47+00:00","article_modified_time":"2026-03-16T18:38:49+00:00","og_image":[{"width":1200,"height":668,"url":"http:\/\/www.pm.pb.gov.br\/portal\/wp-content\/uploads\/2026\/03\/WhatsApp-Image-2026-03-16-at-14.12.50.jpeg","type":"image\/jpeg"}],"author":"Assessoria de Imprensa da PMPB","twitter_card":"summary_large_image","twitter_misc":{"Escrito por":"Assessoria de Imprensa da PMPB","Est. tempo de leitura":"3 minutos"},"schema":{"@context":"https:\/\/schema.org","@graph":[{"@type":"Article","@id":"https:\/\/www.pm.pb.gov.br\/portal\/2026\/03\/16\/comitiva-da-senasp-realiza-visita-tecnica-a-pmpb-para-acompanhamento-do-projeto-nacional-de-cameras-corporais-e-uso-diferenciado-da-forca\/#article","isPartOf":{"@id":"https:\/\/www.pm.pb.gov.br\/portal\/2026\/03\/16\/comitiva-da-senasp-realiza-visita-tecnica-a-pmpb-para-acompanhamento-do-projeto-nacional-de-cameras-corporais-e-uso-diferenciado-da-forca\/"},"author":{"name":"Assessoria de Imprensa da PMPB","@id":"https:\/\/www.pm.pb.gov.br\/portal\/#\/schema\/person\/e8454f46651c3ecf0e1ba3c1666d9947"},"headline":"Comitiva da SENASP realiza visita t\u00e9cnica \u00e0 PMPB para acompanhamento do Projeto Nacional de C\u00e2meras Corporais e Uso Diferenciado da For\u00e7a","datePublished":"2026-03-16T18:38:47+00:00","dateModified":"2026-03-16T18:38:49+00:00","mainEntityOfPage":{"@id":"https:\/\/www.pm.pb.gov.br\/portal\/2026\/03\/16\/comitiva-da-senasp-realiza-visita-tecnica-a-pmpb-para-acompanhamento-do-projeto-nacional-de-cameras-corporais-e-uso-diferenciado-da-forca\/"},"wordCount":447,"publisher":{"@id":"https:\/\/www.pm.pb.gov.br\/portal\/#organization"},"articleSection":["Aconteceu","Desenvolvimento e Tecnologia","Gest\u00e3o e planejamento","Visitas Especiais"],"inLanguage":"pt-BR"},{"@type":"WebPage","@id":"https:\/\/www.pm.pb.gov.br\/portal\/2026\/03\/16\/comitiva-da-senasp-realiza-visita-tecnica-a-pmpb-para-acompanhamento-do-projeto-nacional-de-cameras-corporais-e-uso-diferenciado-da-forca\/","url":"https:\/\/www.pm.pb.gov.br\/portal\/2026\/03\/16\/comitiva-da-senasp-realiza-visita-tecnica-a-pmpb-para-acompanhamento-do-projeto-nacional-de-cameras-corporais-e-uso-diferenciado-da-forca\/","name":"Comitiva da SENASP realiza visita t\u00e9cnica \u00e0 PMPB para acompanhamento do Projeto Nacional de C\u00e2meras Corporais e Uso Diferenciado da For\u00e7a - Pol\u00edcia Militar da Para\u00edba","isPartOf":{"@id":"https:\/\/www.pm.pb.gov.br\/portal\/#website"},"datePublished":"2026-03-16T18:38:47+00:00","dateModified":"2026-03-16T18:38:49+00:00","breadcrumb":{"@id":"https:\/\/www.pm.pb.gov.br\/portal\/2026\/03\/16\/comitiva-da-senasp-realiza-visita-tecnica-a-pmpb-para-acompanhamento-do-projeto-nacional-de-cameras-corporais-e-uso-diferenciado-da-forca\/#breadcrumb"},"inLanguage":"pt-BR","potentialAction":[{"@type":"ReadAction","target":["https:\/\/www.pm.pb.gov.br\/portal\/2026\/03\/16\/comitiva-da-senasp-realiza-visita-tecnica-a-pmpb-para-acompanhamento-do-projeto-nacional-de-cameras-corporais-e-uso-diferenciado-da-forca\/"]}]},{"@type":"BreadcrumbList","@id":"https:\/\/www.pm.pb.gov.br\/portal\/2026\/03\/16\/comitiva-da-senasp-realiza-visita-tecnica-a-pmpb-para-acompanhamento-do-projeto-nacional-de-cameras-corporais-e-uso-diferenciado-da-forca\/#breadcrumb","itemListElement":[{"@type":"ListItem","position":1,"name":"In\u00edcio","item":"https:\/\/www.pm.pb.gov.br\/portal\/"},{"@type":"ListItem","position":2,"name":"Comitiva da SENASP realiza visita t\u00e9cnica \u00e0 PMPB para acompanhamento do Projeto Nacional de C\u00e2meras Corporais e Uso Diferenciado da For\u00e7a"}]},{"@type":"WebSite","@id":"https:\/\/www.pm.pb.gov.br\/portal\/#website","url":"https:\/\/www.pm.pb.gov.br\/portal\/","name":"Pol\u00edcia Militar da Para\u00edba","description":"","publisher":{"@id":"https:\/\/www.pm.pb.gov.br\/portal\/#organization"},"potentialAction":[{"@type":"SearchAction","target":{"@type":"EntryPoint","urlTemplate":"https:\/\/www.pm.pb.gov.br\/portal\/?s={search_term_string}"},"query-input":"required name=search_term_string"}],"inLanguage":"pt-BR"},{"@type":"Organization","@id":"https:\/\/www.pm.pb.gov.br\/portal\/#organization","name":"Pol\u00edcia Militar da Para\u00edba","url":"https:\/\/www.pm.pb.gov.br\/portal\/","logo":{"@type":"ImageObject","inLanguage":"pt-BR","@id":"https:\/\/www.pm.pb.gov.br\/portal\/#\/schema\/logo\/image\/","url":"https:\/\/www.pm.pb.gov.br\/portal\/wp-content\/uploads\/2025\/03\/cropped-logo-site-mag2-1.png","contentUrl":"https:\/\/www.pm.pb.gov.br\/portal\/wp-content\/uploads\/2025\/03\/cropped-logo-site-mag2-1.png","width":320,"height":90,"caption":"Pol\u00edcia Militar da Para\u00edba"},"image":{"@id":"https:\/\/www.pm.pb.gov.br\/portal\/#\/schema\/logo\/image\/"}},{"@type":"Person","@id":"https:\/\/www.pm.pb.gov.br\/portal\/#\/schema\/person\/e8454f46651c3ecf0e1ba3c1666d9947","name":"Assessoria de Imprensa da PMPB","image":{"@type":"ImageObject","inLanguage":"pt-BR","@id":"https:\/\/www.pm.pb.gov.br\/portal\/#\/schema\/person\/image\/","url":"https:\/\/secure.gravatar.com\/avatar\/2efe197438265d1e90bd98c4c8e1acf8?s=96&d=mm&r=g","contentUrl":"https:\/\/secure.gravatar.com\/avatar\/2efe197438265d1e90bd98c4c8e1acf8?s=96&d=mm&r=g","caption":"Assessoria de Imprensa da PMPB"},"url":"https:\/\/www.pm.pb.gov.br\/portal\/author\/assessoria\/"}]}},"_links":{"self":[{"href":"https:\/\/www.pm.pb.gov.br\/portal\/wp-json\/wp\/v2\/posts\/930407"}],"collection":[{"href":"https:\/\/www.pm.pb.gov.br\/portal\/wp-json\/wp\/v2\/posts"}],"about":[{"href":"https:\/\/www.pm.pb.gov.br\/portal\/wp-json\/wp\/v2\/types\/post"}],"author":[{"embeddable":true,"href":"https:\/\/www.pm.pb.gov.br\/portal\/wp-json\/wp\/v2\/users\/5"}],"replies":[{"embeddable":true,"href":"https:\/\/www.pm.pb.gov.br\/portal\/wp-json\/wp\/v2\/comments?post=930407"}],"version-history":[{"count":1,"href":"https:\/\/www.pm.pb.gov.br\/portal\/wp-json\/wp\/v2\/posts\/930407\/revisions"}],"predecessor-version":[{"id":930409,"href":"https:\/\/www.pm.pb.gov.br\/portal\/wp-json\/wp\/v2\/posts\/930407\/revisions\/930409"}],"wp:featuredmedia":[{"embeddable":true,"href":"https:\/\/www.pm.pb.gov.br\/portal\/wp-json\/wp\/v2\/media\/930408"}],"wp:attachment":[{"href":"https:\/\/www.pm.pb.gov.br\/portal\/wp-json\/wp\/v2\/media?parent=930407"}],"wp:term":[{"taxonomy":"category","embeddable":true,"href":"https:\/\/www.pm.pb.gov.br\/portal\/wp-json\/wp\/v2\/categories?post=930407"},{"taxonomy":"post_tag","embeddable":true,"href":"https:\/\/www.pm.pb.gov.br\/portal\/wp-json\/wp\/v2\/tags?post=930407"}],"curies":[{"name":"wp","href":"https:\/\/api.w.org\/{rel}","templated":true}]}}