{"id":930389,"date":"2026-03-16T09:29:08","date_gmt":"2026-03-16T12:29:08","guid":{"rendered":"https:\/\/www.pm.pb.gov.br\/portal\/?p=930389"},"modified":"2026-03-16T09:29:11","modified_gmt":"2026-03-16T12:29:11","slug":"policia-militar-prende-suspeito-por-trafico-de-drogas-em-brejo-do-cruz","status":"publish","type":"post","link":"https:\/\/www.pm.pb.gov.br\/portal\/2026\/03\/16\/policia-militar-prende-suspeito-por-trafico-de-drogas-em-brejo-do-cruz\/","title":{"rendered":"Pol\u00edcia Militar prende suspeito por tr\u00e1fico de drogas em Brejo do Cruz"},"content":{"rendered":"\n<p>Na noite deste domingo (15), policiais militares do 12\u00ba BPM realizaram a apreens\u00e3o de drogas, arma de fogo e prenderam dois suspeitos por tr\u00e1fico de entorpecentes no munic\u00edpio de Brejo do Cruz, no sert\u00e3o da Para\u00edba.<\/p>\n\n\n\n<p>A a\u00e7\u00e3o aconteceu ap\u00f3s informa\u00e7\u00f5es de que indiv\u00edduos estariam praticando tr\u00e1fico de drogas em um im\u00f3vel localizado na regi\u00e3o central da cidade. Diante da den\u00fancia, equipes da For\u00e7a T\u00e1tica realizaram dilig\u00eancias no local.<\/p>\n\n\n\n<p>Durante o policiamento, um dos suspeitos tentou fugir ao perceber a aproxima\u00e7\u00e3o das equipes policiais, mas foi interceptado e capturado no interior de um im\u00f3vel. No local tamb\u00e9m foi encontrado outro indiv\u00edduo que estava traficando no local.<\/p>\n\n\n\n<p>Durante as buscas, os militares apreenderam um rev\u00f3lver, calibre .38, com muni\u00e7\u00f5es intactas, al\u00e9m de diversas por\u00e7\u00f5es de maconha e coca\u00edna, dinheiro, balan\u00e7a de precis\u00e3o e outros materiais utilizados no fracionamento e comercializa\u00e7\u00e3o de entorpecentes.<\/p>\n\n\n\n<p>Diante dos fatos, os suspeitos e todo o material apreendido foram conduzidos \u00e0 Delegacia de Pol\u00edcia para os demais procedimentos policiais.<\/p>\n","protected":false},"excerpt":{"rendered":"<p>Na noite deste domingo (15), policiais militares do 12\u00ba BPM realizaram a apreens\u00e3o de drogas, arma de fogo e prenderam<\/p>\n","protected":false},"author":5,"featured_media":930390,"comment_status":"closed","ping_status":"closed","sticky":false,"template":"","format":"standard","meta":{"_exactmetrics_skip_tracking":false,"_exactmetrics_sitenote_active":false,"_exactmetrics_sitenote_note":"","_exactmetrics_sitenote_category":0,"footnotes":""},"categories":[4],"tags":[],"yoast_head":"<!-- This site is optimized with the Yoast SEO plugin v22.0 - https:\/\/yoast.com\/wordpress\/plugins\/seo\/ -->\n<title>Pol\u00edcia Militar prende suspeito por tr\u00e1fico de drogas em Brejo do Cruz - Pol\u00edcia Militar da Para\u00edba<\/title>\n<meta name=\"robots\" content=\"index, follow, max-snippet:-1, max-image-preview:large, max-video-preview:-1\" \/>\n<link rel=\"canonical\" href=\"https:\/\/www.pm.pb.gov.br\/portal\/2026\/03\/16\/policia-militar-prende-suspeito-por-trafico-de-drogas-em-brejo-do-cruz\/\" \/>\n<meta property=\"og:locale\" content=\"pt_BR\" \/>\n<meta property=\"og:type\" content=\"article\" \/>\n<meta property=\"og:title\" content=\"Pol\u00edcia Militar prende suspeito por tr\u00e1fico de drogas em Brejo do Cruz - Pol\u00edcia Militar da Para\u00edba\" \/>\n<meta property=\"og:description\" content=\"Na noite deste domingo (15), policiais militares do 12\u00ba BPM realizaram a apreens\u00e3o de drogas, arma de fogo e prenderam\" \/>\n<meta property=\"og:url\" content=\"https:\/\/www.pm.pb.gov.br\/portal\/2026\/03\/16\/policia-militar-prende-suspeito-por-trafico-de-drogas-em-brejo-do-cruz\/\" \/>\n<meta property=\"og:site_name\" content=\"Pol\u00edcia Militar da Para\u00edba\" \/>\n<meta property=\"article:published_time\" content=\"2026-03-16T12:29:08+00:00\" \/>\n<meta property=\"article:modified_time\" content=\"2026-03-16T12:29:11+00:00\" \/>\n<meta property=\"og:image\" content=\"http:\/\/www.pm.pb.gov.br\/portal\/wp-content\/uploads\/2026\/03\/WhatsApp-Image-2026-03-15-at-23.31.36.jpeg\" \/>\n\t<meta property=\"og:image:width\" content=\"1239\" \/>\n\t<meta property=\"og:image:height\" content=\"689\" \/>\n\t<meta property=\"og:image:type\" content=\"image\/jpeg\" \/>\n<meta name=\"author\" content=\"Assessoria de Imprensa da PMPB\" \/>\n<meta name=\"twitter:card\" content=\"summary_large_image\" \/>\n<meta name=\"twitter:label1\" content=\"Escrito por\" \/>\n\t<meta name=\"twitter:data1\" content=\"Assessoria de Imprensa da PMPB\" \/>\n\t<meta name=\"twitter:label2\" content=\"Est. tempo de leitura\" \/>\n\t<meta name=\"twitter:data2\" content=\"2 minutos\" \/>\n<script type=\"application\/ld+json\" class=\"yoast-schema-graph\">{\"@context\":\"https:\/\/schema.org\",\"@graph\":[{\"@type\":\"Article\",\"@id\":\"https:\/\/www.pm.pb.gov.br\/portal\/2026\/03\/16\/policia-militar-prende-suspeito-por-trafico-de-drogas-em-brejo-do-cruz\/#article\",\"isPartOf\":{\"@id\":\"https:\/\/www.pm.pb.gov.br\/portal\/2026\/03\/16\/policia-militar-prende-suspeito-por-trafico-de-drogas-em-brejo-do-cruz\/\"},\"author\":{\"name\":\"Assessoria de Imprensa da PMPB\",\"@id\":\"https:\/\/www.pm.pb.gov.br\/portal\/#\/schema\/person\/e8454f46651c3ecf0e1ba3c1666d9947\"},\"headline\":\"Pol\u00edcia Militar prende suspeito por tr\u00e1fico de drogas em Brejo do Cruz\",\"datePublished\":\"2026-03-16T12:29:08+00:00\",\"dateModified\":\"2026-03-16T12:29:11+00:00\",\"mainEntityOfPage\":{\"@id\":\"https:\/\/www.pm.pb.gov.br\/portal\/2026\/03\/16\/policia-militar-prende-suspeito-por-trafico-de-drogas-em-brejo-do-cruz\/\"},\"wordCount\":201,\"publisher\":{\"@id\":\"https:\/\/www.pm.pb.gov.br\/portal\/#organization\"},\"articleSection\":[\"A\u00e7\u00f5es Policiais\"],\"inLanguage\":\"pt-BR\"},{\"@type\":\"WebPage\",\"@id\":\"https:\/\/www.pm.pb.gov.br\/portal\/2026\/03\/16\/policia-militar-prende-suspeito-por-trafico-de-drogas-em-brejo-do-cruz\/\",\"url\":\"https:\/\/www.pm.pb.gov.br\/portal\/2026\/03\/16\/policia-militar-prende-suspeito-por-trafico-de-drogas-em-brejo-do-cruz\/\",\"name\":\"Pol\u00edcia Militar prende suspeito por tr\u00e1fico de drogas em Brejo do Cruz - Pol\u00edcia Militar da Para\u00edba\",\"isPartOf\":{\"@id\":\"https:\/\/www.pm.pb.gov.br\/portal\/#website\"},\"datePublished\":\"2026-03-16T12:29:08+00:00\",\"dateModified\":\"2026-03-16T12:29:11+00:00\",\"breadcrumb\":{\"@id\":\"https:\/\/www.pm.pb.gov.br\/portal\/2026\/03\/16\/policia-militar-prende-suspeito-por-trafico-de-drogas-em-brejo-do-cruz\/#breadcrumb\"},\"inLanguage\":\"pt-BR\",\"potentialAction\":[{\"@type\":\"ReadAction\",\"target\":[\"https:\/\/www.pm.pb.gov.br\/portal\/2026\/03\/16\/policia-militar-prende-suspeito-por-trafico-de-drogas-em-brejo-do-cruz\/\"]}]},{\"@type\":\"BreadcrumbList\",\"@id\":\"https:\/\/www.pm.pb.gov.br\/portal\/2026\/03\/16\/policia-militar-prende-suspeito-por-trafico-de-drogas-em-brejo-do-cruz\/#breadcrumb\",\"itemListElement\":[{\"@type\":\"ListItem\",\"position\":1,\"name\":\"In\u00edcio\",\"item\":\"https:\/\/www.pm.pb.gov.br\/portal\/\"},{\"@type\":\"ListItem\",\"position\":2,\"name\":\"Pol\u00edcia Militar prende suspeito por tr\u00e1fico de drogas em Brejo do Cruz\"}]},{\"@type\":\"WebSite\",\"@id\":\"https:\/\/www.pm.pb.gov.br\/portal\/#website\",\"url\":\"https:\/\/www.pm.pb.gov.br\/portal\/\",\"name\":\"Pol\u00edcia Militar da Para\u00edba\",\"description\":\"\",\"publisher\":{\"@id\":\"https:\/\/www.pm.pb.gov.br\/portal\/#organization\"},\"potentialAction\":[{\"@type\":\"SearchAction\",\"target\":{\"@type\":\"EntryPoint\",\"urlTemplate\":\"https:\/\/www.pm.pb.gov.br\/portal\/?s={search_term_string}\"},\"query-input\":\"required name=search_term_string\"}],\"inLanguage\":\"pt-BR\"},{\"@type\":\"Organization\",\"@id\":\"https:\/\/www.pm.pb.gov.br\/portal\/#organization\",\"name\":\"Pol\u00edcia Militar da Para\u00edba\",\"url\":\"https:\/\/www.pm.pb.gov.br\/portal\/\",\"logo\":{\"@type\":\"ImageObject\",\"inLanguage\":\"pt-BR\",\"@id\":\"https:\/\/www.pm.pb.gov.br\/portal\/#\/schema\/logo\/image\/\",\"url\":\"https:\/\/www.pm.pb.gov.br\/portal\/wp-content\/uploads\/2025\/03\/cropped-logo-site-mag2-1.png\",\"contentUrl\":\"https:\/\/www.pm.pb.gov.br\/portal\/wp-content\/uploads\/2025\/03\/cropped-logo-site-mag2-1.png\",\"width\":320,\"height\":90,\"caption\":\"Pol\u00edcia Militar da Para\u00edba\"},\"image\":{\"@id\":\"https:\/\/www.pm.pb.gov.br\/portal\/#\/schema\/logo\/image\/\"}},{\"@type\":\"Person\",\"@id\":\"https:\/\/www.pm.pb.gov.br\/portal\/#\/schema\/person\/e8454f46651c3ecf0e1ba3c1666d9947\",\"name\":\"Assessoria de Imprensa da PMPB\",\"image\":{\"@type\":\"ImageObject\",\"inLanguage\":\"pt-BR\",\"@id\":\"https:\/\/www.pm.pb.gov.br\/portal\/#\/schema\/person\/image\/\",\"url\":\"https:\/\/secure.gravatar.com\/avatar\/2efe197438265d1e90bd98c4c8e1acf8?s=96&d=mm&r=g\",\"contentUrl\":\"https:\/\/secure.gravatar.com\/avatar\/2efe197438265d1e90bd98c4c8e1acf8?s=96&d=mm&r=g\",\"caption\":\"Assessoria de Imprensa da PMPB\"},\"url\":\"https:\/\/www.pm.pb.gov.br\/portal\/author\/assessoria\/\"}]}<\/script>\n<!-- \/ Yoast SEO plugin. -->","yoast_head_json":{"title":"Pol\u00edcia Militar prende suspeito por tr\u00e1fico de drogas em Brejo do Cruz - Pol\u00edcia Militar da Para\u00edba","robots":{"index":"index","follow":"follow","max-snippet":"max-snippet:-1","max-image-preview":"max-image-preview:large","max-video-preview":"max-video-preview:-1"},"canonical":"https:\/\/www.pm.pb.gov.br\/portal\/2026\/03\/16\/policia-militar-prende-suspeito-por-trafico-de-drogas-em-brejo-do-cruz\/","og_locale":"pt_BR","og_type":"article","og_title":"Pol\u00edcia Militar prende suspeito por tr\u00e1fico de drogas em Brejo do Cruz - Pol\u00edcia Militar da Para\u00edba","og_description":"Na noite deste domingo (15), policiais militares do 12\u00ba BPM realizaram a apreens\u00e3o de drogas, arma de fogo e prenderam","og_url":"https:\/\/www.pm.pb.gov.br\/portal\/2026\/03\/16\/policia-militar-prende-suspeito-por-trafico-de-drogas-em-brejo-do-cruz\/","og_site_name":"Pol\u00edcia Militar da Para\u00edba","article_published_time":"2026-03-16T12:29:08+00:00","article_modified_time":"2026-03-16T12:29:11+00:00","og_image":[{"width":1239,"height":689,"url":"http:\/\/www.pm.pb.gov.br\/portal\/wp-content\/uploads\/2026\/03\/WhatsApp-Image-2026-03-15-at-23.31.36.jpeg","type":"image\/jpeg"}],"author":"Assessoria de Imprensa da PMPB","twitter_card":"summary_large_image","twitter_misc":{"Escrito por":"Assessoria de Imprensa da PMPB","Est. tempo de leitura":"2 minutos"},"schema":{"@context":"https:\/\/schema.org","@graph":[{"@type":"Article","@id":"https:\/\/www.pm.pb.gov.br\/portal\/2026\/03\/16\/policia-militar-prende-suspeito-por-trafico-de-drogas-em-brejo-do-cruz\/#article","isPartOf":{"@id":"https:\/\/www.pm.pb.gov.br\/portal\/2026\/03\/16\/policia-militar-prende-suspeito-por-trafico-de-drogas-em-brejo-do-cruz\/"},"author":{"name":"Assessoria de Imprensa da PMPB","@id":"https:\/\/www.pm.pb.gov.br\/portal\/#\/schema\/person\/e8454f46651c3ecf0e1ba3c1666d9947"},"headline":"Pol\u00edcia Militar prende suspeito por tr\u00e1fico de drogas em Brejo do Cruz","datePublished":"2026-03-16T12:29:08+00:00","dateModified":"2026-03-16T12:29:11+00:00","mainEntityOfPage":{"@id":"https:\/\/www.pm.pb.gov.br\/portal\/2026\/03\/16\/policia-militar-prende-suspeito-por-trafico-de-drogas-em-brejo-do-cruz\/"},"wordCount":201,"publisher":{"@id":"https:\/\/www.pm.pb.gov.br\/portal\/#organization"},"articleSection":["A\u00e7\u00f5es Policiais"],"inLanguage":"pt-BR"},{"@type":"WebPage","@id":"https:\/\/www.pm.pb.gov.br\/portal\/2026\/03\/16\/policia-militar-prende-suspeito-por-trafico-de-drogas-em-brejo-do-cruz\/","url":"https:\/\/www.pm.pb.gov.br\/portal\/2026\/03\/16\/policia-militar-prende-suspeito-por-trafico-de-drogas-em-brejo-do-cruz\/","name":"Pol\u00edcia Militar prende suspeito por tr\u00e1fico de drogas em Brejo do Cruz - Pol\u00edcia Militar da Para\u00edba","isPartOf":{"@id":"https:\/\/www.pm.pb.gov.br\/portal\/#website"},"datePublished":"2026-03-16T12:29:08+00:00","dateModified":"2026-03-16T12:29:11+00:00","breadcrumb":{"@id":"https:\/\/www.pm.pb.gov.br\/portal\/2026\/03\/16\/policia-militar-prende-suspeito-por-trafico-de-drogas-em-brejo-do-cruz\/#breadcrumb"},"inLanguage":"pt-BR","potentialAction":[{"@type":"ReadAction","target":["https:\/\/www.pm.pb.gov.br\/portal\/2026\/03\/16\/policia-militar-prende-suspeito-por-trafico-de-drogas-em-brejo-do-cruz\/"]}]},{"@type":"BreadcrumbList","@id":"https:\/\/www.pm.pb.gov.br\/portal\/2026\/03\/16\/policia-militar-prende-suspeito-por-trafico-de-drogas-em-brejo-do-cruz\/#breadcrumb","itemListElement":[{"@type":"ListItem","position":1,"name":"In\u00edcio","item":"https:\/\/www.pm.pb.gov.br\/portal\/"},{"@type":"ListItem","position":2,"name":"Pol\u00edcia Militar prende suspeito por tr\u00e1fico de drogas em Brejo do Cruz"}]},{"@type":"WebSite","@id":"https:\/\/www.pm.pb.gov.br\/portal\/#website","url":"https:\/\/www.pm.pb.gov.br\/portal\/","name":"Pol\u00edcia Militar da Para\u00edba","description":"","publisher":{"@id":"https:\/\/www.pm.pb.gov.br\/portal\/#organization"},"potentialAction":[{"@type":"SearchAction","target":{"@type":"EntryPoint","urlTemplate":"https:\/\/www.pm.pb.gov.br\/portal\/?s={search_term_string}"},"query-input":"required name=search_term_string"}],"inLanguage":"pt-BR"},{"@type":"Organization","@id":"https:\/\/www.pm.pb.gov.br\/portal\/#organization","name":"Pol\u00edcia Militar da Para\u00edba","url":"https:\/\/www.pm.pb.gov.br\/portal\/","logo":{"@type":"ImageObject","inLanguage":"pt-BR","@id":"https:\/\/www.pm.pb.gov.br\/portal\/#\/schema\/logo\/image\/","url":"https:\/\/www.pm.pb.gov.br\/portal\/wp-content\/uploads\/2025\/03\/cropped-logo-site-mag2-1.png","contentUrl":"https:\/\/www.pm.pb.gov.br\/portal\/wp-content\/uploads\/2025\/03\/cropped-logo-site-mag2-1.png","width":320,"height":90,"caption":"Pol\u00edcia Militar da Para\u00edba"},"image":{"@id":"https:\/\/www.pm.pb.gov.br\/portal\/#\/schema\/logo\/image\/"}},{"@type":"Person","@id":"https:\/\/www.pm.pb.gov.br\/portal\/#\/schema\/person\/e8454f46651c3ecf0e1ba3c1666d9947","name":"Assessoria de Imprensa da PMPB","image":{"@type":"ImageObject","inLanguage":"pt-BR","@id":"https:\/\/www.pm.pb.gov.br\/portal\/#\/schema\/person\/image\/","url":"https:\/\/secure.gravatar.com\/avatar\/2efe197438265d1e90bd98c4c8e1acf8?s=96&d=mm&r=g","contentUrl":"https:\/\/secure.gravatar.com\/avatar\/2efe197438265d1e90bd98c4c8e1acf8?s=96&d=mm&r=g","caption":"Assessoria de Imprensa da PMPB"},"url":"https:\/\/www.pm.pb.gov.br\/portal\/author\/assessoria\/"}]}},"_links":{"self":[{"href":"https:\/\/www.pm.pb.gov.br\/portal\/wp-json\/wp\/v2\/posts\/930389"}],"collection":[{"href":"https:\/\/www.pm.pb.gov.br\/portal\/wp-json\/wp\/v2\/posts"}],"about":[{"href":"https:\/\/www.pm.pb.gov.br\/portal\/wp-json\/wp\/v2\/types\/post"}],"author":[{"embeddable":true,"href":"https:\/\/www.pm.pb.gov.br\/portal\/wp-json\/wp\/v2\/users\/5"}],"replies":[{"embeddable":true,"href":"https:\/\/www.pm.pb.gov.br\/portal\/wp-json\/wp\/v2\/comments?post=930389"}],"version-history":[{"count":1,"href":"https:\/\/www.pm.pb.gov.br\/portal\/wp-json\/wp\/v2\/posts\/930389\/revisions"}],"predecessor-version":[{"id":930391,"href":"https:\/\/www.pm.pb.gov.br\/portal\/wp-json\/wp\/v2\/posts\/930389\/revisions\/930391"}],"wp:featuredmedia":[{"embeddable":true,"href":"https:\/\/www.pm.pb.gov.br\/portal\/wp-json\/wp\/v2\/media\/930390"}],"wp:attachment":[{"href":"https:\/\/www.pm.pb.gov.br\/portal\/wp-json\/wp\/v2\/media?parent=930389"}],"wp:term":[{"taxonomy":"category","embeddable":true,"href":"https:\/\/www.pm.pb.gov.br\/portal\/wp-json\/wp\/v2\/categories?post=930389"},{"taxonomy":"post_tag","embeddable":true,"href":"https:\/\/www.pm.pb.gov.br\/portal\/wp-json\/wp\/v2\/tags?post=930389"}],"curies":[{"name":"wp","href":"https:\/\/api.w.org\/{rel}","templated":true}]}}