{"id":930385,"date":"2026-03-15T19:51:09","date_gmt":"2026-03-15T22:51:09","guid":{"rendered":"https:\/\/www.pm.pb.gov.br\/portal\/?p=930385"},"modified":"2026-03-15T19:54:51","modified_gmt":"2026-03-15T22:54:51","slug":"policia-militar-captura-foragido-da-justica-na-cidade-de-sape","status":"publish","type":"post","link":"https:\/\/www.pm.pb.gov.br\/portal\/2026\/03\/15\/policia-militar-captura-foragido-da-justica-na-cidade-de-sape\/","title":{"rendered":"Pol\u00edcia Militar captura foragido da justi\u00e7a na cidade de Sap\u00e9"},"content":{"rendered":"\n<p>Na tarde deste domingo (15), policiais militares do 24\u00ba BPM realizaram a pris\u00e3o de um homem, de 52 anos, durante abordagem a um \u00f4nibus, na tarde deste domingo, no centro da cidade de Sap\u00e9. A a\u00e7\u00e3o ocorreu em apoio \u00e0 FICCO\/PB (For\u00e7a Integrada de Combate ao Crime Organizado da Para\u00edba).<\/p>\n\n\n\n<p>Durante a abordagem, o suspeito foi identificado e, ap\u00f3s consulta no Banco Nacional de Mandados de Pris\u00e3o (BNMP), foi confirmado que havia um mandado de pris\u00e3o em aberto em seu desfavor pelo crime de homic\u00eddio qualificado.<\/p>\n\n\n\n<p>Diante da confirma\u00e7\u00e3o da ordem judicial, foi dada voz de pris\u00e3o ao indiv\u00edduo. O homem foi conduzido \u00e0 Delegacia de Pol\u00edcia Civil de Itabaiana para a ado\u00e7\u00e3o dos procedimentos cab\u00edveis.<\/p>\n","protected":false},"excerpt":{"rendered":"<p>Na tarde deste domingo (15), policiais militares do 24\u00ba BPM realizaram a pris\u00e3o de um homem, de 52 anos, durante<\/p>\n","protected":false},"author":5,"featured_media":930386,"comment_status":"closed","ping_status":"closed","sticky":false,"template":"","format":"standard","meta":{"_exactmetrics_skip_tracking":false,"_exactmetrics_sitenote_active":false,"_exactmetrics_sitenote_note":"","_exactmetrics_sitenote_category":0,"footnotes":""},"categories":[4],"tags":[],"yoast_head":"<!-- This site is optimized with the Yoast SEO plugin v22.0 - https:\/\/yoast.com\/wordpress\/plugins\/seo\/ -->\n<title>Pol\u00edcia Militar captura foragido da justi\u00e7a na cidade de Sap\u00e9 - Pol\u00edcia Militar da Para\u00edba<\/title>\n<meta name=\"robots\" content=\"index, follow, max-snippet:-1, max-image-preview:large, max-video-preview:-1\" \/>\n<link rel=\"canonical\" href=\"https:\/\/www.pm.pb.gov.br\/portal\/2026\/03\/15\/policia-militar-captura-foragido-da-justica-na-cidade-de-sape\/\" \/>\n<meta property=\"og:locale\" content=\"pt_BR\" \/>\n<meta property=\"og:type\" content=\"article\" \/>\n<meta property=\"og:title\" content=\"Pol\u00edcia Militar captura foragido da justi\u00e7a na cidade de Sap\u00e9 - Pol\u00edcia Militar da Para\u00edba\" \/>\n<meta property=\"og:description\" content=\"Na tarde deste domingo (15), policiais militares do 24\u00ba BPM realizaram a pris\u00e3o de um homem, de 52 anos, durante\" \/>\n<meta property=\"og:url\" content=\"https:\/\/www.pm.pb.gov.br\/portal\/2026\/03\/15\/policia-militar-captura-foragido-da-justica-na-cidade-de-sape\/\" \/>\n<meta property=\"og:site_name\" content=\"Pol\u00edcia Militar da Para\u00edba\" \/>\n<meta property=\"article:published_time\" content=\"2026-03-15T22:51:09+00:00\" \/>\n<meta property=\"article:modified_time\" content=\"2026-03-15T22:54:51+00:00\" \/>\n<meta property=\"og:image\" content=\"http:\/\/www.pm.pb.gov.br\/portal\/wp-content\/uploads\/2026\/03\/WhatsApp-Image-2026-03-15-at-17.32.34-1.png\" \/>\n\t<meta property=\"og:image:width\" content=\"1550\" \/>\n\t<meta property=\"og:image:height\" content=\"862\" \/>\n\t<meta property=\"og:image:type\" content=\"image\/png\" \/>\n<meta name=\"author\" content=\"Assessoria de Imprensa da PMPB\" \/>\n<meta name=\"twitter:card\" content=\"summary_large_image\" \/>\n<meta name=\"twitter:label1\" content=\"Escrito por\" \/>\n\t<meta name=\"twitter:data1\" content=\"Assessoria de Imprensa da PMPB\" \/>\n\t<meta name=\"twitter:label2\" content=\"Est. tempo de leitura\" \/>\n\t<meta name=\"twitter:data2\" content=\"1 minuto\" \/>\n<script type=\"application\/ld+json\" class=\"yoast-schema-graph\">{\"@context\":\"https:\/\/schema.org\",\"@graph\":[{\"@type\":\"Article\",\"@id\":\"https:\/\/www.pm.pb.gov.br\/portal\/2026\/03\/15\/policia-militar-captura-foragido-da-justica-na-cidade-de-sape\/#article\",\"isPartOf\":{\"@id\":\"https:\/\/www.pm.pb.gov.br\/portal\/2026\/03\/15\/policia-militar-captura-foragido-da-justica-na-cidade-de-sape\/\"},\"author\":{\"name\":\"Assessoria de Imprensa da PMPB\",\"@id\":\"https:\/\/www.pm.pb.gov.br\/portal\/#\/schema\/person\/e8454f46651c3ecf0e1ba3c1666d9947\"},\"headline\":\"Pol\u00edcia Militar captura foragido da justi\u00e7a na cidade de Sap\u00e9\",\"datePublished\":\"2026-03-15T22:51:09+00:00\",\"dateModified\":\"2026-03-15T22:54:51+00:00\",\"mainEntityOfPage\":{\"@id\":\"https:\/\/www.pm.pb.gov.br\/portal\/2026\/03\/15\/policia-militar-captura-foragido-da-justica-na-cidade-de-sape\/\"},\"wordCount\":138,\"publisher\":{\"@id\":\"https:\/\/www.pm.pb.gov.br\/portal\/#organization\"},\"articleSection\":[\"A\u00e7\u00f5es Policiais\"],\"inLanguage\":\"pt-BR\"},{\"@type\":\"WebPage\",\"@id\":\"https:\/\/www.pm.pb.gov.br\/portal\/2026\/03\/15\/policia-militar-captura-foragido-da-justica-na-cidade-de-sape\/\",\"url\":\"https:\/\/www.pm.pb.gov.br\/portal\/2026\/03\/15\/policia-militar-captura-foragido-da-justica-na-cidade-de-sape\/\",\"name\":\"Pol\u00edcia Militar captura foragido da justi\u00e7a na cidade de Sap\u00e9 - Pol\u00edcia Militar da Para\u00edba\",\"isPartOf\":{\"@id\":\"https:\/\/www.pm.pb.gov.br\/portal\/#website\"},\"datePublished\":\"2026-03-15T22:51:09+00:00\",\"dateModified\":\"2026-03-15T22:54:51+00:00\",\"breadcrumb\":{\"@id\":\"https:\/\/www.pm.pb.gov.br\/portal\/2026\/03\/15\/policia-militar-captura-foragido-da-justica-na-cidade-de-sape\/#breadcrumb\"},\"inLanguage\":\"pt-BR\",\"potentialAction\":[{\"@type\":\"ReadAction\",\"target\":[\"https:\/\/www.pm.pb.gov.br\/portal\/2026\/03\/15\/policia-militar-captura-foragido-da-justica-na-cidade-de-sape\/\"]}]},{\"@type\":\"BreadcrumbList\",\"@id\":\"https:\/\/www.pm.pb.gov.br\/portal\/2026\/03\/15\/policia-militar-captura-foragido-da-justica-na-cidade-de-sape\/#breadcrumb\",\"itemListElement\":[{\"@type\":\"ListItem\",\"position\":1,\"name\":\"In\u00edcio\",\"item\":\"https:\/\/www.pm.pb.gov.br\/portal\/\"},{\"@type\":\"ListItem\",\"position\":2,\"name\":\"Pol\u00edcia Militar captura foragido da justi\u00e7a na cidade de Sap\u00e9\"}]},{\"@type\":\"WebSite\",\"@id\":\"https:\/\/www.pm.pb.gov.br\/portal\/#website\",\"url\":\"https:\/\/www.pm.pb.gov.br\/portal\/\",\"name\":\"Pol\u00edcia Militar da Para\u00edba\",\"description\":\"\",\"publisher\":{\"@id\":\"https:\/\/www.pm.pb.gov.br\/portal\/#organization\"},\"potentialAction\":[{\"@type\":\"SearchAction\",\"target\":{\"@type\":\"EntryPoint\",\"urlTemplate\":\"https:\/\/www.pm.pb.gov.br\/portal\/?s={search_term_string}\"},\"query-input\":\"required name=search_term_string\"}],\"inLanguage\":\"pt-BR\"},{\"@type\":\"Organization\",\"@id\":\"https:\/\/www.pm.pb.gov.br\/portal\/#organization\",\"name\":\"Pol\u00edcia Militar da Para\u00edba\",\"url\":\"https:\/\/www.pm.pb.gov.br\/portal\/\",\"logo\":{\"@type\":\"ImageObject\",\"inLanguage\":\"pt-BR\",\"@id\":\"https:\/\/www.pm.pb.gov.br\/portal\/#\/schema\/logo\/image\/\",\"url\":\"https:\/\/www.pm.pb.gov.br\/portal\/wp-content\/uploads\/2025\/03\/cropped-logo-site-mag2-1.png\",\"contentUrl\":\"https:\/\/www.pm.pb.gov.br\/portal\/wp-content\/uploads\/2025\/03\/cropped-logo-site-mag2-1.png\",\"width\":320,\"height\":90,\"caption\":\"Pol\u00edcia Militar da Para\u00edba\"},\"image\":{\"@id\":\"https:\/\/www.pm.pb.gov.br\/portal\/#\/schema\/logo\/image\/\"}},{\"@type\":\"Person\",\"@id\":\"https:\/\/www.pm.pb.gov.br\/portal\/#\/schema\/person\/e8454f46651c3ecf0e1ba3c1666d9947\",\"name\":\"Assessoria de Imprensa da PMPB\",\"image\":{\"@type\":\"ImageObject\",\"inLanguage\":\"pt-BR\",\"@id\":\"https:\/\/www.pm.pb.gov.br\/portal\/#\/schema\/person\/image\/\",\"url\":\"https:\/\/secure.gravatar.com\/avatar\/2efe197438265d1e90bd98c4c8e1acf8?s=96&d=mm&r=g\",\"contentUrl\":\"https:\/\/secure.gravatar.com\/avatar\/2efe197438265d1e90bd98c4c8e1acf8?s=96&d=mm&r=g\",\"caption\":\"Assessoria de Imprensa da PMPB\"},\"url\":\"https:\/\/www.pm.pb.gov.br\/portal\/author\/assessoria\/\"}]}<\/script>\n<!-- \/ Yoast SEO plugin. -->","yoast_head_json":{"title":"Pol\u00edcia Militar captura foragido da justi\u00e7a na cidade de Sap\u00e9 - Pol\u00edcia Militar da Para\u00edba","robots":{"index":"index","follow":"follow","max-snippet":"max-snippet:-1","max-image-preview":"max-image-preview:large","max-video-preview":"max-video-preview:-1"},"canonical":"https:\/\/www.pm.pb.gov.br\/portal\/2026\/03\/15\/policia-militar-captura-foragido-da-justica-na-cidade-de-sape\/","og_locale":"pt_BR","og_type":"article","og_title":"Pol\u00edcia Militar captura foragido da justi\u00e7a na cidade de Sap\u00e9 - Pol\u00edcia Militar da Para\u00edba","og_description":"Na tarde deste domingo (15), policiais militares do 24\u00ba BPM realizaram a pris\u00e3o de um homem, de 52 anos, durante","og_url":"https:\/\/www.pm.pb.gov.br\/portal\/2026\/03\/15\/policia-militar-captura-foragido-da-justica-na-cidade-de-sape\/","og_site_name":"Pol\u00edcia Militar da Para\u00edba","article_published_time":"2026-03-15T22:51:09+00:00","article_modified_time":"2026-03-15T22:54:51+00:00","og_image":[{"width":1550,"height":862,"url":"http:\/\/www.pm.pb.gov.br\/portal\/wp-content\/uploads\/2026\/03\/WhatsApp-Image-2026-03-15-at-17.32.34-1.png","type":"image\/png"}],"author":"Assessoria de Imprensa da PMPB","twitter_card":"summary_large_image","twitter_misc":{"Escrito por":"Assessoria de Imprensa da PMPB","Est. tempo de leitura":"1 minuto"},"schema":{"@context":"https:\/\/schema.org","@graph":[{"@type":"Article","@id":"https:\/\/www.pm.pb.gov.br\/portal\/2026\/03\/15\/policia-militar-captura-foragido-da-justica-na-cidade-de-sape\/#article","isPartOf":{"@id":"https:\/\/www.pm.pb.gov.br\/portal\/2026\/03\/15\/policia-militar-captura-foragido-da-justica-na-cidade-de-sape\/"},"author":{"name":"Assessoria de Imprensa da PMPB","@id":"https:\/\/www.pm.pb.gov.br\/portal\/#\/schema\/person\/e8454f46651c3ecf0e1ba3c1666d9947"},"headline":"Pol\u00edcia Militar captura foragido da justi\u00e7a na cidade de Sap\u00e9","datePublished":"2026-03-15T22:51:09+00:00","dateModified":"2026-03-15T22:54:51+00:00","mainEntityOfPage":{"@id":"https:\/\/www.pm.pb.gov.br\/portal\/2026\/03\/15\/policia-militar-captura-foragido-da-justica-na-cidade-de-sape\/"},"wordCount":138,"publisher":{"@id":"https:\/\/www.pm.pb.gov.br\/portal\/#organization"},"articleSection":["A\u00e7\u00f5es Policiais"],"inLanguage":"pt-BR"},{"@type":"WebPage","@id":"https:\/\/www.pm.pb.gov.br\/portal\/2026\/03\/15\/policia-militar-captura-foragido-da-justica-na-cidade-de-sape\/","url":"https:\/\/www.pm.pb.gov.br\/portal\/2026\/03\/15\/policia-militar-captura-foragido-da-justica-na-cidade-de-sape\/","name":"Pol\u00edcia Militar captura foragido da justi\u00e7a na cidade de Sap\u00e9 - Pol\u00edcia Militar da Para\u00edba","isPartOf":{"@id":"https:\/\/www.pm.pb.gov.br\/portal\/#website"},"datePublished":"2026-03-15T22:51:09+00:00","dateModified":"2026-03-15T22:54:51+00:00","breadcrumb":{"@id":"https:\/\/www.pm.pb.gov.br\/portal\/2026\/03\/15\/policia-militar-captura-foragido-da-justica-na-cidade-de-sape\/#breadcrumb"},"inLanguage":"pt-BR","potentialAction":[{"@type":"ReadAction","target":["https:\/\/www.pm.pb.gov.br\/portal\/2026\/03\/15\/policia-militar-captura-foragido-da-justica-na-cidade-de-sape\/"]}]},{"@type":"BreadcrumbList","@id":"https:\/\/www.pm.pb.gov.br\/portal\/2026\/03\/15\/policia-militar-captura-foragido-da-justica-na-cidade-de-sape\/#breadcrumb","itemListElement":[{"@type":"ListItem","position":1,"name":"In\u00edcio","item":"https:\/\/www.pm.pb.gov.br\/portal\/"},{"@type":"ListItem","position":2,"name":"Pol\u00edcia Militar captura foragido da justi\u00e7a na cidade de Sap\u00e9"}]},{"@type":"WebSite","@id":"https:\/\/www.pm.pb.gov.br\/portal\/#website","url":"https:\/\/www.pm.pb.gov.br\/portal\/","name":"Pol\u00edcia Militar da Para\u00edba","description":"","publisher":{"@id":"https:\/\/www.pm.pb.gov.br\/portal\/#organization"},"potentialAction":[{"@type":"SearchAction","target":{"@type":"EntryPoint","urlTemplate":"https:\/\/www.pm.pb.gov.br\/portal\/?s={search_term_string}"},"query-input":"required name=search_term_string"}],"inLanguage":"pt-BR"},{"@type":"Organization","@id":"https:\/\/www.pm.pb.gov.br\/portal\/#organization","name":"Pol\u00edcia Militar da Para\u00edba","url":"https:\/\/www.pm.pb.gov.br\/portal\/","logo":{"@type":"ImageObject","inLanguage":"pt-BR","@id":"https:\/\/www.pm.pb.gov.br\/portal\/#\/schema\/logo\/image\/","url":"https:\/\/www.pm.pb.gov.br\/portal\/wp-content\/uploads\/2025\/03\/cropped-logo-site-mag2-1.png","contentUrl":"https:\/\/www.pm.pb.gov.br\/portal\/wp-content\/uploads\/2025\/03\/cropped-logo-site-mag2-1.png","width":320,"height":90,"caption":"Pol\u00edcia Militar da Para\u00edba"},"image":{"@id":"https:\/\/www.pm.pb.gov.br\/portal\/#\/schema\/logo\/image\/"}},{"@type":"Person","@id":"https:\/\/www.pm.pb.gov.br\/portal\/#\/schema\/person\/e8454f46651c3ecf0e1ba3c1666d9947","name":"Assessoria de Imprensa da PMPB","image":{"@type":"ImageObject","inLanguage":"pt-BR","@id":"https:\/\/www.pm.pb.gov.br\/portal\/#\/schema\/person\/image\/","url":"https:\/\/secure.gravatar.com\/avatar\/2efe197438265d1e90bd98c4c8e1acf8?s=96&d=mm&r=g","contentUrl":"https:\/\/secure.gravatar.com\/avatar\/2efe197438265d1e90bd98c4c8e1acf8?s=96&d=mm&r=g","caption":"Assessoria de Imprensa da PMPB"},"url":"https:\/\/www.pm.pb.gov.br\/portal\/author\/assessoria\/"}]}},"_links":{"self":[{"href":"https:\/\/www.pm.pb.gov.br\/portal\/wp-json\/wp\/v2\/posts\/930385"}],"collection":[{"href":"https:\/\/www.pm.pb.gov.br\/portal\/wp-json\/wp\/v2\/posts"}],"about":[{"href":"https:\/\/www.pm.pb.gov.br\/portal\/wp-json\/wp\/v2\/types\/post"}],"author":[{"embeddable":true,"href":"https:\/\/www.pm.pb.gov.br\/portal\/wp-json\/wp\/v2\/users\/5"}],"replies":[{"embeddable":true,"href":"https:\/\/www.pm.pb.gov.br\/portal\/wp-json\/wp\/v2\/comments?post=930385"}],"version-history":[{"count":2,"href":"https:\/\/www.pm.pb.gov.br\/portal\/wp-json\/wp\/v2\/posts\/930385\/revisions"}],"predecessor-version":[{"id":930388,"href":"https:\/\/www.pm.pb.gov.br\/portal\/wp-json\/wp\/v2\/posts\/930385\/revisions\/930388"}],"wp:featuredmedia":[{"embeddable":true,"href":"https:\/\/www.pm.pb.gov.br\/portal\/wp-json\/wp\/v2\/media\/930386"}],"wp:attachment":[{"href":"https:\/\/www.pm.pb.gov.br\/portal\/wp-json\/wp\/v2\/media?parent=930385"}],"wp:term":[{"taxonomy":"category","embeddable":true,"href":"https:\/\/www.pm.pb.gov.br\/portal\/wp-json\/wp\/v2\/categories?post=930385"},{"taxonomy":"post_tag","embeddable":true,"href":"https:\/\/www.pm.pb.gov.br\/portal\/wp-json\/wp\/v2\/tags?post=930385"}],"curies":[{"name":"wp","href":"https:\/\/api.w.org\/{rel}","templated":true}]}}