{"id":930366,"date":"2026-03-15T11:11:40","date_gmt":"2026-03-15T14:11:40","guid":{"rendered":"https:\/\/www.pm.pb.gov.br\/portal\/?p=930366"},"modified":"2026-03-15T11:13:11","modified_gmt":"2026-03-15T14:13:11","slug":"policia-militar-prende-suspeito-por-porte-ilegal-de-arma-e-ameaca-na-cidade-de-cajazeiras","status":"publish","type":"post","link":"https:\/\/www.pm.pb.gov.br\/portal\/2026\/03\/15\/policia-militar-prende-suspeito-por-porte-ilegal-de-arma-e-ameaca-na-cidade-de-cajazeiras\/","title":{"rendered":"Pol\u00edcia Militar prende suspeito por porte ilegal de arma e amea\u00e7a na cidade de Cajazeiras"},"content":{"rendered":"\n<p>Na noite desse s\u00e1bado (14), policiais militares do Batalh\u00e3o Especializado de Pol\u00edcia de Tr\u00e2nsito Urbano, durante a opera\u00e7\u00e3o Zero \u00c1lcool, prenderam um condutor por porte ilegal de arma. A pris\u00e3o aconteceu ap\u00f3s uma den\u00fancia de amea\u00e7a.<\/p>\n\n\n\n<p>Durante a abordagem, a v\u00edtima informou aos policiais que havia sido amea\u00e7ada em um bar pelo suspeito, que estava com uma arma de fogo. Diante da den\u00fancia, foi realizada uma revista pessoal, sendo localizada em sua posse uma pistola, calibre .40, dois carregadores e 30 muni\u00e7\u00f5es intactas. No local, o suspeito se identificou como policial penal e negou-se a fazer o teste do baf\u00f4metro.<\/p>\n\n\n\n<p>Diante dos fatos, o suspeito e o material apreendido foram conduzidos \u00e0 Delegacia de Pol\u00edcia da regi\u00e3o, onde foram adotados os procedimentos legais cab\u00edveis.<\/p>\n","protected":false},"excerpt":{"rendered":"<p>Na noite desse s\u00e1bado (14), policiais militares do Batalh\u00e3o Especializado de Pol\u00edcia de Tr\u00e2nsito Urbano, durante a opera\u00e7\u00e3o Zero \u00c1lcool,<\/p>\n","protected":false},"author":5,"featured_media":916510,"comment_status":"closed","ping_status":"closed","sticky":false,"template":"","format":"standard","meta":{"_exactmetrics_skip_tracking":false,"_exactmetrics_sitenote_active":false,"_exactmetrics_sitenote_note":"","_exactmetrics_sitenote_category":0,"footnotes":""},"categories":[4],"tags":[],"yoast_head":"<!-- This site is optimized with the Yoast SEO plugin v22.0 - https:\/\/yoast.com\/wordpress\/plugins\/seo\/ -->\n<title>Pol\u00edcia Militar prende suspeito por porte ilegal de arma e amea\u00e7a na cidade de Cajazeiras - Pol\u00edcia Militar da Para\u00edba<\/title>\n<meta name=\"robots\" content=\"index, follow, max-snippet:-1, max-image-preview:large, max-video-preview:-1\" \/>\n<link rel=\"canonical\" href=\"https:\/\/www.pm.pb.gov.br\/portal\/2026\/03\/15\/policia-militar-prende-suspeito-por-porte-ilegal-de-arma-e-ameaca-na-cidade-de-cajazeiras\/\" \/>\n<meta property=\"og:locale\" content=\"pt_BR\" \/>\n<meta property=\"og:type\" content=\"article\" \/>\n<meta property=\"og:title\" content=\"Pol\u00edcia Militar prende suspeito por porte ilegal de arma e amea\u00e7a na cidade de Cajazeiras - Pol\u00edcia Militar da Para\u00edba\" \/>\n<meta property=\"og:description\" content=\"Na noite desse s\u00e1bado (14), policiais militares do Batalh\u00e3o Especializado de Pol\u00edcia de Tr\u00e2nsito Urbano, durante a opera\u00e7\u00e3o Zero \u00c1lcool,\" \/>\n<meta property=\"og:url\" content=\"https:\/\/www.pm.pb.gov.br\/portal\/2026\/03\/15\/policia-militar-prende-suspeito-por-porte-ilegal-de-arma-e-ameaca-na-cidade-de-cajazeiras\/\" \/>\n<meta property=\"og:site_name\" content=\"Pol\u00edcia Militar da Para\u00edba\" \/>\n<meta property=\"article:published_time\" content=\"2026-03-15T14:11:40+00:00\" \/>\n<meta property=\"article:modified_time\" content=\"2026-03-15T14:13:11+00:00\" \/>\n<meta property=\"og:image\" content=\"http:\/\/www.pm.pb.gov.br\/portal\/wp-content\/uploads\/2023\/05\/ilustrativa.jpeg\" \/>\n\t<meta property=\"og:image:width\" content=\"800\" \/>\n\t<meta property=\"og:image:height\" content=\"445\" \/>\n\t<meta property=\"og:image:type\" content=\"image\/jpeg\" \/>\n<meta name=\"author\" content=\"Assessoria de Imprensa da PMPB\" \/>\n<meta name=\"twitter:card\" content=\"summary_large_image\" \/>\n<meta name=\"twitter:label1\" content=\"Escrito por\" \/>\n\t<meta name=\"twitter:data1\" content=\"Assessoria de Imprensa da PMPB\" \/>\n\t<meta name=\"twitter:label2\" content=\"Est. tempo de leitura\" \/>\n\t<meta name=\"twitter:data2\" content=\"1 minuto\" \/>\n<script type=\"application\/ld+json\" class=\"yoast-schema-graph\">{\"@context\":\"https:\/\/schema.org\",\"@graph\":[{\"@type\":\"Article\",\"@id\":\"https:\/\/www.pm.pb.gov.br\/portal\/2026\/03\/15\/policia-militar-prende-suspeito-por-porte-ilegal-de-arma-e-ameaca-na-cidade-de-cajazeiras\/#article\",\"isPartOf\":{\"@id\":\"https:\/\/www.pm.pb.gov.br\/portal\/2026\/03\/15\/policia-militar-prende-suspeito-por-porte-ilegal-de-arma-e-ameaca-na-cidade-de-cajazeiras\/\"},\"author\":{\"name\":\"Assessoria de Imprensa da PMPB\",\"@id\":\"https:\/\/www.pm.pb.gov.br\/portal\/#\/schema\/person\/e8454f46651c3ecf0e1ba3c1666d9947\"},\"headline\":\"Pol\u00edcia Militar prende suspeito por porte ilegal de arma e amea\u00e7a na cidade de Cajazeiras\",\"datePublished\":\"2026-03-15T14:11:40+00:00\",\"dateModified\":\"2026-03-15T14:13:11+00:00\",\"mainEntityOfPage\":{\"@id\":\"https:\/\/www.pm.pb.gov.br\/portal\/2026\/03\/15\/policia-militar-prende-suspeito-por-porte-ilegal-de-arma-e-ameaca-na-cidade-de-cajazeiras\/\"},\"wordCount\":154,\"publisher\":{\"@id\":\"https:\/\/www.pm.pb.gov.br\/portal\/#organization\"},\"articleSection\":[\"A\u00e7\u00f5es Policiais\"],\"inLanguage\":\"pt-BR\"},{\"@type\":\"WebPage\",\"@id\":\"https:\/\/www.pm.pb.gov.br\/portal\/2026\/03\/15\/policia-militar-prende-suspeito-por-porte-ilegal-de-arma-e-ameaca-na-cidade-de-cajazeiras\/\",\"url\":\"https:\/\/www.pm.pb.gov.br\/portal\/2026\/03\/15\/policia-militar-prende-suspeito-por-porte-ilegal-de-arma-e-ameaca-na-cidade-de-cajazeiras\/\",\"name\":\"Pol\u00edcia Militar prende suspeito por porte ilegal de arma e amea\u00e7a na cidade de Cajazeiras - Pol\u00edcia Militar da Para\u00edba\",\"isPartOf\":{\"@id\":\"https:\/\/www.pm.pb.gov.br\/portal\/#website\"},\"datePublished\":\"2026-03-15T14:11:40+00:00\",\"dateModified\":\"2026-03-15T14:13:11+00:00\",\"breadcrumb\":{\"@id\":\"https:\/\/www.pm.pb.gov.br\/portal\/2026\/03\/15\/policia-militar-prende-suspeito-por-porte-ilegal-de-arma-e-ameaca-na-cidade-de-cajazeiras\/#breadcrumb\"},\"inLanguage\":\"pt-BR\",\"potentialAction\":[{\"@type\":\"ReadAction\",\"target\":[\"https:\/\/www.pm.pb.gov.br\/portal\/2026\/03\/15\/policia-militar-prende-suspeito-por-porte-ilegal-de-arma-e-ameaca-na-cidade-de-cajazeiras\/\"]}]},{\"@type\":\"BreadcrumbList\",\"@id\":\"https:\/\/www.pm.pb.gov.br\/portal\/2026\/03\/15\/policia-militar-prende-suspeito-por-porte-ilegal-de-arma-e-ameaca-na-cidade-de-cajazeiras\/#breadcrumb\",\"itemListElement\":[{\"@type\":\"ListItem\",\"position\":1,\"name\":\"In\u00edcio\",\"item\":\"https:\/\/www.pm.pb.gov.br\/portal\/\"},{\"@type\":\"ListItem\",\"position\":2,\"name\":\"Pol\u00edcia Militar prende suspeito por porte ilegal de arma e amea\u00e7a na cidade de Cajazeiras\"}]},{\"@type\":\"WebSite\",\"@id\":\"https:\/\/www.pm.pb.gov.br\/portal\/#website\",\"url\":\"https:\/\/www.pm.pb.gov.br\/portal\/\",\"name\":\"Pol\u00edcia Militar da Para\u00edba\",\"description\":\"\",\"publisher\":{\"@id\":\"https:\/\/www.pm.pb.gov.br\/portal\/#organization\"},\"potentialAction\":[{\"@type\":\"SearchAction\",\"target\":{\"@type\":\"EntryPoint\",\"urlTemplate\":\"https:\/\/www.pm.pb.gov.br\/portal\/?s={search_term_string}\"},\"query-input\":\"required name=search_term_string\"}],\"inLanguage\":\"pt-BR\"},{\"@type\":\"Organization\",\"@id\":\"https:\/\/www.pm.pb.gov.br\/portal\/#organization\",\"name\":\"Pol\u00edcia Militar da Para\u00edba\",\"url\":\"https:\/\/www.pm.pb.gov.br\/portal\/\",\"logo\":{\"@type\":\"ImageObject\",\"inLanguage\":\"pt-BR\",\"@id\":\"https:\/\/www.pm.pb.gov.br\/portal\/#\/schema\/logo\/image\/\",\"url\":\"https:\/\/www.pm.pb.gov.br\/portal\/wp-content\/uploads\/2025\/03\/cropped-logo-site-mag2-1.png\",\"contentUrl\":\"https:\/\/www.pm.pb.gov.br\/portal\/wp-content\/uploads\/2025\/03\/cropped-logo-site-mag2-1.png\",\"width\":320,\"height\":90,\"caption\":\"Pol\u00edcia Militar da Para\u00edba\"},\"image\":{\"@id\":\"https:\/\/www.pm.pb.gov.br\/portal\/#\/schema\/logo\/image\/\"}},{\"@type\":\"Person\",\"@id\":\"https:\/\/www.pm.pb.gov.br\/portal\/#\/schema\/person\/e8454f46651c3ecf0e1ba3c1666d9947\",\"name\":\"Assessoria de Imprensa da PMPB\",\"image\":{\"@type\":\"ImageObject\",\"inLanguage\":\"pt-BR\",\"@id\":\"https:\/\/www.pm.pb.gov.br\/portal\/#\/schema\/person\/image\/\",\"url\":\"https:\/\/secure.gravatar.com\/avatar\/2efe197438265d1e90bd98c4c8e1acf8?s=96&d=mm&r=g\",\"contentUrl\":\"https:\/\/secure.gravatar.com\/avatar\/2efe197438265d1e90bd98c4c8e1acf8?s=96&d=mm&r=g\",\"caption\":\"Assessoria de Imprensa da PMPB\"},\"url\":\"https:\/\/www.pm.pb.gov.br\/portal\/author\/assessoria\/\"}]}<\/script>\n<!-- \/ Yoast SEO plugin. -->","yoast_head_json":{"title":"Pol\u00edcia Militar prende suspeito por porte ilegal de arma e amea\u00e7a na cidade de Cajazeiras - Pol\u00edcia Militar da Para\u00edba","robots":{"index":"index","follow":"follow","max-snippet":"max-snippet:-1","max-image-preview":"max-image-preview:large","max-video-preview":"max-video-preview:-1"},"canonical":"https:\/\/www.pm.pb.gov.br\/portal\/2026\/03\/15\/policia-militar-prende-suspeito-por-porte-ilegal-de-arma-e-ameaca-na-cidade-de-cajazeiras\/","og_locale":"pt_BR","og_type":"article","og_title":"Pol\u00edcia Militar prende suspeito por porte ilegal de arma e amea\u00e7a na cidade de Cajazeiras - Pol\u00edcia Militar da Para\u00edba","og_description":"Na noite desse s\u00e1bado (14), policiais militares do Batalh\u00e3o Especializado de Pol\u00edcia de Tr\u00e2nsito Urbano, durante a opera\u00e7\u00e3o Zero \u00c1lcool,","og_url":"https:\/\/www.pm.pb.gov.br\/portal\/2026\/03\/15\/policia-militar-prende-suspeito-por-porte-ilegal-de-arma-e-ameaca-na-cidade-de-cajazeiras\/","og_site_name":"Pol\u00edcia Militar da Para\u00edba","article_published_time":"2026-03-15T14:11:40+00:00","article_modified_time":"2026-03-15T14:13:11+00:00","og_image":[{"width":800,"height":445,"url":"http:\/\/www.pm.pb.gov.br\/portal\/wp-content\/uploads\/2023\/05\/ilustrativa.jpeg","type":"image\/jpeg"}],"author":"Assessoria de Imprensa da PMPB","twitter_card":"summary_large_image","twitter_misc":{"Escrito por":"Assessoria de Imprensa da PMPB","Est. tempo de leitura":"1 minuto"},"schema":{"@context":"https:\/\/schema.org","@graph":[{"@type":"Article","@id":"https:\/\/www.pm.pb.gov.br\/portal\/2026\/03\/15\/policia-militar-prende-suspeito-por-porte-ilegal-de-arma-e-ameaca-na-cidade-de-cajazeiras\/#article","isPartOf":{"@id":"https:\/\/www.pm.pb.gov.br\/portal\/2026\/03\/15\/policia-militar-prende-suspeito-por-porte-ilegal-de-arma-e-ameaca-na-cidade-de-cajazeiras\/"},"author":{"name":"Assessoria de Imprensa da PMPB","@id":"https:\/\/www.pm.pb.gov.br\/portal\/#\/schema\/person\/e8454f46651c3ecf0e1ba3c1666d9947"},"headline":"Pol\u00edcia Militar prende suspeito por porte ilegal de arma e amea\u00e7a na cidade de Cajazeiras","datePublished":"2026-03-15T14:11:40+00:00","dateModified":"2026-03-15T14:13:11+00:00","mainEntityOfPage":{"@id":"https:\/\/www.pm.pb.gov.br\/portal\/2026\/03\/15\/policia-militar-prende-suspeito-por-porte-ilegal-de-arma-e-ameaca-na-cidade-de-cajazeiras\/"},"wordCount":154,"publisher":{"@id":"https:\/\/www.pm.pb.gov.br\/portal\/#organization"},"articleSection":["A\u00e7\u00f5es Policiais"],"inLanguage":"pt-BR"},{"@type":"WebPage","@id":"https:\/\/www.pm.pb.gov.br\/portal\/2026\/03\/15\/policia-militar-prende-suspeito-por-porte-ilegal-de-arma-e-ameaca-na-cidade-de-cajazeiras\/","url":"https:\/\/www.pm.pb.gov.br\/portal\/2026\/03\/15\/policia-militar-prende-suspeito-por-porte-ilegal-de-arma-e-ameaca-na-cidade-de-cajazeiras\/","name":"Pol\u00edcia Militar prende suspeito por porte ilegal de arma e amea\u00e7a na cidade de Cajazeiras - Pol\u00edcia Militar da Para\u00edba","isPartOf":{"@id":"https:\/\/www.pm.pb.gov.br\/portal\/#website"},"datePublished":"2026-03-15T14:11:40+00:00","dateModified":"2026-03-15T14:13:11+00:00","breadcrumb":{"@id":"https:\/\/www.pm.pb.gov.br\/portal\/2026\/03\/15\/policia-militar-prende-suspeito-por-porte-ilegal-de-arma-e-ameaca-na-cidade-de-cajazeiras\/#breadcrumb"},"inLanguage":"pt-BR","potentialAction":[{"@type":"ReadAction","target":["https:\/\/www.pm.pb.gov.br\/portal\/2026\/03\/15\/policia-militar-prende-suspeito-por-porte-ilegal-de-arma-e-ameaca-na-cidade-de-cajazeiras\/"]}]},{"@type":"BreadcrumbList","@id":"https:\/\/www.pm.pb.gov.br\/portal\/2026\/03\/15\/policia-militar-prende-suspeito-por-porte-ilegal-de-arma-e-ameaca-na-cidade-de-cajazeiras\/#breadcrumb","itemListElement":[{"@type":"ListItem","position":1,"name":"In\u00edcio","item":"https:\/\/www.pm.pb.gov.br\/portal\/"},{"@type":"ListItem","position":2,"name":"Pol\u00edcia Militar prende suspeito por porte ilegal de arma e amea\u00e7a na cidade de Cajazeiras"}]},{"@type":"WebSite","@id":"https:\/\/www.pm.pb.gov.br\/portal\/#website","url":"https:\/\/www.pm.pb.gov.br\/portal\/","name":"Pol\u00edcia Militar da Para\u00edba","description":"","publisher":{"@id":"https:\/\/www.pm.pb.gov.br\/portal\/#organization"},"potentialAction":[{"@type":"SearchAction","target":{"@type":"EntryPoint","urlTemplate":"https:\/\/www.pm.pb.gov.br\/portal\/?s={search_term_string}"},"query-input":"required name=search_term_string"}],"inLanguage":"pt-BR"},{"@type":"Organization","@id":"https:\/\/www.pm.pb.gov.br\/portal\/#organization","name":"Pol\u00edcia Militar da Para\u00edba","url":"https:\/\/www.pm.pb.gov.br\/portal\/","logo":{"@type":"ImageObject","inLanguage":"pt-BR","@id":"https:\/\/www.pm.pb.gov.br\/portal\/#\/schema\/logo\/image\/","url":"https:\/\/www.pm.pb.gov.br\/portal\/wp-content\/uploads\/2025\/03\/cropped-logo-site-mag2-1.png","contentUrl":"https:\/\/www.pm.pb.gov.br\/portal\/wp-content\/uploads\/2025\/03\/cropped-logo-site-mag2-1.png","width":320,"height":90,"caption":"Pol\u00edcia Militar da Para\u00edba"},"image":{"@id":"https:\/\/www.pm.pb.gov.br\/portal\/#\/schema\/logo\/image\/"}},{"@type":"Person","@id":"https:\/\/www.pm.pb.gov.br\/portal\/#\/schema\/person\/e8454f46651c3ecf0e1ba3c1666d9947","name":"Assessoria de Imprensa da PMPB","image":{"@type":"ImageObject","inLanguage":"pt-BR","@id":"https:\/\/www.pm.pb.gov.br\/portal\/#\/schema\/person\/image\/","url":"https:\/\/secure.gravatar.com\/avatar\/2efe197438265d1e90bd98c4c8e1acf8?s=96&d=mm&r=g","contentUrl":"https:\/\/secure.gravatar.com\/avatar\/2efe197438265d1e90bd98c4c8e1acf8?s=96&d=mm&r=g","caption":"Assessoria de Imprensa da PMPB"},"url":"https:\/\/www.pm.pb.gov.br\/portal\/author\/assessoria\/"}]}},"_links":{"self":[{"href":"https:\/\/www.pm.pb.gov.br\/portal\/wp-json\/wp\/v2\/posts\/930366"}],"collection":[{"href":"https:\/\/www.pm.pb.gov.br\/portal\/wp-json\/wp\/v2\/posts"}],"about":[{"href":"https:\/\/www.pm.pb.gov.br\/portal\/wp-json\/wp\/v2\/types\/post"}],"author":[{"embeddable":true,"href":"https:\/\/www.pm.pb.gov.br\/portal\/wp-json\/wp\/v2\/users\/5"}],"replies":[{"embeddable":true,"href":"https:\/\/www.pm.pb.gov.br\/portal\/wp-json\/wp\/v2\/comments?post=930366"}],"version-history":[{"count":1,"href":"https:\/\/www.pm.pb.gov.br\/portal\/wp-json\/wp\/v2\/posts\/930366\/revisions"}],"predecessor-version":[{"id":930368,"href":"https:\/\/www.pm.pb.gov.br\/portal\/wp-json\/wp\/v2\/posts\/930366\/revisions\/930368"}],"wp:featuredmedia":[{"embeddable":true,"href":"https:\/\/www.pm.pb.gov.br\/portal\/wp-json\/wp\/v2\/media\/916510"}],"wp:attachment":[{"href":"https:\/\/www.pm.pb.gov.br\/portal\/wp-json\/wp\/v2\/media?parent=930366"}],"wp:term":[{"taxonomy":"category","embeddable":true,"href":"https:\/\/www.pm.pb.gov.br\/portal\/wp-json\/wp\/v2\/categories?post=930366"},{"taxonomy":"post_tag","embeddable":true,"href":"https:\/\/www.pm.pb.gov.br\/portal\/wp-json\/wp\/v2\/tags?post=930366"}],"curies":[{"name":"wp","href":"https:\/\/api.w.org\/{rel}","templated":true}]}}