{"id":930359,"date":"2026-03-15T09:16:22","date_gmt":"2026-03-15T12:16:22","guid":{"rendered":"https:\/\/www.pm.pb.gov.br\/portal\/?p=930359"},"modified":"2026-03-15T09:16:24","modified_gmt":"2026-03-15T12:16:24","slug":"policia-militar-recupera-motocicleta-roubada-e-prende-suspeitos-com-arma-de-fogo-em-imaculada","status":"publish","type":"post","link":"https:\/\/www.pm.pb.gov.br\/portal\/2026\/03\/15\/policia-militar-recupera-motocicleta-roubada-e-prende-suspeitos-com-arma-de-fogo-em-imaculada\/","title":{"rendered":"Pol\u00edcia Militar recupera motocicleta roubada e prende suspeitos com arma de fogo em Imaculada"},"content":{"rendered":"\n<p>Policiais militares do 20\u00ba BPM prenderam dois suspeitos de roubo e recuperaram uma motocicleta na noite deste s\u00e1bado (14), no munic\u00edpio de Imaculada, sert\u00e3o da Para\u00edba. Com os suspeitos foi apreendido uma arma de fogo.<\/p>\n\n\n\n<p>A equipe policial foi acionada ap\u00f3s o roubo de uma motocicleta nas proximidades do S\u00edtio Cabor\u00e9, na zona rural do munic\u00edpio. Rapidamente, os policiais iniciaram as buscas e localizaram os suspeitos na estrada que liga as cidades de \u00c1gua Branca-PB e Tabira-PE.<\/p>\n\n\n\n<p>Durante a abordagem, foi recuperada a motocicleta roubada e apreendido um rev\u00f3lver, calibre .38, com seis muni\u00e7\u00f5es intactas, al\u00e9m de outra motocicleta com sinais de adultera\u00e7\u00e3o na placa e dois celulares.<\/p>\n\n\n\n<p>Os suspeitos foram reconhecidos pela v\u00edtima e conduzidos, juntamente com o material apreendido, \u00e0 Delegacia de Pol\u00edcia Civil de Princesa Isabel-PB, para os demais procedimentos policiais.<\/p>\n","protected":false},"excerpt":{"rendered":"<p>Policiais militares do 20\u00ba BPM prenderam dois suspeitos de roubo e recuperaram uma motocicleta na noite deste s\u00e1bado (14), no<\/p>\n","protected":false},"author":5,"featured_media":930360,"comment_status":"closed","ping_status":"closed","sticky":false,"template":"","format":"standard","meta":{"_exactmetrics_skip_tracking":false,"_exactmetrics_sitenote_active":false,"_exactmetrics_sitenote_note":"","_exactmetrics_sitenote_category":0,"footnotes":""},"categories":[4],"tags":[],"yoast_head":"<!-- This site is optimized with the Yoast SEO plugin v22.0 - https:\/\/yoast.com\/wordpress\/plugins\/seo\/ -->\n<title>Pol\u00edcia Militar recupera motocicleta roubada e prende suspeitos com arma de fogo em Imaculada - Pol\u00edcia Militar da Para\u00edba<\/title>\n<meta name=\"robots\" content=\"index, follow, max-snippet:-1, max-image-preview:large, max-video-preview:-1\" \/>\n<link rel=\"canonical\" href=\"https:\/\/www.pm.pb.gov.br\/portal\/2026\/03\/15\/policia-militar-recupera-motocicleta-roubada-e-prende-suspeitos-com-arma-de-fogo-em-imaculada\/\" \/>\n<meta property=\"og:locale\" content=\"pt_BR\" \/>\n<meta property=\"og:type\" content=\"article\" \/>\n<meta property=\"og:title\" content=\"Pol\u00edcia Militar recupera motocicleta roubada e prende suspeitos com arma de fogo em Imaculada - Pol\u00edcia Militar da Para\u00edba\" \/>\n<meta property=\"og:description\" content=\"Policiais militares do 20\u00ba BPM prenderam dois suspeitos de roubo e recuperaram uma motocicleta na noite deste s\u00e1bado (14), no\" \/>\n<meta property=\"og:url\" content=\"https:\/\/www.pm.pb.gov.br\/portal\/2026\/03\/15\/policia-militar-recupera-motocicleta-roubada-e-prende-suspeitos-com-arma-de-fogo-em-imaculada\/\" \/>\n<meta property=\"og:site_name\" content=\"Pol\u00edcia Militar da Para\u00edba\" \/>\n<meta property=\"article:published_time\" content=\"2026-03-15T12:16:22+00:00\" \/>\n<meta property=\"article:modified_time\" content=\"2026-03-15T12:16:24+00:00\" \/>\n<meta property=\"og:image\" content=\"http:\/\/www.pm.pb.gov.br\/portal\/wp-content\/uploads\/2026\/03\/WhatsApp-Image-2026-03-15-at-07.12.30-1.jpeg\" \/>\n\t<meta property=\"og:image:width\" content=\"1600\" \/>\n\t<meta property=\"og:image:height\" content=\"890\" \/>\n\t<meta property=\"og:image:type\" content=\"image\/jpeg\" \/>\n<meta name=\"author\" content=\"Assessoria de Imprensa da PMPB\" \/>\n<meta name=\"twitter:card\" content=\"summary_large_image\" \/>\n<meta name=\"twitter:label1\" content=\"Escrito por\" \/>\n\t<meta name=\"twitter:data1\" content=\"Assessoria de Imprensa da PMPB\" \/>\n\t<meta name=\"twitter:label2\" content=\"Est. tempo de leitura\" \/>\n\t<meta name=\"twitter:data2\" content=\"1 minuto\" \/>\n<script type=\"application\/ld+json\" class=\"yoast-schema-graph\">{\"@context\":\"https:\/\/schema.org\",\"@graph\":[{\"@type\":\"Article\",\"@id\":\"https:\/\/www.pm.pb.gov.br\/portal\/2026\/03\/15\/policia-militar-recupera-motocicleta-roubada-e-prende-suspeitos-com-arma-de-fogo-em-imaculada\/#article\",\"isPartOf\":{\"@id\":\"https:\/\/www.pm.pb.gov.br\/portal\/2026\/03\/15\/policia-militar-recupera-motocicleta-roubada-e-prende-suspeitos-com-arma-de-fogo-em-imaculada\/\"},\"author\":{\"name\":\"Assessoria de Imprensa da PMPB\",\"@id\":\"https:\/\/www.pm.pb.gov.br\/portal\/#\/schema\/person\/e8454f46651c3ecf0e1ba3c1666d9947\"},\"headline\":\"Pol\u00edcia Militar recupera motocicleta roubada e prende suspeitos com arma de fogo em Imaculada\",\"datePublished\":\"2026-03-15T12:16:22+00:00\",\"dateModified\":\"2026-03-15T12:16:24+00:00\",\"mainEntityOfPage\":{\"@id\":\"https:\/\/www.pm.pb.gov.br\/portal\/2026\/03\/15\/policia-militar-recupera-motocicleta-roubada-e-prende-suspeitos-com-arma-de-fogo-em-imaculada\/\"},\"wordCount\":158,\"publisher\":{\"@id\":\"https:\/\/www.pm.pb.gov.br\/portal\/#organization\"},\"articleSection\":[\"A\u00e7\u00f5es Policiais\"],\"inLanguage\":\"pt-BR\"},{\"@type\":\"WebPage\",\"@id\":\"https:\/\/www.pm.pb.gov.br\/portal\/2026\/03\/15\/policia-militar-recupera-motocicleta-roubada-e-prende-suspeitos-com-arma-de-fogo-em-imaculada\/\",\"url\":\"https:\/\/www.pm.pb.gov.br\/portal\/2026\/03\/15\/policia-militar-recupera-motocicleta-roubada-e-prende-suspeitos-com-arma-de-fogo-em-imaculada\/\",\"name\":\"Pol\u00edcia Militar recupera motocicleta roubada e prende suspeitos com arma de fogo em Imaculada - Pol\u00edcia Militar da Para\u00edba\",\"isPartOf\":{\"@id\":\"https:\/\/www.pm.pb.gov.br\/portal\/#website\"},\"datePublished\":\"2026-03-15T12:16:22+00:00\",\"dateModified\":\"2026-03-15T12:16:24+00:00\",\"breadcrumb\":{\"@id\":\"https:\/\/www.pm.pb.gov.br\/portal\/2026\/03\/15\/policia-militar-recupera-motocicleta-roubada-e-prende-suspeitos-com-arma-de-fogo-em-imaculada\/#breadcrumb\"},\"inLanguage\":\"pt-BR\",\"potentialAction\":[{\"@type\":\"ReadAction\",\"target\":[\"https:\/\/www.pm.pb.gov.br\/portal\/2026\/03\/15\/policia-militar-recupera-motocicleta-roubada-e-prende-suspeitos-com-arma-de-fogo-em-imaculada\/\"]}]},{\"@type\":\"BreadcrumbList\",\"@id\":\"https:\/\/www.pm.pb.gov.br\/portal\/2026\/03\/15\/policia-militar-recupera-motocicleta-roubada-e-prende-suspeitos-com-arma-de-fogo-em-imaculada\/#breadcrumb\",\"itemListElement\":[{\"@type\":\"ListItem\",\"position\":1,\"name\":\"In\u00edcio\",\"item\":\"https:\/\/www.pm.pb.gov.br\/portal\/\"},{\"@type\":\"ListItem\",\"position\":2,\"name\":\"Pol\u00edcia Militar recupera motocicleta roubada e prende suspeitos com arma de fogo em Imaculada\"}]},{\"@type\":\"WebSite\",\"@id\":\"https:\/\/www.pm.pb.gov.br\/portal\/#website\",\"url\":\"https:\/\/www.pm.pb.gov.br\/portal\/\",\"name\":\"Pol\u00edcia Militar da Para\u00edba\",\"description\":\"\",\"publisher\":{\"@id\":\"https:\/\/www.pm.pb.gov.br\/portal\/#organization\"},\"potentialAction\":[{\"@type\":\"SearchAction\",\"target\":{\"@type\":\"EntryPoint\",\"urlTemplate\":\"https:\/\/www.pm.pb.gov.br\/portal\/?s={search_term_string}\"},\"query-input\":\"required name=search_term_string\"}],\"inLanguage\":\"pt-BR\"},{\"@type\":\"Organization\",\"@id\":\"https:\/\/www.pm.pb.gov.br\/portal\/#organization\",\"name\":\"Pol\u00edcia Militar da Para\u00edba\",\"url\":\"https:\/\/www.pm.pb.gov.br\/portal\/\",\"logo\":{\"@type\":\"ImageObject\",\"inLanguage\":\"pt-BR\",\"@id\":\"https:\/\/www.pm.pb.gov.br\/portal\/#\/schema\/logo\/image\/\",\"url\":\"https:\/\/www.pm.pb.gov.br\/portal\/wp-content\/uploads\/2025\/03\/cropped-logo-site-mag2-1.png\",\"contentUrl\":\"https:\/\/www.pm.pb.gov.br\/portal\/wp-content\/uploads\/2025\/03\/cropped-logo-site-mag2-1.png\",\"width\":320,\"height\":90,\"caption\":\"Pol\u00edcia Militar da Para\u00edba\"},\"image\":{\"@id\":\"https:\/\/www.pm.pb.gov.br\/portal\/#\/schema\/logo\/image\/\"}},{\"@type\":\"Person\",\"@id\":\"https:\/\/www.pm.pb.gov.br\/portal\/#\/schema\/person\/e8454f46651c3ecf0e1ba3c1666d9947\",\"name\":\"Assessoria de Imprensa da PMPB\",\"image\":{\"@type\":\"ImageObject\",\"inLanguage\":\"pt-BR\",\"@id\":\"https:\/\/www.pm.pb.gov.br\/portal\/#\/schema\/person\/image\/\",\"url\":\"https:\/\/secure.gravatar.com\/avatar\/2efe197438265d1e90bd98c4c8e1acf8?s=96&d=mm&r=g\",\"contentUrl\":\"https:\/\/secure.gravatar.com\/avatar\/2efe197438265d1e90bd98c4c8e1acf8?s=96&d=mm&r=g\",\"caption\":\"Assessoria de Imprensa da PMPB\"},\"url\":\"https:\/\/www.pm.pb.gov.br\/portal\/author\/assessoria\/\"}]}<\/script>\n<!-- \/ Yoast SEO plugin. -->","yoast_head_json":{"title":"Pol\u00edcia Militar recupera motocicleta roubada e prende suspeitos com arma de fogo em Imaculada - Pol\u00edcia Militar da Para\u00edba","robots":{"index":"index","follow":"follow","max-snippet":"max-snippet:-1","max-image-preview":"max-image-preview:large","max-video-preview":"max-video-preview:-1"},"canonical":"https:\/\/www.pm.pb.gov.br\/portal\/2026\/03\/15\/policia-militar-recupera-motocicleta-roubada-e-prende-suspeitos-com-arma-de-fogo-em-imaculada\/","og_locale":"pt_BR","og_type":"article","og_title":"Pol\u00edcia Militar recupera motocicleta roubada e prende suspeitos com arma de fogo em Imaculada - Pol\u00edcia Militar da Para\u00edba","og_description":"Policiais militares do 20\u00ba BPM prenderam dois suspeitos de roubo e recuperaram uma motocicleta na noite deste s\u00e1bado (14), no","og_url":"https:\/\/www.pm.pb.gov.br\/portal\/2026\/03\/15\/policia-militar-recupera-motocicleta-roubada-e-prende-suspeitos-com-arma-de-fogo-em-imaculada\/","og_site_name":"Pol\u00edcia Militar da Para\u00edba","article_published_time":"2026-03-15T12:16:22+00:00","article_modified_time":"2026-03-15T12:16:24+00:00","og_image":[{"width":1600,"height":890,"url":"http:\/\/www.pm.pb.gov.br\/portal\/wp-content\/uploads\/2026\/03\/WhatsApp-Image-2026-03-15-at-07.12.30-1.jpeg","type":"image\/jpeg"}],"author":"Assessoria de Imprensa da PMPB","twitter_card":"summary_large_image","twitter_misc":{"Escrito por":"Assessoria de Imprensa da PMPB","Est. tempo de leitura":"1 minuto"},"schema":{"@context":"https:\/\/schema.org","@graph":[{"@type":"Article","@id":"https:\/\/www.pm.pb.gov.br\/portal\/2026\/03\/15\/policia-militar-recupera-motocicleta-roubada-e-prende-suspeitos-com-arma-de-fogo-em-imaculada\/#article","isPartOf":{"@id":"https:\/\/www.pm.pb.gov.br\/portal\/2026\/03\/15\/policia-militar-recupera-motocicleta-roubada-e-prende-suspeitos-com-arma-de-fogo-em-imaculada\/"},"author":{"name":"Assessoria de Imprensa da PMPB","@id":"https:\/\/www.pm.pb.gov.br\/portal\/#\/schema\/person\/e8454f46651c3ecf0e1ba3c1666d9947"},"headline":"Pol\u00edcia Militar recupera motocicleta roubada e prende suspeitos com arma de fogo em Imaculada","datePublished":"2026-03-15T12:16:22+00:00","dateModified":"2026-03-15T12:16:24+00:00","mainEntityOfPage":{"@id":"https:\/\/www.pm.pb.gov.br\/portal\/2026\/03\/15\/policia-militar-recupera-motocicleta-roubada-e-prende-suspeitos-com-arma-de-fogo-em-imaculada\/"},"wordCount":158,"publisher":{"@id":"https:\/\/www.pm.pb.gov.br\/portal\/#organization"},"articleSection":["A\u00e7\u00f5es Policiais"],"inLanguage":"pt-BR"},{"@type":"WebPage","@id":"https:\/\/www.pm.pb.gov.br\/portal\/2026\/03\/15\/policia-militar-recupera-motocicleta-roubada-e-prende-suspeitos-com-arma-de-fogo-em-imaculada\/","url":"https:\/\/www.pm.pb.gov.br\/portal\/2026\/03\/15\/policia-militar-recupera-motocicleta-roubada-e-prende-suspeitos-com-arma-de-fogo-em-imaculada\/","name":"Pol\u00edcia Militar recupera motocicleta roubada e prende suspeitos com arma de fogo em Imaculada - Pol\u00edcia Militar da Para\u00edba","isPartOf":{"@id":"https:\/\/www.pm.pb.gov.br\/portal\/#website"},"datePublished":"2026-03-15T12:16:22+00:00","dateModified":"2026-03-15T12:16:24+00:00","breadcrumb":{"@id":"https:\/\/www.pm.pb.gov.br\/portal\/2026\/03\/15\/policia-militar-recupera-motocicleta-roubada-e-prende-suspeitos-com-arma-de-fogo-em-imaculada\/#breadcrumb"},"inLanguage":"pt-BR","potentialAction":[{"@type":"ReadAction","target":["https:\/\/www.pm.pb.gov.br\/portal\/2026\/03\/15\/policia-militar-recupera-motocicleta-roubada-e-prende-suspeitos-com-arma-de-fogo-em-imaculada\/"]}]},{"@type":"BreadcrumbList","@id":"https:\/\/www.pm.pb.gov.br\/portal\/2026\/03\/15\/policia-militar-recupera-motocicleta-roubada-e-prende-suspeitos-com-arma-de-fogo-em-imaculada\/#breadcrumb","itemListElement":[{"@type":"ListItem","position":1,"name":"In\u00edcio","item":"https:\/\/www.pm.pb.gov.br\/portal\/"},{"@type":"ListItem","position":2,"name":"Pol\u00edcia Militar recupera motocicleta roubada e prende suspeitos com arma de fogo em Imaculada"}]},{"@type":"WebSite","@id":"https:\/\/www.pm.pb.gov.br\/portal\/#website","url":"https:\/\/www.pm.pb.gov.br\/portal\/","name":"Pol\u00edcia Militar da Para\u00edba","description":"","publisher":{"@id":"https:\/\/www.pm.pb.gov.br\/portal\/#organization"},"potentialAction":[{"@type":"SearchAction","target":{"@type":"EntryPoint","urlTemplate":"https:\/\/www.pm.pb.gov.br\/portal\/?s={search_term_string}"},"query-input":"required name=search_term_string"}],"inLanguage":"pt-BR"},{"@type":"Organization","@id":"https:\/\/www.pm.pb.gov.br\/portal\/#organization","name":"Pol\u00edcia Militar da Para\u00edba","url":"https:\/\/www.pm.pb.gov.br\/portal\/","logo":{"@type":"ImageObject","inLanguage":"pt-BR","@id":"https:\/\/www.pm.pb.gov.br\/portal\/#\/schema\/logo\/image\/","url":"https:\/\/www.pm.pb.gov.br\/portal\/wp-content\/uploads\/2025\/03\/cropped-logo-site-mag2-1.png","contentUrl":"https:\/\/www.pm.pb.gov.br\/portal\/wp-content\/uploads\/2025\/03\/cropped-logo-site-mag2-1.png","width":320,"height":90,"caption":"Pol\u00edcia Militar da Para\u00edba"},"image":{"@id":"https:\/\/www.pm.pb.gov.br\/portal\/#\/schema\/logo\/image\/"}},{"@type":"Person","@id":"https:\/\/www.pm.pb.gov.br\/portal\/#\/schema\/person\/e8454f46651c3ecf0e1ba3c1666d9947","name":"Assessoria de Imprensa da PMPB","image":{"@type":"ImageObject","inLanguage":"pt-BR","@id":"https:\/\/www.pm.pb.gov.br\/portal\/#\/schema\/person\/image\/","url":"https:\/\/secure.gravatar.com\/avatar\/2efe197438265d1e90bd98c4c8e1acf8?s=96&d=mm&r=g","contentUrl":"https:\/\/secure.gravatar.com\/avatar\/2efe197438265d1e90bd98c4c8e1acf8?s=96&d=mm&r=g","caption":"Assessoria de Imprensa da PMPB"},"url":"https:\/\/www.pm.pb.gov.br\/portal\/author\/assessoria\/"}]}},"_links":{"self":[{"href":"https:\/\/www.pm.pb.gov.br\/portal\/wp-json\/wp\/v2\/posts\/930359"}],"collection":[{"href":"https:\/\/www.pm.pb.gov.br\/portal\/wp-json\/wp\/v2\/posts"}],"about":[{"href":"https:\/\/www.pm.pb.gov.br\/portal\/wp-json\/wp\/v2\/types\/post"}],"author":[{"embeddable":true,"href":"https:\/\/www.pm.pb.gov.br\/portal\/wp-json\/wp\/v2\/users\/5"}],"replies":[{"embeddable":true,"href":"https:\/\/www.pm.pb.gov.br\/portal\/wp-json\/wp\/v2\/comments?post=930359"}],"version-history":[{"count":1,"href":"https:\/\/www.pm.pb.gov.br\/portal\/wp-json\/wp\/v2\/posts\/930359\/revisions"}],"predecessor-version":[{"id":930361,"href":"https:\/\/www.pm.pb.gov.br\/portal\/wp-json\/wp\/v2\/posts\/930359\/revisions\/930361"}],"wp:featuredmedia":[{"embeddable":true,"href":"https:\/\/www.pm.pb.gov.br\/portal\/wp-json\/wp\/v2\/media\/930360"}],"wp:attachment":[{"href":"https:\/\/www.pm.pb.gov.br\/portal\/wp-json\/wp\/v2\/media?parent=930359"}],"wp:term":[{"taxonomy":"category","embeddable":true,"href":"https:\/\/www.pm.pb.gov.br\/portal\/wp-json\/wp\/v2\/categories?post=930359"},{"taxonomy":"post_tag","embeddable":true,"href":"https:\/\/www.pm.pb.gov.br\/portal\/wp-json\/wp\/v2\/tags?post=930359"}],"curies":[{"name":"wp","href":"https:\/\/api.w.org\/{rel}","templated":true}]}}