{"id":930325,"date":"2026-03-13T12:27:55","date_gmt":"2026-03-13T15:27:55","guid":{"rendered":"https:\/\/www.pm.pb.gov.br\/portal\/?p=930325"},"modified":"2026-03-13T12:27:57","modified_gmt":"2026-03-13T15:27:57","slug":"policia-militar-e-forca-integrada-de-combate-ao-crime-organizado-ficco-realizam-operacao-em-itabaiana","status":"publish","type":"post","link":"https:\/\/www.pm.pb.gov.br\/portal\/2026\/03\/13\/policia-militar-e-forca-integrada-de-combate-ao-crime-organizado-ficco-realizam-operacao-em-itabaiana\/","title":{"rendered":"Pol\u00edcia Militar e For\u00e7a Integrada de combate ao crime organizado (ficco) realizam opera\u00e7\u00e3o em Itabaiana"},"content":{"rendered":"A Pol\u00edcia Militar da Para\u00edba, por meio de integra\u00e7\u00e3o entre o Departamento de Intelig\u00eancia (DINTEL) e a For\u00e7a Integrada de Combate ao Crime Organizado (FICCO), cumpriu com a\u00e7\u00e3o do Comando de Opera\u00e7\u00f5es Especiais Policiais (COpEsP), nesta sexta-feira (13), mandado de pris\u00e3o em desfavor de um homem de 23 anos, suspeito de ter participado dos homic\u00eddios ocorridos na zona rural do munic\u00edpio de Itabaiana.<br \/><br \/>O crime, registrado em 1\u00ba de mar\u00e7o, resultou na morte de cinco pessoas \u2014 incluindo dois menores de idade \u2014 e foi caracterizado por elevado grau de viol\u00eancia, com ind\u00edcios de extrema crueldade, dentre os quais a mutila\u00e7\u00e3o de uma das v\u00edtimas.<br \/><br \/>A a\u00e7\u00e3o executada pelo Grupamento de A\u00e7\u00f5es T\u00e1ticas Especiais (GATE) e o Grupamento Especial de Opera\u00e7\u00f5es no Sert\u00e3o e A\u00e7\u00f5es de Comandos (GEOSAC), culminou na localiza\u00e7\u00e3o e deten\u00e7\u00e3o do suspeito, que j\u00e1 possui hist\u00f3rico de condena\u00e7\u00e3o pelo crime de tr\u00e1fico de drogas.<br \/>A pris\u00e3o se d\u00e1 como uma das a\u00e7\u00f5es da Opera\u00e7\u00e3o que vem sendo executada em parceria entre a Pol\u00edcia Militar da Para\u00edba a a For\u00e7a Integrada de Combate ao Crime Organizado (FICCO), para o enfrentamento qualificado \u00e0s organiza\u00e7\u00f5es criminosas na regi\u00e3o de Itabaiana, visando a prote\u00e7\u00e3o da sociedade.<br \/>","protected":false},"excerpt":{"rendered":"<p>A Pol\u00edcia Militar da Para\u00edba, por meio de integra\u00e7\u00e3o entre o Departamento de Intelig\u00eancia (DINTEL) e a For\u00e7a Integrada de<\/p>\n","protected":false},"author":18,"featured_media":930331,"comment_status":"closed","ping_status":"closed","sticky":false,"template":"","format":"standard","meta":{"_exactmetrics_skip_tracking":false,"_exactmetrics_sitenote_active":false,"_exactmetrics_sitenote_note":"","_exactmetrics_sitenote_category":0,"footnotes":""},"categories":[4],"tags":[],"yoast_head":"<!-- This site is optimized with the Yoast SEO plugin v22.0 - https:\/\/yoast.com\/wordpress\/plugins\/seo\/ -->\n<title>Pol\u00edcia Militar e For\u00e7a Integrada de combate ao crime organizado (ficco) realizam opera\u00e7\u00e3o em Itabaiana - Pol\u00edcia Militar da Para\u00edba<\/title>\n<meta name=\"robots\" content=\"index, follow, max-snippet:-1, max-image-preview:large, max-video-preview:-1\" \/>\n<link rel=\"canonical\" href=\"https:\/\/www.pm.pb.gov.br\/portal\/2026\/03\/13\/policia-militar-e-forca-integrada-de-combate-ao-crime-organizado-ficco-realizam-operacao-em-itabaiana\/\" \/>\n<meta property=\"og:locale\" content=\"pt_BR\" \/>\n<meta property=\"og:type\" content=\"article\" \/>\n<meta property=\"og:title\" content=\"Pol\u00edcia Militar e For\u00e7a Integrada de combate ao crime organizado (ficco) realizam opera\u00e7\u00e3o em Itabaiana - Pol\u00edcia Militar da Para\u00edba\" \/>\n<meta property=\"og:description\" content=\"A Pol\u00edcia Militar da Para\u00edba, por meio de integra\u00e7\u00e3o entre o Departamento de Intelig\u00eancia (DINTEL) e a For\u00e7a Integrada de\" \/>\n<meta property=\"og:url\" content=\"https:\/\/www.pm.pb.gov.br\/portal\/2026\/03\/13\/policia-militar-e-forca-integrada-de-combate-ao-crime-organizado-ficco-realizam-operacao-em-itabaiana\/\" \/>\n<meta property=\"og:site_name\" content=\"Pol\u00edcia Militar da Para\u00edba\" \/>\n<meta property=\"article:published_time\" content=\"2026-03-13T15:27:55+00:00\" \/>\n<meta property=\"article:modified_time\" content=\"2026-03-13T15:27:57+00:00\" \/>\n<meta property=\"og:image\" content=\"http:\/\/www.pm.pb.gov.br\/portal\/wp-content\/uploads\/2026\/03\/WhatsApp-Image-2026-03-13-at-8.01.05-AM.jpeg\" \/>\n\t<meta property=\"og:image:width\" content=\"1200\" \/>\n\t<meta property=\"og:image:height\" content=\"1600\" \/>\n\t<meta property=\"og:image:type\" content=\"image\/jpeg\" \/>\n<meta name=\"author\" content=\"Luiz Duarte\" \/>\n<meta name=\"twitter:card\" content=\"summary_large_image\" \/>\n<meta name=\"twitter:label1\" content=\"Escrito por\" \/>\n\t<meta name=\"twitter:data1\" content=\"Luiz Duarte\" \/>\n\t<meta name=\"twitter:label2\" content=\"Est. tempo de leitura\" \/>\n\t<meta name=\"twitter:data2\" content=\"2 minutos\" \/>\n<script type=\"application\/ld+json\" class=\"yoast-schema-graph\">{\"@context\":\"https:\/\/schema.org\",\"@graph\":[{\"@type\":\"Article\",\"@id\":\"https:\/\/www.pm.pb.gov.br\/portal\/2026\/03\/13\/policia-militar-e-forca-integrada-de-combate-ao-crime-organizado-ficco-realizam-operacao-em-itabaiana\/#article\",\"isPartOf\":{\"@id\":\"https:\/\/www.pm.pb.gov.br\/portal\/2026\/03\/13\/policia-militar-e-forca-integrada-de-combate-ao-crime-organizado-ficco-realizam-operacao-em-itabaiana\/\"},\"author\":{\"name\":\"Luiz Duarte\",\"@id\":\"https:\/\/www.pm.pb.gov.br\/portal\/#\/schema\/person\/89dd009e2523c97adf8def1d6cf90ca1\"},\"headline\":\"Pol\u00edcia Militar e For\u00e7a Integrada de combate ao crime organizado (ficco) realizam opera\u00e7\u00e3o em Itabaiana\",\"datePublished\":\"2026-03-13T15:27:55+00:00\",\"dateModified\":\"2026-03-13T15:27:57+00:00\",\"mainEntityOfPage\":{\"@id\":\"https:\/\/www.pm.pb.gov.br\/portal\/2026\/03\/13\/policia-militar-e-forca-integrada-de-combate-ao-crime-organizado-ficco-realizam-operacao-em-itabaiana\/\"},\"wordCount\":243,\"publisher\":{\"@id\":\"https:\/\/www.pm.pb.gov.br\/portal\/#organization\"},\"articleSection\":[\"A\u00e7\u00f5es Policiais\"],\"inLanguage\":\"pt-BR\"},{\"@type\":\"WebPage\",\"@id\":\"https:\/\/www.pm.pb.gov.br\/portal\/2026\/03\/13\/policia-militar-e-forca-integrada-de-combate-ao-crime-organizado-ficco-realizam-operacao-em-itabaiana\/\",\"url\":\"https:\/\/www.pm.pb.gov.br\/portal\/2026\/03\/13\/policia-militar-e-forca-integrada-de-combate-ao-crime-organizado-ficco-realizam-operacao-em-itabaiana\/\",\"name\":\"Pol\u00edcia Militar e For\u00e7a Integrada de combate ao crime organizado (ficco) realizam opera\u00e7\u00e3o em Itabaiana - Pol\u00edcia Militar da Para\u00edba\",\"isPartOf\":{\"@id\":\"https:\/\/www.pm.pb.gov.br\/portal\/#website\"},\"datePublished\":\"2026-03-13T15:27:55+00:00\",\"dateModified\":\"2026-03-13T15:27:57+00:00\",\"breadcrumb\":{\"@id\":\"https:\/\/www.pm.pb.gov.br\/portal\/2026\/03\/13\/policia-militar-e-forca-integrada-de-combate-ao-crime-organizado-ficco-realizam-operacao-em-itabaiana\/#breadcrumb\"},\"inLanguage\":\"pt-BR\",\"potentialAction\":[{\"@type\":\"ReadAction\",\"target\":[\"https:\/\/www.pm.pb.gov.br\/portal\/2026\/03\/13\/policia-militar-e-forca-integrada-de-combate-ao-crime-organizado-ficco-realizam-operacao-em-itabaiana\/\"]}]},{\"@type\":\"BreadcrumbList\",\"@id\":\"https:\/\/www.pm.pb.gov.br\/portal\/2026\/03\/13\/policia-militar-e-forca-integrada-de-combate-ao-crime-organizado-ficco-realizam-operacao-em-itabaiana\/#breadcrumb\",\"itemListElement\":[{\"@type\":\"ListItem\",\"position\":1,\"name\":\"In\u00edcio\",\"item\":\"https:\/\/www.pm.pb.gov.br\/portal\/\"},{\"@type\":\"ListItem\",\"position\":2,\"name\":\"Pol\u00edcia Militar e For\u00e7a Integrada de combate ao crime organizado (ficco) realizam opera\u00e7\u00e3o em Itabaiana\"}]},{\"@type\":\"WebSite\",\"@id\":\"https:\/\/www.pm.pb.gov.br\/portal\/#website\",\"url\":\"https:\/\/www.pm.pb.gov.br\/portal\/\",\"name\":\"Pol\u00edcia Militar da Para\u00edba\",\"description\":\"\",\"publisher\":{\"@id\":\"https:\/\/www.pm.pb.gov.br\/portal\/#organization\"},\"potentialAction\":[{\"@type\":\"SearchAction\",\"target\":{\"@type\":\"EntryPoint\",\"urlTemplate\":\"https:\/\/www.pm.pb.gov.br\/portal\/?s={search_term_string}\"},\"query-input\":\"required name=search_term_string\"}],\"inLanguage\":\"pt-BR\"},{\"@type\":\"Organization\",\"@id\":\"https:\/\/www.pm.pb.gov.br\/portal\/#organization\",\"name\":\"Pol\u00edcia Militar da Para\u00edba\",\"url\":\"https:\/\/www.pm.pb.gov.br\/portal\/\",\"logo\":{\"@type\":\"ImageObject\",\"inLanguage\":\"pt-BR\",\"@id\":\"https:\/\/www.pm.pb.gov.br\/portal\/#\/schema\/logo\/image\/\",\"url\":\"https:\/\/www.pm.pb.gov.br\/portal\/wp-content\/uploads\/2025\/03\/cropped-logo-site-mag2-1.png\",\"contentUrl\":\"https:\/\/www.pm.pb.gov.br\/portal\/wp-content\/uploads\/2025\/03\/cropped-logo-site-mag2-1.png\",\"width\":320,\"height\":90,\"caption\":\"Pol\u00edcia Militar da Para\u00edba\"},\"image\":{\"@id\":\"https:\/\/www.pm.pb.gov.br\/portal\/#\/schema\/logo\/image\/\"}},{\"@type\":\"Person\",\"@id\":\"https:\/\/www.pm.pb.gov.br\/portal\/#\/schema\/person\/89dd009e2523c97adf8def1d6cf90ca1\",\"name\":\"Luiz Duarte\",\"image\":{\"@type\":\"ImageObject\",\"inLanguage\":\"pt-BR\",\"@id\":\"https:\/\/www.pm.pb.gov.br\/portal\/#\/schema\/person\/image\/\",\"url\":\"https:\/\/secure.gravatar.com\/avatar\/ce5539b97246ef4d24dd039a3f64145b?s=96&d=mm&r=g\",\"contentUrl\":\"https:\/\/secure.gravatar.com\/avatar\/ce5539b97246ef4d24dd039a3f64145b?s=96&d=mm&r=g\",\"caption\":\"Luiz Duarte\"},\"url\":\"https:\/\/www.pm.pb.gov.br\/portal\/author\/luiz\/\"}]}<\/script>\n<!-- \/ Yoast SEO plugin. -->","yoast_head_json":{"title":"Pol\u00edcia Militar e For\u00e7a Integrada de combate ao crime organizado (ficco) realizam opera\u00e7\u00e3o em Itabaiana - Pol\u00edcia Militar da Para\u00edba","robots":{"index":"index","follow":"follow","max-snippet":"max-snippet:-1","max-image-preview":"max-image-preview:large","max-video-preview":"max-video-preview:-1"},"canonical":"https:\/\/www.pm.pb.gov.br\/portal\/2026\/03\/13\/policia-militar-e-forca-integrada-de-combate-ao-crime-organizado-ficco-realizam-operacao-em-itabaiana\/","og_locale":"pt_BR","og_type":"article","og_title":"Pol\u00edcia Militar e For\u00e7a Integrada de combate ao crime organizado (ficco) realizam opera\u00e7\u00e3o em Itabaiana - Pol\u00edcia Militar da Para\u00edba","og_description":"A Pol\u00edcia Militar da Para\u00edba, por meio de integra\u00e7\u00e3o entre o Departamento de Intelig\u00eancia (DINTEL) e a For\u00e7a Integrada de","og_url":"https:\/\/www.pm.pb.gov.br\/portal\/2026\/03\/13\/policia-militar-e-forca-integrada-de-combate-ao-crime-organizado-ficco-realizam-operacao-em-itabaiana\/","og_site_name":"Pol\u00edcia Militar da Para\u00edba","article_published_time":"2026-03-13T15:27:55+00:00","article_modified_time":"2026-03-13T15:27:57+00:00","og_image":[{"width":1200,"height":1600,"url":"http:\/\/www.pm.pb.gov.br\/portal\/wp-content\/uploads\/2026\/03\/WhatsApp-Image-2026-03-13-at-8.01.05-AM.jpeg","type":"image\/jpeg"}],"author":"Luiz Duarte","twitter_card":"summary_large_image","twitter_misc":{"Escrito por":"Luiz Duarte","Est. tempo de leitura":"2 minutos"},"schema":{"@context":"https:\/\/schema.org","@graph":[{"@type":"Article","@id":"https:\/\/www.pm.pb.gov.br\/portal\/2026\/03\/13\/policia-militar-e-forca-integrada-de-combate-ao-crime-organizado-ficco-realizam-operacao-em-itabaiana\/#article","isPartOf":{"@id":"https:\/\/www.pm.pb.gov.br\/portal\/2026\/03\/13\/policia-militar-e-forca-integrada-de-combate-ao-crime-organizado-ficco-realizam-operacao-em-itabaiana\/"},"author":{"name":"Luiz Duarte","@id":"https:\/\/www.pm.pb.gov.br\/portal\/#\/schema\/person\/89dd009e2523c97adf8def1d6cf90ca1"},"headline":"Pol\u00edcia Militar e For\u00e7a Integrada de combate ao crime organizado (ficco) realizam opera\u00e7\u00e3o em Itabaiana","datePublished":"2026-03-13T15:27:55+00:00","dateModified":"2026-03-13T15:27:57+00:00","mainEntityOfPage":{"@id":"https:\/\/www.pm.pb.gov.br\/portal\/2026\/03\/13\/policia-militar-e-forca-integrada-de-combate-ao-crime-organizado-ficco-realizam-operacao-em-itabaiana\/"},"wordCount":243,"publisher":{"@id":"https:\/\/www.pm.pb.gov.br\/portal\/#organization"},"articleSection":["A\u00e7\u00f5es Policiais"],"inLanguage":"pt-BR"},{"@type":"WebPage","@id":"https:\/\/www.pm.pb.gov.br\/portal\/2026\/03\/13\/policia-militar-e-forca-integrada-de-combate-ao-crime-organizado-ficco-realizam-operacao-em-itabaiana\/","url":"https:\/\/www.pm.pb.gov.br\/portal\/2026\/03\/13\/policia-militar-e-forca-integrada-de-combate-ao-crime-organizado-ficco-realizam-operacao-em-itabaiana\/","name":"Pol\u00edcia Militar e For\u00e7a Integrada de combate ao crime organizado (ficco) realizam opera\u00e7\u00e3o em Itabaiana - Pol\u00edcia Militar da Para\u00edba","isPartOf":{"@id":"https:\/\/www.pm.pb.gov.br\/portal\/#website"},"datePublished":"2026-03-13T15:27:55+00:00","dateModified":"2026-03-13T15:27:57+00:00","breadcrumb":{"@id":"https:\/\/www.pm.pb.gov.br\/portal\/2026\/03\/13\/policia-militar-e-forca-integrada-de-combate-ao-crime-organizado-ficco-realizam-operacao-em-itabaiana\/#breadcrumb"},"inLanguage":"pt-BR","potentialAction":[{"@type":"ReadAction","target":["https:\/\/www.pm.pb.gov.br\/portal\/2026\/03\/13\/policia-militar-e-forca-integrada-de-combate-ao-crime-organizado-ficco-realizam-operacao-em-itabaiana\/"]}]},{"@type":"BreadcrumbList","@id":"https:\/\/www.pm.pb.gov.br\/portal\/2026\/03\/13\/policia-militar-e-forca-integrada-de-combate-ao-crime-organizado-ficco-realizam-operacao-em-itabaiana\/#breadcrumb","itemListElement":[{"@type":"ListItem","position":1,"name":"In\u00edcio","item":"https:\/\/www.pm.pb.gov.br\/portal\/"},{"@type":"ListItem","position":2,"name":"Pol\u00edcia Militar e For\u00e7a Integrada de combate ao crime organizado (ficco) realizam opera\u00e7\u00e3o em Itabaiana"}]},{"@type":"WebSite","@id":"https:\/\/www.pm.pb.gov.br\/portal\/#website","url":"https:\/\/www.pm.pb.gov.br\/portal\/","name":"Pol\u00edcia Militar da Para\u00edba","description":"","publisher":{"@id":"https:\/\/www.pm.pb.gov.br\/portal\/#organization"},"potentialAction":[{"@type":"SearchAction","target":{"@type":"EntryPoint","urlTemplate":"https:\/\/www.pm.pb.gov.br\/portal\/?s={search_term_string}"},"query-input":"required name=search_term_string"}],"inLanguage":"pt-BR"},{"@type":"Organization","@id":"https:\/\/www.pm.pb.gov.br\/portal\/#organization","name":"Pol\u00edcia Militar da Para\u00edba","url":"https:\/\/www.pm.pb.gov.br\/portal\/","logo":{"@type":"ImageObject","inLanguage":"pt-BR","@id":"https:\/\/www.pm.pb.gov.br\/portal\/#\/schema\/logo\/image\/","url":"https:\/\/www.pm.pb.gov.br\/portal\/wp-content\/uploads\/2025\/03\/cropped-logo-site-mag2-1.png","contentUrl":"https:\/\/www.pm.pb.gov.br\/portal\/wp-content\/uploads\/2025\/03\/cropped-logo-site-mag2-1.png","width":320,"height":90,"caption":"Pol\u00edcia Militar da Para\u00edba"},"image":{"@id":"https:\/\/www.pm.pb.gov.br\/portal\/#\/schema\/logo\/image\/"}},{"@type":"Person","@id":"https:\/\/www.pm.pb.gov.br\/portal\/#\/schema\/person\/89dd009e2523c97adf8def1d6cf90ca1","name":"Luiz Duarte","image":{"@type":"ImageObject","inLanguage":"pt-BR","@id":"https:\/\/www.pm.pb.gov.br\/portal\/#\/schema\/person\/image\/","url":"https:\/\/secure.gravatar.com\/avatar\/ce5539b97246ef4d24dd039a3f64145b?s=96&d=mm&r=g","contentUrl":"https:\/\/secure.gravatar.com\/avatar\/ce5539b97246ef4d24dd039a3f64145b?s=96&d=mm&r=g","caption":"Luiz Duarte"},"url":"https:\/\/www.pm.pb.gov.br\/portal\/author\/luiz\/"}]}},"_links":{"self":[{"href":"https:\/\/www.pm.pb.gov.br\/portal\/wp-json\/wp\/v2\/posts\/930325"}],"collection":[{"href":"https:\/\/www.pm.pb.gov.br\/portal\/wp-json\/wp\/v2\/posts"}],"about":[{"href":"https:\/\/www.pm.pb.gov.br\/portal\/wp-json\/wp\/v2\/types\/post"}],"author":[{"embeddable":true,"href":"https:\/\/www.pm.pb.gov.br\/portal\/wp-json\/wp\/v2\/users\/18"}],"replies":[{"embeddable":true,"href":"https:\/\/www.pm.pb.gov.br\/portal\/wp-json\/wp\/v2\/comments?post=930325"}],"version-history":[{"count":1,"href":"https:\/\/www.pm.pb.gov.br\/portal\/wp-json\/wp\/v2\/posts\/930325\/revisions"}],"predecessor-version":[{"id":930329,"href":"https:\/\/www.pm.pb.gov.br\/portal\/wp-json\/wp\/v2\/posts\/930325\/revisions\/930329"}],"wp:featuredmedia":[{"embeddable":true,"href":"https:\/\/www.pm.pb.gov.br\/portal\/wp-json\/wp\/v2\/media\/930331"}],"wp:attachment":[{"href":"https:\/\/www.pm.pb.gov.br\/portal\/wp-json\/wp\/v2\/media?parent=930325"}],"wp:term":[{"taxonomy":"category","embeddable":true,"href":"https:\/\/www.pm.pb.gov.br\/portal\/wp-json\/wp\/v2\/categories?post=930325"},{"taxonomy":"post_tag","embeddable":true,"href":"https:\/\/www.pm.pb.gov.br\/portal\/wp-json\/wp\/v2\/tags?post=930325"}],"curies":[{"name":"wp","href":"https:\/\/api.w.org\/{rel}","templated":true}]}}