{"id":930284,"date":"2026-03-09T09:40:45","date_gmt":"2026-03-09T12:40:45","guid":{"rendered":"https:\/\/www.pm.pb.gov.br\/portal\/?p=930284"},"modified":"2026-03-09T09:40:47","modified_gmt":"2026-03-09T12:40:47","slug":"policia-militar-prende-trio-suspeito-de-trafico-de-drogas-na-cidade-de-santa-rita","status":"publish","type":"post","link":"https:\/\/www.pm.pb.gov.br\/portal\/2026\/03\/09\/policia-militar-prende-trio-suspeito-de-trafico-de-drogas-na-cidade-de-santa-rita\/","title":{"rendered":"Pol\u00edcia Militar prende trio suspeito de tr\u00e1fico de drogas na cidade de Santa Rita"},"content":{"rendered":"A Pol\u00edcia Militar prendeu, nesse domingo (8), tr\u00eas suspeitos de atuarem no tr\u00e1fico de drogas, no distrito de Lerol\u00e2ndia, em Santa Rita. Equipes da For\u00e7a T\u00e1tica do 7\u00ba Batalh\u00e3o apreenderam com os acusados mais de 100 embalagens com drogas dos tipos maconha e crack, tr\u00eas r\u00e1dios comunicadores e uma base para carregar os equipamentos.<br \/><br \/>Os tr\u00eas acusados foram localizados durante incurs\u00e3o, ap\u00f3s informa\u00e7\u00f5es sobre a movimenta\u00e7\u00e3o do tr\u00e1fico que estaria acontecendo na localidade. Os presos foram levados para a 6\u00aa Delegacia Distrital, em Santa Rita.<br \/>","protected":false},"excerpt":{"rendered":"<p>A Pol\u00edcia Militar prendeu, nesse domingo (8), tr\u00eas suspeitos de atuarem no tr\u00e1fico de drogas, no distrito de Lerol\u00e2ndia, em<\/p>\n","protected":false},"author":18,"featured_media":930290,"comment_status":"closed","ping_status":"closed","sticky":false,"template":"","format":"standard","meta":{"_exactmetrics_skip_tracking":false,"_exactmetrics_sitenote_active":false,"_exactmetrics_sitenote_note":"","_exactmetrics_sitenote_category":0,"footnotes":""},"categories":[4],"tags":[],"yoast_head":"<!-- This site is optimized with the Yoast SEO plugin v22.0 - https:\/\/yoast.com\/wordpress\/plugins\/seo\/ -->\n<title>Pol\u00edcia Militar prende trio suspeito de tr\u00e1fico de drogas na cidade de Santa Rita - Pol\u00edcia Militar da Para\u00edba<\/title>\n<meta name=\"robots\" content=\"index, follow, max-snippet:-1, max-image-preview:large, max-video-preview:-1\" \/>\n<link rel=\"canonical\" href=\"https:\/\/www.pm.pb.gov.br\/portal\/2026\/03\/09\/policia-militar-prende-trio-suspeito-de-trafico-de-drogas-na-cidade-de-santa-rita\/\" \/>\n<meta property=\"og:locale\" content=\"pt_BR\" \/>\n<meta property=\"og:type\" content=\"article\" \/>\n<meta property=\"og:title\" content=\"Pol\u00edcia Militar prende trio suspeito de tr\u00e1fico de drogas na cidade de Santa Rita - Pol\u00edcia Militar da Para\u00edba\" \/>\n<meta property=\"og:description\" content=\"A Pol\u00edcia Militar prendeu, nesse domingo (8), tr\u00eas suspeitos de atuarem no tr\u00e1fico de drogas, no distrito de Lerol\u00e2ndia, em\" \/>\n<meta property=\"og:url\" content=\"https:\/\/www.pm.pb.gov.br\/portal\/2026\/03\/09\/policia-militar-prende-trio-suspeito-de-trafico-de-drogas-na-cidade-de-santa-rita\/\" \/>\n<meta property=\"og:site_name\" content=\"Pol\u00edcia Militar da Para\u00edba\" \/>\n<meta property=\"article:published_time\" content=\"2026-03-09T12:40:45+00:00\" \/>\n<meta property=\"article:modified_time\" content=\"2026-03-09T12:40:47+00:00\" \/>\n<meta property=\"og:image\" content=\"http:\/\/www.pm.pb.gov.br\/portal\/wp-content\/uploads\/2026\/03\/WhatsApp-Image-2026-03-09-at-8.27.00-AM.jpeg\" \/>\n\t<meta property=\"og:image:width\" content=\"720\" \/>\n\t<meta property=\"og:image:height\" content=\"1280\" \/>\n\t<meta property=\"og:image:type\" content=\"image\/jpeg\" \/>\n<meta name=\"author\" content=\"Luiz Duarte\" \/>\n<meta name=\"twitter:card\" content=\"summary_large_image\" \/>\n<meta name=\"twitter:label1\" content=\"Escrito por\" \/>\n\t<meta name=\"twitter:data1\" content=\"Luiz Duarte\" \/>\n\t<meta name=\"twitter:label2\" content=\"Est. tempo de leitura\" \/>\n\t<meta name=\"twitter:data2\" content=\"1 minuto\" \/>\n<script type=\"application\/ld+json\" class=\"yoast-schema-graph\">{\"@context\":\"https:\/\/schema.org\",\"@graph\":[{\"@type\":\"Article\",\"@id\":\"https:\/\/www.pm.pb.gov.br\/portal\/2026\/03\/09\/policia-militar-prende-trio-suspeito-de-trafico-de-drogas-na-cidade-de-santa-rita\/#article\",\"isPartOf\":{\"@id\":\"https:\/\/www.pm.pb.gov.br\/portal\/2026\/03\/09\/policia-militar-prende-trio-suspeito-de-trafico-de-drogas-na-cidade-de-santa-rita\/\"},\"author\":{\"name\":\"Luiz Duarte\",\"@id\":\"https:\/\/www.pm.pb.gov.br\/portal\/#\/schema\/person\/89dd009e2523c97adf8def1d6cf90ca1\"},\"headline\":\"Pol\u00edcia Militar prende trio suspeito de tr\u00e1fico de drogas na cidade de Santa Rita\",\"datePublished\":\"2026-03-09T12:40:45+00:00\",\"dateModified\":\"2026-03-09T12:40:47+00:00\",\"mainEntityOfPage\":{\"@id\":\"https:\/\/www.pm.pb.gov.br\/portal\/2026\/03\/09\/policia-militar-prende-trio-suspeito-de-trafico-de-drogas-na-cidade-de-santa-rita\/\"},\"wordCount\":112,\"publisher\":{\"@id\":\"https:\/\/www.pm.pb.gov.br\/portal\/#organization\"},\"articleSection\":[\"A\u00e7\u00f5es Policiais\"],\"inLanguage\":\"pt-BR\"},{\"@type\":\"WebPage\",\"@id\":\"https:\/\/www.pm.pb.gov.br\/portal\/2026\/03\/09\/policia-militar-prende-trio-suspeito-de-trafico-de-drogas-na-cidade-de-santa-rita\/\",\"url\":\"https:\/\/www.pm.pb.gov.br\/portal\/2026\/03\/09\/policia-militar-prende-trio-suspeito-de-trafico-de-drogas-na-cidade-de-santa-rita\/\",\"name\":\"Pol\u00edcia Militar prende trio suspeito de tr\u00e1fico de drogas na cidade de Santa Rita - Pol\u00edcia Militar da Para\u00edba\",\"isPartOf\":{\"@id\":\"https:\/\/www.pm.pb.gov.br\/portal\/#website\"},\"datePublished\":\"2026-03-09T12:40:45+00:00\",\"dateModified\":\"2026-03-09T12:40:47+00:00\",\"breadcrumb\":{\"@id\":\"https:\/\/www.pm.pb.gov.br\/portal\/2026\/03\/09\/policia-militar-prende-trio-suspeito-de-trafico-de-drogas-na-cidade-de-santa-rita\/#breadcrumb\"},\"inLanguage\":\"pt-BR\",\"potentialAction\":[{\"@type\":\"ReadAction\",\"target\":[\"https:\/\/www.pm.pb.gov.br\/portal\/2026\/03\/09\/policia-militar-prende-trio-suspeito-de-trafico-de-drogas-na-cidade-de-santa-rita\/\"]}]},{\"@type\":\"BreadcrumbList\",\"@id\":\"https:\/\/www.pm.pb.gov.br\/portal\/2026\/03\/09\/policia-militar-prende-trio-suspeito-de-trafico-de-drogas-na-cidade-de-santa-rita\/#breadcrumb\",\"itemListElement\":[{\"@type\":\"ListItem\",\"position\":1,\"name\":\"In\u00edcio\",\"item\":\"https:\/\/www.pm.pb.gov.br\/portal\/\"},{\"@type\":\"ListItem\",\"position\":2,\"name\":\"Pol\u00edcia Militar prende trio suspeito de tr\u00e1fico de drogas na cidade de Santa Rita\"}]},{\"@type\":\"WebSite\",\"@id\":\"https:\/\/www.pm.pb.gov.br\/portal\/#website\",\"url\":\"https:\/\/www.pm.pb.gov.br\/portal\/\",\"name\":\"Pol\u00edcia Militar da Para\u00edba\",\"description\":\"\",\"publisher\":{\"@id\":\"https:\/\/www.pm.pb.gov.br\/portal\/#organization\"},\"potentialAction\":[{\"@type\":\"SearchAction\",\"target\":{\"@type\":\"EntryPoint\",\"urlTemplate\":\"https:\/\/www.pm.pb.gov.br\/portal\/?s={search_term_string}\"},\"query-input\":\"required name=search_term_string\"}],\"inLanguage\":\"pt-BR\"},{\"@type\":\"Organization\",\"@id\":\"https:\/\/www.pm.pb.gov.br\/portal\/#organization\",\"name\":\"Pol\u00edcia Militar da Para\u00edba\",\"url\":\"https:\/\/www.pm.pb.gov.br\/portal\/\",\"logo\":{\"@type\":\"ImageObject\",\"inLanguage\":\"pt-BR\",\"@id\":\"https:\/\/www.pm.pb.gov.br\/portal\/#\/schema\/logo\/image\/\",\"url\":\"https:\/\/www.pm.pb.gov.br\/portal\/wp-content\/uploads\/2025\/03\/cropped-logo-site-mag2-1.png\",\"contentUrl\":\"https:\/\/www.pm.pb.gov.br\/portal\/wp-content\/uploads\/2025\/03\/cropped-logo-site-mag2-1.png\",\"width\":320,\"height\":90,\"caption\":\"Pol\u00edcia Militar da Para\u00edba\"},\"image\":{\"@id\":\"https:\/\/www.pm.pb.gov.br\/portal\/#\/schema\/logo\/image\/\"}},{\"@type\":\"Person\",\"@id\":\"https:\/\/www.pm.pb.gov.br\/portal\/#\/schema\/person\/89dd009e2523c97adf8def1d6cf90ca1\",\"name\":\"Luiz Duarte\",\"image\":{\"@type\":\"ImageObject\",\"inLanguage\":\"pt-BR\",\"@id\":\"https:\/\/www.pm.pb.gov.br\/portal\/#\/schema\/person\/image\/\",\"url\":\"https:\/\/secure.gravatar.com\/avatar\/ce5539b97246ef4d24dd039a3f64145b?s=96&d=mm&r=g\",\"contentUrl\":\"https:\/\/secure.gravatar.com\/avatar\/ce5539b97246ef4d24dd039a3f64145b?s=96&d=mm&r=g\",\"caption\":\"Luiz Duarte\"},\"url\":\"https:\/\/www.pm.pb.gov.br\/portal\/author\/luiz\/\"}]}<\/script>\n<!-- \/ Yoast SEO plugin. -->","yoast_head_json":{"title":"Pol\u00edcia Militar prende trio suspeito de tr\u00e1fico de drogas na cidade de Santa Rita - Pol\u00edcia Militar da Para\u00edba","robots":{"index":"index","follow":"follow","max-snippet":"max-snippet:-1","max-image-preview":"max-image-preview:large","max-video-preview":"max-video-preview:-1"},"canonical":"https:\/\/www.pm.pb.gov.br\/portal\/2026\/03\/09\/policia-militar-prende-trio-suspeito-de-trafico-de-drogas-na-cidade-de-santa-rita\/","og_locale":"pt_BR","og_type":"article","og_title":"Pol\u00edcia Militar prende trio suspeito de tr\u00e1fico de drogas na cidade de Santa Rita - Pol\u00edcia Militar da Para\u00edba","og_description":"A Pol\u00edcia Militar prendeu, nesse domingo (8), tr\u00eas suspeitos de atuarem no tr\u00e1fico de drogas, no distrito de Lerol\u00e2ndia, em","og_url":"https:\/\/www.pm.pb.gov.br\/portal\/2026\/03\/09\/policia-militar-prende-trio-suspeito-de-trafico-de-drogas-na-cidade-de-santa-rita\/","og_site_name":"Pol\u00edcia Militar da Para\u00edba","article_published_time":"2026-03-09T12:40:45+00:00","article_modified_time":"2026-03-09T12:40:47+00:00","og_image":[{"width":720,"height":1280,"url":"http:\/\/www.pm.pb.gov.br\/portal\/wp-content\/uploads\/2026\/03\/WhatsApp-Image-2026-03-09-at-8.27.00-AM.jpeg","type":"image\/jpeg"}],"author":"Luiz Duarte","twitter_card":"summary_large_image","twitter_misc":{"Escrito por":"Luiz Duarte","Est. tempo de leitura":"1 minuto"},"schema":{"@context":"https:\/\/schema.org","@graph":[{"@type":"Article","@id":"https:\/\/www.pm.pb.gov.br\/portal\/2026\/03\/09\/policia-militar-prende-trio-suspeito-de-trafico-de-drogas-na-cidade-de-santa-rita\/#article","isPartOf":{"@id":"https:\/\/www.pm.pb.gov.br\/portal\/2026\/03\/09\/policia-militar-prende-trio-suspeito-de-trafico-de-drogas-na-cidade-de-santa-rita\/"},"author":{"name":"Luiz Duarte","@id":"https:\/\/www.pm.pb.gov.br\/portal\/#\/schema\/person\/89dd009e2523c97adf8def1d6cf90ca1"},"headline":"Pol\u00edcia Militar prende trio suspeito de tr\u00e1fico de drogas na cidade de Santa Rita","datePublished":"2026-03-09T12:40:45+00:00","dateModified":"2026-03-09T12:40:47+00:00","mainEntityOfPage":{"@id":"https:\/\/www.pm.pb.gov.br\/portal\/2026\/03\/09\/policia-militar-prende-trio-suspeito-de-trafico-de-drogas-na-cidade-de-santa-rita\/"},"wordCount":112,"publisher":{"@id":"https:\/\/www.pm.pb.gov.br\/portal\/#organization"},"articleSection":["A\u00e7\u00f5es Policiais"],"inLanguage":"pt-BR"},{"@type":"WebPage","@id":"https:\/\/www.pm.pb.gov.br\/portal\/2026\/03\/09\/policia-militar-prende-trio-suspeito-de-trafico-de-drogas-na-cidade-de-santa-rita\/","url":"https:\/\/www.pm.pb.gov.br\/portal\/2026\/03\/09\/policia-militar-prende-trio-suspeito-de-trafico-de-drogas-na-cidade-de-santa-rita\/","name":"Pol\u00edcia Militar prende trio suspeito de tr\u00e1fico de drogas na cidade de Santa Rita - Pol\u00edcia Militar da Para\u00edba","isPartOf":{"@id":"https:\/\/www.pm.pb.gov.br\/portal\/#website"},"datePublished":"2026-03-09T12:40:45+00:00","dateModified":"2026-03-09T12:40:47+00:00","breadcrumb":{"@id":"https:\/\/www.pm.pb.gov.br\/portal\/2026\/03\/09\/policia-militar-prende-trio-suspeito-de-trafico-de-drogas-na-cidade-de-santa-rita\/#breadcrumb"},"inLanguage":"pt-BR","potentialAction":[{"@type":"ReadAction","target":["https:\/\/www.pm.pb.gov.br\/portal\/2026\/03\/09\/policia-militar-prende-trio-suspeito-de-trafico-de-drogas-na-cidade-de-santa-rita\/"]}]},{"@type":"BreadcrumbList","@id":"https:\/\/www.pm.pb.gov.br\/portal\/2026\/03\/09\/policia-militar-prende-trio-suspeito-de-trafico-de-drogas-na-cidade-de-santa-rita\/#breadcrumb","itemListElement":[{"@type":"ListItem","position":1,"name":"In\u00edcio","item":"https:\/\/www.pm.pb.gov.br\/portal\/"},{"@type":"ListItem","position":2,"name":"Pol\u00edcia Militar prende trio suspeito de tr\u00e1fico de drogas na cidade de Santa Rita"}]},{"@type":"WebSite","@id":"https:\/\/www.pm.pb.gov.br\/portal\/#website","url":"https:\/\/www.pm.pb.gov.br\/portal\/","name":"Pol\u00edcia Militar da Para\u00edba","description":"","publisher":{"@id":"https:\/\/www.pm.pb.gov.br\/portal\/#organization"},"potentialAction":[{"@type":"SearchAction","target":{"@type":"EntryPoint","urlTemplate":"https:\/\/www.pm.pb.gov.br\/portal\/?s={search_term_string}"},"query-input":"required name=search_term_string"}],"inLanguage":"pt-BR"},{"@type":"Organization","@id":"https:\/\/www.pm.pb.gov.br\/portal\/#organization","name":"Pol\u00edcia Militar da Para\u00edba","url":"https:\/\/www.pm.pb.gov.br\/portal\/","logo":{"@type":"ImageObject","inLanguage":"pt-BR","@id":"https:\/\/www.pm.pb.gov.br\/portal\/#\/schema\/logo\/image\/","url":"https:\/\/www.pm.pb.gov.br\/portal\/wp-content\/uploads\/2025\/03\/cropped-logo-site-mag2-1.png","contentUrl":"https:\/\/www.pm.pb.gov.br\/portal\/wp-content\/uploads\/2025\/03\/cropped-logo-site-mag2-1.png","width":320,"height":90,"caption":"Pol\u00edcia Militar da Para\u00edba"},"image":{"@id":"https:\/\/www.pm.pb.gov.br\/portal\/#\/schema\/logo\/image\/"}},{"@type":"Person","@id":"https:\/\/www.pm.pb.gov.br\/portal\/#\/schema\/person\/89dd009e2523c97adf8def1d6cf90ca1","name":"Luiz Duarte","image":{"@type":"ImageObject","inLanguage":"pt-BR","@id":"https:\/\/www.pm.pb.gov.br\/portal\/#\/schema\/person\/image\/","url":"https:\/\/secure.gravatar.com\/avatar\/ce5539b97246ef4d24dd039a3f64145b?s=96&d=mm&r=g","contentUrl":"https:\/\/secure.gravatar.com\/avatar\/ce5539b97246ef4d24dd039a3f64145b?s=96&d=mm&r=g","caption":"Luiz Duarte"},"url":"https:\/\/www.pm.pb.gov.br\/portal\/author\/luiz\/"}]}},"_links":{"self":[{"href":"https:\/\/www.pm.pb.gov.br\/portal\/wp-json\/wp\/v2\/posts\/930284"}],"collection":[{"href":"https:\/\/www.pm.pb.gov.br\/portal\/wp-json\/wp\/v2\/posts"}],"about":[{"href":"https:\/\/www.pm.pb.gov.br\/portal\/wp-json\/wp\/v2\/types\/post"}],"author":[{"embeddable":true,"href":"https:\/\/www.pm.pb.gov.br\/portal\/wp-json\/wp\/v2\/users\/18"}],"replies":[{"embeddable":true,"href":"https:\/\/www.pm.pb.gov.br\/portal\/wp-json\/wp\/v2\/comments?post=930284"}],"version-history":[{"count":1,"href":"https:\/\/www.pm.pb.gov.br\/portal\/wp-json\/wp\/v2\/posts\/930284\/revisions"}],"predecessor-version":[{"id":930288,"href":"https:\/\/www.pm.pb.gov.br\/portal\/wp-json\/wp\/v2\/posts\/930284\/revisions\/930288"}],"wp:featuredmedia":[{"embeddable":true,"href":"https:\/\/www.pm.pb.gov.br\/portal\/wp-json\/wp\/v2\/media\/930290"}],"wp:attachment":[{"href":"https:\/\/www.pm.pb.gov.br\/portal\/wp-json\/wp\/v2\/media?parent=930284"}],"wp:term":[{"taxonomy":"category","embeddable":true,"href":"https:\/\/www.pm.pb.gov.br\/portal\/wp-json\/wp\/v2\/categories?post=930284"},{"taxonomy":"post_tag","embeddable":true,"href":"https:\/\/www.pm.pb.gov.br\/portal\/wp-json\/wp\/v2\/tags?post=930284"}],"curies":[{"name":"wp","href":"https:\/\/api.w.org\/{rel}","templated":true}]}}