{"id":930280,"date":"2026-03-09T09:01:08","date_gmt":"2026-03-09T12:01:08","guid":{"rendered":"https:\/\/www.pm.pb.gov.br\/portal\/?p=930280"},"modified":"2026-03-09T09:01:11","modified_gmt":"2026-03-09T12:01:11","slug":"operacoes-em-itabaiana-resultam-na-apreensao-de-cinco-armas-de-fogo-no-fim-de-semana","status":"publish","type":"post","link":"https:\/\/www.pm.pb.gov.br\/portal\/2026\/03\/09\/operacoes-em-itabaiana-resultam-na-apreensao-de-cinco-armas-de-fogo-no-fim-de-semana\/","title":{"rendered":"Opera\u00e7\u00f5es em Itabaiana resultam na apreens\u00e3o de cinco armas de fogo no fim de semana"},"content":{"rendered":"\n<p>A Pol\u00edcia Militar apreendeu cinco armas de fogo, nesse fim de semana, durante o refor\u00e7o da seguran\u00e7a na cidade de Itabaiana. Equipes do 8\u00ba Batalh\u00e3o realizaram v\u00e1rias opera\u00e7\u00f5es em diferentes \u00e1reas do munic\u00edpio. O trabalho deve continuar intensificado.<br><br>Na noite desse domingo (8), atrav\u00e9s de den\u00fancias, a PM chegou at\u00e9 um estavam dois homens e uma adolescente com tr\u00eas armas de fogo, muni\u00e7\u00f5es de v\u00e1rios calibres e drogas dos tipos crack e maconha. <br>No s\u00e1bado (7), na comunidade A\u00e7ude das Pedras, um suspeito foi preso com um rev\u00f3lver, durante \u00e0 noite. Na madrugada do mesmo dia, os policiais apreenderam um rev\u00f3lver, drogas e balan\u00e7as de precis\u00e3o. Os suspeitos que estavam no local foram detidos e encaminhados para as provid\u00eancias legais.<br><br>Para o refor\u00e7o na regi\u00e3o do Vale do Para\u00edba, os policiais do 8\u00ba Batalh\u00e3o contam com o apoio de outras unidades operacionais. <br><\/p>\n","protected":false},"excerpt":{"rendered":"<p>A Pol\u00edcia Militar apreendeu cinco armas de fogo, nesse fim de semana, durante o refor\u00e7o da seguran\u00e7a na cidade de<\/p>\n","protected":false},"author":18,"featured_media":930285,"comment_status":"closed","ping_status":"closed","sticky":false,"template":"","format":"standard","meta":{"_exactmetrics_skip_tracking":false,"_exactmetrics_sitenote_active":false,"_exactmetrics_sitenote_note":"","_exactmetrics_sitenote_category":0,"footnotes":""},"categories":[4],"tags":[],"yoast_head":"<!-- This site is optimized with the Yoast SEO plugin v22.0 - https:\/\/yoast.com\/wordpress\/plugins\/seo\/ -->\n<title>Opera\u00e7\u00f5es em Itabaiana resultam na apreens\u00e3o de cinco armas de fogo no fim de semana - Pol\u00edcia Militar da Para\u00edba<\/title>\n<meta name=\"robots\" content=\"index, follow, max-snippet:-1, max-image-preview:large, max-video-preview:-1\" \/>\n<link rel=\"canonical\" href=\"https:\/\/www.pm.pb.gov.br\/portal\/2026\/03\/09\/operacoes-em-itabaiana-resultam-na-apreensao-de-cinco-armas-de-fogo-no-fim-de-semana\/\" \/>\n<meta property=\"og:locale\" content=\"pt_BR\" \/>\n<meta property=\"og:type\" content=\"article\" \/>\n<meta property=\"og:title\" content=\"Opera\u00e7\u00f5es em Itabaiana resultam na apreens\u00e3o de cinco armas de fogo no fim de semana - Pol\u00edcia Militar da Para\u00edba\" \/>\n<meta property=\"og:description\" content=\"A Pol\u00edcia Militar apreendeu cinco armas de fogo, nesse fim de semana, durante o refor\u00e7o da seguran\u00e7a na cidade de\" \/>\n<meta property=\"og:url\" content=\"https:\/\/www.pm.pb.gov.br\/portal\/2026\/03\/09\/operacoes-em-itabaiana-resultam-na-apreensao-de-cinco-armas-de-fogo-no-fim-de-semana\/\" \/>\n<meta property=\"og:site_name\" content=\"Pol\u00edcia Militar da Para\u00edba\" \/>\n<meta property=\"article:published_time\" content=\"2026-03-09T12:01:08+00:00\" \/>\n<meta property=\"article:modified_time\" content=\"2026-03-09T12:01:11+00:00\" \/>\n<meta property=\"og:image\" content=\"http:\/\/www.pm.pb.gov.br\/portal\/wp-content\/uploads\/2026\/03\/WhatsApp-Image-2026-03-09-at-8.59.23-AM.jpeg\" \/>\n\t<meta property=\"og:image:width\" content=\"1600\" \/>\n\t<meta property=\"og:image:height\" content=\"1200\" \/>\n\t<meta property=\"og:image:type\" content=\"image\/jpeg\" \/>\n<meta name=\"author\" content=\"Luiz Duarte\" \/>\n<meta name=\"twitter:card\" content=\"summary_large_image\" \/>\n<meta name=\"twitter:label1\" content=\"Escrito por\" \/>\n\t<meta name=\"twitter:data1\" content=\"Luiz Duarte\" \/>\n\t<meta name=\"twitter:label2\" content=\"Est. tempo de leitura\" \/>\n\t<meta name=\"twitter:data2\" content=\"1 minuto\" \/>\n<script type=\"application\/ld+json\" class=\"yoast-schema-graph\">{\"@context\":\"https:\/\/schema.org\",\"@graph\":[{\"@type\":\"Article\",\"@id\":\"https:\/\/www.pm.pb.gov.br\/portal\/2026\/03\/09\/operacoes-em-itabaiana-resultam-na-apreensao-de-cinco-armas-de-fogo-no-fim-de-semana\/#article\",\"isPartOf\":{\"@id\":\"https:\/\/www.pm.pb.gov.br\/portal\/2026\/03\/09\/operacoes-em-itabaiana-resultam-na-apreensao-de-cinco-armas-de-fogo-no-fim-de-semana\/\"},\"author\":{\"name\":\"Luiz Duarte\",\"@id\":\"https:\/\/www.pm.pb.gov.br\/portal\/#\/schema\/person\/89dd009e2523c97adf8def1d6cf90ca1\"},\"headline\":\"Opera\u00e7\u00f5es em Itabaiana resultam na apreens\u00e3o de cinco armas de fogo no fim de semana\",\"datePublished\":\"2026-03-09T12:01:08+00:00\",\"dateModified\":\"2026-03-09T12:01:11+00:00\",\"mainEntityOfPage\":{\"@id\":\"https:\/\/www.pm.pb.gov.br\/portal\/2026\/03\/09\/operacoes-em-itabaiana-resultam-na-apreensao-de-cinco-armas-de-fogo-no-fim-de-semana\/\"},\"wordCount\":177,\"publisher\":{\"@id\":\"https:\/\/www.pm.pb.gov.br\/portal\/#organization\"},\"articleSection\":[\"A\u00e7\u00f5es Policiais\"],\"inLanguage\":\"pt-BR\"},{\"@type\":\"WebPage\",\"@id\":\"https:\/\/www.pm.pb.gov.br\/portal\/2026\/03\/09\/operacoes-em-itabaiana-resultam-na-apreensao-de-cinco-armas-de-fogo-no-fim-de-semana\/\",\"url\":\"https:\/\/www.pm.pb.gov.br\/portal\/2026\/03\/09\/operacoes-em-itabaiana-resultam-na-apreensao-de-cinco-armas-de-fogo-no-fim-de-semana\/\",\"name\":\"Opera\u00e7\u00f5es em Itabaiana resultam na apreens\u00e3o de cinco armas de fogo no fim de semana - Pol\u00edcia Militar da Para\u00edba\",\"isPartOf\":{\"@id\":\"https:\/\/www.pm.pb.gov.br\/portal\/#website\"},\"datePublished\":\"2026-03-09T12:01:08+00:00\",\"dateModified\":\"2026-03-09T12:01:11+00:00\",\"breadcrumb\":{\"@id\":\"https:\/\/www.pm.pb.gov.br\/portal\/2026\/03\/09\/operacoes-em-itabaiana-resultam-na-apreensao-de-cinco-armas-de-fogo-no-fim-de-semana\/#breadcrumb\"},\"inLanguage\":\"pt-BR\",\"potentialAction\":[{\"@type\":\"ReadAction\",\"target\":[\"https:\/\/www.pm.pb.gov.br\/portal\/2026\/03\/09\/operacoes-em-itabaiana-resultam-na-apreensao-de-cinco-armas-de-fogo-no-fim-de-semana\/\"]}]},{\"@type\":\"BreadcrumbList\",\"@id\":\"https:\/\/www.pm.pb.gov.br\/portal\/2026\/03\/09\/operacoes-em-itabaiana-resultam-na-apreensao-de-cinco-armas-de-fogo-no-fim-de-semana\/#breadcrumb\",\"itemListElement\":[{\"@type\":\"ListItem\",\"position\":1,\"name\":\"In\u00edcio\",\"item\":\"https:\/\/www.pm.pb.gov.br\/portal\/\"},{\"@type\":\"ListItem\",\"position\":2,\"name\":\"Opera\u00e7\u00f5es em Itabaiana resultam na apreens\u00e3o de cinco armas de fogo no fim de semana\"}]},{\"@type\":\"WebSite\",\"@id\":\"https:\/\/www.pm.pb.gov.br\/portal\/#website\",\"url\":\"https:\/\/www.pm.pb.gov.br\/portal\/\",\"name\":\"Pol\u00edcia Militar da Para\u00edba\",\"description\":\"\",\"publisher\":{\"@id\":\"https:\/\/www.pm.pb.gov.br\/portal\/#organization\"},\"potentialAction\":[{\"@type\":\"SearchAction\",\"target\":{\"@type\":\"EntryPoint\",\"urlTemplate\":\"https:\/\/www.pm.pb.gov.br\/portal\/?s={search_term_string}\"},\"query-input\":\"required name=search_term_string\"}],\"inLanguage\":\"pt-BR\"},{\"@type\":\"Organization\",\"@id\":\"https:\/\/www.pm.pb.gov.br\/portal\/#organization\",\"name\":\"Pol\u00edcia Militar da Para\u00edba\",\"url\":\"https:\/\/www.pm.pb.gov.br\/portal\/\",\"logo\":{\"@type\":\"ImageObject\",\"inLanguage\":\"pt-BR\",\"@id\":\"https:\/\/www.pm.pb.gov.br\/portal\/#\/schema\/logo\/image\/\",\"url\":\"https:\/\/www.pm.pb.gov.br\/portal\/wp-content\/uploads\/2025\/03\/cropped-logo-site-mag2-1.png\",\"contentUrl\":\"https:\/\/www.pm.pb.gov.br\/portal\/wp-content\/uploads\/2025\/03\/cropped-logo-site-mag2-1.png\",\"width\":320,\"height\":90,\"caption\":\"Pol\u00edcia Militar da Para\u00edba\"},\"image\":{\"@id\":\"https:\/\/www.pm.pb.gov.br\/portal\/#\/schema\/logo\/image\/\"}},{\"@type\":\"Person\",\"@id\":\"https:\/\/www.pm.pb.gov.br\/portal\/#\/schema\/person\/89dd009e2523c97adf8def1d6cf90ca1\",\"name\":\"Luiz Duarte\",\"image\":{\"@type\":\"ImageObject\",\"inLanguage\":\"pt-BR\",\"@id\":\"https:\/\/www.pm.pb.gov.br\/portal\/#\/schema\/person\/image\/\",\"url\":\"https:\/\/secure.gravatar.com\/avatar\/ce5539b97246ef4d24dd039a3f64145b?s=96&d=mm&r=g\",\"contentUrl\":\"https:\/\/secure.gravatar.com\/avatar\/ce5539b97246ef4d24dd039a3f64145b?s=96&d=mm&r=g\",\"caption\":\"Luiz Duarte\"},\"url\":\"https:\/\/www.pm.pb.gov.br\/portal\/author\/luiz\/\"}]}<\/script>\n<!-- \/ Yoast SEO plugin. -->","yoast_head_json":{"title":"Opera\u00e7\u00f5es em Itabaiana resultam na apreens\u00e3o de cinco armas de fogo no fim de semana - Pol\u00edcia Militar da Para\u00edba","robots":{"index":"index","follow":"follow","max-snippet":"max-snippet:-1","max-image-preview":"max-image-preview:large","max-video-preview":"max-video-preview:-1"},"canonical":"https:\/\/www.pm.pb.gov.br\/portal\/2026\/03\/09\/operacoes-em-itabaiana-resultam-na-apreensao-de-cinco-armas-de-fogo-no-fim-de-semana\/","og_locale":"pt_BR","og_type":"article","og_title":"Opera\u00e7\u00f5es em Itabaiana resultam na apreens\u00e3o de cinco armas de fogo no fim de semana - Pol\u00edcia Militar da Para\u00edba","og_description":"A Pol\u00edcia Militar apreendeu cinco armas de fogo, nesse fim de semana, durante o refor\u00e7o da seguran\u00e7a na cidade de","og_url":"https:\/\/www.pm.pb.gov.br\/portal\/2026\/03\/09\/operacoes-em-itabaiana-resultam-na-apreensao-de-cinco-armas-de-fogo-no-fim-de-semana\/","og_site_name":"Pol\u00edcia Militar da Para\u00edba","article_published_time":"2026-03-09T12:01:08+00:00","article_modified_time":"2026-03-09T12:01:11+00:00","og_image":[{"width":1600,"height":1200,"url":"http:\/\/www.pm.pb.gov.br\/portal\/wp-content\/uploads\/2026\/03\/WhatsApp-Image-2026-03-09-at-8.59.23-AM.jpeg","type":"image\/jpeg"}],"author":"Luiz Duarte","twitter_card":"summary_large_image","twitter_misc":{"Escrito por":"Luiz Duarte","Est. tempo de leitura":"1 minuto"},"schema":{"@context":"https:\/\/schema.org","@graph":[{"@type":"Article","@id":"https:\/\/www.pm.pb.gov.br\/portal\/2026\/03\/09\/operacoes-em-itabaiana-resultam-na-apreensao-de-cinco-armas-de-fogo-no-fim-de-semana\/#article","isPartOf":{"@id":"https:\/\/www.pm.pb.gov.br\/portal\/2026\/03\/09\/operacoes-em-itabaiana-resultam-na-apreensao-de-cinco-armas-de-fogo-no-fim-de-semana\/"},"author":{"name":"Luiz Duarte","@id":"https:\/\/www.pm.pb.gov.br\/portal\/#\/schema\/person\/89dd009e2523c97adf8def1d6cf90ca1"},"headline":"Opera\u00e7\u00f5es em Itabaiana resultam na apreens\u00e3o de cinco armas de fogo no fim de semana","datePublished":"2026-03-09T12:01:08+00:00","dateModified":"2026-03-09T12:01:11+00:00","mainEntityOfPage":{"@id":"https:\/\/www.pm.pb.gov.br\/portal\/2026\/03\/09\/operacoes-em-itabaiana-resultam-na-apreensao-de-cinco-armas-de-fogo-no-fim-de-semana\/"},"wordCount":177,"publisher":{"@id":"https:\/\/www.pm.pb.gov.br\/portal\/#organization"},"articleSection":["A\u00e7\u00f5es Policiais"],"inLanguage":"pt-BR"},{"@type":"WebPage","@id":"https:\/\/www.pm.pb.gov.br\/portal\/2026\/03\/09\/operacoes-em-itabaiana-resultam-na-apreensao-de-cinco-armas-de-fogo-no-fim-de-semana\/","url":"https:\/\/www.pm.pb.gov.br\/portal\/2026\/03\/09\/operacoes-em-itabaiana-resultam-na-apreensao-de-cinco-armas-de-fogo-no-fim-de-semana\/","name":"Opera\u00e7\u00f5es em Itabaiana resultam na apreens\u00e3o de cinco armas de fogo no fim de semana - Pol\u00edcia Militar da Para\u00edba","isPartOf":{"@id":"https:\/\/www.pm.pb.gov.br\/portal\/#website"},"datePublished":"2026-03-09T12:01:08+00:00","dateModified":"2026-03-09T12:01:11+00:00","breadcrumb":{"@id":"https:\/\/www.pm.pb.gov.br\/portal\/2026\/03\/09\/operacoes-em-itabaiana-resultam-na-apreensao-de-cinco-armas-de-fogo-no-fim-de-semana\/#breadcrumb"},"inLanguage":"pt-BR","potentialAction":[{"@type":"ReadAction","target":["https:\/\/www.pm.pb.gov.br\/portal\/2026\/03\/09\/operacoes-em-itabaiana-resultam-na-apreensao-de-cinco-armas-de-fogo-no-fim-de-semana\/"]}]},{"@type":"BreadcrumbList","@id":"https:\/\/www.pm.pb.gov.br\/portal\/2026\/03\/09\/operacoes-em-itabaiana-resultam-na-apreensao-de-cinco-armas-de-fogo-no-fim-de-semana\/#breadcrumb","itemListElement":[{"@type":"ListItem","position":1,"name":"In\u00edcio","item":"https:\/\/www.pm.pb.gov.br\/portal\/"},{"@type":"ListItem","position":2,"name":"Opera\u00e7\u00f5es em Itabaiana resultam na apreens\u00e3o de cinco armas de fogo no fim de semana"}]},{"@type":"WebSite","@id":"https:\/\/www.pm.pb.gov.br\/portal\/#website","url":"https:\/\/www.pm.pb.gov.br\/portal\/","name":"Pol\u00edcia Militar da Para\u00edba","description":"","publisher":{"@id":"https:\/\/www.pm.pb.gov.br\/portal\/#organization"},"potentialAction":[{"@type":"SearchAction","target":{"@type":"EntryPoint","urlTemplate":"https:\/\/www.pm.pb.gov.br\/portal\/?s={search_term_string}"},"query-input":"required name=search_term_string"}],"inLanguage":"pt-BR"},{"@type":"Organization","@id":"https:\/\/www.pm.pb.gov.br\/portal\/#organization","name":"Pol\u00edcia Militar da Para\u00edba","url":"https:\/\/www.pm.pb.gov.br\/portal\/","logo":{"@type":"ImageObject","inLanguage":"pt-BR","@id":"https:\/\/www.pm.pb.gov.br\/portal\/#\/schema\/logo\/image\/","url":"https:\/\/www.pm.pb.gov.br\/portal\/wp-content\/uploads\/2025\/03\/cropped-logo-site-mag2-1.png","contentUrl":"https:\/\/www.pm.pb.gov.br\/portal\/wp-content\/uploads\/2025\/03\/cropped-logo-site-mag2-1.png","width":320,"height":90,"caption":"Pol\u00edcia Militar da Para\u00edba"},"image":{"@id":"https:\/\/www.pm.pb.gov.br\/portal\/#\/schema\/logo\/image\/"}},{"@type":"Person","@id":"https:\/\/www.pm.pb.gov.br\/portal\/#\/schema\/person\/89dd009e2523c97adf8def1d6cf90ca1","name":"Luiz Duarte","image":{"@type":"ImageObject","inLanguage":"pt-BR","@id":"https:\/\/www.pm.pb.gov.br\/portal\/#\/schema\/person\/image\/","url":"https:\/\/secure.gravatar.com\/avatar\/ce5539b97246ef4d24dd039a3f64145b?s=96&d=mm&r=g","contentUrl":"https:\/\/secure.gravatar.com\/avatar\/ce5539b97246ef4d24dd039a3f64145b?s=96&d=mm&r=g","caption":"Luiz Duarte"},"url":"https:\/\/www.pm.pb.gov.br\/portal\/author\/luiz\/"}]}},"_links":{"self":[{"href":"https:\/\/www.pm.pb.gov.br\/portal\/wp-json\/wp\/v2\/posts\/930280"}],"collection":[{"href":"https:\/\/www.pm.pb.gov.br\/portal\/wp-json\/wp\/v2\/posts"}],"about":[{"href":"https:\/\/www.pm.pb.gov.br\/portal\/wp-json\/wp\/v2\/types\/post"}],"author":[{"embeddable":true,"href":"https:\/\/www.pm.pb.gov.br\/portal\/wp-json\/wp\/v2\/users\/18"}],"replies":[{"embeddable":true,"href":"https:\/\/www.pm.pb.gov.br\/portal\/wp-json\/wp\/v2\/comments?post=930280"}],"version-history":[{"count":3,"href":"https:\/\/www.pm.pb.gov.br\/portal\/wp-json\/wp\/v2\/posts\/930280\/revisions"}],"predecessor-version":[{"id":930287,"href":"https:\/\/www.pm.pb.gov.br\/portal\/wp-json\/wp\/v2\/posts\/930280\/revisions\/930287"}],"wp:featuredmedia":[{"embeddable":true,"href":"https:\/\/www.pm.pb.gov.br\/portal\/wp-json\/wp\/v2\/media\/930285"}],"wp:attachment":[{"href":"https:\/\/www.pm.pb.gov.br\/portal\/wp-json\/wp\/v2\/media?parent=930280"}],"wp:term":[{"taxonomy":"category","embeddable":true,"href":"https:\/\/www.pm.pb.gov.br\/portal\/wp-json\/wp\/v2\/categories?post=930280"},{"taxonomy":"post_tag","embeddable":true,"href":"https:\/\/www.pm.pb.gov.br\/portal\/wp-json\/wp\/v2\/tags?post=930280"}],"curies":[{"name":"wp","href":"https:\/\/api.w.org\/{rel}","templated":true}]}}