{"id":930270,"date":"2026-03-07T17:39:04","date_gmt":"2026-03-07T20:39:04","guid":{"rendered":"https:\/\/www.pm.pb.gov.br\/portal\/?p=930270"},"modified":"2026-03-07T17:39:06","modified_gmt":"2026-03-07T20:39:06","slug":"pm-apreende-arma-e-drogas-com-tres-suspeitos-de-trafico-na-cidade-de-mamanguape","status":"publish","type":"post","link":"https:\/\/www.pm.pb.gov.br\/portal\/2026\/03\/07\/pm-apreende-arma-e-drogas-com-tres-suspeitos-de-trafico-na-cidade-de-mamanguape\/","title":{"rendered":"PM apreende arma e drogas com tr\u00eas suspeitos de tr\u00e1fico na cidade de Mamanguape"},"content":{"rendered":"A Pol\u00edcia Militar apreendeu um rev\u00f3lver, 20 muni\u00e7\u00f5es, mais de 70 por\u00e7\u00f5es de maconha, balan\u00e7a de precis\u00e3o e roupas camufladas, nessa sexta-feira (6), ap\u00f3s abordagem a tr\u00eas suspeitos que estariam atuando no tr\u00e1fico de drogas de uma localidade conhecida como Campo de Joca, na cidade de Mamanguape, litoral norte da Para\u00edba. Os acusados ainda tentaram fugir, mas foram rendidos.<br \/><br \/>A a\u00e7\u00e3o foi realizada pelas guarni\u00e7\u00f5es do Comando, Subcomando e da For\u00e7a T\u00e1tica do 17\u00ba Batalh\u00e3o, depois de den\u00fancias sobre a movimenta\u00e7\u00e3o do tr\u00e1fico na regi\u00e3o. Os presos e o material apreendido foram levados para a Delegacia de Pol\u00edcia, em Mamanguape. <br \/>","protected":false},"excerpt":{"rendered":"<p>A Pol\u00edcia Militar apreendeu um rev\u00f3lver, 20 muni\u00e7\u00f5es, mais de 70 por\u00e7\u00f5es de maconha, balan\u00e7a de precis\u00e3o e roupas camufladas,<\/p>\n","protected":false},"author":18,"featured_media":930278,"comment_status":"closed","ping_status":"closed","sticky":false,"template":"","format":"standard","meta":{"_exactmetrics_skip_tracking":false,"_exactmetrics_sitenote_active":false,"_exactmetrics_sitenote_note":"","_exactmetrics_sitenote_category":0,"footnotes":""},"categories":[4],"tags":[],"yoast_head":"<!-- This site is optimized with the Yoast SEO plugin v22.0 - https:\/\/yoast.com\/wordpress\/plugins\/seo\/ -->\n<title>PM apreende arma e drogas com tr\u00eas suspeitos de tr\u00e1fico na cidade de Mamanguape - Pol\u00edcia Militar da Para\u00edba<\/title>\n<meta name=\"robots\" content=\"index, follow, max-snippet:-1, max-image-preview:large, max-video-preview:-1\" \/>\n<link rel=\"canonical\" href=\"https:\/\/www.pm.pb.gov.br\/portal\/2026\/03\/07\/pm-apreende-arma-e-drogas-com-tres-suspeitos-de-trafico-na-cidade-de-mamanguape\/\" \/>\n<meta property=\"og:locale\" content=\"pt_BR\" \/>\n<meta property=\"og:type\" content=\"article\" \/>\n<meta property=\"og:title\" content=\"PM apreende arma e drogas com tr\u00eas suspeitos de tr\u00e1fico na cidade de Mamanguape - Pol\u00edcia Militar da Para\u00edba\" \/>\n<meta property=\"og:description\" content=\"A Pol\u00edcia Militar apreendeu um rev\u00f3lver, 20 muni\u00e7\u00f5es, mais de 70 por\u00e7\u00f5es de maconha, balan\u00e7a de precis\u00e3o e roupas camufladas,\" \/>\n<meta property=\"og:url\" content=\"https:\/\/www.pm.pb.gov.br\/portal\/2026\/03\/07\/pm-apreende-arma-e-drogas-com-tres-suspeitos-de-trafico-na-cidade-de-mamanguape\/\" \/>\n<meta property=\"og:site_name\" content=\"Pol\u00edcia Militar da Para\u00edba\" \/>\n<meta property=\"article:published_time\" content=\"2026-03-07T20:39:04+00:00\" \/>\n<meta property=\"article:modified_time\" content=\"2026-03-07T20:39:06+00:00\" \/>\n<meta property=\"og:image\" content=\"http:\/\/www.pm.pb.gov.br\/portal\/wp-content\/uploads\/2026\/03\/WhatsApp-Image-2026-03-06-at-9.19.19-PM.jpeg\" \/>\n\t<meta property=\"og:image:width\" content=\"1280\" \/>\n\t<meta property=\"og:image:height\" content=\"960\" \/>\n\t<meta property=\"og:image:type\" content=\"image\/jpeg\" \/>\n<meta name=\"author\" content=\"Luiz Duarte\" \/>\n<meta name=\"twitter:card\" content=\"summary_large_image\" \/>\n<meta name=\"twitter:label1\" content=\"Escrito por\" \/>\n\t<meta name=\"twitter:data1\" content=\"Luiz Duarte\" \/>\n\t<meta name=\"twitter:label2\" content=\"Est. tempo de leitura\" \/>\n\t<meta name=\"twitter:data2\" content=\"1 minuto\" \/>\n<script type=\"application\/ld+json\" class=\"yoast-schema-graph\">{\"@context\":\"https:\/\/schema.org\",\"@graph\":[{\"@type\":\"Article\",\"@id\":\"https:\/\/www.pm.pb.gov.br\/portal\/2026\/03\/07\/pm-apreende-arma-e-drogas-com-tres-suspeitos-de-trafico-na-cidade-de-mamanguape\/#article\",\"isPartOf\":{\"@id\":\"https:\/\/www.pm.pb.gov.br\/portal\/2026\/03\/07\/pm-apreende-arma-e-drogas-com-tres-suspeitos-de-trafico-na-cidade-de-mamanguape\/\"},\"author\":{\"name\":\"Luiz Duarte\",\"@id\":\"https:\/\/www.pm.pb.gov.br\/portal\/#\/schema\/person\/89dd009e2523c97adf8def1d6cf90ca1\"},\"headline\":\"PM apreende arma e drogas com tr\u00eas suspeitos de tr\u00e1fico na cidade de Mamanguape\",\"datePublished\":\"2026-03-07T20:39:04+00:00\",\"dateModified\":\"2026-03-07T20:39:06+00:00\",\"mainEntityOfPage\":{\"@id\":\"https:\/\/www.pm.pb.gov.br\/portal\/2026\/03\/07\/pm-apreende-arma-e-drogas-com-tres-suspeitos-de-trafico-na-cidade-de-mamanguape\/\"},\"wordCount\":132,\"publisher\":{\"@id\":\"https:\/\/www.pm.pb.gov.br\/portal\/#organization\"},\"articleSection\":[\"A\u00e7\u00f5es Policiais\"],\"inLanguage\":\"pt-BR\"},{\"@type\":\"WebPage\",\"@id\":\"https:\/\/www.pm.pb.gov.br\/portal\/2026\/03\/07\/pm-apreende-arma-e-drogas-com-tres-suspeitos-de-trafico-na-cidade-de-mamanguape\/\",\"url\":\"https:\/\/www.pm.pb.gov.br\/portal\/2026\/03\/07\/pm-apreende-arma-e-drogas-com-tres-suspeitos-de-trafico-na-cidade-de-mamanguape\/\",\"name\":\"PM apreende arma e drogas com tr\u00eas suspeitos de tr\u00e1fico na cidade de Mamanguape - Pol\u00edcia Militar da Para\u00edba\",\"isPartOf\":{\"@id\":\"https:\/\/www.pm.pb.gov.br\/portal\/#website\"},\"datePublished\":\"2026-03-07T20:39:04+00:00\",\"dateModified\":\"2026-03-07T20:39:06+00:00\",\"breadcrumb\":{\"@id\":\"https:\/\/www.pm.pb.gov.br\/portal\/2026\/03\/07\/pm-apreende-arma-e-drogas-com-tres-suspeitos-de-trafico-na-cidade-de-mamanguape\/#breadcrumb\"},\"inLanguage\":\"pt-BR\",\"potentialAction\":[{\"@type\":\"ReadAction\",\"target\":[\"https:\/\/www.pm.pb.gov.br\/portal\/2026\/03\/07\/pm-apreende-arma-e-drogas-com-tres-suspeitos-de-trafico-na-cidade-de-mamanguape\/\"]}]},{\"@type\":\"BreadcrumbList\",\"@id\":\"https:\/\/www.pm.pb.gov.br\/portal\/2026\/03\/07\/pm-apreende-arma-e-drogas-com-tres-suspeitos-de-trafico-na-cidade-de-mamanguape\/#breadcrumb\",\"itemListElement\":[{\"@type\":\"ListItem\",\"position\":1,\"name\":\"In\u00edcio\",\"item\":\"https:\/\/www.pm.pb.gov.br\/portal\/\"},{\"@type\":\"ListItem\",\"position\":2,\"name\":\"PM apreende arma e drogas com tr\u00eas suspeitos de tr\u00e1fico na cidade de Mamanguape\"}]},{\"@type\":\"WebSite\",\"@id\":\"https:\/\/www.pm.pb.gov.br\/portal\/#website\",\"url\":\"https:\/\/www.pm.pb.gov.br\/portal\/\",\"name\":\"Pol\u00edcia Militar da Para\u00edba\",\"description\":\"\",\"publisher\":{\"@id\":\"https:\/\/www.pm.pb.gov.br\/portal\/#organization\"},\"potentialAction\":[{\"@type\":\"SearchAction\",\"target\":{\"@type\":\"EntryPoint\",\"urlTemplate\":\"https:\/\/www.pm.pb.gov.br\/portal\/?s={search_term_string}\"},\"query-input\":\"required name=search_term_string\"}],\"inLanguage\":\"pt-BR\"},{\"@type\":\"Organization\",\"@id\":\"https:\/\/www.pm.pb.gov.br\/portal\/#organization\",\"name\":\"Pol\u00edcia Militar da Para\u00edba\",\"url\":\"https:\/\/www.pm.pb.gov.br\/portal\/\",\"logo\":{\"@type\":\"ImageObject\",\"inLanguage\":\"pt-BR\",\"@id\":\"https:\/\/www.pm.pb.gov.br\/portal\/#\/schema\/logo\/image\/\",\"url\":\"https:\/\/www.pm.pb.gov.br\/portal\/wp-content\/uploads\/2025\/03\/cropped-logo-site-mag2-1.png\",\"contentUrl\":\"https:\/\/www.pm.pb.gov.br\/portal\/wp-content\/uploads\/2025\/03\/cropped-logo-site-mag2-1.png\",\"width\":320,\"height\":90,\"caption\":\"Pol\u00edcia Militar da Para\u00edba\"},\"image\":{\"@id\":\"https:\/\/www.pm.pb.gov.br\/portal\/#\/schema\/logo\/image\/\"}},{\"@type\":\"Person\",\"@id\":\"https:\/\/www.pm.pb.gov.br\/portal\/#\/schema\/person\/89dd009e2523c97adf8def1d6cf90ca1\",\"name\":\"Luiz Duarte\",\"image\":{\"@type\":\"ImageObject\",\"inLanguage\":\"pt-BR\",\"@id\":\"https:\/\/www.pm.pb.gov.br\/portal\/#\/schema\/person\/image\/\",\"url\":\"https:\/\/secure.gravatar.com\/avatar\/ce5539b97246ef4d24dd039a3f64145b?s=96&d=mm&r=g\",\"contentUrl\":\"https:\/\/secure.gravatar.com\/avatar\/ce5539b97246ef4d24dd039a3f64145b?s=96&d=mm&r=g\",\"caption\":\"Luiz Duarte\"},\"url\":\"https:\/\/www.pm.pb.gov.br\/portal\/author\/luiz\/\"}]}<\/script>\n<!-- \/ Yoast SEO plugin. -->","yoast_head_json":{"title":"PM apreende arma e drogas com tr\u00eas suspeitos de tr\u00e1fico na cidade de Mamanguape - Pol\u00edcia Militar da Para\u00edba","robots":{"index":"index","follow":"follow","max-snippet":"max-snippet:-1","max-image-preview":"max-image-preview:large","max-video-preview":"max-video-preview:-1"},"canonical":"https:\/\/www.pm.pb.gov.br\/portal\/2026\/03\/07\/pm-apreende-arma-e-drogas-com-tres-suspeitos-de-trafico-na-cidade-de-mamanguape\/","og_locale":"pt_BR","og_type":"article","og_title":"PM apreende arma e drogas com tr\u00eas suspeitos de tr\u00e1fico na cidade de Mamanguape - Pol\u00edcia Militar da Para\u00edba","og_description":"A Pol\u00edcia Militar apreendeu um rev\u00f3lver, 20 muni\u00e7\u00f5es, mais de 70 por\u00e7\u00f5es de maconha, balan\u00e7a de precis\u00e3o e roupas camufladas,","og_url":"https:\/\/www.pm.pb.gov.br\/portal\/2026\/03\/07\/pm-apreende-arma-e-drogas-com-tres-suspeitos-de-trafico-na-cidade-de-mamanguape\/","og_site_name":"Pol\u00edcia Militar da Para\u00edba","article_published_time":"2026-03-07T20:39:04+00:00","article_modified_time":"2026-03-07T20:39:06+00:00","og_image":[{"width":1280,"height":960,"url":"http:\/\/www.pm.pb.gov.br\/portal\/wp-content\/uploads\/2026\/03\/WhatsApp-Image-2026-03-06-at-9.19.19-PM.jpeg","type":"image\/jpeg"}],"author":"Luiz Duarte","twitter_card":"summary_large_image","twitter_misc":{"Escrito por":"Luiz Duarte","Est. tempo de leitura":"1 minuto"},"schema":{"@context":"https:\/\/schema.org","@graph":[{"@type":"Article","@id":"https:\/\/www.pm.pb.gov.br\/portal\/2026\/03\/07\/pm-apreende-arma-e-drogas-com-tres-suspeitos-de-trafico-na-cidade-de-mamanguape\/#article","isPartOf":{"@id":"https:\/\/www.pm.pb.gov.br\/portal\/2026\/03\/07\/pm-apreende-arma-e-drogas-com-tres-suspeitos-de-trafico-na-cidade-de-mamanguape\/"},"author":{"name":"Luiz Duarte","@id":"https:\/\/www.pm.pb.gov.br\/portal\/#\/schema\/person\/89dd009e2523c97adf8def1d6cf90ca1"},"headline":"PM apreende arma e drogas com tr\u00eas suspeitos de tr\u00e1fico na cidade de Mamanguape","datePublished":"2026-03-07T20:39:04+00:00","dateModified":"2026-03-07T20:39:06+00:00","mainEntityOfPage":{"@id":"https:\/\/www.pm.pb.gov.br\/portal\/2026\/03\/07\/pm-apreende-arma-e-drogas-com-tres-suspeitos-de-trafico-na-cidade-de-mamanguape\/"},"wordCount":132,"publisher":{"@id":"https:\/\/www.pm.pb.gov.br\/portal\/#organization"},"articleSection":["A\u00e7\u00f5es Policiais"],"inLanguage":"pt-BR"},{"@type":"WebPage","@id":"https:\/\/www.pm.pb.gov.br\/portal\/2026\/03\/07\/pm-apreende-arma-e-drogas-com-tres-suspeitos-de-trafico-na-cidade-de-mamanguape\/","url":"https:\/\/www.pm.pb.gov.br\/portal\/2026\/03\/07\/pm-apreende-arma-e-drogas-com-tres-suspeitos-de-trafico-na-cidade-de-mamanguape\/","name":"PM apreende arma e drogas com tr\u00eas suspeitos de tr\u00e1fico na cidade de Mamanguape - Pol\u00edcia Militar da Para\u00edba","isPartOf":{"@id":"https:\/\/www.pm.pb.gov.br\/portal\/#website"},"datePublished":"2026-03-07T20:39:04+00:00","dateModified":"2026-03-07T20:39:06+00:00","breadcrumb":{"@id":"https:\/\/www.pm.pb.gov.br\/portal\/2026\/03\/07\/pm-apreende-arma-e-drogas-com-tres-suspeitos-de-trafico-na-cidade-de-mamanguape\/#breadcrumb"},"inLanguage":"pt-BR","potentialAction":[{"@type":"ReadAction","target":["https:\/\/www.pm.pb.gov.br\/portal\/2026\/03\/07\/pm-apreende-arma-e-drogas-com-tres-suspeitos-de-trafico-na-cidade-de-mamanguape\/"]}]},{"@type":"BreadcrumbList","@id":"https:\/\/www.pm.pb.gov.br\/portal\/2026\/03\/07\/pm-apreende-arma-e-drogas-com-tres-suspeitos-de-trafico-na-cidade-de-mamanguape\/#breadcrumb","itemListElement":[{"@type":"ListItem","position":1,"name":"In\u00edcio","item":"https:\/\/www.pm.pb.gov.br\/portal\/"},{"@type":"ListItem","position":2,"name":"PM apreende arma e drogas com tr\u00eas suspeitos de tr\u00e1fico na cidade de Mamanguape"}]},{"@type":"WebSite","@id":"https:\/\/www.pm.pb.gov.br\/portal\/#website","url":"https:\/\/www.pm.pb.gov.br\/portal\/","name":"Pol\u00edcia Militar da Para\u00edba","description":"","publisher":{"@id":"https:\/\/www.pm.pb.gov.br\/portal\/#organization"},"potentialAction":[{"@type":"SearchAction","target":{"@type":"EntryPoint","urlTemplate":"https:\/\/www.pm.pb.gov.br\/portal\/?s={search_term_string}"},"query-input":"required name=search_term_string"}],"inLanguage":"pt-BR"},{"@type":"Organization","@id":"https:\/\/www.pm.pb.gov.br\/portal\/#organization","name":"Pol\u00edcia Militar da Para\u00edba","url":"https:\/\/www.pm.pb.gov.br\/portal\/","logo":{"@type":"ImageObject","inLanguage":"pt-BR","@id":"https:\/\/www.pm.pb.gov.br\/portal\/#\/schema\/logo\/image\/","url":"https:\/\/www.pm.pb.gov.br\/portal\/wp-content\/uploads\/2025\/03\/cropped-logo-site-mag2-1.png","contentUrl":"https:\/\/www.pm.pb.gov.br\/portal\/wp-content\/uploads\/2025\/03\/cropped-logo-site-mag2-1.png","width":320,"height":90,"caption":"Pol\u00edcia Militar da Para\u00edba"},"image":{"@id":"https:\/\/www.pm.pb.gov.br\/portal\/#\/schema\/logo\/image\/"}},{"@type":"Person","@id":"https:\/\/www.pm.pb.gov.br\/portal\/#\/schema\/person\/89dd009e2523c97adf8def1d6cf90ca1","name":"Luiz Duarte","image":{"@type":"ImageObject","inLanguage":"pt-BR","@id":"https:\/\/www.pm.pb.gov.br\/portal\/#\/schema\/person\/image\/","url":"https:\/\/secure.gravatar.com\/avatar\/ce5539b97246ef4d24dd039a3f64145b?s=96&d=mm&r=g","contentUrl":"https:\/\/secure.gravatar.com\/avatar\/ce5539b97246ef4d24dd039a3f64145b?s=96&d=mm&r=g","caption":"Luiz Duarte"},"url":"https:\/\/www.pm.pb.gov.br\/portal\/author\/luiz\/"}]}},"_links":{"self":[{"href":"https:\/\/www.pm.pb.gov.br\/portal\/wp-json\/wp\/v2\/posts\/930270"}],"collection":[{"href":"https:\/\/www.pm.pb.gov.br\/portal\/wp-json\/wp\/v2\/posts"}],"about":[{"href":"https:\/\/www.pm.pb.gov.br\/portal\/wp-json\/wp\/v2\/types\/post"}],"author":[{"embeddable":true,"href":"https:\/\/www.pm.pb.gov.br\/portal\/wp-json\/wp\/v2\/users\/18"}],"replies":[{"embeddable":true,"href":"https:\/\/www.pm.pb.gov.br\/portal\/wp-json\/wp\/v2\/comments?post=930270"}],"version-history":[{"count":1,"href":"https:\/\/www.pm.pb.gov.br\/portal\/wp-json\/wp\/v2\/posts\/930270\/revisions"}],"predecessor-version":[{"id":930273,"href":"https:\/\/www.pm.pb.gov.br\/portal\/wp-json\/wp\/v2\/posts\/930270\/revisions\/930273"}],"wp:featuredmedia":[{"embeddable":true,"href":"https:\/\/www.pm.pb.gov.br\/portal\/wp-json\/wp\/v2\/media\/930278"}],"wp:attachment":[{"href":"https:\/\/www.pm.pb.gov.br\/portal\/wp-json\/wp\/v2\/media?parent=930270"}],"wp:term":[{"taxonomy":"category","embeddable":true,"href":"https:\/\/www.pm.pb.gov.br\/portal\/wp-json\/wp\/v2\/categories?post=930270"},{"taxonomy":"post_tag","embeddable":true,"href":"https:\/\/www.pm.pb.gov.br\/portal\/wp-json\/wp\/v2\/tags?post=930270"}],"curies":[{"name":"wp","href":"https:\/\/api.w.org\/{rel}","templated":true}]}}