{"id":929817,"date":"2026-01-30T13:41:31","date_gmt":"2026-01-30T16:41:31","guid":{"rendered":"https:\/\/www.pm.pb.gov.br\/portal\/?p=929817"},"modified":"2026-01-30T13:43:24","modified_gmt":"2026-01-30T16:43:24","slug":"policia-militar-realiza-primeira-etapa-de-coleta-biometrica-na-diretoria-de-educacao-e-cultura","status":"publish","type":"post","link":"https:\/\/www.pm.pb.gov.br\/portal\/2026\/01\/30\/policia-militar-realiza-primeira-etapa-de-coleta-biometrica-na-diretoria-de-educacao-e-cultura\/","title":{"rendered":"Pol\u00edcia Militar realiza primeira etapa de coleta biom\u00e9trica na Diretoria de Educa\u00e7\u00e3o e Cultura"},"content":{"rendered":"\n<p>A Pol\u00edcia Militar da Para\u00edba, por meio da Diretoria Gest\u00e3o de Pessoal (DGP), realizou nos dias 29 e 30 de janeiro a primeira etapa do trabalho de coleta biom\u00e9trica dos alunos soldados em forma\u00e7\u00e3o na Diretoria de Educa\u00e7\u00e3o e Cultura (DEC).<\/p>\n<p>A a\u00e7\u00e3o contemplou a coleta de fotografias, impress\u00f5es digitais e assinaturas, com o objetivo de atualizar e padronizar os registros funcionais dos policiais militares em forma\u00e7\u00e3o, no N\u00facleo de Forma\u00e7\u00e3o e Apoerfei\u00e7oamento de Pra\u00e7as (NuFAP). Ao todo, foram atendidos 139 alunos soldados, distribu\u00eddos em cinco pelot\u00f5es: 1\u00ba, 2\u00ba, 5\u00ba, 6\u00ba e 7\u00ba pelot\u00f5es (fotos acima e abaixo).<\/p>\n<p>Essa iniciativa marca o in\u00edcio do processo de coleta biom\u00e9trica que se iniciou pelo Comando de Policiamento Regional Metropolitano (CPRM), fortalecendo a gest\u00e3o de pessoal e a seguran\u00e7a das informa\u00e7\u00f5es institucionais da Corpora\u00e7\u00e3o.<\/p>\n<p><img loading=\"lazy\" decoding=\"async\" class=\"size-medium wp-image-929819 aligncenter\" src=\"http:\/\/www.pm.pb.gov.br\/portal\/wp-content\/uploads\/2026\/01\/WhatsApp-Image-2026-01-30-at-13.29.50-630x445.jpeg\" alt=\"\" width=\"630\" height=\"445\" srcset=\"https:\/\/www.pm.pb.gov.br\/portal\/wp-content\/uploads\/2026\/01\/WhatsApp-Image-2026-01-30-at-13.29.50-630x445.jpeg 630w, https:\/\/www.pm.pb.gov.br\/portal\/wp-content\/uploads\/2026\/01\/WhatsApp-Image-2026-01-30-at-13.29.50-807x570.jpeg 807w, https:\/\/www.pm.pb.gov.br\/portal\/wp-content\/uploads\/2026\/01\/WhatsApp-Image-2026-01-30-at-13.29.50-768x542.jpeg 768w, https:\/\/www.pm.pb.gov.br\/portal\/wp-content\/uploads\/2026\/01\/WhatsApp-Image-2026-01-30-at-13.29.50.jpeg 960w\" sizes=\"(max-width: 630px) 100vw, 630px\" \/><\/p>\n<p>O planejamento da DGP prev\u00ea a continuidade do trabalho nas pr\u00f3ximas etapas, que ir\u00e3o alcan\u00e7ar as regi\u00f5es do Brejo e do Sert\u00e3o paraibano, ampliando o alcance da atualiza\u00e7\u00e3o cadastral em todo o estado.<\/p>\n<p>A Pol\u00edcia Militar da Para\u00edba reafirma, com essa a\u00e7\u00e3o, seu compromisso com a moderniza\u00e7\u00e3o administrativa, a efici\u00eancia institucional e a valoriza\u00e7\u00e3o dos seus recursos humanos.<\/p>\n<p><em>Atualizado \u00e0s 13h44.<\/em><\/p>\n\n\n","protected":false},"excerpt":{"rendered":"<p>A Pol\u00edcia Militar da Para\u00edba, por meio da Diretoria Gest\u00e3o de Pessoal (DGP), realizou nos dias 29 e 30 de<\/p>\n","protected":false},"author":12,"featured_media":929820,"comment_status":"closed","ping_status":"closed","sticky":false,"template":"","format":"standard","meta":{"_exactmetrics_skip_tracking":false,"_exactmetrics_sitenote_active":false,"_exactmetrics_sitenote_note":"","_exactmetrics_sitenote_category":0,"footnotes":""},"categories":[29],"tags":[],"yoast_head":"<!-- This site is optimized with the Yoast SEO plugin v22.0 - https:\/\/yoast.com\/wordpress\/plugins\/seo\/ -->\n<title>Pol\u00edcia Militar realiza primeira etapa de coleta biom\u00e9trica na Diretoria de Educa\u00e7\u00e3o e Cultura - Pol\u00edcia Militar da Para\u00edba<\/title>\n<meta name=\"robots\" content=\"index, follow, max-snippet:-1, max-image-preview:large, max-video-preview:-1\" \/>\n<link rel=\"canonical\" href=\"https:\/\/www.pm.pb.gov.br\/portal\/2026\/01\/30\/policia-militar-realiza-primeira-etapa-de-coleta-biometrica-na-diretoria-de-educacao-e-cultura\/\" \/>\n<meta property=\"og:locale\" content=\"pt_BR\" \/>\n<meta property=\"og:type\" content=\"article\" \/>\n<meta property=\"og:title\" content=\"Pol\u00edcia Militar realiza primeira etapa de coleta biom\u00e9trica na Diretoria de Educa\u00e7\u00e3o e Cultura - Pol\u00edcia Militar da Para\u00edba\" \/>\n<meta property=\"og:description\" content=\"A Pol\u00edcia Militar da Para\u00edba, por meio da Diretoria Gest\u00e3o de Pessoal (DGP), realizou nos dias 29 e 30 de\" \/>\n<meta property=\"og:url\" content=\"https:\/\/www.pm.pb.gov.br\/portal\/2026\/01\/30\/policia-militar-realiza-primeira-etapa-de-coleta-biometrica-na-diretoria-de-educacao-e-cultura\/\" \/>\n<meta property=\"og:site_name\" content=\"Pol\u00edcia Militar da Para\u00edba\" \/>\n<meta property=\"article:published_time\" content=\"2026-01-30T16:41:31+00:00\" \/>\n<meta property=\"article:modified_time\" content=\"2026-01-30T16:43:24+00:00\" \/>\n<meta property=\"og:image\" content=\"http:\/\/www.pm.pb.gov.br\/portal\/wp-content\/uploads\/2026\/01\/WhatsApp-Image-2026-01-30-at-13.29.50-1-1.jpeg\" \/>\n\t<meta property=\"og:image:width\" content=\"960\" \/>\n\t<meta property=\"og:image:height\" content=\"545\" \/>\n\t<meta property=\"og:image:type\" content=\"image\/jpeg\" \/>\n<meta name=\"author\" content=\"Tarcisio Oliveira\" \/>\n<meta name=\"twitter:card\" content=\"summary_large_image\" \/>\n<meta name=\"twitter:label1\" content=\"Escrito por\" \/>\n\t<meta name=\"twitter:data1\" content=\"Tarcisio Oliveira\" \/>\n\t<meta name=\"twitter:label2\" content=\"Est. tempo de leitura\" \/>\n\t<meta name=\"twitter:data2\" content=\"2 minutos\" \/>\n<script type=\"application\/ld+json\" class=\"yoast-schema-graph\">{\"@context\":\"https:\/\/schema.org\",\"@graph\":[{\"@type\":\"Article\",\"@id\":\"https:\/\/www.pm.pb.gov.br\/portal\/2026\/01\/30\/policia-militar-realiza-primeira-etapa-de-coleta-biometrica-na-diretoria-de-educacao-e-cultura\/#article\",\"isPartOf\":{\"@id\":\"https:\/\/www.pm.pb.gov.br\/portal\/2026\/01\/30\/policia-militar-realiza-primeira-etapa-de-coleta-biometrica-na-diretoria-de-educacao-e-cultura\/\"},\"author\":{\"name\":\"Tarcisio Oliveira\",\"@id\":\"https:\/\/www.pm.pb.gov.br\/portal\/#\/schema\/person\/f84f56dcc78ce4357054da888b8247fd\"},\"headline\":\"Pol\u00edcia Militar realiza primeira etapa de coleta biom\u00e9trica na Diretoria de Educa\u00e7\u00e3o e Cultura\",\"datePublished\":\"2026-01-30T16:41:31+00:00\",\"dateModified\":\"2026-01-30T16:43:24+00:00\",\"mainEntityOfPage\":{\"@id\":\"https:\/\/www.pm.pb.gov.br\/portal\/2026\/01\/30\/policia-militar-realiza-primeira-etapa-de-coleta-biometrica-na-diretoria-de-educacao-e-cultura\/\"},\"wordCount\":235,\"publisher\":{\"@id\":\"https:\/\/www.pm.pb.gov.br\/portal\/#organization\"},\"articleSection\":[\"Gest\u00e3o e planejamento\"],\"inLanguage\":\"pt-BR\"},{\"@type\":\"WebPage\",\"@id\":\"https:\/\/www.pm.pb.gov.br\/portal\/2026\/01\/30\/policia-militar-realiza-primeira-etapa-de-coleta-biometrica-na-diretoria-de-educacao-e-cultura\/\",\"url\":\"https:\/\/www.pm.pb.gov.br\/portal\/2026\/01\/30\/policia-militar-realiza-primeira-etapa-de-coleta-biometrica-na-diretoria-de-educacao-e-cultura\/\",\"name\":\"Pol\u00edcia Militar realiza primeira etapa de coleta biom\u00e9trica na Diretoria de Educa\u00e7\u00e3o e Cultura - Pol\u00edcia Militar da Para\u00edba\",\"isPartOf\":{\"@id\":\"https:\/\/www.pm.pb.gov.br\/portal\/#website\"},\"datePublished\":\"2026-01-30T16:41:31+00:00\",\"dateModified\":\"2026-01-30T16:43:24+00:00\",\"breadcrumb\":{\"@id\":\"https:\/\/www.pm.pb.gov.br\/portal\/2026\/01\/30\/policia-militar-realiza-primeira-etapa-de-coleta-biometrica-na-diretoria-de-educacao-e-cultura\/#breadcrumb\"},\"inLanguage\":\"pt-BR\",\"potentialAction\":[{\"@type\":\"ReadAction\",\"target\":[\"https:\/\/www.pm.pb.gov.br\/portal\/2026\/01\/30\/policia-militar-realiza-primeira-etapa-de-coleta-biometrica-na-diretoria-de-educacao-e-cultura\/\"]}]},{\"@type\":\"BreadcrumbList\",\"@id\":\"https:\/\/www.pm.pb.gov.br\/portal\/2026\/01\/30\/policia-militar-realiza-primeira-etapa-de-coleta-biometrica-na-diretoria-de-educacao-e-cultura\/#breadcrumb\",\"itemListElement\":[{\"@type\":\"ListItem\",\"position\":1,\"name\":\"In\u00edcio\",\"item\":\"https:\/\/www.pm.pb.gov.br\/portal\/\"},{\"@type\":\"ListItem\",\"position\":2,\"name\":\"Pol\u00edcia Militar realiza primeira etapa de coleta biom\u00e9trica na Diretoria de Educa\u00e7\u00e3o e Cultura\"}]},{\"@type\":\"WebSite\",\"@id\":\"https:\/\/www.pm.pb.gov.br\/portal\/#website\",\"url\":\"https:\/\/www.pm.pb.gov.br\/portal\/\",\"name\":\"Pol\u00edcia Militar da Para\u00edba\",\"description\":\"\",\"publisher\":{\"@id\":\"https:\/\/www.pm.pb.gov.br\/portal\/#organization\"},\"potentialAction\":[{\"@type\":\"SearchAction\",\"target\":{\"@type\":\"EntryPoint\",\"urlTemplate\":\"https:\/\/www.pm.pb.gov.br\/portal\/?s={search_term_string}\"},\"query-input\":\"required name=search_term_string\"}],\"inLanguage\":\"pt-BR\"},{\"@type\":\"Organization\",\"@id\":\"https:\/\/www.pm.pb.gov.br\/portal\/#organization\",\"name\":\"Pol\u00edcia Militar da Para\u00edba\",\"url\":\"https:\/\/www.pm.pb.gov.br\/portal\/\",\"logo\":{\"@type\":\"ImageObject\",\"inLanguage\":\"pt-BR\",\"@id\":\"https:\/\/www.pm.pb.gov.br\/portal\/#\/schema\/logo\/image\/\",\"url\":\"https:\/\/www.pm.pb.gov.br\/portal\/wp-content\/uploads\/2025\/03\/cropped-logo-site-mag2-1.png\",\"contentUrl\":\"https:\/\/www.pm.pb.gov.br\/portal\/wp-content\/uploads\/2025\/03\/cropped-logo-site-mag2-1.png\",\"width\":320,\"height\":90,\"caption\":\"Pol\u00edcia Militar da Para\u00edba\"},\"image\":{\"@id\":\"https:\/\/www.pm.pb.gov.br\/portal\/#\/schema\/logo\/image\/\"}},{\"@type\":\"Person\",\"@id\":\"https:\/\/www.pm.pb.gov.br\/portal\/#\/schema\/person\/f84f56dcc78ce4357054da888b8247fd\",\"name\":\"Tarcisio Oliveira\",\"image\":{\"@type\":\"ImageObject\",\"inLanguage\":\"pt-BR\",\"@id\":\"https:\/\/www.pm.pb.gov.br\/portal\/#\/schema\/person\/image\/\",\"url\":\"https:\/\/secure.gravatar.com\/avatar\/72917b630b69d31cd0297507f34bac97?s=96&d=mm&r=g\",\"contentUrl\":\"https:\/\/secure.gravatar.com\/avatar\/72917b630b69d31cd0297507f34bac97?s=96&d=mm&r=g\",\"caption\":\"Tarcisio Oliveira\"},\"url\":\"https:\/\/www.pm.pb.gov.br\/portal\/author\/tarcisio\/\"}]}<\/script>\n<!-- \/ Yoast SEO plugin. -->","yoast_head_json":{"title":"Pol\u00edcia Militar realiza primeira etapa de coleta biom\u00e9trica na Diretoria de Educa\u00e7\u00e3o e Cultura - Pol\u00edcia Militar da Para\u00edba","robots":{"index":"index","follow":"follow","max-snippet":"max-snippet:-1","max-image-preview":"max-image-preview:large","max-video-preview":"max-video-preview:-1"},"canonical":"https:\/\/www.pm.pb.gov.br\/portal\/2026\/01\/30\/policia-militar-realiza-primeira-etapa-de-coleta-biometrica-na-diretoria-de-educacao-e-cultura\/","og_locale":"pt_BR","og_type":"article","og_title":"Pol\u00edcia Militar realiza primeira etapa de coleta biom\u00e9trica na Diretoria de Educa\u00e7\u00e3o e Cultura - Pol\u00edcia Militar da Para\u00edba","og_description":"A Pol\u00edcia Militar da Para\u00edba, por meio da Diretoria Gest\u00e3o de Pessoal (DGP), realizou nos dias 29 e 30 de","og_url":"https:\/\/www.pm.pb.gov.br\/portal\/2026\/01\/30\/policia-militar-realiza-primeira-etapa-de-coleta-biometrica-na-diretoria-de-educacao-e-cultura\/","og_site_name":"Pol\u00edcia Militar da Para\u00edba","article_published_time":"2026-01-30T16:41:31+00:00","article_modified_time":"2026-01-30T16:43:24+00:00","og_image":[{"width":960,"height":545,"url":"http:\/\/www.pm.pb.gov.br\/portal\/wp-content\/uploads\/2026\/01\/WhatsApp-Image-2026-01-30-at-13.29.50-1-1.jpeg","type":"image\/jpeg"}],"author":"Tarcisio Oliveira","twitter_card":"summary_large_image","twitter_misc":{"Escrito por":"Tarcisio Oliveira","Est. tempo de leitura":"2 minutos"},"schema":{"@context":"https:\/\/schema.org","@graph":[{"@type":"Article","@id":"https:\/\/www.pm.pb.gov.br\/portal\/2026\/01\/30\/policia-militar-realiza-primeira-etapa-de-coleta-biometrica-na-diretoria-de-educacao-e-cultura\/#article","isPartOf":{"@id":"https:\/\/www.pm.pb.gov.br\/portal\/2026\/01\/30\/policia-militar-realiza-primeira-etapa-de-coleta-biometrica-na-diretoria-de-educacao-e-cultura\/"},"author":{"name":"Tarcisio Oliveira","@id":"https:\/\/www.pm.pb.gov.br\/portal\/#\/schema\/person\/f84f56dcc78ce4357054da888b8247fd"},"headline":"Pol\u00edcia Militar realiza primeira etapa de coleta biom\u00e9trica na Diretoria de Educa\u00e7\u00e3o e Cultura","datePublished":"2026-01-30T16:41:31+00:00","dateModified":"2026-01-30T16:43:24+00:00","mainEntityOfPage":{"@id":"https:\/\/www.pm.pb.gov.br\/portal\/2026\/01\/30\/policia-militar-realiza-primeira-etapa-de-coleta-biometrica-na-diretoria-de-educacao-e-cultura\/"},"wordCount":235,"publisher":{"@id":"https:\/\/www.pm.pb.gov.br\/portal\/#organization"},"articleSection":["Gest\u00e3o e planejamento"],"inLanguage":"pt-BR"},{"@type":"WebPage","@id":"https:\/\/www.pm.pb.gov.br\/portal\/2026\/01\/30\/policia-militar-realiza-primeira-etapa-de-coleta-biometrica-na-diretoria-de-educacao-e-cultura\/","url":"https:\/\/www.pm.pb.gov.br\/portal\/2026\/01\/30\/policia-militar-realiza-primeira-etapa-de-coleta-biometrica-na-diretoria-de-educacao-e-cultura\/","name":"Pol\u00edcia Militar realiza primeira etapa de coleta biom\u00e9trica na Diretoria de Educa\u00e7\u00e3o e Cultura - Pol\u00edcia Militar da Para\u00edba","isPartOf":{"@id":"https:\/\/www.pm.pb.gov.br\/portal\/#website"},"datePublished":"2026-01-30T16:41:31+00:00","dateModified":"2026-01-30T16:43:24+00:00","breadcrumb":{"@id":"https:\/\/www.pm.pb.gov.br\/portal\/2026\/01\/30\/policia-militar-realiza-primeira-etapa-de-coleta-biometrica-na-diretoria-de-educacao-e-cultura\/#breadcrumb"},"inLanguage":"pt-BR","potentialAction":[{"@type":"ReadAction","target":["https:\/\/www.pm.pb.gov.br\/portal\/2026\/01\/30\/policia-militar-realiza-primeira-etapa-de-coleta-biometrica-na-diretoria-de-educacao-e-cultura\/"]}]},{"@type":"BreadcrumbList","@id":"https:\/\/www.pm.pb.gov.br\/portal\/2026\/01\/30\/policia-militar-realiza-primeira-etapa-de-coleta-biometrica-na-diretoria-de-educacao-e-cultura\/#breadcrumb","itemListElement":[{"@type":"ListItem","position":1,"name":"In\u00edcio","item":"https:\/\/www.pm.pb.gov.br\/portal\/"},{"@type":"ListItem","position":2,"name":"Pol\u00edcia Militar realiza primeira etapa de coleta biom\u00e9trica na Diretoria de Educa\u00e7\u00e3o e Cultura"}]},{"@type":"WebSite","@id":"https:\/\/www.pm.pb.gov.br\/portal\/#website","url":"https:\/\/www.pm.pb.gov.br\/portal\/","name":"Pol\u00edcia Militar da Para\u00edba","description":"","publisher":{"@id":"https:\/\/www.pm.pb.gov.br\/portal\/#organization"},"potentialAction":[{"@type":"SearchAction","target":{"@type":"EntryPoint","urlTemplate":"https:\/\/www.pm.pb.gov.br\/portal\/?s={search_term_string}"},"query-input":"required name=search_term_string"}],"inLanguage":"pt-BR"},{"@type":"Organization","@id":"https:\/\/www.pm.pb.gov.br\/portal\/#organization","name":"Pol\u00edcia Militar da Para\u00edba","url":"https:\/\/www.pm.pb.gov.br\/portal\/","logo":{"@type":"ImageObject","inLanguage":"pt-BR","@id":"https:\/\/www.pm.pb.gov.br\/portal\/#\/schema\/logo\/image\/","url":"https:\/\/www.pm.pb.gov.br\/portal\/wp-content\/uploads\/2025\/03\/cropped-logo-site-mag2-1.png","contentUrl":"https:\/\/www.pm.pb.gov.br\/portal\/wp-content\/uploads\/2025\/03\/cropped-logo-site-mag2-1.png","width":320,"height":90,"caption":"Pol\u00edcia Militar da Para\u00edba"},"image":{"@id":"https:\/\/www.pm.pb.gov.br\/portal\/#\/schema\/logo\/image\/"}},{"@type":"Person","@id":"https:\/\/www.pm.pb.gov.br\/portal\/#\/schema\/person\/f84f56dcc78ce4357054da888b8247fd","name":"Tarcisio Oliveira","image":{"@type":"ImageObject","inLanguage":"pt-BR","@id":"https:\/\/www.pm.pb.gov.br\/portal\/#\/schema\/person\/image\/","url":"https:\/\/secure.gravatar.com\/avatar\/72917b630b69d31cd0297507f34bac97?s=96&d=mm&r=g","contentUrl":"https:\/\/secure.gravatar.com\/avatar\/72917b630b69d31cd0297507f34bac97?s=96&d=mm&r=g","caption":"Tarcisio Oliveira"},"url":"https:\/\/www.pm.pb.gov.br\/portal\/author\/tarcisio\/"}]}},"_links":{"self":[{"href":"https:\/\/www.pm.pb.gov.br\/portal\/wp-json\/wp\/v2\/posts\/929817"}],"collection":[{"href":"https:\/\/www.pm.pb.gov.br\/portal\/wp-json\/wp\/v2\/posts"}],"about":[{"href":"https:\/\/www.pm.pb.gov.br\/portal\/wp-json\/wp\/v2\/types\/post"}],"author":[{"embeddable":true,"href":"https:\/\/www.pm.pb.gov.br\/portal\/wp-json\/wp\/v2\/users\/12"}],"replies":[{"embeddable":true,"href":"https:\/\/www.pm.pb.gov.br\/portal\/wp-json\/wp\/v2\/comments?post=929817"}],"version-history":[{"count":2,"href":"https:\/\/www.pm.pb.gov.br\/portal\/wp-json\/wp\/v2\/posts\/929817\/revisions"}],"predecessor-version":[{"id":929823,"href":"https:\/\/www.pm.pb.gov.br\/portal\/wp-json\/wp\/v2\/posts\/929817\/revisions\/929823"}],"wp:featuredmedia":[{"embeddable":true,"href":"https:\/\/www.pm.pb.gov.br\/portal\/wp-json\/wp\/v2\/media\/929820"}],"wp:attachment":[{"href":"https:\/\/www.pm.pb.gov.br\/portal\/wp-json\/wp\/v2\/media?parent=929817"}],"wp:term":[{"taxonomy":"category","embeddable":true,"href":"https:\/\/www.pm.pb.gov.br\/portal\/wp-json\/wp\/v2\/categories?post=929817"},{"taxonomy":"post_tag","embeddable":true,"href":"https:\/\/www.pm.pb.gov.br\/portal\/wp-json\/wp\/v2\/tags?post=929817"}],"curies":[{"name":"wp","href":"https:\/\/api.w.org\/{rel}","templated":true}]}}