{"id":929802,"date":"2026-01-29T20:15:58","date_gmt":"2026-01-29T23:15:58","guid":{"rendered":"https:\/\/www.pm.pb.gov.br\/portal\/?p=929802"},"modified":"2026-01-29T20:16:01","modified_gmt":"2026-01-29T23:16:01","slug":"policia-militar-apreende-drogas-na-zona-sul-da-capital-2","status":"publish","type":"post","link":"https:\/\/www.pm.pb.gov.br\/portal\/2026\/01\/29\/policia-militar-apreende-drogas-na-zona-sul-da-capital-2\/","title":{"rendered":"Pol\u00edcia Militar apreende drogas na zona sul da Capital"},"content":{"rendered":"\n<p>Na tarde desta quinta-feira (29), equipes da For\u00e7a T\u00e1tica do 5\u00ba Batalh\u00e3o apreenderam vasta quantidade de drogas na zona sul de Jo\u00e3o Pessoa. A a\u00e7\u00e3o faz parte da intensifica\u00e7\u00e3o do policiamento no combate ao tr\u00e1fico de drogas na regi\u00e3o.<\/p>\n\n\n\n<p>A a\u00e7\u00e3o ocorreu ap\u00f3s den\u00fancias de populares, que informaram sobre um local que estaria sendo utilizado como dep\u00f3sito de material de entorpecentes e ponto de venda de drogas no bairro Mussumagro. Com as informa\u00e7\u00f5es, as equipes foram ao local e constataram a veracidade da den\u00fancia. No local, um suspeito foi abordado e preso, sendo apreendidos, aproximadamente, 10 quilogramas de maconha e 03 balan\u00e7as de precis\u00e3o, al\u00e9m de materiais utilizados para a comercializa\u00e7\u00e3o da droga.<\/p>\n\n\n\n<p>O suspeito e todo o material apreendido foram encaminhados \u00e0 Cidade da Pol\u00edcia para os demais procedimento cab\u00edveis.<\/p>\n\n\n\n<p><\/p>\n","protected":false},"excerpt":{"rendered":"<p>Na tarde desta quinta-feira (29), equipes da For\u00e7a T\u00e1tica do 5\u00ba Batalh\u00e3o apreenderam vasta quantidade de drogas na zona sul<\/p>\n","protected":false},"author":5,"featured_media":929803,"comment_status":"closed","ping_status":"closed","sticky":false,"template":"","format":"standard","meta":{"_exactmetrics_skip_tracking":false,"_exactmetrics_sitenote_active":false,"_exactmetrics_sitenote_note":"","_exactmetrics_sitenote_category":0,"footnotes":""},"categories":[4],"tags":[],"yoast_head":"<!-- This site is optimized with the Yoast SEO plugin v22.0 - https:\/\/yoast.com\/wordpress\/plugins\/seo\/ -->\n<title>Pol\u00edcia Militar apreende drogas na zona sul da Capital - Pol\u00edcia Militar da Para\u00edba<\/title>\n<meta name=\"robots\" content=\"index, follow, max-snippet:-1, max-image-preview:large, max-video-preview:-1\" \/>\n<link rel=\"canonical\" href=\"https:\/\/www.pm.pb.gov.br\/portal\/2026\/01\/29\/policia-militar-apreende-drogas-na-zona-sul-da-capital-2\/\" \/>\n<meta property=\"og:locale\" content=\"pt_BR\" \/>\n<meta property=\"og:type\" content=\"article\" \/>\n<meta property=\"og:title\" content=\"Pol\u00edcia Militar apreende drogas na zona sul da Capital - Pol\u00edcia Militar da Para\u00edba\" \/>\n<meta property=\"og:description\" content=\"Na tarde desta quinta-feira (29), equipes da For\u00e7a T\u00e1tica do 5\u00ba Batalh\u00e3o apreenderam vasta quantidade de drogas na zona sul\" \/>\n<meta property=\"og:url\" content=\"https:\/\/www.pm.pb.gov.br\/portal\/2026\/01\/29\/policia-militar-apreende-drogas-na-zona-sul-da-capital-2\/\" \/>\n<meta property=\"og:site_name\" content=\"Pol\u00edcia Militar da Para\u00edba\" \/>\n<meta property=\"article:published_time\" content=\"2026-01-29T23:15:58+00:00\" \/>\n<meta property=\"article:modified_time\" content=\"2026-01-29T23:16:01+00:00\" \/>\n<meta property=\"og:image\" content=\"http:\/\/www.pm.pb.gov.br\/portal\/wp-content\/uploads\/2026\/01\/drogas-6.png\" \/>\n\t<meta property=\"og:image:width\" content=\"1200\" \/>\n\t<meta property=\"og:image:height\" content=\"667\" \/>\n\t<meta property=\"og:image:type\" content=\"image\/png\" \/>\n<meta name=\"author\" content=\"Assessoria de Imprensa da PMPB\" \/>\n<meta name=\"twitter:card\" content=\"summary_large_image\" \/>\n<meta name=\"twitter:label1\" content=\"Escrito por\" \/>\n\t<meta name=\"twitter:data1\" content=\"Assessoria de Imprensa da PMPB\" \/>\n\t<meta name=\"twitter:label2\" content=\"Est. tempo de leitura\" \/>\n\t<meta name=\"twitter:data2\" content=\"1 minuto\" \/>\n<script type=\"application\/ld+json\" class=\"yoast-schema-graph\">{\"@context\":\"https:\/\/schema.org\",\"@graph\":[{\"@type\":\"Article\",\"@id\":\"https:\/\/www.pm.pb.gov.br\/portal\/2026\/01\/29\/policia-militar-apreende-drogas-na-zona-sul-da-capital-2\/#article\",\"isPartOf\":{\"@id\":\"https:\/\/www.pm.pb.gov.br\/portal\/2026\/01\/29\/policia-militar-apreende-drogas-na-zona-sul-da-capital-2\/\"},\"author\":{\"name\":\"Assessoria de Imprensa da PMPB\",\"@id\":\"https:\/\/www.pm.pb.gov.br\/portal\/#\/schema\/person\/e8454f46651c3ecf0e1ba3c1666d9947\"},\"headline\":\"Pol\u00edcia Militar apreende drogas na zona sul da Capital\",\"datePublished\":\"2026-01-29T23:15:58+00:00\",\"dateModified\":\"2026-01-29T23:16:01+00:00\",\"mainEntityOfPage\":{\"@id\":\"https:\/\/www.pm.pb.gov.br\/portal\/2026\/01\/29\/policia-militar-apreende-drogas-na-zona-sul-da-capital-2\/\"},\"wordCount\":156,\"publisher\":{\"@id\":\"https:\/\/www.pm.pb.gov.br\/portal\/#organization\"},\"articleSection\":[\"A\u00e7\u00f5es Policiais\"],\"inLanguage\":\"pt-BR\"},{\"@type\":\"WebPage\",\"@id\":\"https:\/\/www.pm.pb.gov.br\/portal\/2026\/01\/29\/policia-militar-apreende-drogas-na-zona-sul-da-capital-2\/\",\"url\":\"https:\/\/www.pm.pb.gov.br\/portal\/2026\/01\/29\/policia-militar-apreende-drogas-na-zona-sul-da-capital-2\/\",\"name\":\"Pol\u00edcia Militar apreende drogas na zona sul da Capital - Pol\u00edcia Militar da Para\u00edba\",\"isPartOf\":{\"@id\":\"https:\/\/www.pm.pb.gov.br\/portal\/#website\"},\"datePublished\":\"2026-01-29T23:15:58+00:00\",\"dateModified\":\"2026-01-29T23:16:01+00:00\",\"breadcrumb\":{\"@id\":\"https:\/\/www.pm.pb.gov.br\/portal\/2026\/01\/29\/policia-militar-apreende-drogas-na-zona-sul-da-capital-2\/#breadcrumb\"},\"inLanguage\":\"pt-BR\",\"potentialAction\":[{\"@type\":\"ReadAction\",\"target\":[\"https:\/\/www.pm.pb.gov.br\/portal\/2026\/01\/29\/policia-militar-apreende-drogas-na-zona-sul-da-capital-2\/\"]}]},{\"@type\":\"BreadcrumbList\",\"@id\":\"https:\/\/www.pm.pb.gov.br\/portal\/2026\/01\/29\/policia-militar-apreende-drogas-na-zona-sul-da-capital-2\/#breadcrumb\",\"itemListElement\":[{\"@type\":\"ListItem\",\"position\":1,\"name\":\"In\u00edcio\",\"item\":\"https:\/\/www.pm.pb.gov.br\/portal\/\"},{\"@type\":\"ListItem\",\"position\":2,\"name\":\"Pol\u00edcia Militar apreende drogas na zona sul da Capital\"}]},{\"@type\":\"WebSite\",\"@id\":\"https:\/\/www.pm.pb.gov.br\/portal\/#website\",\"url\":\"https:\/\/www.pm.pb.gov.br\/portal\/\",\"name\":\"Pol\u00edcia Militar da Para\u00edba\",\"description\":\"\",\"publisher\":{\"@id\":\"https:\/\/www.pm.pb.gov.br\/portal\/#organization\"},\"potentialAction\":[{\"@type\":\"SearchAction\",\"target\":{\"@type\":\"EntryPoint\",\"urlTemplate\":\"https:\/\/www.pm.pb.gov.br\/portal\/?s={search_term_string}\"},\"query-input\":\"required name=search_term_string\"}],\"inLanguage\":\"pt-BR\"},{\"@type\":\"Organization\",\"@id\":\"https:\/\/www.pm.pb.gov.br\/portal\/#organization\",\"name\":\"Pol\u00edcia Militar da Para\u00edba\",\"url\":\"https:\/\/www.pm.pb.gov.br\/portal\/\",\"logo\":{\"@type\":\"ImageObject\",\"inLanguage\":\"pt-BR\",\"@id\":\"https:\/\/www.pm.pb.gov.br\/portal\/#\/schema\/logo\/image\/\",\"url\":\"https:\/\/www.pm.pb.gov.br\/portal\/wp-content\/uploads\/2025\/03\/cropped-logo-site-mag2-1.png\",\"contentUrl\":\"https:\/\/www.pm.pb.gov.br\/portal\/wp-content\/uploads\/2025\/03\/cropped-logo-site-mag2-1.png\",\"width\":320,\"height\":90,\"caption\":\"Pol\u00edcia Militar da Para\u00edba\"},\"image\":{\"@id\":\"https:\/\/www.pm.pb.gov.br\/portal\/#\/schema\/logo\/image\/\"}},{\"@type\":\"Person\",\"@id\":\"https:\/\/www.pm.pb.gov.br\/portal\/#\/schema\/person\/e8454f46651c3ecf0e1ba3c1666d9947\",\"name\":\"Assessoria de Imprensa da PMPB\",\"image\":{\"@type\":\"ImageObject\",\"inLanguage\":\"pt-BR\",\"@id\":\"https:\/\/www.pm.pb.gov.br\/portal\/#\/schema\/person\/image\/\",\"url\":\"https:\/\/secure.gravatar.com\/avatar\/2efe197438265d1e90bd98c4c8e1acf8?s=96&d=mm&r=g\",\"contentUrl\":\"https:\/\/secure.gravatar.com\/avatar\/2efe197438265d1e90bd98c4c8e1acf8?s=96&d=mm&r=g\",\"caption\":\"Assessoria de Imprensa da PMPB\"},\"url\":\"https:\/\/www.pm.pb.gov.br\/portal\/author\/assessoria\/\"}]}<\/script>\n<!-- \/ Yoast SEO plugin. -->","yoast_head_json":{"title":"Pol\u00edcia Militar apreende drogas na zona sul da Capital - Pol\u00edcia Militar da Para\u00edba","robots":{"index":"index","follow":"follow","max-snippet":"max-snippet:-1","max-image-preview":"max-image-preview:large","max-video-preview":"max-video-preview:-1"},"canonical":"https:\/\/www.pm.pb.gov.br\/portal\/2026\/01\/29\/policia-militar-apreende-drogas-na-zona-sul-da-capital-2\/","og_locale":"pt_BR","og_type":"article","og_title":"Pol\u00edcia Militar apreende drogas na zona sul da Capital - Pol\u00edcia Militar da Para\u00edba","og_description":"Na tarde desta quinta-feira (29), equipes da For\u00e7a T\u00e1tica do 5\u00ba Batalh\u00e3o apreenderam vasta quantidade de drogas na zona sul","og_url":"https:\/\/www.pm.pb.gov.br\/portal\/2026\/01\/29\/policia-militar-apreende-drogas-na-zona-sul-da-capital-2\/","og_site_name":"Pol\u00edcia Militar da Para\u00edba","article_published_time":"2026-01-29T23:15:58+00:00","article_modified_time":"2026-01-29T23:16:01+00:00","og_image":[{"width":1200,"height":667,"url":"http:\/\/www.pm.pb.gov.br\/portal\/wp-content\/uploads\/2026\/01\/drogas-6.png","type":"image\/png"}],"author":"Assessoria de Imprensa da PMPB","twitter_card":"summary_large_image","twitter_misc":{"Escrito por":"Assessoria de Imprensa da PMPB","Est. tempo de leitura":"1 minuto"},"schema":{"@context":"https:\/\/schema.org","@graph":[{"@type":"Article","@id":"https:\/\/www.pm.pb.gov.br\/portal\/2026\/01\/29\/policia-militar-apreende-drogas-na-zona-sul-da-capital-2\/#article","isPartOf":{"@id":"https:\/\/www.pm.pb.gov.br\/portal\/2026\/01\/29\/policia-militar-apreende-drogas-na-zona-sul-da-capital-2\/"},"author":{"name":"Assessoria de Imprensa da PMPB","@id":"https:\/\/www.pm.pb.gov.br\/portal\/#\/schema\/person\/e8454f46651c3ecf0e1ba3c1666d9947"},"headline":"Pol\u00edcia Militar apreende drogas na zona sul da Capital","datePublished":"2026-01-29T23:15:58+00:00","dateModified":"2026-01-29T23:16:01+00:00","mainEntityOfPage":{"@id":"https:\/\/www.pm.pb.gov.br\/portal\/2026\/01\/29\/policia-militar-apreende-drogas-na-zona-sul-da-capital-2\/"},"wordCount":156,"publisher":{"@id":"https:\/\/www.pm.pb.gov.br\/portal\/#organization"},"articleSection":["A\u00e7\u00f5es Policiais"],"inLanguage":"pt-BR"},{"@type":"WebPage","@id":"https:\/\/www.pm.pb.gov.br\/portal\/2026\/01\/29\/policia-militar-apreende-drogas-na-zona-sul-da-capital-2\/","url":"https:\/\/www.pm.pb.gov.br\/portal\/2026\/01\/29\/policia-militar-apreende-drogas-na-zona-sul-da-capital-2\/","name":"Pol\u00edcia Militar apreende drogas na zona sul da Capital - Pol\u00edcia Militar da Para\u00edba","isPartOf":{"@id":"https:\/\/www.pm.pb.gov.br\/portal\/#website"},"datePublished":"2026-01-29T23:15:58+00:00","dateModified":"2026-01-29T23:16:01+00:00","breadcrumb":{"@id":"https:\/\/www.pm.pb.gov.br\/portal\/2026\/01\/29\/policia-militar-apreende-drogas-na-zona-sul-da-capital-2\/#breadcrumb"},"inLanguage":"pt-BR","potentialAction":[{"@type":"ReadAction","target":["https:\/\/www.pm.pb.gov.br\/portal\/2026\/01\/29\/policia-militar-apreende-drogas-na-zona-sul-da-capital-2\/"]}]},{"@type":"BreadcrumbList","@id":"https:\/\/www.pm.pb.gov.br\/portal\/2026\/01\/29\/policia-militar-apreende-drogas-na-zona-sul-da-capital-2\/#breadcrumb","itemListElement":[{"@type":"ListItem","position":1,"name":"In\u00edcio","item":"https:\/\/www.pm.pb.gov.br\/portal\/"},{"@type":"ListItem","position":2,"name":"Pol\u00edcia Militar apreende drogas na zona sul da Capital"}]},{"@type":"WebSite","@id":"https:\/\/www.pm.pb.gov.br\/portal\/#website","url":"https:\/\/www.pm.pb.gov.br\/portal\/","name":"Pol\u00edcia Militar da Para\u00edba","description":"","publisher":{"@id":"https:\/\/www.pm.pb.gov.br\/portal\/#organization"},"potentialAction":[{"@type":"SearchAction","target":{"@type":"EntryPoint","urlTemplate":"https:\/\/www.pm.pb.gov.br\/portal\/?s={search_term_string}"},"query-input":"required name=search_term_string"}],"inLanguage":"pt-BR"},{"@type":"Organization","@id":"https:\/\/www.pm.pb.gov.br\/portal\/#organization","name":"Pol\u00edcia Militar da Para\u00edba","url":"https:\/\/www.pm.pb.gov.br\/portal\/","logo":{"@type":"ImageObject","inLanguage":"pt-BR","@id":"https:\/\/www.pm.pb.gov.br\/portal\/#\/schema\/logo\/image\/","url":"https:\/\/www.pm.pb.gov.br\/portal\/wp-content\/uploads\/2025\/03\/cropped-logo-site-mag2-1.png","contentUrl":"https:\/\/www.pm.pb.gov.br\/portal\/wp-content\/uploads\/2025\/03\/cropped-logo-site-mag2-1.png","width":320,"height":90,"caption":"Pol\u00edcia Militar da Para\u00edba"},"image":{"@id":"https:\/\/www.pm.pb.gov.br\/portal\/#\/schema\/logo\/image\/"}},{"@type":"Person","@id":"https:\/\/www.pm.pb.gov.br\/portal\/#\/schema\/person\/e8454f46651c3ecf0e1ba3c1666d9947","name":"Assessoria de Imprensa da PMPB","image":{"@type":"ImageObject","inLanguage":"pt-BR","@id":"https:\/\/www.pm.pb.gov.br\/portal\/#\/schema\/person\/image\/","url":"https:\/\/secure.gravatar.com\/avatar\/2efe197438265d1e90bd98c4c8e1acf8?s=96&d=mm&r=g","contentUrl":"https:\/\/secure.gravatar.com\/avatar\/2efe197438265d1e90bd98c4c8e1acf8?s=96&d=mm&r=g","caption":"Assessoria de Imprensa da PMPB"},"url":"https:\/\/www.pm.pb.gov.br\/portal\/author\/assessoria\/"}]}},"_links":{"self":[{"href":"https:\/\/www.pm.pb.gov.br\/portal\/wp-json\/wp\/v2\/posts\/929802"}],"collection":[{"href":"https:\/\/www.pm.pb.gov.br\/portal\/wp-json\/wp\/v2\/posts"}],"about":[{"href":"https:\/\/www.pm.pb.gov.br\/portal\/wp-json\/wp\/v2\/types\/post"}],"author":[{"embeddable":true,"href":"https:\/\/www.pm.pb.gov.br\/portal\/wp-json\/wp\/v2\/users\/5"}],"replies":[{"embeddable":true,"href":"https:\/\/www.pm.pb.gov.br\/portal\/wp-json\/wp\/v2\/comments?post=929802"}],"version-history":[{"count":1,"href":"https:\/\/www.pm.pb.gov.br\/portal\/wp-json\/wp\/v2\/posts\/929802\/revisions"}],"predecessor-version":[{"id":929804,"href":"https:\/\/www.pm.pb.gov.br\/portal\/wp-json\/wp\/v2\/posts\/929802\/revisions\/929804"}],"wp:featuredmedia":[{"embeddable":true,"href":"https:\/\/www.pm.pb.gov.br\/portal\/wp-json\/wp\/v2\/media\/929803"}],"wp:attachment":[{"href":"https:\/\/www.pm.pb.gov.br\/portal\/wp-json\/wp\/v2\/media?parent=929802"}],"wp:term":[{"taxonomy":"category","embeddable":true,"href":"https:\/\/www.pm.pb.gov.br\/portal\/wp-json\/wp\/v2\/categories?post=929802"},{"taxonomy":"post_tag","embeddable":true,"href":"https:\/\/www.pm.pb.gov.br\/portal\/wp-json\/wp\/v2\/tags?post=929802"}],"curies":[{"name":"wp","href":"https:\/\/api.w.org\/{rel}","templated":true}]}}