{"id":929762,"date":"2026-01-26T12:14:00","date_gmt":"2026-01-26T15:14:00","guid":{"rendered":"https:\/\/www.pm.pb.gov.br\/portal\/?p=929762"},"modified":"2026-01-26T14:41:22","modified_gmt":"2026-01-26T17:41:22","slug":"policia-militar-entrega-certificados-de-sensores-de-inteligencia","status":"publish","type":"post","link":"https:\/\/www.pm.pb.gov.br\/portal\/2026\/01\/26\/policia-militar-entrega-certificados-de-sensores-de-inteligencia\/","title":{"rendered":"RECONHECIMENTO E HOMENAGENS: Pol\u00edcia Militar entrega certificados de sensores de intelig\u00eancia"},"content":{"rendered":"\n<p>A Pol\u00edcia Militar da Para\u00edba realizou a Solenidade de Entrega dos Certificados de Sensores de Intelig\u00eancia para os destaques da tropa em colabora\u00e7\u00e3o. O evento ocorreu nesta segunda-feira (26), no audit\u00f3rio do Comando-Geral da Pol\u00edcia Militar, reunindo autoridades militares e integrantes do Departamento de Intelig\u00eancia da PMPB (foto principal acima e abaixo).<\/p>\n<p>Sensor de intelig\u00eancia \u00e9 qualquer policial militar n\u00e3o lotado no Departamento de Intelig\u00eancia,\u00a0que empregado em a\u00e7\u00e3o ou opera\u00e7\u00e3o obt\u00e9m dado ou tem ci\u00eancia pr\u00e9via de dado que possa ser \u00fatil \u00e0 produ\u00e7\u00e3o de conhecimento de intelig\u00eancia.<\/p>\n<p><img loading=\"lazy\" decoding=\"async\" class=\"wp-image-929766 aligncenter\" src=\"http:\/\/www.pm.pb.gov.br\/portal\/wp-content\/uploads\/2026\/01\/IMG_7530-792x445.jpg\" alt=\"\" width=\"740\" height=\"416\" srcset=\"https:\/\/www.pm.pb.gov.br\/portal\/wp-content\/uploads\/2026\/01\/IMG_7530-792x445.jpg 792w, https:\/\/www.pm.pb.gov.br\/portal\/wp-content\/uploads\/2026\/01\/IMG_7530-1015x570.jpg 1015w, https:\/\/www.pm.pb.gov.br\/portal\/wp-content\/uploads\/2026\/01\/IMG_7530-768x431.jpg 768w, https:\/\/www.pm.pb.gov.br\/portal\/wp-content\/uploads\/2026\/01\/IMG_7530-1536x863.jpg 1536w, https:\/\/www.pm.pb.gov.br\/portal\/wp-content\/uploads\/2026\/01\/IMG_7530-2048x1150.jpg 2048w\" sizes=\"(max-width: 740px) 100vw, 740px\" \/><\/p>\n<p>A solenidade teve como objetivo valorizar o empenho, a dedica\u00e7\u00e3o e o profissionalismo dos policiais militares lotados na regi\u00e3o metropolitana que se destacaram pela cont\u00ednua colabora\u00e7\u00e3o com as atividades desempenhadas pelo Departamento de Intelig\u00eancia da PMPB, refor\u00e7ando o compromisso da Institui\u00e7\u00e3o com a efici\u00eancia operacional e a excel\u00eancia no servi\u00e7o prestado \u00e0 sociedade paraibana.<\/p>\n<p>O evento contou com a presen\u00e7a do Diretor-Geral do Departamento de Intelig\u00eancia, o coronel Tib\u00e9rio, e do Comandante-Geral da Pol\u00edcia Militar da Para\u00edba, Coronel S\u00e9rgio Fonseca, que destacou em sua fala a import\u00e2ncia do trabalho integrado e do fortalecimento das a\u00e7\u00f5es de intelig\u00eancia como pilares fundamentais para a preven\u00e7\u00e3o e o enfrentamento da criminalidade (fotos abaixo).<\/p>\n<p><img loading=\"lazy\" decoding=\"async\" class=\" wp-image-929768 aligncenter\" src=\"http:\/\/www.pm.pb.gov.br\/portal\/wp-content\/uploads\/2026\/01\/IMG_7671-800x412.jpg\" alt=\"\" width=\"777\" height=\"400\" srcset=\"https:\/\/www.pm.pb.gov.br\/portal\/wp-content\/uploads\/2026\/01\/IMG_7671-800x412.jpg 800w, https:\/\/www.pm.pb.gov.br\/portal\/wp-content\/uploads\/2026\/01\/IMG_7671-1024x527.jpg 1024w, https:\/\/www.pm.pb.gov.br\/portal\/wp-content\/uploads\/2026\/01\/IMG_7671-768x395.jpg 768w, https:\/\/www.pm.pb.gov.br\/portal\/wp-content\/uploads\/2026\/01\/IMG_7671-1536x790.jpg 1536w, https:\/\/www.pm.pb.gov.br\/portal\/wp-content\/uploads\/2026\/01\/IMG_7671-2048x1054.jpg 2048w\" sizes=\"(max-width: 777px) 100vw, 777px\" \/><\/p>\n<p><img loading=\"lazy\" decoding=\"async\" class=\"size-medium wp-image-929767 aligncenter\" src=\"http:\/\/www.pm.pb.gov.br\/portal\/wp-content\/uploads\/2026\/01\/IMG_7659-792x445.jpg\" alt=\"\" width=\"792\" height=\"445\" srcset=\"https:\/\/www.pm.pb.gov.br\/portal\/wp-content\/uploads\/2026\/01\/IMG_7659-792x445.jpg 792w, https:\/\/www.pm.pb.gov.br\/portal\/wp-content\/uploads\/2026\/01\/IMG_7659-1015x570.jpg 1015w, https:\/\/www.pm.pb.gov.br\/portal\/wp-content\/uploads\/2026\/01\/IMG_7659-768x431.jpg 768w, https:\/\/www.pm.pb.gov.br\/portal\/wp-content\/uploads\/2026\/01\/IMG_7659-1536x863.jpg 1536w, https:\/\/www.pm.pb.gov.br\/portal\/wp-content\/uploads\/2026\/01\/IMG_7659-2048x1150.jpg 2048w\" sizes=\"(max-width: 792px) 100vw, 792px\" \/><\/p>\n<p>Na ocasi\u00e3o, foi realizada a entrega de 28 certificados e evidenciado que o reconhecimento aos militares agraciados \u00e9 fruto do m\u00e9rito, da responsabilidade e da confian\u00e7a demonstrada por cada profissional homenageado.<\/p>\n\n\n","protected":false},"excerpt":{"rendered":"<p>A Pol\u00edcia Militar da Para\u00edba realizou a Solenidade de Entrega dos Certificados de Sensores de Intelig\u00eancia para os destaques da<\/p>\n","protected":false},"author":12,"featured_media":929765,"comment_status":"closed","ping_status":"closed","sticky":false,"template":"","format":"standard","meta":{"_exactmetrics_skip_tracking":false,"_exactmetrics_sitenote_active":false,"_exactmetrics_sitenote_note":"","_exactmetrics_sitenote_category":0,"footnotes":""},"categories":[5],"tags":[],"yoast_head":"<!-- This site is optimized with the Yoast SEO plugin v22.0 - https:\/\/yoast.com\/wordpress\/plugins\/seo\/ -->\n<title>RECONHECIMENTO E HOMENAGENS: Pol\u00edcia Militar entrega certificados de sensores de intelig\u00eancia - Pol\u00edcia Militar da Para\u00edba<\/title>\n<meta name=\"robots\" content=\"index, follow, max-snippet:-1, max-image-preview:large, max-video-preview:-1\" \/>\n<link rel=\"canonical\" href=\"https:\/\/www.pm.pb.gov.br\/portal\/2026\/01\/26\/policia-militar-entrega-certificados-de-sensores-de-inteligencia\/\" \/>\n<meta property=\"og:locale\" content=\"pt_BR\" \/>\n<meta property=\"og:type\" content=\"article\" \/>\n<meta property=\"og:title\" content=\"RECONHECIMENTO E HOMENAGENS: Pol\u00edcia Militar entrega certificados de sensores de intelig\u00eancia - Pol\u00edcia Militar da Para\u00edba\" \/>\n<meta property=\"og:description\" content=\"A Pol\u00edcia Militar da Para\u00edba realizou a Solenidade de Entrega dos Certificados de Sensores de Intelig\u00eancia para os destaques da\" \/>\n<meta property=\"og:url\" content=\"https:\/\/www.pm.pb.gov.br\/portal\/2026\/01\/26\/policia-militar-entrega-certificados-de-sensores-de-inteligencia\/\" \/>\n<meta property=\"og:site_name\" content=\"Pol\u00edcia Militar da Para\u00edba\" \/>\n<meta property=\"article:published_time\" content=\"2026-01-26T15:14:00+00:00\" \/>\n<meta property=\"article:modified_time\" content=\"2026-01-26T17:41:22+00:00\" \/>\n<meta property=\"og:image\" content=\"http:\/\/www.pm.pb.gov.br\/portal\/wp-content\/uploads\/2026\/01\/IMG_2655-scaled.jpeg\" \/>\n\t<meta property=\"og:image:width\" content=\"2560\" \/>\n\t<meta property=\"og:image:height\" content=\"1469\" \/>\n\t<meta property=\"og:image:type\" content=\"image\/jpeg\" \/>\n<meta name=\"author\" content=\"Tarcisio Oliveira\" \/>\n<meta name=\"twitter:card\" content=\"summary_large_image\" \/>\n<meta name=\"twitter:label1\" content=\"Escrito por\" \/>\n\t<meta name=\"twitter:data1\" content=\"Tarcisio Oliveira\" \/>\n\t<meta name=\"twitter:label2\" content=\"Est. tempo de leitura\" \/>\n\t<meta name=\"twitter:data2\" content=\"3 minutos\" \/>\n<script type=\"application\/ld+json\" class=\"yoast-schema-graph\">{\"@context\":\"https:\/\/schema.org\",\"@graph\":[{\"@type\":\"Article\",\"@id\":\"https:\/\/www.pm.pb.gov.br\/portal\/2026\/01\/26\/policia-militar-entrega-certificados-de-sensores-de-inteligencia\/#article\",\"isPartOf\":{\"@id\":\"https:\/\/www.pm.pb.gov.br\/portal\/2026\/01\/26\/policia-militar-entrega-certificados-de-sensores-de-inteligencia\/\"},\"author\":{\"name\":\"Tarcisio Oliveira\",\"@id\":\"https:\/\/www.pm.pb.gov.br\/portal\/#\/schema\/person\/f84f56dcc78ce4357054da888b8247fd\"},\"headline\":\"RECONHECIMENTO E HOMENAGENS: Pol\u00edcia Militar entrega certificados de sensores de intelig\u00eancia\",\"datePublished\":\"2026-01-26T15:14:00+00:00\",\"dateModified\":\"2026-01-26T17:41:22+00:00\",\"mainEntityOfPage\":{\"@id\":\"https:\/\/www.pm.pb.gov.br\/portal\/2026\/01\/26\/policia-militar-entrega-certificados-de-sensores-de-inteligencia\/\"},\"wordCount\":277,\"publisher\":{\"@id\":\"https:\/\/www.pm.pb.gov.br\/portal\/#organization\"},\"articleSection\":[\"Homenagens\"],\"inLanguage\":\"pt-BR\"},{\"@type\":\"WebPage\",\"@id\":\"https:\/\/www.pm.pb.gov.br\/portal\/2026\/01\/26\/policia-militar-entrega-certificados-de-sensores-de-inteligencia\/\",\"url\":\"https:\/\/www.pm.pb.gov.br\/portal\/2026\/01\/26\/policia-militar-entrega-certificados-de-sensores-de-inteligencia\/\",\"name\":\"RECONHECIMENTO E HOMENAGENS: Pol\u00edcia Militar entrega certificados de sensores de intelig\u00eancia - Pol\u00edcia Militar da Para\u00edba\",\"isPartOf\":{\"@id\":\"https:\/\/www.pm.pb.gov.br\/portal\/#website\"},\"datePublished\":\"2026-01-26T15:14:00+00:00\",\"dateModified\":\"2026-01-26T17:41:22+00:00\",\"breadcrumb\":{\"@id\":\"https:\/\/www.pm.pb.gov.br\/portal\/2026\/01\/26\/policia-militar-entrega-certificados-de-sensores-de-inteligencia\/#breadcrumb\"},\"inLanguage\":\"pt-BR\",\"potentialAction\":[{\"@type\":\"ReadAction\",\"target\":[\"https:\/\/www.pm.pb.gov.br\/portal\/2026\/01\/26\/policia-militar-entrega-certificados-de-sensores-de-inteligencia\/\"]}]},{\"@type\":\"BreadcrumbList\",\"@id\":\"https:\/\/www.pm.pb.gov.br\/portal\/2026\/01\/26\/policia-militar-entrega-certificados-de-sensores-de-inteligencia\/#breadcrumb\",\"itemListElement\":[{\"@type\":\"ListItem\",\"position\":1,\"name\":\"In\u00edcio\",\"item\":\"https:\/\/www.pm.pb.gov.br\/portal\/\"},{\"@type\":\"ListItem\",\"position\":2,\"name\":\"RECONHECIMENTO E HOMENAGENS: Pol\u00edcia Militar entrega certificados de sensores de intelig\u00eancia\"}]},{\"@type\":\"WebSite\",\"@id\":\"https:\/\/www.pm.pb.gov.br\/portal\/#website\",\"url\":\"https:\/\/www.pm.pb.gov.br\/portal\/\",\"name\":\"Pol\u00edcia Militar da Para\u00edba\",\"description\":\"\",\"publisher\":{\"@id\":\"https:\/\/www.pm.pb.gov.br\/portal\/#organization\"},\"potentialAction\":[{\"@type\":\"SearchAction\",\"target\":{\"@type\":\"EntryPoint\",\"urlTemplate\":\"https:\/\/www.pm.pb.gov.br\/portal\/?s={search_term_string}\"},\"query-input\":\"required name=search_term_string\"}],\"inLanguage\":\"pt-BR\"},{\"@type\":\"Organization\",\"@id\":\"https:\/\/www.pm.pb.gov.br\/portal\/#organization\",\"name\":\"Pol\u00edcia Militar da Para\u00edba\",\"url\":\"https:\/\/www.pm.pb.gov.br\/portal\/\",\"logo\":{\"@type\":\"ImageObject\",\"inLanguage\":\"pt-BR\",\"@id\":\"https:\/\/www.pm.pb.gov.br\/portal\/#\/schema\/logo\/image\/\",\"url\":\"https:\/\/www.pm.pb.gov.br\/portal\/wp-content\/uploads\/2025\/03\/cropped-logo-site-mag2-1.png\",\"contentUrl\":\"https:\/\/www.pm.pb.gov.br\/portal\/wp-content\/uploads\/2025\/03\/cropped-logo-site-mag2-1.png\",\"width\":320,\"height\":90,\"caption\":\"Pol\u00edcia Militar da Para\u00edba\"},\"image\":{\"@id\":\"https:\/\/www.pm.pb.gov.br\/portal\/#\/schema\/logo\/image\/\"}},{\"@type\":\"Person\",\"@id\":\"https:\/\/www.pm.pb.gov.br\/portal\/#\/schema\/person\/f84f56dcc78ce4357054da888b8247fd\",\"name\":\"Tarcisio Oliveira\",\"image\":{\"@type\":\"ImageObject\",\"inLanguage\":\"pt-BR\",\"@id\":\"https:\/\/www.pm.pb.gov.br\/portal\/#\/schema\/person\/image\/\",\"url\":\"https:\/\/secure.gravatar.com\/avatar\/72917b630b69d31cd0297507f34bac97?s=96&d=mm&r=g\",\"contentUrl\":\"https:\/\/secure.gravatar.com\/avatar\/72917b630b69d31cd0297507f34bac97?s=96&d=mm&r=g\",\"caption\":\"Tarcisio Oliveira\"},\"url\":\"https:\/\/www.pm.pb.gov.br\/portal\/author\/tarcisio\/\"}]}<\/script>\n<!-- \/ Yoast SEO plugin. -->","yoast_head_json":{"title":"RECONHECIMENTO E HOMENAGENS: Pol\u00edcia Militar entrega certificados de sensores de intelig\u00eancia - Pol\u00edcia Militar da Para\u00edba","robots":{"index":"index","follow":"follow","max-snippet":"max-snippet:-1","max-image-preview":"max-image-preview:large","max-video-preview":"max-video-preview:-1"},"canonical":"https:\/\/www.pm.pb.gov.br\/portal\/2026\/01\/26\/policia-militar-entrega-certificados-de-sensores-de-inteligencia\/","og_locale":"pt_BR","og_type":"article","og_title":"RECONHECIMENTO E HOMENAGENS: Pol\u00edcia Militar entrega certificados de sensores de intelig\u00eancia - Pol\u00edcia Militar da Para\u00edba","og_description":"A Pol\u00edcia Militar da Para\u00edba realizou a Solenidade de Entrega dos Certificados de Sensores de Intelig\u00eancia para os destaques da","og_url":"https:\/\/www.pm.pb.gov.br\/portal\/2026\/01\/26\/policia-militar-entrega-certificados-de-sensores-de-inteligencia\/","og_site_name":"Pol\u00edcia Militar da Para\u00edba","article_published_time":"2026-01-26T15:14:00+00:00","article_modified_time":"2026-01-26T17:41:22+00:00","og_image":[{"width":2560,"height":1469,"url":"http:\/\/www.pm.pb.gov.br\/portal\/wp-content\/uploads\/2026\/01\/IMG_2655-scaled.jpeg","type":"image\/jpeg"}],"author":"Tarcisio Oliveira","twitter_card":"summary_large_image","twitter_misc":{"Escrito por":"Tarcisio Oliveira","Est. tempo de leitura":"3 minutos"},"schema":{"@context":"https:\/\/schema.org","@graph":[{"@type":"Article","@id":"https:\/\/www.pm.pb.gov.br\/portal\/2026\/01\/26\/policia-militar-entrega-certificados-de-sensores-de-inteligencia\/#article","isPartOf":{"@id":"https:\/\/www.pm.pb.gov.br\/portal\/2026\/01\/26\/policia-militar-entrega-certificados-de-sensores-de-inteligencia\/"},"author":{"name":"Tarcisio Oliveira","@id":"https:\/\/www.pm.pb.gov.br\/portal\/#\/schema\/person\/f84f56dcc78ce4357054da888b8247fd"},"headline":"RECONHECIMENTO E HOMENAGENS: Pol\u00edcia Militar entrega certificados de sensores de intelig\u00eancia","datePublished":"2026-01-26T15:14:00+00:00","dateModified":"2026-01-26T17:41:22+00:00","mainEntityOfPage":{"@id":"https:\/\/www.pm.pb.gov.br\/portal\/2026\/01\/26\/policia-militar-entrega-certificados-de-sensores-de-inteligencia\/"},"wordCount":277,"publisher":{"@id":"https:\/\/www.pm.pb.gov.br\/portal\/#organization"},"articleSection":["Homenagens"],"inLanguage":"pt-BR"},{"@type":"WebPage","@id":"https:\/\/www.pm.pb.gov.br\/portal\/2026\/01\/26\/policia-militar-entrega-certificados-de-sensores-de-inteligencia\/","url":"https:\/\/www.pm.pb.gov.br\/portal\/2026\/01\/26\/policia-militar-entrega-certificados-de-sensores-de-inteligencia\/","name":"RECONHECIMENTO E HOMENAGENS: Pol\u00edcia Militar entrega certificados de sensores de intelig\u00eancia - Pol\u00edcia Militar da Para\u00edba","isPartOf":{"@id":"https:\/\/www.pm.pb.gov.br\/portal\/#website"},"datePublished":"2026-01-26T15:14:00+00:00","dateModified":"2026-01-26T17:41:22+00:00","breadcrumb":{"@id":"https:\/\/www.pm.pb.gov.br\/portal\/2026\/01\/26\/policia-militar-entrega-certificados-de-sensores-de-inteligencia\/#breadcrumb"},"inLanguage":"pt-BR","potentialAction":[{"@type":"ReadAction","target":["https:\/\/www.pm.pb.gov.br\/portal\/2026\/01\/26\/policia-militar-entrega-certificados-de-sensores-de-inteligencia\/"]}]},{"@type":"BreadcrumbList","@id":"https:\/\/www.pm.pb.gov.br\/portal\/2026\/01\/26\/policia-militar-entrega-certificados-de-sensores-de-inteligencia\/#breadcrumb","itemListElement":[{"@type":"ListItem","position":1,"name":"In\u00edcio","item":"https:\/\/www.pm.pb.gov.br\/portal\/"},{"@type":"ListItem","position":2,"name":"RECONHECIMENTO E HOMENAGENS: Pol\u00edcia Militar entrega certificados de sensores de intelig\u00eancia"}]},{"@type":"WebSite","@id":"https:\/\/www.pm.pb.gov.br\/portal\/#website","url":"https:\/\/www.pm.pb.gov.br\/portal\/","name":"Pol\u00edcia Militar da Para\u00edba","description":"","publisher":{"@id":"https:\/\/www.pm.pb.gov.br\/portal\/#organization"},"potentialAction":[{"@type":"SearchAction","target":{"@type":"EntryPoint","urlTemplate":"https:\/\/www.pm.pb.gov.br\/portal\/?s={search_term_string}"},"query-input":"required name=search_term_string"}],"inLanguage":"pt-BR"},{"@type":"Organization","@id":"https:\/\/www.pm.pb.gov.br\/portal\/#organization","name":"Pol\u00edcia Militar da Para\u00edba","url":"https:\/\/www.pm.pb.gov.br\/portal\/","logo":{"@type":"ImageObject","inLanguage":"pt-BR","@id":"https:\/\/www.pm.pb.gov.br\/portal\/#\/schema\/logo\/image\/","url":"https:\/\/www.pm.pb.gov.br\/portal\/wp-content\/uploads\/2025\/03\/cropped-logo-site-mag2-1.png","contentUrl":"https:\/\/www.pm.pb.gov.br\/portal\/wp-content\/uploads\/2025\/03\/cropped-logo-site-mag2-1.png","width":320,"height":90,"caption":"Pol\u00edcia Militar da Para\u00edba"},"image":{"@id":"https:\/\/www.pm.pb.gov.br\/portal\/#\/schema\/logo\/image\/"}},{"@type":"Person","@id":"https:\/\/www.pm.pb.gov.br\/portal\/#\/schema\/person\/f84f56dcc78ce4357054da888b8247fd","name":"Tarcisio Oliveira","image":{"@type":"ImageObject","inLanguage":"pt-BR","@id":"https:\/\/www.pm.pb.gov.br\/portal\/#\/schema\/person\/image\/","url":"https:\/\/secure.gravatar.com\/avatar\/72917b630b69d31cd0297507f34bac97?s=96&d=mm&r=g","contentUrl":"https:\/\/secure.gravatar.com\/avatar\/72917b630b69d31cd0297507f34bac97?s=96&d=mm&r=g","caption":"Tarcisio Oliveira"},"url":"https:\/\/www.pm.pb.gov.br\/portal\/author\/tarcisio\/"}]}},"_links":{"self":[{"href":"https:\/\/www.pm.pb.gov.br\/portal\/wp-json\/wp\/v2\/posts\/929762"}],"collection":[{"href":"https:\/\/www.pm.pb.gov.br\/portal\/wp-json\/wp\/v2\/posts"}],"about":[{"href":"https:\/\/www.pm.pb.gov.br\/portal\/wp-json\/wp\/v2\/types\/post"}],"author":[{"embeddable":true,"href":"https:\/\/www.pm.pb.gov.br\/portal\/wp-json\/wp\/v2\/users\/12"}],"replies":[{"embeddable":true,"href":"https:\/\/www.pm.pb.gov.br\/portal\/wp-json\/wp\/v2\/comments?post=929762"}],"version-history":[{"count":2,"href":"https:\/\/www.pm.pb.gov.br\/portal\/wp-json\/wp\/v2\/posts\/929762\/revisions"}],"predecessor-version":[{"id":929770,"href":"https:\/\/www.pm.pb.gov.br\/portal\/wp-json\/wp\/v2\/posts\/929762\/revisions\/929770"}],"wp:featuredmedia":[{"embeddable":true,"href":"https:\/\/www.pm.pb.gov.br\/portal\/wp-json\/wp\/v2\/media\/929765"}],"wp:attachment":[{"href":"https:\/\/www.pm.pb.gov.br\/portal\/wp-json\/wp\/v2\/media?parent=929762"}],"wp:term":[{"taxonomy":"category","embeddable":true,"href":"https:\/\/www.pm.pb.gov.br\/portal\/wp-json\/wp\/v2\/categories?post=929762"},{"taxonomy":"post_tag","embeddable":true,"href":"https:\/\/www.pm.pb.gov.br\/portal\/wp-json\/wp\/v2\/tags?post=929762"}],"curies":[{"name":"wp","href":"https:\/\/api.w.org\/{rel}","templated":true}]}}