{"id":929749,"date":"2026-01-25T11:50:02","date_gmt":"2026-01-25T14:50:02","guid":{"rendered":"https:\/\/www.pm.pb.gov.br\/portal\/?p=929749"},"modified":"2026-01-25T11:50:05","modified_gmt":"2026-01-25T14:50:05","slug":"operacao-apreende-material-de-traficantes-que-estariam-atuando-no-litoral-norte-da-paraiba","status":"publish","type":"post","link":"https:\/\/www.pm.pb.gov.br\/portal\/2026\/01\/25\/operacao-apreende-material-de-traficantes-que-estariam-atuando-no-litoral-norte-da-paraiba\/","title":{"rendered":"Opera\u00e7\u00e3o apreende material de traficantes que estariam atuando no Litoral Norte da Para\u00edba"},"content":{"rendered":"A Pol\u00edcia Militar apreendeu maconha, crack, coca\u00edna, balan\u00e7a de precis\u00e3o, embalagens para armazenar drogas, muni\u00e7\u00e3o de calibre 9 mil\u00edmetros e r\u00e1dios comunicadores, na noite desse s\u00e1bado (24), em uma a\u00e7\u00e3o realizada pelos policiais do 17\u00ba Batalh\u00e3o, na comunidade Senzala, que fica na cidade de Rio Tinto, Litoral Norte da Para\u00edba.<br \/><br \/>Um suspeito foi localizado e preso. Ele estaria integrando um grupo suspeito de atuar no tr\u00e1fico da regi\u00e3o. Os comparsas do acusado conseguiram fugir, mas seguem sendo procurados. O caso foi levado para a Delegacia de Pol\u00edcia, em Mamanguape. <br \/>","protected":false},"excerpt":{"rendered":"<p>A Pol\u00edcia Militar apreendeu maconha, crack, coca\u00edna, balan\u00e7a de precis\u00e3o, embalagens para armazenar drogas, muni\u00e7\u00e3o de calibre 9 mil\u00edmetros e<\/p>\n","protected":false},"author":18,"featured_media":929753,"comment_status":"closed","ping_status":"closed","sticky":false,"template":"","format":"standard","meta":{"_exactmetrics_skip_tracking":false,"_exactmetrics_sitenote_active":false,"_exactmetrics_sitenote_note":"","_exactmetrics_sitenote_category":0,"footnotes":""},"categories":[4],"tags":[],"yoast_head":"<!-- This site is optimized with the Yoast SEO plugin v22.0 - https:\/\/yoast.com\/wordpress\/plugins\/seo\/ -->\n<title>Opera\u00e7\u00e3o apreende material de traficantes que estariam atuando no Litoral Norte da Para\u00edba - Pol\u00edcia Militar da Para\u00edba<\/title>\n<meta name=\"robots\" content=\"index, follow, max-snippet:-1, max-image-preview:large, max-video-preview:-1\" \/>\n<link rel=\"canonical\" href=\"https:\/\/www.pm.pb.gov.br\/portal\/2026\/01\/25\/operacao-apreende-material-de-traficantes-que-estariam-atuando-no-litoral-norte-da-paraiba\/\" \/>\n<meta property=\"og:locale\" content=\"pt_BR\" \/>\n<meta property=\"og:type\" content=\"article\" \/>\n<meta property=\"og:title\" content=\"Opera\u00e7\u00e3o apreende material de traficantes que estariam atuando no Litoral Norte da Para\u00edba - Pol\u00edcia Militar da Para\u00edba\" \/>\n<meta property=\"og:description\" content=\"A Pol\u00edcia Militar apreendeu maconha, crack, coca\u00edna, balan\u00e7a de precis\u00e3o, embalagens para armazenar drogas, muni\u00e7\u00e3o de calibre 9 mil\u00edmetros e\" \/>\n<meta property=\"og:url\" content=\"https:\/\/www.pm.pb.gov.br\/portal\/2026\/01\/25\/operacao-apreende-material-de-traficantes-que-estariam-atuando-no-litoral-norte-da-paraiba\/\" \/>\n<meta property=\"og:site_name\" content=\"Pol\u00edcia Militar da Para\u00edba\" \/>\n<meta property=\"article:published_time\" content=\"2026-01-25T14:50:02+00:00\" \/>\n<meta property=\"article:modified_time\" content=\"2026-01-25T14:50:05+00:00\" \/>\n<meta property=\"og:image\" content=\"http:\/\/www.pm.pb.gov.br\/portal\/wp-content\/uploads\/2026\/01\/WhatsApp-Image-2026-01-24-at-8.23.54-PM.jpeg\" \/>\n\t<meta property=\"og:image:width\" content=\"719\" \/>\n\t<meta property=\"og:image:height\" content=\"1600\" \/>\n\t<meta property=\"og:image:type\" content=\"image\/jpeg\" \/>\n<meta name=\"author\" content=\"Luiz Duarte\" \/>\n<meta name=\"twitter:card\" content=\"summary_large_image\" \/>\n<meta name=\"twitter:label1\" content=\"Escrito por\" \/>\n\t<meta name=\"twitter:data1\" content=\"Luiz Duarte\" \/>\n\t<meta name=\"twitter:label2\" content=\"Est. tempo de leitura\" \/>\n\t<meta name=\"twitter:data2\" content=\"1 minuto\" \/>\n<script type=\"application\/ld+json\" class=\"yoast-schema-graph\">{\"@context\":\"https:\/\/schema.org\",\"@graph\":[{\"@type\":\"Article\",\"@id\":\"https:\/\/www.pm.pb.gov.br\/portal\/2026\/01\/25\/operacao-apreende-material-de-traficantes-que-estariam-atuando-no-litoral-norte-da-paraiba\/#article\",\"isPartOf\":{\"@id\":\"https:\/\/www.pm.pb.gov.br\/portal\/2026\/01\/25\/operacao-apreende-material-de-traficantes-que-estariam-atuando-no-litoral-norte-da-paraiba\/\"},\"author\":{\"name\":\"Luiz Duarte\",\"@id\":\"https:\/\/www.pm.pb.gov.br\/portal\/#\/schema\/person\/89dd009e2523c97adf8def1d6cf90ca1\"},\"headline\":\"Opera\u00e7\u00e3o apreende material de traficantes que estariam atuando no Litoral Norte da Para\u00edba\",\"datePublished\":\"2026-01-25T14:50:02+00:00\",\"dateModified\":\"2026-01-25T14:50:05+00:00\",\"mainEntityOfPage\":{\"@id\":\"https:\/\/www.pm.pb.gov.br\/portal\/2026\/01\/25\/operacao-apreende-material-de-traficantes-que-estariam-atuando-no-litoral-norte-da-paraiba\/\"},\"wordCount\":115,\"publisher\":{\"@id\":\"https:\/\/www.pm.pb.gov.br\/portal\/#organization\"},\"articleSection\":[\"A\u00e7\u00f5es Policiais\"],\"inLanguage\":\"pt-BR\"},{\"@type\":\"WebPage\",\"@id\":\"https:\/\/www.pm.pb.gov.br\/portal\/2026\/01\/25\/operacao-apreende-material-de-traficantes-que-estariam-atuando-no-litoral-norte-da-paraiba\/\",\"url\":\"https:\/\/www.pm.pb.gov.br\/portal\/2026\/01\/25\/operacao-apreende-material-de-traficantes-que-estariam-atuando-no-litoral-norte-da-paraiba\/\",\"name\":\"Opera\u00e7\u00e3o apreende material de traficantes que estariam atuando no Litoral Norte da Para\u00edba - Pol\u00edcia Militar da Para\u00edba\",\"isPartOf\":{\"@id\":\"https:\/\/www.pm.pb.gov.br\/portal\/#website\"},\"datePublished\":\"2026-01-25T14:50:02+00:00\",\"dateModified\":\"2026-01-25T14:50:05+00:00\",\"breadcrumb\":{\"@id\":\"https:\/\/www.pm.pb.gov.br\/portal\/2026\/01\/25\/operacao-apreende-material-de-traficantes-que-estariam-atuando-no-litoral-norte-da-paraiba\/#breadcrumb\"},\"inLanguage\":\"pt-BR\",\"potentialAction\":[{\"@type\":\"ReadAction\",\"target\":[\"https:\/\/www.pm.pb.gov.br\/portal\/2026\/01\/25\/operacao-apreende-material-de-traficantes-que-estariam-atuando-no-litoral-norte-da-paraiba\/\"]}]},{\"@type\":\"BreadcrumbList\",\"@id\":\"https:\/\/www.pm.pb.gov.br\/portal\/2026\/01\/25\/operacao-apreende-material-de-traficantes-que-estariam-atuando-no-litoral-norte-da-paraiba\/#breadcrumb\",\"itemListElement\":[{\"@type\":\"ListItem\",\"position\":1,\"name\":\"In\u00edcio\",\"item\":\"https:\/\/www.pm.pb.gov.br\/portal\/\"},{\"@type\":\"ListItem\",\"position\":2,\"name\":\"Opera\u00e7\u00e3o apreende material de traficantes que estariam atuando no Litoral Norte da Para\u00edba\"}]},{\"@type\":\"WebSite\",\"@id\":\"https:\/\/www.pm.pb.gov.br\/portal\/#website\",\"url\":\"https:\/\/www.pm.pb.gov.br\/portal\/\",\"name\":\"Pol\u00edcia Militar da Para\u00edba\",\"description\":\"\",\"publisher\":{\"@id\":\"https:\/\/www.pm.pb.gov.br\/portal\/#organization\"},\"potentialAction\":[{\"@type\":\"SearchAction\",\"target\":{\"@type\":\"EntryPoint\",\"urlTemplate\":\"https:\/\/www.pm.pb.gov.br\/portal\/?s={search_term_string}\"},\"query-input\":\"required name=search_term_string\"}],\"inLanguage\":\"pt-BR\"},{\"@type\":\"Organization\",\"@id\":\"https:\/\/www.pm.pb.gov.br\/portal\/#organization\",\"name\":\"Pol\u00edcia Militar da Para\u00edba\",\"url\":\"https:\/\/www.pm.pb.gov.br\/portal\/\",\"logo\":{\"@type\":\"ImageObject\",\"inLanguage\":\"pt-BR\",\"@id\":\"https:\/\/www.pm.pb.gov.br\/portal\/#\/schema\/logo\/image\/\",\"url\":\"https:\/\/www.pm.pb.gov.br\/portal\/wp-content\/uploads\/2025\/03\/cropped-logo-site-mag2-1.png\",\"contentUrl\":\"https:\/\/www.pm.pb.gov.br\/portal\/wp-content\/uploads\/2025\/03\/cropped-logo-site-mag2-1.png\",\"width\":320,\"height\":90,\"caption\":\"Pol\u00edcia Militar da Para\u00edba\"},\"image\":{\"@id\":\"https:\/\/www.pm.pb.gov.br\/portal\/#\/schema\/logo\/image\/\"}},{\"@type\":\"Person\",\"@id\":\"https:\/\/www.pm.pb.gov.br\/portal\/#\/schema\/person\/89dd009e2523c97adf8def1d6cf90ca1\",\"name\":\"Luiz Duarte\",\"image\":{\"@type\":\"ImageObject\",\"inLanguage\":\"pt-BR\",\"@id\":\"https:\/\/www.pm.pb.gov.br\/portal\/#\/schema\/person\/image\/\",\"url\":\"https:\/\/secure.gravatar.com\/avatar\/ce5539b97246ef4d24dd039a3f64145b?s=96&d=mm&r=g\",\"contentUrl\":\"https:\/\/secure.gravatar.com\/avatar\/ce5539b97246ef4d24dd039a3f64145b?s=96&d=mm&r=g\",\"caption\":\"Luiz Duarte\"},\"url\":\"https:\/\/www.pm.pb.gov.br\/portal\/author\/luiz\/\"}]}<\/script>\n<!-- \/ Yoast SEO plugin. -->","yoast_head_json":{"title":"Opera\u00e7\u00e3o apreende material de traficantes que estariam atuando no Litoral Norte da Para\u00edba - Pol\u00edcia Militar da Para\u00edba","robots":{"index":"index","follow":"follow","max-snippet":"max-snippet:-1","max-image-preview":"max-image-preview:large","max-video-preview":"max-video-preview:-1"},"canonical":"https:\/\/www.pm.pb.gov.br\/portal\/2026\/01\/25\/operacao-apreende-material-de-traficantes-que-estariam-atuando-no-litoral-norte-da-paraiba\/","og_locale":"pt_BR","og_type":"article","og_title":"Opera\u00e7\u00e3o apreende material de traficantes que estariam atuando no Litoral Norte da Para\u00edba - Pol\u00edcia Militar da Para\u00edba","og_description":"A Pol\u00edcia Militar apreendeu maconha, crack, coca\u00edna, balan\u00e7a de precis\u00e3o, embalagens para armazenar drogas, muni\u00e7\u00e3o de calibre 9 mil\u00edmetros e","og_url":"https:\/\/www.pm.pb.gov.br\/portal\/2026\/01\/25\/operacao-apreende-material-de-traficantes-que-estariam-atuando-no-litoral-norte-da-paraiba\/","og_site_name":"Pol\u00edcia Militar da Para\u00edba","article_published_time":"2026-01-25T14:50:02+00:00","article_modified_time":"2026-01-25T14:50:05+00:00","og_image":[{"width":719,"height":1600,"url":"http:\/\/www.pm.pb.gov.br\/portal\/wp-content\/uploads\/2026\/01\/WhatsApp-Image-2026-01-24-at-8.23.54-PM.jpeg","type":"image\/jpeg"}],"author":"Luiz Duarte","twitter_card":"summary_large_image","twitter_misc":{"Escrito por":"Luiz Duarte","Est. tempo de leitura":"1 minuto"},"schema":{"@context":"https:\/\/schema.org","@graph":[{"@type":"Article","@id":"https:\/\/www.pm.pb.gov.br\/portal\/2026\/01\/25\/operacao-apreende-material-de-traficantes-que-estariam-atuando-no-litoral-norte-da-paraiba\/#article","isPartOf":{"@id":"https:\/\/www.pm.pb.gov.br\/portal\/2026\/01\/25\/operacao-apreende-material-de-traficantes-que-estariam-atuando-no-litoral-norte-da-paraiba\/"},"author":{"name":"Luiz Duarte","@id":"https:\/\/www.pm.pb.gov.br\/portal\/#\/schema\/person\/89dd009e2523c97adf8def1d6cf90ca1"},"headline":"Opera\u00e7\u00e3o apreende material de traficantes que estariam atuando no Litoral Norte da Para\u00edba","datePublished":"2026-01-25T14:50:02+00:00","dateModified":"2026-01-25T14:50:05+00:00","mainEntityOfPage":{"@id":"https:\/\/www.pm.pb.gov.br\/portal\/2026\/01\/25\/operacao-apreende-material-de-traficantes-que-estariam-atuando-no-litoral-norte-da-paraiba\/"},"wordCount":115,"publisher":{"@id":"https:\/\/www.pm.pb.gov.br\/portal\/#organization"},"articleSection":["A\u00e7\u00f5es Policiais"],"inLanguage":"pt-BR"},{"@type":"WebPage","@id":"https:\/\/www.pm.pb.gov.br\/portal\/2026\/01\/25\/operacao-apreende-material-de-traficantes-que-estariam-atuando-no-litoral-norte-da-paraiba\/","url":"https:\/\/www.pm.pb.gov.br\/portal\/2026\/01\/25\/operacao-apreende-material-de-traficantes-que-estariam-atuando-no-litoral-norte-da-paraiba\/","name":"Opera\u00e7\u00e3o apreende material de traficantes que estariam atuando no Litoral Norte da Para\u00edba - Pol\u00edcia Militar da Para\u00edba","isPartOf":{"@id":"https:\/\/www.pm.pb.gov.br\/portal\/#website"},"datePublished":"2026-01-25T14:50:02+00:00","dateModified":"2026-01-25T14:50:05+00:00","breadcrumb":{"@id":"https:\/\/www.pm.pb.gov.br\/portal\/2026\/01\/25\/operacao-apreende-material-de-traficantes-que-estariam-atuando-no-litoral-norte-da-paraiba\/#breadcrumb"},"inLanguage":"pt-BR","potentialAction":[{"@type":"ReadAction","target":["https:\/\/www.pm.pb.gov.br\/portal\/2026\/01\/25\/operacao-apreende-material-de-traficantes-que-estariam-atuando-no-litoral-norte-da-paraiba\/"]}]},{"@type":"BreadcrumbList","@id":"https:\/\/www.pm.pb.gov.br\/portal\/2026\/01\/25\/operacao-apreende-material-de-traficantes-que-estariam-atuando-no-litoral-norte-da-paraiba\/#breadcrumb","itemListElement":[{"@type":"ListItem","position":1,"name":"In\u00edcio","item":"https:\/\/www.pm.pb.gov.br\/portal\/"},{"@type":"ListItem","position":2,"name":"Opera\u00e7\u00e3o apreende material de traficantes que estariam atuando no Litoral Norte da Para\u00edba"}]},{"@type":"WebSite","@id":"https:\/\/www.pm.pb.gov.br\/portal\/#website","url":"https:\/\/www.pm.pb.gov.br\/portal\/","name":"Pol\u00edcia Militar da Para\u00edba","description":"","publisher":{"@id":"https:\/\/www.pm.pb.gov.br\/portal\/#organization"},"potentialAction":[{"@type":"SearchAction","target":{"@type":"EntryPoint","urlTemplate":"https:\/\/www.pm.pb.gov.br\/portal\/?s={search_term_string}"},"query-input":"required name=search_term_string"}],"inLanguage":"pt-BR"},{"@type":"Organization","@id":"https:\/\/www.pm.pb.gov.br\/portal\/#organization","name":"Pol\u00edcia Militar da Para\u00edba","url":"https:\/\/www.pm.pb.gov.br\/portal\/","logo":{"@type":"ImageObject","inLanguage":"pt-BR","@id":"https:\/\/www.pm.pb.gov.br\/portal\/#\/schema\/logo\/image\/","url":"https:\/\/www.pm.pb.gov.br\/portal\/wp-content\/uploads\/2025\/03\/cropped-logo-site-mag2-1.png","contentUrl":"https:\/\/www.pm.pb.gov.br\/portal\/wp-content\/uploads\/2025\/03\/cropped-logo-site-mag2-1.png","width":320,"height":90,"caption":"Pol\u00edcia Militar da Para\u00edba"},"image":{"@id":"https:\/\/www.pm.pb.gov.br\/portal\/#\/schema\/logo\/image\/"}},{"@type":"Person","@id":"https:\/\/www.pm.pb.gov.br\/portal\/#\/schema\/person\/89dd009e2523c97adf8def1d6cf90ca1","name":"Luiz Duarte","image":{"@type":"ImageObject","inLanguage":"pt-BR","@id":"https:\/\/www.pm.pb.gov.br\/portal\/#\/schema\/person\/image\/","url":"https:\/\/secure.gravatar.com\/avatar\/ce5539b97246ef4d24dd039a3f64145b?s=96&d=mm&r=g","contentUrl":"https:\/\/secure.gravatar.com\/avatar\/ce5539b97246ef4d24dd039a3f64145b?s=96&d=mm&r=g","caption":"Luiz Duarte"},"url":"https:\/\/www.pm.pb.gov.br\/portal\/author\/luiz\/"}]}},"_links":{"self":[{"href":"https:\/\/www.pm.pb.gov.br\/portal\/wp-json\/wp\/v2\/posts\/929749"}],"collection":[{"href":"https:\/\/www.pm.pb.gov.br\/portal\/wp-json\/wp\/v2\/posts"}],"about":[{"href":"https:\/\/www.pm.pb.gov.br\/portal\/wp-json\/wp\/v2\/types\/post"}],"author":[{"embeddable":true,"href":"https:\/\/www.pm.pb.gov.br\/portal\/wp-json\/wp\/v2\/users\/18"}],"replies":[{"embeddable":true,"href":"https:\/\/www.pm.pb.gov.br\/portal\/wp-json\/wp\/v2\/comments?post=929749"}],"version-history":[{"count":1,"href":"https:\/\/www.pm.pb.gov.br\/portal\/wp-json\/wp\/v2\/posts\/929749\/revisions"}],"predecessor-version":[{"id":929751,"href":"https:\/\/www.pm.pb.gov.br\/portal\/wp-json\/wp\/v2\/posts\/929749\/revisions\/929751"}],"wp:featuredmedia":[{"embeddable":true,"href":"https:\/\/www.pm.pb.gov.br\/portal\/wp-json\/wp\/v2\/media\/929753"}],"wp:attachment":[{"href":"https:\/\/www.pm.pb.gov.br\/portal\/wp-json\/wp\/v2\/media?parent=929749"}],"wp:term":[{"taxonomy":"category","embeddable":true,"href":"https:\/\/www.pm.pb.gov.br\/portal\/wp-json\/wp\/v2\/categories?post=929749"},{"taxonomy":"post_tag","embeddable":true,"href":"https:\/\/www.pm.pb.gov.br\/portal\/wp-json\/wp\/v2\/tags?post=929749"}],"curies":[{"name":"wp","href":"https:\/\/api.w.org\/{rel}","templated":true}]}}