{"id":929701,"date":"2026-01-23T12:22:56","date_gmt":"2026-01-23T15:22:56","guid":{"rendered":"https:\/\/www.pm.pb.gov.br\/portal\/?p=929701"},"modified":"2026-01-23T14:07:01","modified_gmt":"2026-01-23T17:07:01","slug":"suspeitos-armados-que-saiam-de-festa-sao-presos-durante-reforco-policial-na-regiao-de-catole-do-rocha","status":"publish","type":"post","link":"https:\/\/www.pm.pb.gov.br\/portal\/2026\/01\/23\/suspeitos-armados-que-saiam-de-festa-sao-presos-durante-reforco-policial-na-regiao-de-catole-do-rocha\/","title":{"rendered":"Suspeitos armados que saiam de festa s\u00e3o presos durante refor\u00e7o policial na regi\u00e3o de Catol\u00e9 do Rocha"},"content":{"rendered":"\n<p>O refor\u00e7o policial na regi\u00e3o de Catol\u00e9 do Rocha resultou em novas pris\u00f5es nesta madrugada de sexta-feira (23). Duas pessoas que saiam armadas de uma festa, na cidade de S\u00e3o Bento, foram presas.<\/p>\n\n\n\n<p>A a\u00e7\u00e3o aconteceu durante a intensifica\u00e7\u00e3o das abordagens e rondas, na Opera\u00e7\u00e3o Divisa Segura. Os acusados tinham 20 anos de idade, e estavam em uma motocicleta, saindo de uma festa, quando foram flagrados pelos policiais do 12\u00ba Batalh\u00e3o. Na abordagem da PM, um rev\u00f3lver calibre 32 foi encontrado com os suspeitos.<\/p>\n\n\n\n<p>A dupla, arma e muni\u00e7\u00f5es foram encaminhadas para a delegacia. Preliminarmente, os suspeitos n\u00e3o teriam passagens por outros delitos, mas o caso deve ser investigado. \u201cTemos intensificado as a\u00e7\u00f5es preventivas da PM na regi\u00e3o de Catol\u00e9 do Rocha, chegando a outros resultados na semana como apreens\u00e3o de arma de fogo e cumprimentos de mandados de pris\u00e3o, como ocorreram na \u00faltima quarta-feira (21)\u201d, destacou o comandante do 12\u00ba Batalh\u00e3o, o tenente-coronel Onassis.<\/p>\n\n\n\n<p>Novas a\u00e7\u00f5es preventivas devem ocorrer durante o final de semana.<\/p>\n","protected":false},"excerpt":{"rendered":"<p>O refor\u00e7o policial na regi\u00e3o de Catol\u00e9 do Rocha resultou em novas pris\u00f5es nesta madrugada de sexta-feira (23). Duas pessoas<\/p>\n","protected":false},"author":5,"featured_media":929702,"comment_status":"closed","ping_status":"closed","sticky":false,"template":"","format":"standard","meta":{"_exactmetrics_skip_tracking":false,"_exactmetrics_sitenote_active":false,"_exactmetrics_sitenote_note":"","_exactmetrics_sitenote_category":0,"footnotes":""},"categories":[4],"tags":[],"yoast_head":"<!-- This site is optimized with the Yoast SEO plugin v22.0 - https:\/\/yoast.com\/wordpress\/plugins\/seo\/ -->\n<title>Suspeitos armados que saiam de festa s\u00e3o presos durante refor\u00e7o policial na regi\u00e3o de Catol\u00e9 do Rocha - Pol\u00edcia Militar da Para\u00edba<\/title>\n<meta name=\"robots\" content=\"index, follow, max-snippet:-1, max-image-preview:large, max-video-preview:-1\" \/>\n<link rel=\"canonical\" href=\"https:\/\/www.pm.pb.gov.br\/portal\/2026\/01\/23\/suspeitos-armados-que-saiam-de-festa-sao-presos-durante-reforco-policial-na-regiao-de-catole-do-rocha\/\" \/>\n<meta property=\"og:locale\" content=\"pt_BR\" \/>\n<meta property=\"og:type\" content=\"article\" \/>\n<meta property=\"og:title\" content=\"Suspeitos armados que saiam de festa s\u00e3o presos durante refor\u00e7o policial na regi\u00e3o de Catol\u00e9 do Rocha - Pol\u00edcia Militar da Para\u00edba\" \/>\n<meta property=\"og:description\" content=\"O refor\u00e7o policial na regi\u00e3o de Catol\u00e9 do Rocha resultou em novas pris\u00f5es nesta madrugada de sexta-feira (23). Duas pessoas\" \/>\n<meta property=\"og:url\" content=\"https:\/\/www.pm.pb.gov.br\/portal\/2026\/01\/23\/suspeitos-armados-que-saiam-de-festa-sao-presos-durante-reforco-policial-na-regiao-de-catole-do-rocha\/\" \/>\n<meta property=\"og:site_name\" content=\"Pol\u00edcia Militar da Para\u00edba\" \/>\n<meta property=\"article:published_time\" content=\"2026-01-23T15:22:56+00:00\" \/>\n<meta property=\"article:modified_time\" content=\"2026-01-23T17:07:01+00:00\" \/>\n<meta property=\"og:image\" content=\"http:\/\/www.pm.pb.gov.br\/portal\/wp-content\/uploads\/2026\/01\/arma-2.png\" \/>\n\t<meta property=\"og:image:width\" content=\"2046\" \/>\n\t<meta property=\"og:image:height\" content=\"1138\" \/>\n\t<meta property=\"og:image:type\" content=\"image\/png\" \/>\n<meta name=\"author\" content=\"Assessoria de Imprensa da PMPB\" \/>\n<meta name=\"twitter:card\" content=\"summary_large_image\" \/>\n<meta name=\"twitter:label1\" content=\"Escrito por\" \/>\n\t<meta name=\"twitter:data1\" content=\"Assessoria de Imprensa da PMPB\" \/>\n\t<meta name=\"twitter:label2\" content=\"Est. tempo de leitura\" \/>\n\t<meta name=\"twitter:data2\" content=\"2 minutos\" \/>\n<script type=\"application\/ld+json\" class=\"yoast-schema-graph\">{\"@context\":\"https:\/\/schema.org\",\"@graph\":[{\"@type\":\"Article\",\"@id\":\"https:\/\/www.pm.pb.gov.br\/portal\/2026\/01\/23\/suspeitos-armados-que-saiam-de-festa-sao-presos-durante-reforco-policial-na-regiao-de-catole-do-rocha\/#article\",\"isPartOf\":{\"@id\":\"https:\/\/www.pm.pb.gov.br\/portal\/2026\/01\/23\/suspeitos-armados-que-saiam-de-festa-sao-presos-durante-reforco-policial-na-regiao-de-catole-do-rocha\/\"},\"author\":{\"name\":\"Assessoria de Imprensa da PMPB\",\"@id\":\"https:\/\/www.pm.pb.gov.br\/portal\/#\/schema\/person\/e8454f46651c3ecf0e1ba3c1666d9947\"},\"headline\":\"Suspeitos armados que saiam de festa s\u00e3o presos durante refor\u00e7o policial na regi\u00e3o de Catol\u00e9 do Rocha\",\"datePublished\":\"2026-01-23T15:22:56+00:00\",\"dateModified\":\"2026-01-23T17:07:01+00:00\",\"mainEntityOfPage\":{\"@id\":\"https:\/\/www.pm.pb.gov.br\/portal\/2026\/01\/23\/suspeitos-armados-que-saiam-de-festa-sao-presos-durante-reforco-policial-na-regiao-de-catole-do-rocha\/\"},\"wordCount\":196,\"publisher\":{\"@id\":\"https:\/\/www.pm.pb.gov.br\/portal\/#organization\"},\"articleSection\":[\"A\u00e7\u00f5es Policiais\"],\"inLanguage\":\"pt-BR\"},{\"@type\":\"WebPage\",\"@id\":\"https:\/\/www.pm.pb.gov.br\/portal\/2026\/01\/23\/suspeitos-armados-que-saiam-de-festa-sao-presos-durante-reforco-policial-na-regiao-de-catole-do-rocha\/\",\"url\":\"https:\/\/www.pm.pb.gov.br\/portal\/2026\/01\/23\/suspeitos-armados-que-saiam-de-festa-sao-presos-durante-reforco-policial-na-regiao-de-catole-do-rocha\/\",\"name\":\"Suspeitos armados que saiam de festa s\u00e3o presos durante refor\u00e7o policial na regi\u00e3o de Catol\u00e9 do Rocha - Pol\u00edcia Militar da Para\u00edba\",\"isPartOf\":{\"@id\":\"https:\/\/www.pm.pb.gov.br\/portal\/#website\"},\"datePublished\":\"2026-01-23T15:22:56+00:00\",\"dateModified\":\"2026-01-23T17:07:01+00:00\",\"breadcrumb\":{\"@id\":\"https:\/\/www.pm.pb.gov.br\/portal\/2026\/01\/23\/suspeitos-armados-que-saiam-de-festa-sao-presos-durante-reforco-policial-na-regiao-de-catole-do-rocha\/#breadcrumb\"},\"inLanguage\":\"pt-BR\",\"potentialAction\":[{\"@type\":\"ReadAction\",\"target\":[\"https:\/\/www.pm.pb.gov.br\/portal\/2026\/01\/23\/suspeitos-armados-que-saiam-de-festa-sao-presos-durante-reforco-policial-na-regiao-de-catole-do-rocha\/\"]}]},{\"@type\":\"BreadcrumbList\",\"@id\":\"https:\/\/www.pm.pb.gov.br\/portal\/2026\/01\/23\/suspeitos-armados-que-saiam-de-festa-sao-presos-durante-reforco-policial-na-regiao-de-catole-do-rocha\/#breadcrumb\",\"itemListElement\":[{\"@type\":\"ListItem\",\"position\":1,\"name\":\"In\u00edcio\",\"item\":\"https:\/\/www.pm.pb.gov.br\/portal\/\"},{\"@type\":\"ListItem\",\"position\":2,\"name\":\"Suspeitos armados que saiam de festa s\u00e3o presos durante refor\u00e7o policial na regi\u00e3o de Catol\u00e9 do Rocha\"}]},{\"@type\":\"WebSite\",\"@id\":\"https:\/\/www.pm.pb.gov.br\/portal\/#website\",\"url\":\"https:\/\/www.pm.pb.gov.br\/portal\/\",\"name\":\"Pol\u00edcia Militar da Para\u00edba\",\"description\":\"\",\"publisher\":{\"@id\":\"https:\/\/www.pm.pb.gov.br\/portal\/#organization\"},\"potentialAction\":[{\"@type\":\"SearchAction\",\"target\":{\"@type\":\"EntryPoint\",\"urlTemplate\":\"https:\/\/www.pm.pb.gov.br\/portal\/?s={search_term_string}\"},\"query-input\":\"required name=search_term_string\"}],\"inLanguage\":\"pt-BR\"},{\"@type\":\"Organization\",\"@id\":\"https:\/\/www.pm.pb.gov.br\/portal\/#organization\",\"name\":\"Pol\u00edcia Militar da Para\u00edba\",\"url\":\"https:\/\/www.pm.pb.gov.br\/portal\/\",\"logo\":{\"@type\":\"ImageObject\",\"inLanguage\":\"pt-BR\",\"@id\":\"https:\/\/www.pm.pb.gov.br\/portal\/#\/schema\/logo\/image\/\",\"url\":\"https:\/\/www.pm.pb.gov.br\/portal\/wp-content\/uploads\/2025\/03\/cropped-logo-site-mag2-1.png\",\"contentUrl\":\"https:\/\/www.pm.pb.gov.br\/portal\/wp-content\/uploads\/2025\/03\/cropped-logo-site-mag2-1.png\",\"width\":320,\"height\":90,\"caption\":\"Pol\u00edcia Militar da Para\u00edba\"},\"image\":{\"@id\":\"https:\/\/www.pm.pb.gov.br\/portal\/#\/schema\/logo\/image\/\"}},{\"@type\":\"Person\",\"@id\":\"https:\/\/www.pm.pb.gov.br\/portal\/#\/schema\/person\/e8454f46651c3ecf0e1ba3c1666d9947\",\"name\":\"Assessoria de Imprensa da PMPB\",\"image\":{\"@type\":\"ImageObject\",\"inLanguage\":\"pt-BR\",\"@id\":\"https:\/\/www.pm.pb.gov.br\/portal\/#\/schema\/person\/image\/\",\"url\":\"https:\/\/secure.gravatar.com\/avatar\/2efe197438265d1e90bd98c4c8e1acf8?s=96&d=mm&r=g\",\"contentUrl\":\"https:\/\/secure.gravatar.com\/avatar\/2efe197438265d1e90bd98c4c8e1acf8?s=96&d=mm&r=g\",\"caption\":\"Assessoria de Imprensa da PMPB\"},\"url\":\"https:\/\/www.pm.pb.gov.br\/portal\/author\/assessoria\/\"}]}<\/script>\n<!-- \/ Yoast SEO plugin. -->","yoast_head_json":{"title":"Suspeitos armados que saiam de festa s\u00e3o presos durante refor\u00e7o policial na regi\u00e3o de Catol\u00e9 do Rocha - Pol\u00edcia Militar da Para\u00edba","robots":{"index":"index","follow":"follow","max-snippet":"max-snippet:-1","max-image-preview":"max-image-preview:large","max-video-preview":"max-video-preview:-1"},"canonical":"https:\/\/www.pm.pb.gov.br\/portal\/2026\/01\/23\/suspeitos-armados-que-saiam-de-festa-sao-presos-durante-reforco-policial-na-regiao-de-catole-do-rocha\/","og_locale":"pt_BR","og_type":"article","og_title":"Suspeitos armados que saiam de festa s\u00e3o presos durante refor\u00e7o policial na regi\u00e3o de Catol\u00e9 do Rocha - Pol\u00edcia Militar da Para\u00edba","og_description":"O refor\u00e7o policial na regi\u00e3o de Catol\u00e9 do Rocha resultou em novas pris\u00f5es nesta madrugada de sexta-feira (23). Duas pessoas","og_url":"https:\/\/www.pm.pb.gov.br\/portal\/2026\/01\/23\/suspeitos-armados-que-saiam-de-festa-sao-presos-durante-reforco-policial-na-regiao-de-catole-do-rocha\/","og_site_name":"Pol\u00edcia Militar da Para\u00edba","article_published_time":"2026-01-23T15:22:56+00:00","article_modified_time":"2026-01-23T17:07:01+00:00","og_image":[{"width":2046,"height":1138,"url":"http:\/\/www.pm.pb.gov.br\/portal\/wp-content\/uploads\/2026\/01\/arma-2.png","type":"image\/png"}],"author":"Assessoria de Imprensa da PMPB","twitter_card":"summary_large_image","twitter_misc":{"Escrito por":"Assessoria de Imprensa da PMPB","Est. tempo de leitura":"2 minutos"},"schema":{"@context":"https:\/\/schema.org","@graph":[{"@type":"Article","@id":"https:\/\/www.pm.pb.gov.br\/portal\/2026\/01\/23\/suspeitos-armados-que-saiam-de-festa-sao-presos-durante-reforco-policial-na-regiao-de-catole-do-rocha\/#article","isPartOf":{"@id":"https:\/\/www.pm.pb.gov.br\/portal\/2026\/01\/23\/suspeitos-armados-que-saiam-de-festa-sao-presos-durante-reforco-policial-na-regiao-de-catole-do-rocha\/"},"author":{"name":"Assessoria de Imprensa da PMPB","@id":"https:\/\/www.pm.pb.gov.br\/portal\/#\/schema\/person\/e8454f46651c3ecf0e1ba3c1666d9947"},"headline":"Suspeitos armados que saiam de festa s\u00e3o presos durante refor\u00e7o policial na regi\u00e3o de Catol\u00e9 do Rocha","datePublished":"2026-01-23T15:22:56+00:00","dateModified":"2026-01-23T17:07:01+00:00","mainEntityOfPage":{"@id":"https:\/\/www.pm.pb.gov.br\/portal\/2026\/01\/23\/suspeitos-armados-que-saiam-de-festa-sao-presos-durante-reforco-policial-na-regiao-de-catole-do-rocha\/"},"wordCount":196,"publisher":{"@id":"https:\/\/www.pm.pb.gov.br\/portal\/#organization"},"articleSection":["A\u00e7\u00f5es Policiais"],"inLanguage":"pt-BR"},{"@type":"WebPage","@id":"https:\/\/www.pm.pb.gov.br\/portal\/2026\/01\/23\/suspeitos-armados-que-saiam-de-festa-sao-presos-durante-reforco-policial-na-regiao-de-catole-do-rocha\/","url":"https:\/\/www.pm.pb.gov.br\/portal\/2026\/01\/23\/suspeitos-armados-que-saiam-de-festa-sao-presos-durante-reforco-policial-na-regiao-de-catole-do-rocha\/","name":"Suspeitos armados que saiam de festa s\u00e3o presos durante refor\u00e7o policial na regi\u00e3o de Catol\u00e9 do Rocha - Pol\u00edcia Militar da Para\u00edba","isPartOf":{"@id":"https:\/\/www.pm.pb.gov.br\/portal\/#website"},"datePublished":"2026-01-23T15:22:56+00:00","dateModified":"2026-01-23T17:07:01+00:00","breadcrumb":{"@id":"https:\/\/www.pm.pb.gov.br\/portal\/2026\/01\/23\/suspeitos-armados-que-saiam-de-festa-sao-presos-durante-reforco-policial-na-regiao-de-catole-do-rocha\/#breadcrumb"},"inLanguage":"pt-BR","potentialAction":[{"@type":"ReadAction","target":["https:\/\/www.pm.pb.gov.br\/portal\/2026\/01\/23\/suspeitos-armados-que-saiam-de-festa-sao-presos-durante-reforco-policial-na-regiao-de-catole-do-rocha\/"]}]},{"@type":"BreadcrumbList","@id":"https:\/\/www.pm.pb.gov.br\/portal\/2026\/01\/23\/suspeitos-armados-que-saiam-de-festa-sao-presos-durante-reforco-policial-na-regiao-de-catole-do-rocha\/#breadcrumb","itemListElement":[{"@type":"ListItem","position":1,"name":"In\u00edcio","item":"https:\/\/www.pm.pb.gov.br\/portal\/"},{"@type":"ListItem","position":2,"name":"Suspeitos armados que saiam de festa s\u00e3o presos durante refor\u00e7o policial na regi\u00e3o de Catol\u00e9 do Rocha"}]},{"@type":"WebSite","@id":"https:\/\/www.pm.pb.gov.br\/portal\/#website","url":"https:\/\/www.pm.pb.gov.br\/portal\/","name":"Pol\u00edcia Militar da Para\u00edba","description":"","publisher":{"@id":"https:\/\/www.pm.pb.gov.br\/portal\/#organization"},"potentialAction":[{"@type":"SearchAction","target":{"@type":"EntryPoint","urlTemplate":"https:\/\/www.pm.pb.gov.br\/portal\/?s={search_term_string}"},"query-input":"required name=search_term_string"}],"inLanguage":"pt-BR"},{"@type":"Organization","@id":"https:\/\/www.pm.pb.gov.br\/portal\/#organization","name":"Pol\u00edcia Militar da Para\u00edba","url":"https:\/\/www.pm.pb.gov.br\/portal\/","logo":{"@type":"ImageObject","inLanguage":"pt-BR","@id":"https:\/\/www.pm.pb.gov.br\/portal\/#\/schema\/logo\/image\/","url":"https:\/\/www.pm.pb.gov.br\/portal\/wp-content\/uploads\/2025\/03\/cropped-logo-site-mag2-1.png","contentUrl":"https:\/\/www.pm.pb.gov.br\/portal\/wp-content\/uploads\/2025\/03\/cropped-logo-site-mag2-1.png","width":320,"height":90,"caption":"Pol\u00edcia Militar da Para\u00edba"},"image":{"@id":"https:\/\/www.pm.pb.gov.br\/portal\/#\/schema\/logo\/image\/"}},{"@type":"Person","@id":"https:\/\/www.pm.pb.gov.br\/portal\/#\/schema\/person\/e8454f46651c3ecf0e1ba3c1666d9947","name":"Assessoria de Imprensa da PMPB","image":{"@type":"ImageObject","inLanguage":"pt-BR","@id":"https:\/\/www.pm.pb.gov.br\/portal\/#\/schema\/person\/image\/","url":"https:\/\/secure.gravatar.com\/avatar\/2efe197438265d1e90bd98c4c8e1acf8?s=96&d=mm&r=g","contentUrl":"https:\/\/secure.gravatar.com\/avatar\/2efe197438265d1e90bd98c4c8e1acf8?s=96&d=mm&r=g","caption":"Assessoria de Imprensa da PMPB"},"url":"https:\/\/www.pm.pb.gov.br\/portal\/author\/assessoria\/"}]}},"_links":{"self":[{"href":"https:\/\/www.pm.pb.gov.br\/portal\/wp-json\/wp\/v2\/posts\/929701"}],"collection":[{"href":"https:\/\/www.pm.pb.gov.br\/portal\/wp-json\/wp\/v2\/posts"}],"about":[{"href":"https:\/\/www.pm.pb.gov.br\/portal\/wp-json\/wp\/v2\/types\/post"}],"author":[{"embeddable":true,"href":"https:\/\/www.pm.pb.gov.br\/portal\/wp-json\/wp\/v2\/users\/5"}],"replies":[{"embeddable":true,"href":"https:\/\/www.pm.pb.gov.br\/portal\/wp-json\/wp\/v2\/comments?post=929701"}],"version-history":[{"count":3,"href":"https:\/\/www.pm.pb.gov.br\/portal\/wp-json\/wp\/v2\/posts\/929701\/revisions"}],"predecessor-version":[{"id":929706,"href":"https:\/\/www.pm.pb.gov.br\/portal\/wp-json\/wp\/v2\/posts\/929701\/revisions\/929706"}],"wp:featuredmedia":[{"embeddable":true,"href":"https:\/\/www.pm.pb.gov.br\/portal\/wp-json\/wp\/v2\/media\/929702"}],"wp:attachment":[{"href":"https:\/\/www.pm.pb.gov.br\/portal\/wp-json\/wp\/v2\/media?parent=929701"}],"wp:term":[{"taxonomy":"category","embeddable":true,"href":"https:\/\/www.pm.pb.gov.br\/portal\/wp-json\/wp\/v2\/categories?post=929701"},{"taxonomy":"post_tag","embeddable":true,"href":"https:\/\/www.pm.pb.gov.br\/portal\/wp-json\/wp\/v2\/tags?post=929701"}],"curies":[{"name":"wp","href":"https:\/\/api.w.org\/{rel}","templated":true}]}}