{"id":929691,"date":"2026-01-19T15:55:04","date_gmt":"2026-01-19T18:55:04","guid":{"rendered":"https:\/\/www.pm.pb.gov.br\/portal\/?p=929691"},"modified":"2026-01-19T16:06:03","modified_gmt":"2026-01-19T19:06:03","slug":"defeso-policia-intensifica-fiscalizacoes-e-frustra-comercio-ilegal-de-caranguejo-uca","status":"publish","type":"post","link":"https:\/\/www.pm.pb.gov.br\/portal\/2026\/01\/19\/defeso-policia-intensifica-fiscalizacoes-e-frustra-comercio-ilegal-de-caranguejo-uca\/","title":{"rendered":"DEFESO: Pol\u00edcia intensifica fiscaliza\u00e7\u00f5es e frustra com\u00e9rcio ilegal de caranguejo-u\u00e7\u00e1"},"content":{"rendered":"\n<p>A Pol\u00edcia Militar atrav\u00e9s do Batalh\u00e3o Especializado em Policiamento do Meio Ambiente (BPMA) intensificou as a\u00e7\u00f5es de fiscaliza\u00e7\u00e3o durante o per\u00edodo de defeso do caranguejo-u\u00e7\u00e1 e prendeu um infrator que comercializava os animais. A a\u00e7\u00e3o ocorreu neste \u00faltimo domingo (18), em Oitizeiro, Jo\u00e3o Pessoa (fotos acima e abaixo).<\/p>\n<p>De acordo com o BPMA, o per\u00edodo de defeso \u00e9 a fase conhecida como andada reprodutiva, quando os animais saem das tocas para o processo de reprodu\u00e7\u00e3o.\u00a0Por isso que neste per\u00edodo ficam proibidas a captura, o transporte, o beneficiamento, a industrializa\u00e7\u00e3o e a comercializa\u00e7\u00e3o do caranguejo-u\u00e7\u00e1.<\/p>\n<p>O defeso come\u00e7ou no \u00faltimo domingo e segue at\u00e9 23 de janeiro. O per\u00edodo de prote\u00e7\u00e3o tamb\u00e9m ocorre de 1\u00ba a 6 de fevereiro; de 17 a 22 de fevereiro; de 3 a 8 de mar\u00e7o; de 18 a 23 de mar\u00e7o; e, caso a andada reprodutiva continue, de 17 a 22 de abril.<\/p>\n<p>Neste \u00faltimo domingo, um homem foi flagrado pelo BPMA comercializando os animais em Oitizeiro. Ele foi preso e multado em cerca de R$ 2 mil, conforme\u00a0o artigo 34 da Lei de Crimes Ambientais. Os caranguejos apreendidos foram devolvidos ao se habitat.<\/p>\n<p><img loading=\"lazy\" decoding=\"async\" class=\"size-medium wp-image-929693 aligncenter\" src=\"http:\/\/www.pm.pb.gov.br\/portal\/wp-content\/uploads\/2026\/01\/WhatsApp-Image-2026-01-19-at-15.49.32-334x445.jpeg\" alt=\"\" width=\"334\" height=\"445\" srcset=\"https:\/\/www.pm.pb.gov.br\/portal\/wp-content\/uploads\/2026\/01\/WhatsApp-Image-2026-01-19-at-15.49.32-334x445.jpeg 334w, https:\/\/www.pm.pb.gov.br\/portal\/wp-content\/uploads\/2026\/01\/WhatsApp-Image-2026-01-19-at-15.49.32-428x570.jpeg 428w, https:\/\/www.pm.pb.gov.br\/portal\/wp-content\/uploads\/2026\/01\/WhatsApp-Image-2026-01-19-at-15.49.32-768x1024.jpeg 768w, https:\/\/www.pm.pb.gov.br\/portal\/wp-content\/uploads\/2026\/01\/WhatsApp-Image-2026-01-19-at-15.49.32-1152x1536.jpeg 1152w, https:\/\/www.pm.pb.gov.br\/portal\/wp-content\/uploads\/2026\/01\/WhatsApp-Image-2026-01-19-at-15.49.32.jpeg 1200w\" sizes=\"(max-width: 334px) 100vw, 334px\" \/><\/p>\n<p>\u201cAs a\u00e7\u00f5es de fiscaliza\u00e7\u00e3o continuam durante todo o per\u00edodo, buscando proteger n\u00e3o somente os animais, bem como toda a cadeia produtiva. Neste final de semana estivemos em diversas regi\u00f5es como Mangabeira e Valentina de Figueiredo, al\u00e9m de Oitizeiro\u201d, explicou a capit\u00e3 Su\u00eania, comandante da 1\u00aa Companhia de Pol\u00edcia do Meio Ambiente. A comandante tamb\u00e9m destacou que as a\u00e7\u00f5es da PM atrav\u00e9s do BPMA acontecem em conjunto com os demais \u00f3rg\u00e3os ambientais.\u00a0 \u00a0<\/p>\n<p>A corpora\u00e7\u00e3o lembra ainda que o per\u00edodo do defeso \u00e9 regulado pela Portaria Interministerial MPA\/MMA n\u00ba 45, de 12 de janeiro de 2026, publicada pelo Minist\u00e9rio da Pesca e Aquicultura e pelo Minist\u00e9rio do Meio Ambiente e Mudan\u00e7a do Clima.\u00a0<\/p>\n<p><em>Atualizado \u00e0s 16h06.<\/em><\/p>\n\n\n","protected":false},"excerpt":{"rendered":"<p>A Pol\u00edcia Militar atrav\u00e9s do Batalh\u00e3o Especializado em Policiamento do Meio Ambiente (BPMA) intensificou as a\u00e7\u00f5es de fiscaliza\u00e7\u00e3o durante o<\/p>\n","protected":false},"author":12,"featured_media":929692,"comment_status":"closed","ping_status":"closed","sticky":false,"template":"","format":"standard","meta":{"_exactmetrics_skip_tracking":false,"_exactmetrics_sitenote_active":false,"_exactmetrics_sitenote_note":"","_exactmetrics_sitenote_category":0,"footnotes":""},"categories":[4],"tags":[],"yoast_head":"<!-- This site is optimized with the Yoast SEO plugin v22.0 - https:\/\/yoast.com\/wordpress\/plugins\/seo\/ -->\n<title>DEFESO: Pol\u00edcia intensifica fiscaliza\u00e7\u00f5es e frustra com\u00e9rcio ilegal de caranguejo-u\u00e7\u00e1 - Pol\u00edcia Militar da Para\u00edba<\/title>\n<meta name=\"robots\" content=\"index, follow, max-snippet:-1, max-image-preview:large, max-video-preview:-1\" \/>\n<link rel=\"canonical\" href=\"https:\/\/www.pm.pb.gov.br\/portal\/2026\/01\/19\/defeso-policia-intensifica-fiscalizacoes-e-frustra-comercio-ilegal-de-caranguejo-uca\/\" \/>\n<meta property=\"og:locale\" content=\"pt_BR\" \/>\n<meta property=\"og:type\" content=\"article\" \/>\n<meta property=\"og:title\" content=\"DEFESO: Pol\u00edcia intensifica fiscaliza\u00e7\u00f5es e frustra com\u00e9rcio ilegal de caranguejo-u\u00e7\u00e1 - Pol\u00edcia Militar da Para\u00edba\" \/>\n<meta property=\"og:description\" content=\"A Pol\u00edcia Militar atrav\u00e9s do Batalh\u00e3o Especializado em Policiamento do Meio Ambiente (BPMA) intensificou as a\u00e7\u00f5es de fiscaliza\u00e7\u00e3o durante o\" \/>\n<meta property=\"og:url\" content=\"https:\/\/www.pm.pb.gov.br\/portal\/2026\/01\/19\/defeso-policia-intensifica-fiscalizacoes-e-frustra-comercio-ilegal-de-caranguejo-uca\/\" \/>\n<meta property=\"og:site_name\" content=\"Pol\u00edcia Militar da Para\u00edba\" \/>\n<meta property=\"article:published_time\" content=\"2026-01-19T18:55:04+00:00\" \/>\n<meta property=\"article:modified_time\" content=\"2026-01-19T19:06:03+00:00\" \/>\n<meta property=\"og:image\" content=\"http:\/\/www.pm.pb.gov.br\/portal\/wp-content\/uploads\/2026\/01\/defeso.jpeg\" \/>\n\t<meta property=\"og:image:width\" content=\"1135\" \/>\n\t<meta property=\"og:image:height\" content=\"790\" \/>\n\t<meta property=\"og:image:type\" content=\"image\/jpeg\" \/>\n<meta name=\"author\" content=\"Tarcisio Oliveira\" \/>\n<meta name=\"twitter:card\" content=\"summary_large_image\" \/>\n<meta name=\"twitter:label1\" content=\"Escrito por\" \/>\n\t<meta name=\"twitter:data1\" content=\"Tarcisio Oliveira\" \/>\n\t<meta name=\"twitter:label2\" content=\"Est. tempo de leitura\" \/>\n\t<meta name=\"twitter:data2\" content=\"3 minutos\" \/>\n<script type=\"application\/ld+json\" class=\"yoast-schema-graph\">{\"@context\":\"https:\/\/schema.org\",\"@graph\":[{\"@type\":\"Article\",\"@id\":\"https:\/\/www.pm.pb.gov.br\/portal\/2026\/01\/19\/defeso-policia-intensifica-fiscalizacoes-e-frustra-comercio-ilegal-de-caranguejo-uca\/#article\",\"isPartOf\":{\"@id\":\"https:\/\/www.pm.pb.gov.br\/portal\/2026\/01\/19\/defeso-policia-intensifica-fiscalizacoes-e-frustra-comercio-ilegal-de-caranguejo-uca\/\"},\"author\":{\"name\":\"Tarcisio Oliveira\",\"@id\":\"https:\/\/www.pm.pb.gov.br\/portal\/#\/schema\/person\/f84f56dcc78ce4357054da888b8247fd\"},\"headline\":\"DEFESO: Pol\u00edcia intensifica fiscaliza\u00e7\u00f5es e frustra com\u00e9rcio ilegal de caranguejo-u\u00e7\u00e1\",\"datePublished\":\"2026-01-19T18:55:04+00:00\",\"dateModified\":\"2026-01-19T19:06:03+00:00\",\"mainEntityOfPage\":{\"@id\":\"https:\/\/www.pm.pb.gov.br\/portal\/2026\/01\/19\/defeso-policia-intensifica-fiscalizacoes-e-frustra-comercio-ilegal-de-caranguejo-uca\/\"},\"wordCount\":335,\"publisher\":{\"@id\":\"https:\/\/www.pm.pb.gov.br\/portal\/#organization\"},\"articleSection\":[\"A\u00e7\u00f5es Policiais\"],\"inLanguage\":\"pt-BR\"},{\"@type\":\"WebPage\",\"@id\":\"https:\/\/www.pm.pb.gov.br\/portal\/2026\/01\/19\/defeso-policia-intensifica-fiscalizacoes-e-frustra-comercio-ilegal-de-caranguejo-uca\/\",\"url\":\"https:\/\/www.pm.pb.gov.br\/portal\/2026\/01\/19\/defeso-policia-intensifica-fiscalizacoes-e-frustra-comercio-ilegal-de-caranguejo-uca\/\",\"name\":\"DEFESO: Pol\u00edcia intensifica fiscaliza\u00e7\u00f5es e frustra com\u00e9rcio ilegal de caranguejo-u\u00e7\u00e1 - Pol\u00edcia Militar da Para\u00edba\",\"isPartOf\":{\"@id\":\"https:\/\/www.pm.pb.gov.br\/portal\/#website\"},\"datePublished\":\"2026-01-19T18:55:04+00:00\",\"dateModified\":\"2026-01-19T19:06:03+00:00\",\"breadcrumb\":{\"@id\":\"https:\/\/www.pm.pb.gov.br\/portal\/2026\/01\/19\/defeso-policia-intensifica-fiscalizacoes-e-frustra-comercio-ilegal-de-caranguejo-uca\/#breadcrumb\"},\"inLanguage\":\"pt-BR\",\"potentialAction\":[{\"@type\":\"ReadAction\",\"target\":[\"https:\/\/www.pm.pb.gov.br\/portal\/2026\/01\/19\/defeso-policia-intensifica-fiscalizacoes-e-frustra-comercio-ilegal-de-caranguejo-uca\/\"]}]},{\"@type\":\"BreadcrumbList\",\"@id\":\"https:\/\/www.pm.pb.gov.br\/portal\/2026\/01\/19\/defeso-policia-intensifica-fiscalizacoes-e-frustra-comercio-ilegal-de-caranguejo-uca\/#breadcrumb\",\"itemListElement\":[{\"@type\":\"ListItem\",\"position\":1,\"name\":\"In\u00edcio\",\"item\":\"https:\/\/www.pm.pb.gov.br\/portal\/\"},{\"@type\":\"ListItem\",\"position\":2,\"name\":\"DEFESO: Pol\u00edcia intensifica fiscaliza\u00e7\u00f5es e frustra com\u00e9rcio ilegal de caranguejo-u\u00e7\u00e1\"}]},{\"@type\":\"WebSite\",\"@id\":\"https:\/\/www.pm.pb.gov.br\/portal\/#website\",\"url\":\"https:\/\/www.pm.pb.gov.br\/portal\/\",\"name\":\"Pol\u00edcia Militar da Para\u00edba\",\"description\":\"\",\"publisher\":{\"@id\":\"https:\/\/www.pm.pb.gov.br\/portal\/#organization\"},\"potentialAction\":[{\"@type\":\"SearchAction\",\"target\":{\"@type\":\"EntryPoint\",\"urlTemplate\":\"https:\/\/www.pm.pb.gov.br\/portal\/?s={search_term_string}\"},\"query-input\":\"required name=search_term_string\"}],\"inLanguage\":\"pt-BR\"},{\"@type\":\"Organization\",\"@id\":\"https:\/\/www.pm.pb.gov.br\/portal\/#organization\",\"name\":\"Pol\u00edcia Militar da Para\u00edba\",\"url\":\"https:\/\/www.pm.pb.gov.br\/portal\/\",\"logo\":{\"@type\":\"ImageObject\",\"inLanguage\":\"pt-BR\",\"@id\":\"https:\/\/www.pm.pb.gov.br\/portal\/#\/schema\/logo\/image\/\",\"url\":\"https:\/\/www.pm.pb.gov.br\/portal\/wp-content\/uploads\/2025\/03\/cropped-logo-site-mag2-1.png\",\"contentUrl\":\"https:\/\/www.pm.pb.gov.br\/portal\/wp-content\/uploads\/2025\/03\/cropped-logo-site-mag2-1.png\",\"width\":320,\"height\":90,\"caption\":\"Pol\u00edcia Militar da Para\u00edba\"},\"image\":{\"@id\":\"https:\/\/www.pm.pb.gov.br\/portal\/#\/schema\/logo\/image\/\"}},{\"@type\":\"Person\",\"@id\":\"https:\/\/www.pm.pb.gov.br\/portal\/#\/schema\/person\/f84f56dcc78ce4357054da888b8247fd\",\"name\":\"Tarcisio Oliveira\",\"image\":{\"@type\":\"ImageObject\",\"inLanguage\":\"pt-BR\",\"@id\":\"https:\/\/www.pm.pb.gov.br\/portal\/#\/schema\/person\/image\/\",\"url\":\"https:\/\/secure.gravatar.com\/avatar\/72917b630b69d31cd0297507f34bac97?s=96&d=mm&r=g\",\"contentUrl\":\"https:\/\/secure.gravatar.com\/avatar\/72917b630b69d31cd0297507f34bac97?s=96&d=mm&r=g\",\"caption\":\"Tarcisio Oliveira\"},\"url\":\"https:\/\/www.pm.pb.gov.br\/portal\/author\/tarcisio\/\"}]}<\/script>\n<!-- \/ Yoast SEO plugin. -->","yoast_head_json":{"title":"DEFESO: Pol\u00edcia intensifica fiscaliza\u00e7\u00f5es e frustra com\u00e9rcio ilegal de caranguejo-u\u00e7\u00e1 - Pol\u00edcia Militar da Para\u00edba","robots":{"index":"index","follow":"follow","max-snippet":"max-snippet:-1","max-image-preview":"max-image-preview:large","max-video-preview":"max-video-preview:-1"},"canonical":"https:\/\/www.pm.pb.gov.br\/portal\/2026\/01\/19\/defeso-policia-intensifica-fiscalizacoes-e-frustra-comercio-ilegal-de-caranguejo-uca\/","og_locale":"pt_BR","og_type":"article","og_title":"DEFESO: Pol\u00edcia intensifica fiscaliza\u00e7\u00f5es e frustra com\u00e9rcio ilegal de caranguejo-u\u00e7\u00e1 - Pol\u00edcia Militar da Para\u00edba","og_description":"A Pol\u00edcia Militar atrav\u00e9s do Batalh\u00e3o Especializado em Policiamento do Meio Ambiente (BPMA) intensificou as a\u00e7\u00f5es de fiscaliza\u00e7\u00e3o durante o","og_url":"https:\/\/www.pm.pb.gov.br\/portal\/2026\/01\/19\/defeso-policia-intensifica-fiscalizacoes-e-frustra-comercio-ilegal-de-caranguejo-uca\/","og_site_name":"Pol\u00edcia Militar da Para\u00edba","article_published_time":"2026-01-19T18:55:04+00:00","article_modified_time":"2026-01-19T19:06:03+00:00","og_image":[{"width":1135,"height":790,"url":"http:\/\/www.pm.pb.gov.br\/portal\/wp-content\/uploads\/2026\/01\/defeso.jpeg","type":"image\/jpeg"}],"author":"Tarcisio Oliveira","twitter_card":"summary_large_image","twitter_misc":{"Escrito por":"Tarcisio Oliveira","Est. tempo de leitura":"3 minutos"},"schema":{"@context":"https:\/\/schema.org","@graph":[{"@type":"Article","@id":"https:\/\/www.pm.pb.gov.br\/portal\/2026\/01\/19\/defeso-policia-intensifica-fiscalizacoes-e-frustra-comercio-ilegal-de-caranguejo-uca\/#article","isPartOf":{"@id":"https:\/\/www.pm.pb.gov.br\/portal\/2026\/01\/19\/defeso-policia-intensifica-fiscalizacoes-e-frustra-comercio-ilegal-de-caranguejo-uca\/"},"author":{"name":"Tarcisio Oliveira","@id":"https:\/\/www.pm.pb.gov.br\/portal\/#\/schema\/person\/f84f56dcc78ce4357054da888b8247fd"},"headline":"DEFESO: Pol\u00edcia intensifica fiscaliza\u00e7\u00f5es e frustra com\u00e9rcio ilegal de caranguejo-u\u00e7\u00e1","datePublished":"2026-01-19T18:55:04+00:00","dateModified":"2026-01-19T19:06:03+00:00","mainEntityOfPage":{"@id":"https:\/\/www.pm.pb.gov.br\/portal\/2026\/01\/19\/defeso-policia-intensifica-fiscalizacoes-e-frustra-comercio-ilegal-de-caranguejo-uca\/"},"wordCount":335,"publisher":{"@id":"https:\/\/www.pm.pb.gov.br\/portal\/#organization"},"articleSection":["A\u00e7\u00f5es Policiais"],"inLanguage":"pt-BR"},{"@type":"WebPage","@id":"https:\/\/www.pm.pb.gov.br\/portal\/2026\/01\/19\/defeso-policia-intensifica-fiscalizacoes-e-frustra-comercio-ilegal-de-caranguejo-uca\/","url":"https:\/\/www.pm.pb.gov.br\/portal\/2026\/01\/19\/defeso-policia-intensifica-fiscalizacoes-e-frustra-comercio-ilegal-de-caranguejo-uca\/","name":"DEFESO: Pol\u00edcia intensifica fiscaliza\u00e7\u00f5es e frustra com\u00e9rcio ilegal de caranguejo-u\u00e7\u00e1 - Pol\u00edcia Militar da Para\u00edba","isPartOf":{"@id":"https:\/\/www.pm.pb.gov.br\/portal\/#website"},"datePublished":"2026-01-19T18:55:04+00:00","dateModified":"2026-01-19T19:06:03+00:00","breadcrumb":{"@id":"https:\/\/www.pm.pb.gov.br\/portal\/2026\/01\/19\/defeso-policia-intensifica-fiscalizacoes-e-frustra-comercio-ilegal-de-caranguejo-uca\/#breadcrumb"},"inLanguage":"pt-BR","potentialAction":[{"@type":"ReadAction","target":["https:\/\/www.pm.pb.gov.br\/portal\/2026\/01\/19\/defeso-policia-intensifica-fiscalizacoes-e-frustra-comercio-ilegal-de-caranguejo-uca\/"]}]},{"@type":"BreadcrumbList","@id":"https:\/\/www.pm.pb.gov.br\/portal\/2026\/01\/19\/defeso-policia-intensifica-fiscalizacoes-e-frustra-comercio-ilegal-de-caranguejo-uca\/#breadcrumb","itemListElement":[{"@type":"ListItem","position":1,"name":"In\u00edcio","item":"https:\/\/www.pm.pb.gov.br\/portal\/"},{"@type":"ListItem","position":2,"name":"DEFESO: Pol\u00edcia intensifica fiscaliza\u00e7\u00f5es e frustra com\u00e9rcio ilegal de caranguejo-u\u00e7\u00e1"}]},{"@type":"WebSite","@id":"https:\/\/www.pm.pb.gov.br\/portal\/#website","url":"https:\/\/www.pm.pb.gov.br\/portal\/","name":"Pol\u00edcia Militar da Para\u00edba","description":"","publisher":{"@id":"https:\/\/www.pm.pb.gov.br\/portal\/#organization"},"potentialAction":[{"@type":"SearchAction","target":{"@type":"EntryPoint","urlTemplate":"https:\/\/www.pm.pb.gov.br\/portal\/?s={search_term_string}"},"query-input":"required name=search_term_string"}],"inLanguage":"pt-BR"},{"@type":"Organization","@id":"https:\/\/www.pm.pb.gov.br\/portal\/#organization","name":"Pol\u00edcia Militar da Para\u00edba","url":"https:\/\/www.pm.pb.gov.br\/portal\/","logo":{"@type":"ImageObject","inLanguage":"pt-BR","@id":"https:\/\/www.pm.pb.gov.br\/portal\/#\/schema\/logo\/image\/","url":"https:\/\/www.pm.pb.gov.br\/portal\/wp-content\/uploads\/2025\/03\/cropped-logo-site-mag2-1.png","contentUrl":"https:\/\/www.pm.pb.gov.br\/portal\/wp-content\/uploads\/2025\/03\/cropped-logo-site-mag2-1.png","width":320,"height":90,"caption":"Pol\u00edcia Militar da Para\u00edba"},"image":{"@id":"https:\/\/www.pm.pb.gov.br\/portal\/#\/schema\/logo\/image\/"}},{"@type":"Person","@id":"https:\/\/www.pm.pb.gov.br\/portal\/#\/schema\/person\/f84f56dcc78ce4357054da888b8247fd","name":"Tarcisio Oliveira","image":{"@type":"ImageObject","inLanguage":"pt-BR","@id":"https:\/\/www.pm.pb.gov.br\/portal\/#\/schema\/person\/image\/","url":"https:\/\/secure.gravatar.com\/avatar\/72917b630b69d31cd0297507f34bac97?s=96&d=mm&r=g","contentUrl":"https:\/\/secure.gravatar.com\/avatar\/72917b630b69d31cd0297507f34bac97?s=96&d=mm&r=g","caption":"Tarcisio Oliveira"},"url":"https:\/\/www.pm.pb.gov.br\/portal\/author\/tarcisio\/"}]}},"_links":{"self":[{"href":"https:\/\/www.pm.pb.gov.br\/portal\/wp-json\/wp\/v2\/posts\/929691"}],"collection":[{"href":"https:\/\/www.pm.pb.gov.br\/portal\/wp-json\/wp\/v2\/posts"}],"about":[{"href":"https:\/\/www.pm.pb.gov.br\/portal\/wp-json\/wp\/v2\/types\/post"}],"author":[{"embeddable":true,"href":"https:\/\/www.pm.pb.gov.br\/portal\/wp-json\/wp\/v2\/users\/12"}],"replies":[{"embeddable":true,"href":"https:\/\/www.pm.pb.gov.br\/portal\/wp-json\/wp\/v2\/comments?post=929691"}],"version-history":[{"count":2,"href":"https:\/\/www.pm.pb.gov.br\/portal\/wp-json\/wp\/v2\/posts\/929691\/revisions"}],"predecessor-version":[{"id":929696,"href":"https:\/\/www.pm.pb.gov.br\/portal\/wp-json\/wp\/v2\/posts\/929691\/revisions\/929696"}],"wp:featuredmedia":[{"embeddable":true,"href":"https:\/\/www.pm.pb.gov.br\/portal\/wp-json\/wp\/v2\/media\/929692"}],"wp:attachment":[{"href":"https:\/\/www.pm.pb.gov.br\/portal\/wp-json\/wp\/v2\/media?parent=929691"}],"wp:term":[{"taxonomy":"category","embeddable":true,"href":"https:\/\/www.pm.pb.gov.br\/portal\/wp-json\/wp\/v2\/categories?post=929691"},{"taxonomy":"post_tag","embeddable":true,"href":"https:\/\/www.pm.pb.gov.br\/portal\/wp-json\/wp\/v2\/tags?post=929691"}],"curies":[{"name":"wp","href":"https:\/\/api.w.org\/{rel}","templated":true}]}}