{"id":929322,"date":"2025-12-13T14:22:15","date_gmt":"2025-12-13T17:22:15","guid":{"rendered":"https:\/\/www.pm.pb.gov.br\/portal\/?p=929322"},"modified":"2025-12-13T14:22:17","modified_gmt":"2025-12-13T17:22:17","slug":"arsenal-e-apreendido-com-grupo-suspeito-apos-troca-de-tiros-em-comunidade-de-santa-rita","status":"publish","type":"post","link":"https:\/\/www.pm.pb.gov.br\/portal\/2025\/12\/13\/arsenal-e-apreendido-com-grupo-suspeito-apos-troca-de-tiros-em-comunidade-de-santa-rita\/","title":{"rendered":"Arsenal \u00e9 apreendido com grupo suspeito ap\u00f3s troca de tiros em comunidade de Santa Rita"},"content":{"rendered":"Tr\u00eas pistolas, dois rev\u00f3lveres, oito carregadores e mais de 170 muni\u00e7\u00f5es prontas para o uso. Esse foi o arsenal apreendido com um grupo formado por cinco suspeitos, na madrugada deste s\u00e1bado (13), na comunidade do Onze, no bairro Alto das Populares, em Santa Rita.<br \/><br \/>A apreens\u00e3o foi realizada ap\u00f3s uma troca de tiros. Equipes da For\u00e7a T\u00e1tica e do Coordenador de Policiamento do 7\u00ba Batalh\u00e3o realizavam o patrulhamento t\u00e1tico na regi\u00e3o quando foram surpreendidas pelos disparos, que foram imediatamente revidados. Os cinco foram detidos \u2013 dois deles, de 15 anos cada, sa\u00edram feridos, foram atendidos no Hospital de Emerg\u00eancia e Traumas de Jo\u00e3o Pessoa e j\u00e1 receberam alta.<br \/><br \/>O caso foi levado para a 6\u00aa Delegacia Distrital, em Santa Rita.<br \/><br \/>","protected":false},"excerpt":{"rendered":"<p>Tr\u00eas pistolas, dois rev\u00f3lveres, oito carregadores e mais de 170 muni\u00e7\u00f5es prontas para o uso. Esse foi o arsenal apreendido<\/p>\n","protected":false},"author":18,"featured_media":929326,"comment_status":"closed","ping_status":"closed","sticky":false,"template":"","format":"standard","meta":{"_exactmetrics_skip_tracking":false,"_exactmetrics_sitenote_active":false,"_exactmetrics_sitenote_note":"","_exactmetrics_sitenote_category":0,"footnotes":""},"categories":[4],"tags":[],"yoast_head":"<!-- This site is optimized with the Yoast SEO plugin v22.0 - https:\/\/yoast.com\/wordpress\/plugins\/seo\/ -->\n<title>Arsenal \u00e9 apreendido com grupo suspeito ap\u00f3s troca de tiros em comunidade de Santa Rita - Pol\u00edcia Militar da Para\u00edba<\/title>\n<meta name=\"robots\" content=\"index, follow, max-snippet:-1, max-image-preview:large, max-video-preview:-1\" \/>\n<link rel=\"canonical\" href=\"https:\/\/www.pm.pb.gov.br\/portal\/2025\/12\/13\/arsenal-e-apreendido-com-grupo-suspeito-apos-troca-de-tiros-em-comunidade-de-santa-rita\/\" \/>\n<meta property=\"og:locale\" content=\"pt_BR\" \/>\n<meta property=\"og:type\" content=\"article\" \/>\n<meta property=\"og:title\" content=\"Arsenal \u00e9 apreendido com grupo suspeito ap\u00f3s troca de tiros em comunidade de Santa Rita - Pol\u00edcia Militar da Para\u00edba\" \/>\n<meta property=\"og:description\" content=\"Tr\u00eas pistolas, dois rev\u00f3lveres, oito carregadores e mais de 170 muni\u00e7\u00f5es prontas para o uso. Esse foi o arsenal apreendido\" \/>\n<meta property=\"og:url\" content=\"https:\/\/www.pm.pb.gov.br\/portal\/2025\/12\/13\/arsenal-e-apreendido-com-grupo-suspeito-apos-troca-de-tiros-em-comunidade-de-santa-rita\/\" \/>\n<meta property=\"og:site_name\" content=\"Pol\u00edcia Militar da Para\u00edba\" \/>\n<meta property=\"article:published_time\" content=\"2025-12-13T17:22:15+00:00\" \/>\n<meta property=\"article:modified_time\" content=\"2025-12-13T17:22:17+00:00\" \/>\n<meta property=\"og:image\" content=\"http:\/\/www.pm.pb.gov.br\/portal\/wp-content\/uploads\/2025\/12\/WhatsApp-Image-2025-12-13-at-8.02.46-AM.jpeg\" \/>\n\t<meta property=\"og:image:width\" content=\"1280\" \/>\n\t<meta property=\"og:image:height\" content=\"1108\" \/>\n\t<meta property=\"og:image:type\" content=\"image\/jpeg\" \/>\n<meta name=\"author\" content=\"Luiz Duarte\" \/>\n<meta name=\"twitter:card\" content=\"summary_large_image\" \/>\n<meta name=\"twitter:label1\" content=\"Escrito por\" \/>\n\t<meta name=\"twitter:data1\" content=\"Luiz Duarte\" \/>\n\t<meta name=\"twitter:label2\" content=\"Est. tempo de leitura\" \/>\n\t<meta name=\"twitter:data2\" content=\"1 minuto\" \/>\n<script type=\"application\/ld+json\" class=\"yoast-schema-graph\">{\"@context\":\"https:\/\/schema.org\",\"@graph\":[{\"@type\":\"Article\",\"@id\":\"https:\/\/www.pm.pb.gov.br\/portal\/2025\/12\/13\/arsenal-e-apreendido-com-grupo-suspeito-apos-troca-de-tiros-em-comunidade-de-santa-rita\/#article\",\"isPartOf\":{\"@id\":\"https:\/\/www.pm.pb.gov.br\/portal\/2025\/12\/13\/arsenal-e-apreendido-com-grupo-suspeito-apos-troca-de-tiros-em-comunidade-de-santa-rita\/\"},\"author\":{\"name\":\"Luiz Duarte\",\"@id\":\"https:\/\/www.pm.pb.gov.br\/portal\/#\/schema\/person\/89dd009e2523c97adf8def1d6cf90ca1\"},\"headline\":\"Arsenal \u00e9 apreendido com grupo suspeito ap\u00f3s troca de tiros em comunidade de Santa Rita\",\"datePublished\":\"2025-12-13T17:22:15+00:00\",\"dateModified\":\"2025-12-13T17:22:17+00:00\",\"mainEntityOfPage\":{\"@id\":\"https:\/\/www.pm.pb.gov.br\/portal\/2025\/12\/13\/arsenal-e-apreendido-com-grupo-suspeito-apos-troca-de-tiros-em-comunidade-de-santa-rita\/\"},\"wordCount\":143,\"publisher\":{\"@id\":\"https:\/\/www.pm.pb.gov.br\/portal\/#organization\"},\"articleSection\":[\"A\u00e7\u00f5es Policiais\"],\"inLanguage\":\"pt-BR\"},{\"@type\":\"WebPage\",\"@id\":\"https:\/\/www.pm.pb.gov.br\/portal\/2025\/12\/13\/arsenal-e-apreendido-com-grupo-suspeito-apos-troca-de-tiros-em-comunidade-de-santa-rita\/\",\"url\":\"https:\/\/www.pm.pb.gov.br\/portal\/2025\/12\/13\/arsenal-e-apreendido-com-grupo-suspeito-apos-troca-de-tiros-em-comunidade-de-santa-rita\/\",\"name\":\"Arsenal \u00e9 apreendido com grupo suspeito ap\u00f3s troca de tiros em comunidade de Santa Rita - Pol\u00edcia Militar da Para\u00edba\",\"isPartOf\":{\"@id\":\"https:\/\/www.pm.pb.gov.br\/portal\/#website\"},\"datePublished\":\"2025-12-13T17:22:15+00:00\",\"dateModified\":\"2025-12-13T17:22:17+00:00\",\"breadcrumb\":{\"@id\":\"https:\/\/www.pm.pb.gov.br\/portal\/2025\/12\/13\/arsenal-e-apreendido-com-grupo-suspeito-apos-troca-de-tiros-em-comunidade-de-santa-rita\/#breadcrumb\"},\"inLanguage\":\"pt-BR\",\"potentialAction\":[{\"@type\":\"ReadAction\",\"target\":[\"https:\/\/www.pm.pb.gov.br\/portal\/2025\/12\/13\/arsenal-e-apreendido-com-grupo-suspeito-apos-troca-de-tiros-em-comunidade-de-santa-rita\/\"]}]},{\"@type\":\"BreadcrumbList\",\"@id\":\"https:\/\/www.pm.pb.gov.br\/portal\/2025\/12\/13\/arsenal-e-apreendido-com-grupo-suspeito-apos-troca-de-tiros-em-comunidade-de-santa-rita\/#breadcrumb\",\"itemListElement\":[{\"@type\":\"ListItem\",\"position\":1,\"name\":\"In\u00edcio\",\"item\":\"https:\/\/www.pm.pb.gov.br\/portal\/\"},{\"@type\":\"ListItem\",\"position\":2,\"name\":\"Arsenal \u00e9 apreendido com grupo suspeito ap\u00f3s troca de tiros em comunidade de Santa Rita\"}]},{\"@type\":\"WebSite\",\"@id\":\"https:\/\/www.pm.pb.gov.br\/portal\/#website\",\"url\":\"https:\/\/www.pm.pb.gov.br\/portal\/\",\"name\":\"Pol\u00edcia Militar da Para\u00edba\",\"description\":\"\",\"publisher\":{\"@id\":\"https:\/\/www.pm.pb.gov.br\/portal\/#organization\"},\"potentialAction\":[{\"@type\":\"SearchAction\",\"target\":{\"@type\":\"EntryPoint\",\"urlTemplate\":\"https:\/\/www.pm.pb.gov.br\/portal\/?s={search_term_string}\"},\"query-input\":\"required name=search_term_string\"}],\"inLanguage\":\"pt-BR\"},{\"@type\":\"Organization\",\"@id\":\"https:\/\/www.pm.pb.gov.br\/portal\/#organization\",\"name\":\"Pol\u00edcia Militar da Para\u00edba\",\"url\":\"https:\/\/www.pm.pb.gov.br\/portal\/\",\"logo\":{\"@type\":\"ImageObject\",\"inLanguage\":\"pt-BR\",\"@id\":\"https:\/\/www.pm.pb.gov.br\/portal\/#\/schema\/logo\/image\/\",\"url\":\"https:\/\/www.pm.pb.gov.br\/portal\/wp-content\/uploads\/2025\/03\/cropped-logo-site-mag2-1.png\",\"contentUrl\":\"https:\/\/www.pm.pb.gov.br\/portal\/wp-content\/uploads\/2025\/03\/cropped-logo-site-mag2-1.png\",\"width\":320,\"height\":90,\"caption\":\"Pol\u00edcia Militar da Para\u00edba\"},\"image\":{\"@id\":\"https:\/\/www.pm.pb.gov.br\/portal\/#\/schema\/logo\/image\/\"}},{\"@type\":\"Person\",\"@id\":\"https:\/\/www.pm.pb.gov.br\/portal\/#\/schema\/person\/89dd009e2523c97adf8def1d6cf90ca1\",\"name\":\"Luiz Duarte\",\"image\":{\"@type\":\"ImageObject\",\"inLanguage\":\"pt-BR\",\"@id\":\"https:\/\/www.pm.pb.gov.br\/portal\/#\/schema\/person\/image\/\",\"url\":\"https:\/\/secure.gravatar.com\/avatar\/ce5539b97246ef4d24dd039a3f64145b?s=96&d=mm&r=g\",\"contentUrl\":\"https:\/\/secure.gravatar.com\/avatar\/ce5539b97246ef4d24dd039a3f64145b?s=96&d=mm&r=g\",\"caption\":\"Luiz Duarte\"},\"url\":\"https:\/\/www.pm.pb.gov.br\/portal\/author\/luiz\/\"}]}<\/script>\n<!-- \/ Yoast SEO plugin. -->","yoast_head_json":{"title":"Arsenal \u00e9 apreendido com grupo suspeito ap\u00f3s troca de tiros em comunidade de Santa Rita - Pol\u00edcia Militar da Para\u00edba","robots":{"index":"index","follow":"follow","max-snippet":"max-snippet:-1","max-image-preview":"max-image-preview:large","max-video-preview":"max-video-preview:-1"},"canonical":"https:\/\/www.pm.pb.gov.br\/portal\/2025\/12\/13\/arsenal-e-apreendido-com-grupo-suspeito-apos-troca-de-tiros-em-comunidade-de-santa-rita\/","og_locale":"pt_BR","og_type":"article","og_title":"Arsenal \u00e9 apreendido com grupo suspeito ap\u00f3s troca de tiros em comunidade de Santa Rita - Pol\u00edcia Militar da Para\u00edba","og_description":"Tr\u00eas pistolas, dois rev\u00f3lveres, oito carregadores e mais de 170 muni\u00e7\u00f5es prontas para o uso. Esse foi o arsenal apreendido","og_url":"https:\/\/www.pm.pb.gov.br\/portal\/2025\/12\/13\/arsenal-e-apreendido-com-grupo-suspeito-apos-troca-de-tiros-em-comunidade-de-santa-rita\/","og_site_name":"Pol\u00edcia Militar da Para\u00edba","article_published_time":"2025-12-13T17:22:15+00:00","article_modified_time":"2025-12-13T17:22:17+00:00","og_image":[{"width":1280,"height":1108,"url":"http:\/\/www.pm.pb.gov.br\/portal\/wp-content\/uploads\/2025\/12\/WhatsApp-Image-2025-12-13-at-8.02.46-AM.jpeg","type":"image\/jpeg"}],"author":"Luiz Duarte","twitter_card":"summary_large_image","twitter_misc":{"Escrito por":"Luiz Duarte","Est. tempo de leitura":"1 minuto"},"schema":{"@context":"https:\/\/schema.org","@graph":[{"@type":"Article","@id":"https:\/\/www.pm.pb.gov.br\/portal\/2025\/12\/13\/arsenal-e-apreendido-com-grupo-suspeito-apos-troca-de-tiros-em-comunidade-de-santa-rita\/#article","isPartOf":{"@id":"https:\/\/www.pm.pb.gov.br\/portal\/2025\/12\/13\/arsenal-e-apreendido-com-grupo-suspeito-apos-troca-de-tiros-em-comunidade-de-santa-rita\/"},"author":{"name":"Luiz Duarte","@id":"https:\/\/www.pm.pb.gov.br\/portal\/#\/schema\/person\/89dd009e2523c97adf8def1d6cf90ca1"},"headline":"Arsenal \u00e9 apreendido com grupo suspeito ap\u00f3s troca de tiros em comunidade de Santa Rita","datePublished":"2025-12-13T17:22:15+00:00","dateModified":"2025-12-13T17:22:17+00:00","mainEntityOfPage":{"@id":"https:\/\/www.pm.pb.gov.br\/portal\/2025\/12\/13\/arsenal-e-apreendido-com-grupo-suspeito-apos-troca-de-tiros-em-comunidade-de-santa-rita\/"},"wordCount":143,"publisher":{"@id":"https:\/\/www.pm.pb.gov.br\/portal\/#organization"},"articleSection":["A\u00e7\u00f5es Policiais"],"inLanguage":"pt-BR"},{"@type":"WebPage","@id":"https:\/\/www.pm.pb.gov.br\/portal\/2025\/12\/13\/arsenal-e-apreendido-com-grupo-suspeito-apos-troca-de-tiros-em-comunidade-de-santa-rita\/","url":"https:\/\/www.pm.pb.gov.br\/portal\/2025\/12\/13\/arsenal-e-apreendido-com-grupo-suspeito-apos-troca-de-tiros-em-comunidade-de-santa-rita\/","name":"Arsenal \u00e9 apreendido com grupo suspeito ap\u00f3s troca de tiros em comunidade de Santa Rita - Pol\u00edcia Militar da Para\u00edba","isPartOf":{"@id":"https:\/\/www.pm.pb.gov.br\/portal\/#website"},"datePublished":"2025-12-13T17:22:15+00:00","dateModified":"2025-12-13T17:22:17+00:00","breadcrumb":{"@id":"https:\/\/www.pm.pb.gov.br\/portal\/2025\/12\/13\/arsenal-e-apreendido-com-grupo-suspeito-apos-troca-de-tiros-em-comunidade-de-santa-rita\/#breadcrumb"},"inLanguage":"pt-BR","potentialAction":[{"@type":"ReadAction","target":["https:\/\/www.pm.pb.gov.br\/portal\/2025\/12\/13\/arsenal-e-apreendido-com-grupo-suspeito-apos-troca-de-tiros-em-comunidade-de-santa-rita\/"]}]},{"@type":"BreadcrumbList","@id":"https:\/\/www.pm.pb.gov.br\/portal\/2025\/12\/13\/arsenal-e-apreendido-com-grupo-suspeito-apos-troca-de-tiros-em-comunidade-de-santa-rita\/#breadcrumb","itemListElement":[{"@type":"ListItem","position":1,"name":"In\u00edcio","item":"https:\/\/www.pm.pb.gov.br\/portal\/"},{"@type":"ListItem","position":2,"name":"Arsenal \u00e9 apreendido com grupo suspeito ap\u00f3s troca de tiros em comunidade de Santa Rita"}]},{"@type":"WebSite","@id":"https:\/\/www.pm.pb.gov.br\/portal\/#website","url":"https:\/\/www.pm.pb.gov.br\/portal\/","name":"Pol\u00edcia Militar da Para\u00edba","description":"","publisher":{"@id":"https:\/\/www.pm.pb.gov.br\/portal\/#organization"},"potentialAction":[{"@type":"SearchAction","target":{"@type":"EntryPoint","urlTemplate":"https:\/\/www.pm.pb.gov.br\/portal\/?s={search_term_string}"},"query-input":"required name=search_term_string"}],"inLanguage":"pt-BR"},{"@type":"Organization","@id":"https:\/\/www.pm.pb.gov.br\/portal\/#organization","name":"Pol\u00edcia Militar da Para\u00edba","url":"https:\/\/www.pm.pb.gov.br\/portal\/","logo":{"@type":"ImageObject","inLanguage":"pt-BR","@id":"https:\/\/www.pm.pb.gov.br\/portal\/#\/schema\/logo\/image\/","url":"https:\/\/www.pm.pb.gov.br\/portal\/wp-content\/uploads\/2025\/03\/cropped-logo-site-mag2-1.png","contentUrl":"https:\/\/www.pm.pb.gov.br\/portal\/wp-content\/uploads\/2025\/03\/cropped-logo-site-mag2-1.png","width":320,"height":90,"caption":"Pol\u00edcia Militar da Para\u00edba"},"image":{"@id":"https:\/\/www.pm.pb.gov.br\/portal\/#\/schema\/logo\/image\/"}},{"@type":"Person","@id":"https:\/\/www.pm.pb.gov.br\/portal\/#\/schema\/person\/89dd009e2523c97adf8def1d6cf90ca1","name":"Luiz Duarte","image":{"@type":"ImageObject","inLanguage":"pt-BR","@id":"https:\/\/www.pm.pb.gov.br\/portal\/#\/schema\/person\/image\/","url":"https:\/\/secure.gravatar.com\/avatar\/ce5539b97246ef4d24dd039a3f64145b?s=96&d=mm&r=g","contentUrl":"https:\/\/secure.gravatar.com\/avatar\/ce5539b97246ef4d24dd039a3f64145b?s=96&d=mm&r=g","caption":"Luiz Duarte"},"url":"https:\/\/www.pm.pb.gov.br\/portal\/author\/luiz\/"}]}},"_links":{"self":[{"href":"https:\/\/www.pm.pb.gov.br\/portal\/wp-json\/wp\/v2\/posts\/929322"}],"collection":[{"href":"https:\/\/www.pm.pb.gov.br\/portal\/wp-json\/wp\/v2\/posts"}],"about":[{"href":"https:\/\/www.pm.pb.gov.br\/portal\/wp-json\/wp\/v2\/types\/post"}],"author":[{"embeddable":true,"href":"https:\/\/www.pm.pb.gov.br\/portal\/wp-json\/wp\/v2\/users\/18"}],"replies":[{"embeddable":true,"href":"https:\/\/www.pm.pb.gov.br\/portal\/wp-json\/wp\/v2\/comments?post=929322"}],"version-history":[{"count":1,"href":"https:\/\/www.pm.pb.gov.br\/portal\/wp-json\/wp\/v2\/posts\/929322\/revisions"}],"predecessor-version":[{"id":929324,"href":"https:\/\/www.pm.pb.gov.br\/portal\/wp-json\/wp\/v2\/posts\/929322\/revisions\/929324"}],"wp:featuredmedia":[{"embeddable":true,"href":"https:\/\/www.pm.pb.gov.br\/portal\/wp-json\/wp\/v2\/media\/929326"}],"wp:attachment":[{"href":"https:\/\/www.pm.pb.gov.br\/portal\/wp-json\/wp\/v2\/media?parent=929322"}],"wp:term":[{"taxonomy":"category","embeddable":true,"href":"https:\/\/www.pm.pb.gov.br\/portal\/wp-json\/wp\/v2\/categories?post=929322"},{"taxonomy":"post_tag","embeddable":true,"href":"https:\/\/www.pm.pb.gov.br\/portal\/wp-json\/wp\/v2\/tags?post=929322"}],"curies":[{"name":"wp","href":"https:\/\/api.w.org\/{rel}","templated":true}]}}