{"id":929283,"date":"2025-12-10T12:11:26","date_gmt":"2025-12-10T15:11:26","guid":{"rendered":"https:\/\/www.pm.pb.gov.br\/portal\/?p=929283"},"modified":"2025-12-10T12:11:29","modified_gmt":"2025-12-10T15:11:29","slug":"comandante-geral-celebra-ano-com-mais-vagas-para-promocoes-da-historia-da-policia-militar","status":"publish","type":"post","link":"https:\/\/www.pm.pb.gov.br\/portal\/2025\/12\/10\/comandante-geral-celebra-ano-com-mais-vagas-para-promocoes-da-historia-da-policia-militar\/","title":{"rendered":"Comandante-Geral celebra ano com mais vagas para promo\u00e7\u00f5es da hist\u00f3ria da Pol\u00edcia Militar"},"content":{"rendered":"\n<p>2025 j\u00e1 \u00e9 o ano com mais vagas para promo\u00e7\u00f5es de toda hist\u00f3ria da Pol\u00edcia Militar. As oportunidades de ascens\u00f5es profissionais foram constru\u00eddas gra\u00e7as ao trabalho pr\u00f3ximo e conjunto entre o Governador Jo\u00e3o Azev\u00eado e o Comandante-Geral da PM, coronel S\u00e9rgio Fonseca, que teve na Lei do Organiza\u00e7\u00e3o B\u00e1sica (LOB) &#8211; publicada em julho &#8211; a inaugura\u00e7\u00e3o de um novo tempo na corpora\u00e7\u00e3o.<\/p>\n\n\n\n<p>\u201cNeste 10 de dezembro em celebro a publica\u00e7\u00e3o de novas vagas para promo\u00e7\u00f5es de oficiais, que somadas \u00e0s promo\u00e7\u00f5es de pra\u00e7as que tivemos em outubro e as promo\u00e7\u00f5es de oficiais do m\u00eas de agosto, faz de 2025 o ano com mais oportunidades de ascens\u00e3o profissional da hist\u00f3ria da Pol\u00edcia Militar da Para\u00edba. \u00c9 momento de agradecer aos nossos policiais e de reconhecer o trabalho que o Governo do Estado, nas pessoas do governador Jo\u00e3o Azev\u00eado e do vice-governador Lucas Ribeiro, fazem para trazer melhorias para a nossa corpora\u00e7\u00e3o\u201d, destacou o Comandante-Geral da PM, coronel S\u00e9rgio Fonseca.<\/p>\n\n\n\n<p>O c\u00f4mputo de vagas para as promo\u00e7\u00f5es est\u00e1 no Boletim 233. No Quadro de Oficiais de Estado-Maior, s\u00e3o 10 vagas para coronel, 31 para tenente-coronel, 46 para major, 48 para capit\u00e3o, 37 para 1\u00ba tenente e 160 para 2\u00ba tenente. J\u00e1 para o Quadro de Oficiais de Sa\u00fade, s\u00e3o 77 vagas para os diversos postos. E para o Quadro de Oficiais Especialista, s\u00e3o 160 vagas, incluindo vagas para o posto de Tenente-Coronel, que foi um dos benef\u00edcios trazidos pela LOB.<\/p>\n","protected":false},"excerpt":{"rendered":"<p>2025 j\u00e1 \u00e9 o ano com mais vagas para promo\u00e7\u00f5es de toda hist\u00f3ria da Pol\u00edcia Militar. As oportunidades de ascens\u00f5es<\/p>\n","protected":false},"author":5,"featured_media":929284,"comment_status":"closed","ping_status":"closed","sticky":false,"template":"","format":"standard","meta":{"_exactmetrics_skip_tracking":false,"_exactmetrics_sitenote_active":false,"_exactmetrics_sitenote_note":"","_exactmetrics_sitenote_category":0,"footnotes":""},"categories":[29],"tags":[],"yoast_head":"<!-- This site is optimized with the Yoast SEO plugin v22.0 - https:\/\/yoast.com\/wordpress\/plugins\/seo\/ -->\n<title>Comandante-Geral celebra ano com mais vagas para promo\u00e7\u00f5es da hist\u00f3ria da Pol\u00edcia Militar - Pol\u00edcia Militar da Para\u00edba<\/title>\n<meta name=\"robots\" content=\"index, follow, max-snippet:-1, max-image-preview:large, max-video-preview:-1\" \/>\n<link rel=\"canonical\" href=\"https:\/\/www.pm.pb.gov.br\/portal\/2025\/12\/10\/comandante-geral-celebra-ano-com-mais-vagas-para-promocoes-da-historia-da-policia-militar\/\" \/>\n<meta property=\"og:locale\" content=\"pt_BR\" \/>\n<meta property=\"og:type\" content=\"article\" \/>\n<meta property=\"og:title\" content=\"Comandante-Geral celebra ano com mais vagas para promo\u00e7\u00f5es da hist\u00f3ria da Pol\u00edcia Militar - Pol\u00edcia Militar da Para\u00edba\" \/>\n<meta property=\"og:description\" content=\"2025 j\u00e1 \u00e9 o ano com mais vagas para promo\u00e7\u00f5es de toda hist\u00f3ria da Pol\u00edcia Militar. As oportunidades de ascens\u00f5es\" \/>\n<meta property=\"og:url\" content=\"https:\/\/www.pm.pb.gov.br\/portal\/2025\/12\/10\/comandante-geral-celebra-ano-com-mais-vagas-para-promocoes-da-historia-da-policia-militar\/\" \/>\n<meta property=\"og:site_name\" content=\"Pol\u00edcia Militar da Para\u00edba\" \/>\n<meta property=\"article:published_time\" content=\"2025-12-10T15:11:26+00:00\" \/>\n<meta property=\"article:modified_time\" content=\"2025-12-10T15:11:29+00:00\" \/>\n<meta property=\"og:image\" content=\"http:\/\/www.pm.pb.gov.br\/portal\/wp-content\/uploads\/2025\/12\/imagem-1.png\" \/>\n\t<meta property=\"og:image:width\" content=\"1500\" \/>\n\t<meta property=\"og:image:height\" content=\"834\" \/>\n\t<meta property=\"og:image:type\" content=\"image\/png\" \/>\n<meta name=\"author\" content=\"Assessoria de Imprensa da PMPB\" \/>\n<meta name=\"twitter:card\" content=\"summary_large_image\" \/>\n<meta name=\"twitter:label1\" content=\"Escrito por\" \/>\n\t<meta name=\"twitter:data1\" content=\"Assessoria de Imprensa da PMPB\" \/>\n\t<meta name=\"twitter:label2\" content=\"Est. tempo de leitura\" \/>\n\t<meta name=\"twitter:data2\" content=\"2 minutos\" \/>\n<script type=\"application\/ld+json\" class=\"yoast-schema-graph\">{\"@context\":\"https:\/\/schema.org\",\"@graph\":[{\"@type\":\"Article\",\"@id\":\"https:\/\/www.pm.pb.gov.br\/portal\/2025\/12\/10\/comandante-geral-celebra-ano-com-mais-vagas-para-promocoes-da-historia-da-policia-militar\/#article\",\"isPartOf\":{\"@id\":\"https:\/\/www.pm.pb.gov.br\/portal\/2025\/12\/10\/comandante-geral-celebra-ano-com-mais-vagas-para-promocoes-da-historia-da-policia-militar\/\"},\"author\":{\"name\":\"Assessoria de Imprensa da PMPB\",\"@id\":\"https:\/\/www.pm.pb.gov.br\/portal\/#\/schema\/person\/e8454f46651c3ecf0e1ba3c1666d9947\"},\"headline\":\"Comandante-Geral celebra ano com mais vagas para promo\u00e7\u00f5es da hist\u00f3ria da Pol\u00edcia Militar\",\"datePublished\":\"2025-12-10T15:11:26+00:00\",\"dateModified\":\"2025-12-10T15:11:29+00:00\",\"mainEntityOfPage\":{\"@id\":\"https:\/\/www.pm.pb.gov.br\/portal\/2025\/12\/10\/comandante-geral-celebra-ano-com-mais-vagas-para-promocoes-da-historia-da-policia-militar\/\"},\"wordCount\":275,\"publisher\":{\"@id\":\"https:\/\/www.pm.pb.gov.br\/portal\/#organization\"},\"articleSection\":[\"Gest\u00e3o e planejamento\"],\"inLanguage\":\"pt-BR\"},{\"@type\":\"WebPage\",\"@id\":\"https:\/\/www.pm.pb.gov.br\/portal\/2025\/12\/10\/comandante-geral-celebra-ano-com-mais-vagas-para-promocoes-da-historia-da-policia-militar\/\",\"url\":\"https:\/\/www.pm.pb.gov.br\/portal\/2025\/12\/10\/comandante-geral-celebra-ano-com-mais-vagas-para-promocoes-da-historia-da-policia-militar\/\",\"name\":\"Comandante-Geral celebra ano com mais vagas para promo\u00e7\u00f5es da hist\u00f3ria da Pol\u00edcia Militar - Pol\u00edcia Militar da Para\u00edba\",\"isPartOf\":{\"@id\":\"https:\/\/www.pm.pb.gov.br\/portal\/#website\"},\"datePublished\":\"2025-12-10T15:11:26+00:00\",\"dateModified\":\"2025-12-10T15:11:29+00:00\",\"breadcrumb\":{\"@id\":\"https:\/\/www.pm.pb.gov.br\/portal\/2025\/12\/10\/comandante-geral-celebra-ano-com-mais-vagas-para-promocoes-da-historia-da-policia-militar\/#breadcrumb\"},\"inLanguage\":\"pt-BR\",\"potentialAction\":[{\"@type\":\"ReadAction\",\"target\":[\"https:\/\/www.pm.pb.gov.br\/portal\/2025\/12\/10\/comandante-geral-celebra-ano-com-mais-vagas-para-promocoes-da-historia-da-policia-militar\/\"]}]},{\"@type\":\"BreadcrumbList\",\"@id\":\"https:\/\/www.pm.pb.gov.br\/portal\/2025\/12\/10\/comandante-geral-celebra-ano-com-mais-vagas-para-promocoes-da-historia-da-policia-militar\/#breadcrumb\",\"itemListElement\":[{\"@type\":\"ListItem\",\"position\":1,\"name\":\"In\u00edcio\",\"item\":\"https:\/\/www.pm.pb.gov.br\/portal\/\"},{\"@type\":\"ListItem\",\"position\":2,\"name\":\"Comandante-Geral celebra ano com mais vagas para promo\u00e7\u00f5es da hist\u00f3ria da Pol\u00edcia Militar\"}]},{\"@type\":\"WebSite\",\"@id\":\"https:\/\/www.pm.pb.gov.br\/portal\/#website\",\"url\":\"https:\/\/www.pm.pb.gov.br\/portal\/\",\"name\":\"Pol\u00edcia Militar da Para\u00edba\",\"description\":\"\",\"publisher\":{\"@id\":\"https:\/\/www.pm.pb.gov.br\/portal\/#organization\"},\"potentialAction\":[{\"@type\":\"SearchAction\",\"target\":{\"@type\":\"EntryPoint\",\"urlTemplate\":\"https:\/\/www.pm.pb.gov.br\/portal\/?s={search_term_string}\"},\"query-input\":\"required name=search_term_string\"}],\"inLanguage\":\"pt-BR\"},{\"@type\":\"Organization\",\"@id\":\"https:\/\/www.pm.pb.gov.br\/portal\/#organization\",\"name\":\"Pol\u00edcia Militar da Para\u00edba\",\"url\":\"https:\/\/www.pm.pb.gov.br\/portal\/\",\"logo\":{\"@type\":\"ImageObject\",\"inLanguage\":\"pt-BR\",\"@id\":\"https:\/\/www.pm.pb.gov.br\/portal\/#\/schema\/logo\/image\/\",\"url\":\"https:\/\/www.pm.pb.gov.br\/portal\/wp-content\/uploads\/2025\/03\/cropped-logo-site-mag2-1.png\",\"contentUrl\":\"https:\/\/www.pm.pb.gov.br\/portal\/wp-content\/uploads\/2025\/03\/cropped-logo-site-mag2-1.png\",\"width\":320,\"height\":90,\"caption\":\"Pol\u00edcia Militar da Para\u00edba\"},\"image\":{\"@id\":\"https:\/\/www.pm.pb.gov.br\/portal\/#\/schema\/logo\/image\/\"}},{\"@type\":\"Person\",\"@id\":\"https:\/\/www.pm.pb.gov.br\/portal\/#\/schema\/person\/e8454f46651c3ecf0e1ba3c1666d9947\",\"name\":\"Assessoria de Imprensa da PMPB\",\"image\":{\"@type\":\"ImageObject\",\"inLanguage\":\"pt-BR\",\"@id\":\"https:\/\/www.pm.pb.gov.br\/portal\/#\/schema\/person\/image\/\",\"url\":\"https:\/\/secure.gravatar.com\/avatar\/2efe197438265d1e90bd98c4c8e1acf8?s=96&d=mm&r=g\",\"contentUrl\":\"https:\/\/secure.gravatar.com\/avatar\/2efe197438265d1e90bd98c4c8e1acf8?s=96&d=mm&r=g\",\"caption\":\"Assessoria de Imprensa da PMPB\"},\"url\":\"https:\/\/www.pm.pb.gov.br\/portal\/author\/assessoria\/\"}]}<\/script>\n<!-- \/ Yoast SEO plugin. -->","yoast_head_json":{"title":"Comandante-Geral celebra ano com mais vagas para promo\u00e7\u00f5es da hist\u00f3ria da Pol\u00edcia Militar - Pol\u00edcia Militar da Para\u00edba","robots":{"index":"index","follow":"follow","max-snippet":"max-snippet:-1","max-image-preview":"max-image-preview:large","max-video-preview":"max-video-preview:-1"},"canonical":"https:\/\/www.pm.pb.gov.br\/portal\/2025\/12\/10\/comandante-geral-celebra-ano-com-mais-vagas-para-promocoes-da-historia-da-policia-militar\/","og_locale":"pt_BR","og_type":"article","og_title":"Comandante-Geral celebra ano com mais vagas para promo\u00e7\u00f5es da hist\u00f3ria da Pol\u00edcia Militar - Pol\u00edcia Militar da Para\u00edba","og_description":"2025 j\u00e1 \u00e9 o ano com mais vagas para promo\u00e7\u00f5es de toda hist\u00f3ria da Pol\u00edcia Militar. As oportunidades de ascens\u00f5es","og_url":"https:\/\/www.pm.pb.gov.br\/portal\/2025\/12\/10\/comandante-geral-celebra-ano-com-mais-vagas-para-promocoes-da-historia-da-policia-militar\/","og_site_name":"Pol\u00edcia Militar da Para\u00edba","article_published_time":"2025-12-10T15:11:26+00:00","article_modified_time":"2025-12-10T15:11:29+00:00","og_image":[{"width":1500,"height":834,"url":"http:\/\/www.pm.pb.gov.br\/portal\/wp-content\/uploads\/2025\/12\/imagem-1.png","type":"image\/png"}],"author":"Assessoria de Imprensa da PMPB","twitter_card":"summary_large_image","twitter_misc":{"Escrito por":"Assessoria de Imprensa da PMPB","Est. tempo de leitura":"2 minutos"},"schema":{"@context":"https:\/\/schema.org","@graph":[{"@type":"Article","@id":"https:\/\/www.pm.pb.gov.br\/portal\/2025\/12\/10\/comandante-geral-celebra-ano-com-mais-vagas-para-promocoes-da-historia-da-policia-militar\/#article","isPartOf":{"@id":"https:\/\/www.pm.pb.gov.br\/portal\/2025\/12\/10\/comandante-geral-celebra-ano-com-mais-vagas-para-promocoes-da-historia-da-policia-militar\/"},"author":{"name":"Assessoria de Imprensa da PMPB","@id":"https:\/\/www.pm.pb.gov.br\/portal\/#\/schema\/person\/e8454f46651c3ecf0e1ba3c1666d9947"},"headline":"Comandante-Geral celebra ano com mais vagas para promo\u00e7\u00f5es da hist\u00f3ria da Pol\u00edcia Militar","datePublished":"2025-12-10T15:11:26+00:00","dateModified":"2025-12-10T15:11:29+00:00","mainEntityOfPage":{"@id":"https:\/\/www.pm.pb.gov.br\/portal\/2025\/12\/10\/comandante-geral-celebra-ano-com-mais-vagas-para-promocoes-da-historia-da-policia-militar\/"},"wordCount":275,"publisher":{"@id":"https:\/\/www.pm.pb.gov.br\/portal\/#organization"},"articleSection":["Gest\u00e3o e planejamento"],"inLanguage":"pt-BR"},{"@type":"WebPage","@id":"https:\/\/www.pm.pb.gov.br\/portal\/2025\/12\/10\/comandante-geral-celebra-ano-com-mais-vagas-para-promocoes-da-historia-da-policia-militar\/","url":"https:\/\/www.pm.pb.gov.br\/portal\/2025\/12\/10\/comandante-geral-celebra-ano-com-mais-vagas-para-promocoes-da-historia-da-policia-militar\/","name":"Comandante-Geral celebra ano com mais vagas para promo\u00e7\u00f5es da hist\u00f3ria da Pol\u00edcia Militar - Pol\u00edcia Militar da Para\u00edba","isPartOf":{"@id":"https:\/\/www.pm.pb.gov.br\/portal\/#website"},"datePublished":"2025-12-10T15:11:26+00:00","dateModified":"2025-12-10T15:11:29+00:00","breadcrumb":{"@id":"https:\/\/www.pm.pb.gov.br\/portal\/2025\/12\/10\/comandante-geral-celebra-ano-com-mais-vagas-para-promocoes-da-historia-da-policia-militar\/#breadcrumb"},"inLanguage":"pt-BR","potentialAction":[{"@type":"ReadAction","target":["https:\/\/www.pm.pb.gov.br\/portal\/2025\/12\/10\/comandante-geral-celebra-ano-com-mais-vagas-para-promocoes-da-historia-da-policia-militar\/"]}]},{"@type":"BreadcrumbList","@id":"https:\/\/www.pm.pb.gov.br\/portal\/2025\/12\/10\/comandante-geral-celebra-ano-com-mais-vagas-para-promocoes-da-historia-da-policia-militar\/#breadcrumb","itemListElement":[{"@type":"ListItem","position":1,"name":"In\u00edcio","item":"https:\/\/www.pm.pb.gov.br\/portal\/"},{"@type":"ListItem","position":2,"name":"Comandante-Geral celebra ano com mais vagas para promo\u00e7\u00f5es da hist\u00f3ria da Pol\u00edcia Militar"}]},{"@type":"WebSite","@id":"https:\/\/www.pm.pb.gov.br\/portal\/#website","url":"https:\/\/www.pm.pb.gov.br\/portal\/","name":"Pol\u00edcia Militar da Para\u00edba","description":"","publisher":{"@id":"https:\/\/www.pm.pb.gov.br\/portal\/#organization"},"potentialAction":[{"@type":"SearchAction","target":{"@type":"EntryPoint","urlTemplate":"https:\/\/www.pm.pb.gov.br\/portal\/?s={search_term_string}"},"query-input":"required name=search_term_string"}],"inLanguage":"pt-BR"},{"@type":"Organization","@id":"https:\/\/www.pm.pb.gov.br\/portal\/#organization","name":"Pol\u00edcia Militar da Para\u00edba","url":"https:\/\/www.pm.pb.gov.br\/portal\/","logo":{"@type":"ImageObject","inLanguage":"pt-BR","@id":"https:\/\/www.pm.pb.gov.br\/portal\/#\/schema\/logo\/image\/","url":"https:\/\/www.pm.pb.gov.br\/portal\/wp-content\/uploads\/2025\/03\/cropped-logo-site-mag2-1.png","contentUrl":"https:\/\/www.pm.pb.gov.br\/portal\/wp-content\/uploads\/2025\/03\/cropped-logo-site-mag2-1.png","width":320,"height":90,"caption":"Pol\u00edcia Militar da Para\u00edba"},"image":{"@id":"https:\/\/www.pm.pb.gov.br\/portal\/#\/schema\/logo\/image\/"}},{"@type":"Person","@id":"https:\/\/www.pm.pb.gov.br\/portal\/#\/schema\/person\/e8454f46651c3ecf0e1ba3c1666d9947","name":"Assessoria de Imprensa da PMPB","image":{"@type":"ImageObject","inLanguage":"pt-BR","@id":"https:\/\/www.pm.pb.gov.br\/portal\/#\/schema\/person\/image\/","url":"https:\/\/secure.gravatar.com\/avatar\/2efe197438265d1e90bd98c4c8e1acf8?s=96&d=mm&r=g","contentUrl":"https:\/\/secure.gravatar.com\/avatar\/2efe197438265d1e90bd98c4c8e1acf8?s=96&d=mm&r=g","caption":"Assessoria de Imprensa da PMPB"},"url":"https:\/\/www.pm.pb.gov.br\/portal\/author\/assessoria\/"}]}},"_links":{"self":[{"href":"https:\/\/www.pm.pb.gov.br\/portal\/wp-json\/wp\/v2\/posts\/929283"}],"collection":[{"href":"https:\/\/www.pm.pb.gov.br\/portal\/wp-json\/wp\/v2\/posts"}],"about":[{"href":"https:\/\/www.pm.pb.gov.br\/portal\/wp-json\/wp\/v2\/types\/post"}],"author":[{"embeddable":true,"href":"https:\/\/www.pm.pb.gov.br\/portal\/wp-json\/wp\/v2\/users\/5"}],"replies":[{"embeddable":true,"href":"https:\/\/www.pm.pb.gov.br\/portal\/wp-json\/wp\/v2\/comments?post=929283"}],"version-history":[{"count":1,"href":"https:\/\/www.pm.pb.gov.br\/portal\/wp-json\/wp\/v2\/posts\/929283\/revisions"}],"predecessor-version":[{"id":929285,"href":"https:\/\/www.pm.pb.gov.br\/portal\/wp-json\/wp\/v2\/posts\/929283\/revisions\/929285"}],"wp:featuredmedia":[{"embeddable":true,"href":"https:\/\/www.pm.pb.gov.br\/portal\/wp-json\/wp\/v2\/media\/929284"}],"wp:attachment":[{"href":"https:\/\/www.pm.pb.gov.br\/portal\/wp-json\/wp\/v2\/media?parent=929283"}],"wp:term":[{"taxonomy":"category","embeddable":true,"href":"https:\/\/www.pm.pb.gov.br\/portal\/wp-json\/wp\/v2\/categories?post=929283"},{"taxonomy":"post_tag","embeddable":true,"href":"https:\/\/www.pm.pb.gov.br\/portal\/wp-json\/wp\/v2\/tags?post=929283"}],"curies":[{"name":"wp","href":"https:\/\/api.w.org\/{rel}","templated":true}]}}