{"id":929274,"date":"2025-12-08T15:20:33","date_gmt":"2025-12-08T18:20:33","guid":{"rendered":"https:\/\/www.pm.pb.gov.br\/portal\/?p=929274"},"modified":"2025-12-08T15:20:36","modified_gmt":"2025-12-08T18:20:36","slug":"policia-militar-frustra-furto-em-estabelecimento-comercial-em-nova-floresta-e-prende-suspeitos","status":"publish","type":"post","link":"https:\/\/www.pm.pb.gov.br\/portal\/2025\/12\/08\/policia-militar-frustra-furto-em-estabelecimento-comercial-em-nova-floresta-e-prende-suspeitos\/","title":{"rendered":"Pol\u00edcia Militar frustra furto em estabelecimento comercial em Nova Floresta, e prende suspeitos"},"content":{"rendered":"\n<p>A Pol\u00edcia Militar prendeu dois homens suspeitos de violar e furtar um estabelecimento comercial na cidade de Nova Floresta-PB, na madrugada desta segunda-feira (08). O estabelecimento teve porta e caixa danificados.<\/p>\n\n\n\n<p>Os policiais militares do 9\u00ba BPM foram acionados pelo Centro Integrado de Comando e Controle (CICC) para verificar um poss\u00edvel arrombamento em andamento a um supermercado, localizado \u00e0s margens da BR-104. Ao chegarem no local, as equipes visualizaram um indiv\u00edduo saindo do estabelecimento, enquanto outros j\u00e1 se encontravam no lado de fora. Um deles tentou fugir em um ve\u00edculo, mas foi logo alcan\u00e7ado pelas equipes policiais.<\/p>\n\n\n\n<p>Na a\u00e7\u00e3o, dois suspeitos foram presos e com eles encontrados diversos produtos e uma quantia em dinheiro, al\u00e9m de objetos utilizados para o arrombamento. Os suspeitos informaram que um terceiro participante teria fugido antes da chegada das viaturas.<\/p>\n\n\n\n<p>Os dois presos, juntamente com todos os materiais apreendidos e o ve\u00edculo utilizado na tentativa de fuga, foram conduzidos para a delegacia da cidade de Picu\u00ed-PB, onde foram adotadas as medidas legais cab\u00edveis.<\/p>\n","protected":false},"excerpt":{"rendered":"<p>A Pol\u00edcia Militar prendeu dois homens suspeitos de violar e furtar um estabelecimento comercial na cidade de Nova Floresta-PB, na<\/p>\n","protected":false},"author":5,"featured_media":929275,"comment_status":"closed","ping_status":"closed","sticky":false,"template":"","format":"standard","meta":{"_exactmetrics_skip_tracking":false,"_exactmetrics_sitenote_active":false,"_exactmetrics_sitenote_note":"","_exactmetrics_sitenote_category":0,"footnotes":""},"categories":[4],"tags":[],"yoast_head":"<!-- This site is optimized with the Yoast SEO plugin v22.0 - https:\/\/yoast.com\/wordpress\/plugins\/seo\/ -->\n<title>Pol\u00edcia Militar frustra furto em estabelecimento comercial em Nova Floresta, e prende suspeitos - Pol\u00edcia Militar da Para\u00edba<\/title>\n<meta name=\"robots\" content=\"index, follow, max-snippet:-1, max-image-preview:large, max-video-preview:-1\" \/>\n<link rel=\"canonical\" href=\"https:\/\/www.pm.pb.gov.br\/portal\/2025\/12\/08\/policia-militar-frustra-furto-em-estabelecimento-comercial-em-nova-floresta-e-prende-suspeitos\/\" \/>\n<meta property=\"og:locale\" content=\"pt_BR\" \/>\n<meta property=\"og:type\" content=\"article\" \/>\n<meta property=\"og:title\" content=\"Pol\u00edcia Militar frustra furto em estabelecimento comercial em Nova Floresta, e prende suspeitos - Pol\u00edcia Militar da Para\u00edba\" \/>\n<meta property=\"og:description\" content=\"A Pol\u00edcia Militar prendeu dois homens suspeitos de violar e furtar um estabelecimento comercial na cidade de Nova Floresta-PB, na\" \/>\n<meta property=\"og:url\" content=\"https:\/\/www.pm.pb.gov.br\/portal\/2025\/12\/08\/policia-militar-frustra-furto-em-estabelecimento-comercial-em-nova-floresta-e-prende-suspeitos\/\" \/>\n<meta property=\"og:site_name\" content=\"Pol\u00edcia Militar da Para\u00edba\" \/>\n<meta property=\"article:published_time\" content=\"2025-12-08T18:20:33+00:00\" \/>\n<meta property=\"article:modified_time\" content=\"2025-12-08T18:20:36+00:00\" \/>\n<meta property=\"og:image\" content=\"http:\/\/www.pm.pb.gov.br\/portal\/wp-content\/uploads\/2025\/12\/WhatsApp-Image-2025-12-08-at-14.24.54.png\" \/>\n\t<meta property=\"og:image:width\" content=\"960\" \/>\n\t<meta property=\"og:image:height\" content=\"534\" \/>\n\t<meta property=\"og:image:type\" content=\"image\/png\" \/>\n<meta name=\"author\" content=\"Assessoria de Imprensa da PMPB\" \/>\n<meta name=\"twitter:card\" content=\"summary_large_image\" \/>\n<meta name=\"twitter:label1\" content=\"Escrito por\" \/>\n\t<meta name=\"twitter:data1\" content=\"Assessoria de Imprensa da PMPB\" \/>\n\t<meta name=\"twitter:label2\" content=\"Est. tempo de leitura\" \/>\n\t<meta name=\"twitter:data2\" content=\"2 minutos\" \/>\n<script type=\"application\/ld+json\" class=\"yoast-schema-graph\">{\"@context\":\"https:\/\/schema.org\",\"@graph\":[{\"@type\":\"Article\",\"@id\":\"https:\/\/www.pm.pb.gov.br\/portal\/2025\/12\/08\/policia-militar-frustra-furto-em-estabelecimento-comercial-em-nova-floresta-e-prende-suspeitos\/#article\",\"isPartOf\":{\"@id\":\"https:\/\/www.pm.pb.gov.br\/portal\/2025\/12\/08\/policia-militar-frustra-furto-em-estabelecimento-comercial-em-nova-floresta-e-prende-suspeitos\/\"},\"author\":{\"name\":\"Assessoria de Imprensa da PMPB\",\"@id\":\"https:\/\/www.pm.pb.gov.br\/portal\/#\/schema\/person\/e8454f46651c3ecf0e1ba3c1666d9947\"},\"headline\":\"Pol\u00edcia Militar frustra furto em estabelecimento comercial em Nova Floresta, e prende suspeitos\",\"datePublished\":\"2025-12-08T18:20:33+00:00\",\"dateModified\":\"2025-12-08T18:20:36+00:00\",\"mainEntityOfPage\":{\"@id\":\"https:\/\/www.pm.pb.gov.br\/portal\/2025\/12\/08\/policia-militar-frustra-furto-em-estabelecimento-comercial-em-nova-floresta-e-prende-suspeitos\/\"},\"wordCount\":190,\"publisher\":{\"@id\":\"https:\/\/www.pm.pb.gov.br\/portal\/#organization\"},\"articleSection\":[\"A\u00e7\u00f5es Policiais\"],\"inLanguage\":\"pt-BR\"},{\"@type\":\"WebPage\",\"@id\":\"https:\/\/www.pm.pb.gov.br\/portal\/2025\/12\/08\/policia-militar-frustra-furto-em-estabelecimento-comercial-em-nova-floresta-e-prende-suspeitos\/\",\"url\":\"https:\/\/www.pm.pb.gov.br\/portal\/2025\/12\/08\/policia-militar-frustra-furto-em-estabelecimento-comercial-em-nova-floresta-e-prende-suspeitos\/\",\"name\":\"Pol\u00edcia Militar frustra furto em estabelecimento comercial em Nova Floresta, e prende suspeitos - Pol\u00edcia Militar da Para\u00edba\",\"isPartOf\":{\"@id\":\"https:\/\/www.pm.pb.gov.br\/portal\/#website\"},\"datePublished\":\"2025-12-08T18:20:33+00:00\",\"dateModified\":\"2025-12-08T18:20:36+00:00\",\"breadcrumb\":{\"@id\":\"https:\/\/www.pm.pb.gov.br\/portal\/2025\/12\/08\/policia-militar-frustra-furto-em-estabelecimento-comercial-em-nova-floresta-e-prende-suspeitos\/#breadcrumb\"},\"inLanguage\":\"pt-BR\",\"potentialAction\":[{\"@type\":\"ReadAction\",\"target\":[\"https:\/\/www.pm.pb.gov.br\/portal\/2025\/12\/08\/policia-militar-frustra-furto-em-estabelecimento-comercial-em-nova-floresta-e-prende-suspeitos\/\"]}]},{\"@type\":\"BreadcrumbList\",\"@id\":\"https:\/\/www.pm.pb.gov.br\/portal\/2025\/12\/08\/policia-militar-frustra-furto-em-estabelecimento-comercial-em-nova-floresta-e-prende-suspeitos\/#breadcrumb\",\"itemListElement\":[{\"@type\":\"ListItem\",\"position\":1,\"name\":\"In\u00edcio\",\"item\":\"https:\/\/www.pm.pb.gov.br\/portal\/\"},{\"@type\":\"ListItem\",\"position\":2,\"name\":\"Pol\u00edcia Militar frustra furto em estabelecimento comercial em Nova Floresta, e prende suspeitos\"}]},{\"@type\":\"WebSite\",\"@id\":\"https:\/\/www.pm.pb.gov.br\/portal\/#website\",\"url\":\"https:\/\/www.pm.pb.gov.br\/portal\/\",\"name\":\"Pol\u00edcia Militar da Para\u00edba\",\"description\":\"\",\"publisher\":{\"@id\":\"https:\/\/www.pm.pb.gov.br\/portal\/#organization\"},\"potentialAction\":[{\"@type\":\"SearchAction\",\"target\":{\"@type\":\"EntryPoint\",\"urlTemplate\":\"https:\/\/www.pm.pb.gov.br\/portal\/?s={search_term_string}\"},\"query-input\":\"required name=search_term_string\"}],\"inLanguage\":\"pt-BR\"},{\"@type\":\"Organization\",\"@id\":\"https:\/\/www.pm.pb.gov.br\/portal\/#organization\",\"name\":\"Pol\u00edcia Militar da Para\u00edba\",\"url\":\"https:\/\/www.pm.pb.gov.br\/portal\/\",\"logo\":{\"@type\":\"ImageObject\",\"inLanguage\":\"pt-BR\",\"@id\":\"https:\/\/www.pm.pb.gov.br\/portal\/#\/schema\/logo\/image\/\",\"url\":\"https:\/\/www.pm.pb.gov.br\/portal\/wp-content\/uploads\/2025\/03\/cropped-logo-site-mag2-1.png\",\"contentUrl\":\"https:\/\/www.pm.pb.gov.br\/portal\/wp-content\/uploads\/2025\/03\/cropped-logo-site-mag2-1.png\",\"width\":320,\"height\":90,\"caption\":\"Pol\u00edcia Militar da Para\u00edba\"},\"image\":{\"@id\":\"https:\/\/www.pm.pb.gov.br\/portal\/#\/schema\/logo\/image\/\"}},{\"@type\":\"Person\",\"@id\":\"https:\/\/www.pm.pb.gov.br\/portal\/#\/schema\/person\/e8454f46651c3ecf0e1ba3c1666d9947\",\"name\":\"Assessoria de Imprensa da PMPB\",\"image\":{\"@type\":\"ImageObject\",\"inLanguage\":\"pt-BR\",\"@id\":\"https:\/\/www.pm.pb.gov.br\/portal\/#\/schema\/person\/image\/\",\"url\":\"https:\/\/secure.gravatar.com\/avatar\/2efe197438265d1e90bd98c4c8e1acf8?s=96&d=mm&r=g\",\"contentUrl\":\"https:\/\/secure.gravatar.com\/avatar\/2efe197438265d1e90bd98c4c8e1acf8?s=96&d=mm&r=g\",\"caption\":\"Assessoria de Imprensa da PMPB\"},\"url\":\"https:\/\/www.pm.pb.gov.br\/portal\/author\/assessoria\/\"}]}<\/script>\n<!-- \/ Yoast SEO plugin. -->","yoast_head_json":{"title":"Pol\u00edcia Militar frustra furto em estabelecimento comercial em Nova Floresta, e prende suspeitos - Pol\u00edcia Militar da Para\u00edba","robots":{"index":"index","follow":"follow","max-snippet":"max-snippet:-1","max-image-preview":"max-image-preview:large","max-video-preview":"max-video-preview:-1"},"canonical":"https:\/\/www.pm.pb.gov.br\/portal\/2025\/12\/08\/policia-militar-frustra-furto-em-estabelecimento-comercial-em-nova-floresta-e-prende-suspeitos\/","og_locale":"pt_BR","og_type":"article","og_title":"Pol\u00edcia Militar frustra furto em estabelecimento comercial em Nova Floresta, e prende suspeitos - Pol\u00edcia Militar da Para\u00edba","og_description":"A Pol\u00edcia Militar prendeu dois homens suspeitos de violar e furtar um estabelecimento comercial na cidade de Nova Floresta-PB, na","og_url":"https:\/\/www.pm.pb.gov.br\/portal\/2025\/12\/08\/policia-militar-frustra-furto-em-estabelecimento-comercial-em-nova-floresta-e-prende-suspeitos\/","og_site_name":"Pol\u00edcia Militar da Para\u00edba","article_published_time":"2025-12-08T18:20:33+00:00","article_modified_time":"2025-12-08T18:20:36+00:00","og_image":[{"width":960,"height":534,"url":"http:\/\/www.pm.pb.gov.br\/portal\/wp-content\/uploads\/2025\/12\/WhatsApp-Image-2025-12-08-at-14.24.54.png","type":"image\/png"}],"author":"Assessoria de Imprensa da PMPB","twitter_card":"summary_large_image","twitter_misc":{"Escrito por":"Assessoria de Imprensa da PMPB","Est. tempo de leitura":"2 minutos"},"schema":{"@context":"https:\/\/schema.org","@graph":[{"@type":"Article","@id":"https:\/\/www.pm.pb.gov.br\/portal\/2025\/12\/08\/policia-militar-frustra-furto-em-estabelecimento-comercial-em-nova-floresta-e-prende-suspeitos\/#article","isPartOf":{"@id":"https:\/\/www.pm.pb.gov.br\/portal\/2025\/12\/08\/policia-militar-frustra-furto-em-estabelecimento-comercial-em-nova-floresta-e-prende-suspeitos\/"},"author":{"name":"Assessoria de Imprensa da PMPB","@id":"https:\/\/www.pm.pb.gov.br\/portal\/#\/schema\/person\/e8454f46651c3ecf0e1ba3c1666d9947"},"headline":"Pol\u00edcia Militar frustra furto em estabelecimento comercial em Nova Floresta, e prende suspeitos","datePublished":"2025-12-08T18:20:33+00:00","dateModified":"2025-12-08T18:20:36+00:00","mainEntityOfPage":{"@id":"https:\/\/www.pm.pb.gov.br\/portal\/2025\/12\/08\/policia-militar-frustra-furto-em-estabelecimento-comercial-em-nova-floresta-e-prende-suspeitos\/"},"wordCount":190,"publisher":{"@id":"https:\/\/www.pm.pb.gov.br\/portal\/#organization"},"articleSection":["A\u00e7\u00f5es Policiais"],"inLanguage":"pt-BR"},{"@type":"WebPage","@id":"https:\/\/www.pm.pb.gov.br\/portal\/2025\/12\/08\/policia-militar-frustra-furto-em-estabelecimento-comercial-em-nova-floresta-e-prende-suspeitos\/","url":"https:\/\/www.pm.pb.gov.br\/portal\/2025\/12\/08\/policia-militar-frustra-furto-em-estabelecimento-comercial-em-nova-floresta-e-prende-suspeitos\/","name":"Pol\u00edcia Militar frustra furto em estabelecimento comercial em Nova Floresta, e prende suspeitos - Pol\u00edcia Militar da Para\u00edba","isPartOf":{"@id":"https:\/\/www.pm.pb.gov.br\/portal\/#website"},"datePublished":"2025-12-08T18:20:33+00:00","dateModified":"2025-12-08T18:20:36+00:00","breadcrumb":{"@id":"https:\/\/www.pm.pb.gov.br\/portal\/2025\/12\/08\/policia-militar-frustra-furto-em-estabelecimento-comercial-em-nova-floresta-e-prende-suspeitos\/#breadcrumb"},"inLanguage":"pt-BR","potentialAction":[{"@type":"ReadAction","target":["https:\/\/www.pm.pb.gov.br\/portal\/2025\/12\/08\/policia-militar-frustra-furto-em-estabelecimento-comercial-em-nova-floresta-e-prende-suspeitos\/"]}]},{"@type":"BreadcrumbList","@id":"https:\/\/www.pm.pb.gov.br\/portal\/2025\/12\/08\/policia-militar-frustra-furto-em-estabelecimento-comercial-em-nova-floresta-e-prende-suspeitos\/#breadcrumb","itemListElement":[{"@type":"ListItem","position":1,"name":"In\u00edcio","item":"https:\/\/www.pm.pb.gov.br\/portal\/"},{"@type":"ListItem","position":2,"name":"Pol\u00edcia Militar frustra furto em estabelecimento comercial em Nova Floresta, e prende suspeitos"}]},{"@type":"WebSite","@id":"https:\/\/www.pm.pb.gov.br\/portal\/#website","url":"https:\/\/www.pm.pb.gov.br\/portal\/","name":"Pol\u00edcia Militar da Para\u00edba","description":"","publisher":{"@id":"https:\/\/www.pm.pb.gov.br\/portal\/#organization"},"potentialAction":[{"@type":"SearchAction","target":{"@type":"EntryPoint","urlTemplate":"https:\/\/www.pm.pb.gov.br\/portal\/?s={search_term_string}"},"query-input":"required name=search_term_string"}],"inLanguage":"pt-BR"},{"@type":"Organization","@id":"https:\/\/www.pm.pb.gov.br\/portal\/#organization","name":"Pol\u00edcia Militar da Para\u00edba","url":"https:\/\/www.pm.pb.gov.br\/portal\/","logo":{"@type":"ImageObject","inLanguage":"pt-BR","@id":"https:\/\/www.pm.pb.gov.br\/portal\/#\/schema\/logo\/image\/","url":"https:\/\/www.pm.pb.gov.br\/portal\/wp-content\/uploads\/2025\/03\/cropped-logo-site-mag2-1.png","contentUrl":"https:\/\/www.pm.pb.gov.br\/portal\/wp-content\/uploads\/2025\/03\/cropped-logo-site-mag2-1.png","width":320,"height":90,"caption":"Pol\u00edcia Militar da Para\u00edba"},"image":{"@id":"https:\/\/www.pm.pb.gov.br\/portal\/#\/schema\/logo\/image\/"}},{"@type":"Person","@id":"https:\/\/www.pm.pb.gov.br\/portal\/#\/schema\/person\/e8454f46651c3ecf0e1ba3c1666d9947","name":"Assessoria de Imprensa da PMPB","image":{"@type":"ImageObject","inLanguage":"pt-BR","@id":"https:\/\/www.pm.pb.gov.br\/portal\/#\/schema\/person\/image\/","url":"https:\/\/secure.gravatar.com\/avatar\/2efe197438265d1e90bd98c4c8e1acf8?s=96&d=mm&r=g","contentUrl":"https:\/\/secure.gravatar.com\/avatar\/2efe197438265d1e90bd98c4c8e1acf8?s=96&d=mm&r=g","caption":"Assessoria de Imprensa da PMPB"},"url":"https:\/\/www.pm.pb.gov.br\/portal\/author\/assessoria\/"}]}},"_links":{"self":[{"href":"https:\/\/www.pm.pb.gov.br\/portal\/wp-json\/wp\/v2\/posts\/929274"}],"collection":[{"href":"https:\/\/www.pm.pb.gov.br\/portal\/wp-json\/wp\/v2\/posts"}],"about":[{"href":"https:\/\/www.pm.pb.gov.br\/portal\/wp-json\/wp\/v2\/types\/post"}],"author":[{"embeddable":true,"href":"https:\/\/www.pm.pb.gov.br\/portal\/wp-json\/wp\/v2\/users\/5"}],"replies":[{"embeddable":true,"href":"https:\/\/www.pm.pb.gov.br\/portal\/wp-json\/wp\/v2\/comments?post=929274"}],"version-history":[{"count":1,"href":"https:\/\/www.pm.pb.gov.br\/portal\/wp-json\/wp\/v2\/posts\/929274\/revisions"}],"predecessor-version":[{"id":929276,"href":"https:\/\/www.pm.pb.gov.br\/portal\/wp-json\/wp\/v2\/posts\/929274\/revisions\/929276"}],"wp:featuredmedia":[{"embeddable":true,"href":"https:\/\/www.pm.pb.gov.br\/portal\/wp-json\/wp\/v2\/media\/929275"}],"wp:attachment":[{"href":"https:\/\/www.pm.pb.gov.br\/portal\/wp-json\/wp\/v2\/media?parent=929274"}],"wp:term":[{"taxonomy":"category","embeddable":true,"href":"https:\/\/www.pm.pb.gov.br\/portal\/wp-json\/wp\/v2\/categories?post=929274"},{"taxonomy":"post_tag","embeddable":true,"href":"https:\/\/www.pm.pb.gov.br\/portal\/wp-json\/wp\/v2\/tags?post=929274"}],"curies":[{"name":"wp","href":"https:\/\/api.w.org\/{rel}","templated":true}]}}