{"id":929245,"date":"2025-12-06T09:41:28","date_gmt":"2025-12-06T12:41:28","guid":{"rendered":"https:\/\/www.pm.pb.gov.br\/portal\/?p=929245"},"modified":"2025-12-06T09:41:30","modified_gmt":"2025-12-06T12:41:30","slug":"policia-militar-detem-um-trio-por-trafico-de-drogas-em-joao-pessoa","status":"publish","type":"post","link":"https:\/\/www.pm.pb.gov.br\/portal\/2025\/12\/06\/policia-militar-detem-um-trio-por-trafico-de-drogas-em-joao-pessoa\/","title":{"rendered":"Pol\u00edcia Militar det\u00e9m um trio por tr\u00e1fico de drogas em Jo\u00e3o Pessoa"},"content":{"rendered":"\n<p>\u200bNa tarde dessa sexta-feira (05), em uma opera\u00e7\u00e3o conjunta realizada pela For\u00e7a T\u00e1tica do 1\u00ba BPM e equipes do 5\u00ba BPM resultou na pris\u00e3o e apreens\u00e3o de tr\u00eas suspeitos por tr\u00e1fico de drogas na Capital. Com o trio foram apreendidos uma arma de fogo e drogas prontas para o com\u00e9rcio.<\/p>\n\n\n\n<p>\u200bAp\u00f3s receberem den\u00fancia de que indiv\u00edduos estariam traficando drogas e portando armas de fogo em um Condom\u00ednio no bairro Jardim Veneza, policiais da For\u00e7a T\u00e1tica do 5\u2070 BPM e do 1\u00ba BPM foram at\u00e9 o local. Durante o policiamento, a equipe do 1\u2070 BPM se deparou com tr\u00eas indiv\u00edduos, sendo um deles com uma sacola e outro com um volume na cintura. Os tr\u00eas tentaram fugir, mas foram alcan\u00e7ados em seguida. Com eles foram apreendidos 01 rev\u00f3lver, calibre .38, com 06 muni\u00e7\u00f5es intactas, 15 por\u00e7\u00f5es de maconha, R$ 177,00 reais, em esp\u00e9cie, 01 balan\u00e7a e um aparelho celular.<\/p>\n\n\n\n<p>Os suspeitos, dois homens e um adolescente, e todo o material foram conduzidos \u00e0 Central de Flagrantes, para as provid\u00eancias cab\u00edveis.<\/p>\n","protected":false},"excerpt":{"rendered":"<p>\u200bNa tarde dessa sexta-feira (05), em uma opera\u00e7\u00e3o conjunta realizada pela For\u00e7a T\u00e1tica do 1\u00ba BPM e equipes do 5\u00ba<\/p>\n","protected":false},"author":5,"featured_media":929246,"comment_status":"closed","ping_status":"closed","sticky":false,"template":"","format":"standard","meta":{"_exactmetrics_skip_tracking":false,"_exactmetrics_sitenote_active":false,"_exactmetrics_sitenote_note":"","_exactmetrics_sitenote_category":0,"footnotes":""},"categories":[4],"tags":[],"yoast_head":"<!-- This site is optimized with the Yoast SEO plugin v22.0 - https:\/\/yoast.com\/wordpress\/plugins\/seo\/ -->\n<title>Pol\u00edcia Militar det\u00e9m um trio por tr\u00e1fico de drogas em Jo\u00e3o Pessoa - Pol\u00edcia Militar da Para\u00edba<\/title>\n<meta name=\"robots\" content=\"index, follow, max-snippet:-1, max-image-preview:large, max-video-preview:-1\" \/>\n<link rel=\"canonical\" href=\"https:\/\/www.pm.pb.gov.br\/portal\/2025\/12\/06\/policia-militar-detem-um-trio-por-trafico-de-drogas-em-joao-pessoa\/\" \/>\n<meta property=\"og:locale\" content=\"pt_BR\" \/>\n<meta property=\"og:type\" content=\"article\" \/>\n<meta property=\"og:title\" content=\"Pol\u00edcia Militar det\u00e9m um trio por tr\u00e1fico de drogas em Jo\u00e3o Pessoa - Pol\u00edcia Militar da Para\u00edba\" \/>\n<meta property=\"og:description\" content=\"\u200bNa tarde dessa sexta-feira (05), em uma opera\u00e7\u00e3o conjunta realizada pela For\u00e7a T\u00e1tica do 1\u00ba BPM e equipes do 5\u00ba\" \/>\n<meta property=\"og:url\" content=\"https:\/\/www.pm.pb.gov.br\/portal\/2025\/12\/06\/policia-militar-detem-um-trio-por-trafico-de-drogas-em-joao-pessoa\/\" \/>\n<meta property=\"og:site_name\" content=\"Pol\u00edcia Militar da Para\u00edba\" \/>\n<meta property=\"article:published_time\" content=\"2025-12-06T12:41:28+00:00\" \/>\n<meta property=\"article:modified_time\" content=\"2025-12-06T12:41:30+00:00\" \/>\n<meta property=\"og:image\" content=\"http:\/\/www.pm.pb.gov.br\/portal\/wp-content\/uploads\/2025\/12\/material-1-1024x570.png\" \/>\n\t<meta property=\"og:image:width\" content=\"1024\" \/>\n\t<meta property=\"og:image:height\" content=\"570\" \/>\n\t<meta property=\"og:image:type\" content=\"image\/png\" \/>\n<meta name=\"author\" content=\"Assessoria de Imprensa da PMPB\" \/>\n<meta name=\"twitter:card\" content=\"summary_large_image\" \/>\n<meta name=\"twitter:label1\" content=\"Escrito por\" \/>\n\t<meta name=\"twitter:data1\" content=\"Assessoria de Imprensa da PMPB\" \/>\n\t<meta name=\"twitter:label2\" content=\"Est. tempo de leitura\" \/>\n\t<meta name=\"twitter:data2\" content=\"2 minutos\" \/>\n<script type=\"application\/ld+json\" class=\"yoast-schema-graph\">{\"@context\":\"https:\/\/schema.org\",\"@graph\":[{\"@type\":\"Article\",\"@id\":\"https:\/\/www.pm.pb.gov.br\/portal\/2025\/12\/06\/policia-militar-detem-um-trio-por-trafico-de-drogas-em-joao-pessoa\/#article\",\"isPartOf\":{\"@id\":\"https:\/\/www.pm.pb.gov.br\/portal\/2025\/12\/06\/policia-militar-detem-um-trio-por-trafico-de-drogas-em-joao-pessoa\/\"},\"author\":{\"name\":\"Assessoria de Imprensa da PMPB\",\"@id\":\"https:\/\/www.pm.pb.gov.br\/portal\/#\/schema\/person\/e8454f46651c3ecf0e1ba3c1666d9947\"},\"headline\":\"Pol\u00edcia Militar det\u00e9m um trio por tr\u00e1fico de drogas em Jo\u00e3o Pessoa\",\"datePublished\":\"2025-12-06T12:41:28+00:00\",\"dateModified\":\"2025-12-06T12:41:30+00:00\",\"mainEntityOfPage\":{\"@id\":\"https:\/\/www.pm.pb.gov.br\/portal\/2025\/12\/06\/policia-militar-detem-um-trio-por-trafico-de-drogas-em-joao-pessoa\/\"},\"wordCount\":197,\"publisher\":{\"@id\":\"https:\/\/www.pm.pb.gov.br\/portal\/#organization\"},\"articleSection\":[\"A\u00e7\u00f5es Policiais\"],\"inLanguage\":\"pt-BR\"},{\"@type\":\"WebPage\",\"@id\":\"https:\/\/www.pm.pb.gov.br\/portal\/2025\/12\/06\/policia-militar-detem-um-trio-por-trafico-de-drogas-em-joao-pessoa\/\",\"url\":\"https:\/\/www.pm.pb.gov.br\/portal\/2025\/12\/06\/policia-militar-detem-um-trio-por-trafico-de-drogas-em-joao-pessoa\/\",\"name\":\"Pol\u00edcia Militar det\u00e9m um trio por tr\u00e1fico de drogas em Jo\u00e3o Pessoa - Pol\u00edcia Militar da Para\u00edba\",\"isPartOf\":{\"@id\":\"https:\/\/www.pm.pb.gov.br\/portal\/#website\"},\"datePublished\":\"2025-12-06T12:41:28+00:00\",\"dateModified\":\"2025-12-06T12:41:30+00:00\",\"breadcrumb\":{\"@id\":\"https:\/\/www.pm.pb.gov.br\/portal\/2025\/12\/06\/policia-militar-detem-um-trio-por-trafico-de-drogas-em-joao-pessoa\/#breadcrumb\"},\"inLanguage\":\"pt-BR\",\"potentialAction\":[{\"@type\":\"ReadAction\",\"target\":[\"https:\/\/www.pm.pb.gov.br\/portal\/2025\/12\/06\/policia-militar-detem-um-trio-por-trafico-de-drogas-em-joao-pessoa\/\"]}]},{\"@type\":\"BreadcrumbList\",\"@id\":\"https:\/\/www.pm.pb.gov.br\/portal\/2025\/12\/06\/policia-militar-detem-um-trio-por-trafico-de-drogas-em-joao-pessoa\/#breadcrumb\",\"itemListElement\":[{\"@type\":\"ListItem\",\"position\":1,\"name\":\"In\u00edcio\",\"item\":\"https:\/\/www.pm.pb.gov.br\/portal\/\"},{\"@type\":\"ListItem\",\"position\":2,\"name\":\"Pol\u00edcia Militar det\u00e9m um trio por tr\u00e1fico de drogas em Jo\u00e3o Pessoa\"}]},{\"@type\":\"WebSite\",\"@id\":\"https:\/\/www.pm.pb.gov.br\/portal\/#website\",\"url\":\"https:\/\/www.pm.pb.gov.br\/portal\/\",\"name\":\"Pol\u00edcia Militar da Para\u00edba\",\"description\":\"\",\"publisher\":{\"@id\":\"https:\/\/www.pm.pb.gov.br\/portal\/#organization\"},\"potentialAction\":[{\"@type\":\"SearchAction\",\"target\":{\"@type\":\"EntryPoint\",\"urlTemplate\":\"https:\/\/www.pm.pb.gov.br\/portal\/?s={search_term_string}\"},\"query-input\":\"required name=search_term_string\"}],\"inLanguage\":\"pt-BR\"},{\"@type\":\"Organization\",\"@id\":\"https:\/\/www.pm.pb.gov.br\/portal\/#organization\",\"name\":\"Pol\u00edcia Militar da Para\u00edba\",\"url\":\"https:\/\/www.pm.pb.gov.br\/portal\/\",\"logo\":{\"@type\":\"ImageObject\",\"inLanguage\":\"pt-BR\",\"@id\":\"https:\/\/www.pm.pb.gov.br\/portal\/#\/schema\/logo\/image\/\",\"url\":\"https:\/\/www.pm.pb.gov.br\/portal\/wp-content\/uploads\/2025\/03\/cropped-logo-site-mag2-1.png\",\"contentUrl\":\"https:\/\/www.pm.pb.gov.br\/portal\/wp-content\/uploads\/2025\/03\/cropped-logo-site-mag2-1.png\",\"width\":320,\"height\":90,\"caption\":\"Pol\u00edcia Militar da Para\u00edba\"},\"image\":{\"@id\":\"https:\/\/www.pm.pb.gov.br\/portal\/#\/schema\/logo\/image\/\"}},{\"@type\":\"Person\",\"@id\":\"https:\/\/www.pm.pb.gov.br\/portal\/#\/schema\/person\/e8454f46651c3ecf0e1ba3c1666d9947\",\"name\":\"Assessoria de Imprensa da PMPB\",\"image\":{\"@type\":\"ImageObject\",\"inLanguage\":\"pt-BR\",\"@id\":\"https:\/\/www.pm.pb.gov.br\/portal\/#\/schema\/person\/image\/\",\"url\":\"https:\/\/secure.gravatar.com\/avatar\/2efe197438265d1e90bd98c4c8e1acf8?s=96&d=mm&r=g\",\"contentUrl\":\"https:\/\/secure.gravatar.com\/avatar\/2efe197438265d1e90bd98c4c8e1acf8?s=96&d=mm&r=g\",\"caption\":\"Assessoria de Imprensa da PMPB\"},\"url\":\"https:\/\/www.pm.pb.gov.br\/portal\/author\/assessoria\/\"}]}<\/script>\n<!-- \/ Yoast SEO plugin. -->","yoast_head_json":{"title":"Pol\u00edcia Militar det\u00e9m um trio por tr\u00e1fico de drogas em Jo\u00e3o Pessoa - Pol\u00edcia Militar da Para\u00edba","robots":{"index":"index","follow":"follow","max-snippet":"max-snippet:-1","max-image-preview":"max-image-preview:large","max-video-preview":"max-video-preview:-1"},"canonical":"https:\/\/www.pm.pb.gov.br\/portal\/2025\/12\/06\/policia-militar-detem-um-trio-por-trafico-de-drogas-em-joao-pessoa\/","og_locale":"pt_BR","og_type":"article","og_title":"Pol\u00edcia Militar det\u00e9m um trio por tr\u00e1fico de drogas em Jo\u00e3o Pessoa - Pol\u00edcia Militar da Para\u00edba","og_description":"\u200bNa tarde dessa sexta-feira (05), em uma opera\u00e7\u00e3o conjunta realizada pela For\u00e7a T\u00e1tica do 1\u00ba BPM e equipes do 5\u00ba","og_url":"https:\/\/www.pm.pb.gov.br\/portal\/2025\/12\/06\/policia-militar-detem-um-trio-por-trafico-de-drogas-em-joao-pessoa\/","og_site_name":"Pol\u00edcia Militar da Para\u00edba","article_published_time":"2025-12-06T12:41:28+00:00","article_modified_time":"2025-12-06T12:41:30+00:00","og_image":[{"width":1024,"height":570,"url":"http:\/\/www.pm.pb.gov.br\/portal\/wp-content\/uploads\/2025\/12\/material-1-1024x570.png","type":"image\/png"}],"author":"Assessoria de Imprensa da PMPB","twitter_card":"summary_large_image","twitter_misc":{"Escrito por":"Assessoria de Imprensa da PMPB","Est. tempo de leitura":"2 minutos"},"schema":{"@context":"https:\/\/schema.org","@graph":[{"@type":"Article","@id":"https:\/\/www.pm.pb.gov.br\/portal\/2025\/12\/06\/policia-militar-detem-um-trio-por-trafico-de-drogas-em-joao-pessoa\/#article","isPartOf":{"@id":"https:\/\/www.pm.pb.gov.br\/portal\/2025\/12\/06\/policia-militar-detem-um-trio-por-trafico-de-drogas-em-joao-pessoa\/"},"author":{"name":"Assessoria de Imprensa da PMPB","@id":"https:\/\/www.pm.pb.gov.br\/portal\/#\/schema\/person\/e8454f46651c3ecf0e1ba3c1666d9947"},"headline":"Pol\u00edcia Militar det\u00e9m um trio por tr\u00e1fico de drogas em Jo\u00e3o Pessoa","datePublished":"2025-12-06T12:41:28+00:00","dateModified":"2025-12-06T12:41:30+00:00","mainEntityOfPage":{"@id":"https:\/\/www.pm.pb.gov.br\/portal\/2025\/12\/06\/policia-militar-detem-um-trio-por-trafico-de-drogas-em-joao-pessoa\/"},"wordCount":197,"publisher":{"@id":"https:\/\/www.pm.pb.gov.br\/portal\/#organization"},"articleSection":["A\u00e7\u00f5es Policiais"],"inLanguage":"pt-BR"},{"@type":"WebPage","@id":"https:\/\/www.pm.pb.gov.br\/portal\/2025\/12\/06\/policia-militar-detem-um-trio-por-trafico-de-drogas-em-joao-pessoa\/","url":"https:\/\/www.pm.pb.gov.br\/portal\/2025\/12\/06\/policia-militar-detem-um-trio-por-trafico-de-drogas-em-joao-pessoa\/","name":"Pol\u00edcia Militar det\u00e9m um trio por tr\u00e1fico de drogas em Jo\u00e3o Pessoa - Pol\u00edcia Militar da Para\u00edba","isPartOf":{"@id":"https:\/\/www.pm.pb.gov.br\/portal\/#website"},"datePublished":"2025-12-06T12:41:28+00:00","dateModified":"2025-12-06T12:41:30+00:00","breadcrumb":{"@id":"https:\/\/www.pm.pb.gov.br\/portal\/2025\/12\/06\/policia-militar-detem-um-trio-por-trafico-de-drogas-em-joao-pessoa\/#breadcrumb"},"inLanguage":"pt-BR","potentialAction":[{"@type":"ReadAction","target":["https:\/\/www.pm.pb.gov.br\/portal\/2025\/12\/06\/policia-militar-detem-um-trio-por-trafico-de-drogas-em-joao-pessoa\/"]}]},{"@type":"BreadcrumbList","@id":"https:\/\/www.pm.pb.gov.br\/portal\/2025\/12\/06\/policia-militar-detem-um-trio-por-trafico-de-drogas-em-joao-pessoa\/#breadcrumb","itemListElement":[{"@type":"ListItem","position":1,"name":"In\u00edcio","item":"https:\/\/www.pm.pb.gov.br\/portal\/"},{"@type":"ListItem","position":2,"name":"Pol\u00edcia Militar det\u00e9m um trio por tr\u00e1fico de drogas em Jo\u00e3o Pessoa"}]},{"@type":"WebSite","@id":"https:\/\/www.pm.pb.gov.br\/portal\/#website","url":"https:\/\/www.pm.pb.gov.br\/portal\/","name":"Pol\u00edcia Militar da Para\u00edba","description":"","publisher":{"@id":"https:\/\/www.pm.pb.gov.br\/portal\/#organization"},"potentialAction":[{"@type":"SearchAction","target":{"@type":"EntryPoint","urlTemplate":"https:\/\/www.pm.pb.gov.br\/portal\/?s={search_term_string}"},"query-input":"required name=search_term_string"}],"inLanguage":"pt-BR"},{"@type":"Organization","@id":"https:\/\/www.pm.pb.gov.br\/portal\/#organization","name":"Pol\u00edcia Militar da Para\u00edba","url":"https:\/\/www.pm.pb.gov.br\/portal\/","logo":{"@type":"ImageObject","inLanguage":"pt-BR","@id":"https:\/\/www.pm.pb.gov.br\/portal\/#\/schema\/logo\/image\/","url":"https:\/\/www.pm.pb.gov.br\/portal\/wp-content\/uploads\/2025\/03\/cropped-logo-site-mag2-1.png","contentUrl":"https:\/\/www.pm.pb.gov.br\/portal\/wp-content\/uploads\/2025\/03\/cropped-logo-site-mag2-1.png","width":320,"height":90,"caption":"Pol\u00edcia Militar da Para\u00edba"},"image":{"@id":"https:\/\/www.pm.pb.gov.br\/portal\/#\/schema\/logo\/image\/"}},{"@type":"Person","@id":"https:\/\/www.pm.pb.gov.br\/portal\/#\/schema\/person\/e8454f46651c3ecf0e1ba3c1666d9947","name":"Assessoria de Imprensa da PMPB","image":{"@type":"ImageObject","inLanguage":"pt-BR","@id":"https:\/\/www.pm.pb.gov.br\/portal\/#\/schema\/person\/image\/","url":"https:\/\/secure.gravatar.com\/avatar\/2efe197438265d1e90bd98c4c8e1acf8?s=96&d=mm&r=g","contentUrl":"https:\/\/secure.gravatar.com\/avatar\/2efe197438265d1e90bd98c4c8e1acf8?s=96&d=mm&r=g","caption":"Assessoria de Imprensa da PMPB"},"url":"https:\/\/www.pm.pb.gov.br\/portal\/author\/assessoria\/"}]}},"_links":{"self":[{"href":"https:\/\/www.pm.pb.gov.br\/portal\/wp-json\/wp\/v2\/posts\/929245"}],"collection":[{"href":"https:\/\/www.pm.pb.gov.br\/portal\/wp-json\/wp\/v2\/posts"}],"about":[{"href":"https:\/\/www.pm.pb.gov.br\/portal\/wp-json\/wp\/v2\/types\/post"}],"author":[{"embeddable":true,"href":"https:\/\/www.pm.pb.gov.br\/portal\/wp-json\/wp\/v2\/users\/5"}],"replies":[{"embeddable":true,"href":"https:\/\/www.pm.pb.gov.br\/portal\/wp-json\/wp\/v2\/comments?post=929245"}],"version-history":[{"count":1,"href":"https:\/\/www.pm.pb.gov.br\/portal\/wp-json\/wp\/v2\/posts\/929245\/revisions"}],"predecessor-version":[{"id":929247,"href":"https:\/\/www.pm.pb.gov.br\/portal\/wp-json\/wp\/v2\/posts\/929245\/revisions\/929247"}],"wp:featuredmedia":[{"embeddable":true,"href":"https:\/\/www.pm.pb.gov.br\/portal\/wp-json\/wp\/v2\/media\/929246"}],"wp:attachment":[{"href":"https:\/\/www.pm.pb.gov.br\/portal\/wp-json\/wp\/v2\/media?parent=929245"}],"wp:term":[{"taxonomy":"category","embeddable":true,"href":"https:\/\/www.pm.pb.gov.br\/portal\/wp-json\/wp\/v2\/categories?post=929245"},{"taxonomy":"post_tag","embeddable":true,"href":"https:\/\/www.pm.pb.gov.br\/portal\/wp-json\/wp\/v2\/tags?post=929245"}],"curies":[{"name":"wp","href":"https:\/\/api.w.org\/{rel}","templated":true}]}}