{"id":929239,"date":"2025-12-06T08:08:41","date_gmt":"2025-12-06T11:08:41","guid":{"rendered":"https:\/\/www.pm.pb.gov.br\/portal\/?p=929239"},"modified":"2025-12-06T09:34:26","modified_gmt":"2025-12-06T12:34:26","slug":"policia-militar-frustra-assalto-e-apreende-armas-de-fogo-na-capital","status":"publish","type":"post","link":"https:\/\/www.pm.pb.gov.br\/portal\/2025\/12\/06\/policia-militar-frustra-assalto-e-apreende-armas-de-fogo-na-capital\/","title":{"rendered":"Pol\u00edcia Militar frustra assalto e apreende armas de fogo na Capital"},"content":{"rendered":"\n<p>Em uma a\u00e7\u00e3o r\u00e1pida dos policiais do BEPTur, com apoio de policiais do 5\u00ba BPM, evitou um assalto na tarde desta sexta-feira (05) a uma imobili\u00e1ria na avenida Beira Rio, em Jo\u00e3o Pessoa. Na a\u00e7\u00e3o, tr\u00eas homens foram presos e quatro armas de fogo foram apreendidas.<\/p>\n\n\n<div class=\"wp-block-image\">\n<figure class=\"alignleft size-large is-resized\"><img loading=\"lazy\" decoding=\"async\" width=\"345\" height=\"570\" src=\"https:\/\/www.pm.pb.gov.br\/portal\/wp-content\/uploads\/2025\/12\/armas-utilizadas-no-assalto-345x570.jpg\" alt=\"\" class=\"wp-image-929240\" style=\"width:340px;height:auto\" srcset=\"https:\/\/www.pm.pb.gov.br\/portal\/wp-content\/uploads\/2025\/12\/armas-utilizadas-no-assalto-345x570.jpg 345w, https:\/\/www.pm.pb.gov.br\/portal\/wp-content\/uploads\/2025\/12\/armas-utilizadas-no-assalto-270x445.jpg 270w, https:\/\/www.pm.pb.gov.br\/portal\/wp-content\/uploads\/2025\/12\/armas-utilizadas-no-assalto.jpg 720w\" sizes=\"(max-width: 345px) 100vw, 345px\" \/><\/figure><\/div>\n\n\n<p>No final da tarde, dois homens foram presos ap\u00f3s uma tentativa de assalto a uma imobili\u00e1ria. As equipes policiais foram informadas que tr\u00eas homens estariam cometendo v\u00e1rios assaltos na regi\u00e3o. Rapidamente, as equipes partiram em dilig\u00eancias e interceptaram o trio em um carro roubado, no bairro Altiplano. Ap\u00f3s um intenso cerco realizado em uma regi\u00e3o de mata, dois homens foram presos e com eles dois rev\u00f3lveres, quatro celulares e uma por\u00e7\u00e3o de maconha foram apreendidos.<\/p>\n\n\n\n<p>J\u00e1 durante a noite, com informa\u00e7\u00f5es sobre o paradeiro do terceiro suspeito envolvido, as equipes do BEPTur e da For\u00e7a T\u00e1tica do 5\u00ba BPM foram ao bairro da Ind\u00fastrias. As equipes, ao chegarem no local, depararam-se com o suspeito fugindo e arremessando armas pela janela do apartamento do condom\u00ednio, onde residia. No local, foram apreendidos 01 fuzil, MK18, 01 espingarda, calibre 12, 28 muni\u00e7\u00f5es tra\u00e7antes, 134 muni\u00e7\u00f5es de fuzil, 17 muni\u00e7\u00f5es, de calibre 12, e 02 muni\u00e7\u00f5es deflagradas.<\/p>\n\n\n\n<p>Os tr\u00eas suspeitos presos e todo o material apreendido foram conduzidos a Cidade de Pol\u00edcia Civil, para os demais procedimentos.<\/p>\n","protected":false},"excerpt":{"rendered":"<p>Em uma a\u00e7\u00e3o r\u00e1pida dos policiais do BEPTur, com apoio de policiais do 5\u00ba BPM, evitou um assalto na tarde<\/p>\n","protected":false},"author":5,"featured_media":929241,"comment_status":"closed","ping_status":"closed","sticky":false,"template":"","format":"standard","meta":{"_exactmetrics_skip_tracking":false,"_exactmetrics_sitenote_active":false,"_exactmetrics_sitenote_note":"","_exactmetrics_sitenote_category":0,"footnotes":""},"categories":[4],"tags":[],"yoast_head":"<!-- This site is optimized with the Yoast SEO plugin v22.0 - https:\/\/yoast.com\/wordpress\/plugins\/seo\/ -->\n<title>Pol\u00edcia Militar frustra assalto e apreende armas de fogo na Capital - Pol\u00edcia Militar da Para\u00edba<\/title>\n<meta name=\"robots\" content=\"index, follow, max-snippet:-1, max-image-preview:large, max-video-preview:-1\" \/>\n<link rel=\"canonical\" href=\"https:\/\/www.pm.pb.gov.br\/portal\/2025\/12\/06\/policia-militar-frustra-assalto-e-apreende-armas-de-fogo-na-capital\/\" \/>\n<meta property=\"og:locale\" content=\"pt_BR\" \/>\n<meta property=\"og:type\" content=\"article\" \/>\n<meta property=\"og:title\" content=\"Pol\u00edcia Militar frustra assalto e apreende armas de fogo na Capital - Pol\u00edcia Militar da Para\u00edba\" \/>\n<meta property=\"og:description\" content=\"Em uma a\u00e7\u00e3o r\u00e1pida dos policiais do BEPTur, com apoio de policiais do 5\u00ba BPM, evitou um assalto na tarde\" \/>\n<meta property=\"og:url\" content=\"https:\/\/www.pm.pb.gov.br\/portal\/2025\/12\/06\/policia-militar-frustra-assalto-e-apreende-armas-de-fogo-na-capital\/\" \/>\n<meta property=\"og:site_name\" content=\"Pol\u00edcia Militar da Para\u00edba\" \/>\n<meta property=\"article:published_time\" content=\"2025-12-06T11:08:41+00:00\" \/>\n<meta property=\"article:modified_time\" content=\"2025-12-06T12:34:26+00:00\" \/>\n<meta property=\"og:image\" content=\"http:\/\/www.pm.pb.gov.br\/portal\/wp-content\/uploads\/2025\/12\/armas.png\" \/>\n\t<meta property=\"og:image:width\" content=\"1483\" \/>\n\t<meta property=\"og:image:height\" content=\"825\" \/>\n\t<meta property=\"og:image:type\" content=\"image\/png\" \/>\n<meta name=\"author\" content=\"Assessoria de Imprensa da PMPB\" \/>\n<meta name=\"twitter:card\" content=\"summary_large_image\" \/>\n<meta name=\"twitter:label1\" content=\"Escrito por\" \/>\n\t<meta name=\"twitter:data1\" content=\"Assessoria de Imprensa da PMPB\" \/>\n\t<meta name=\"twitter:label2\" content=\"Est. tempo de leitura\" \/>\n\t<meta name=\"twitter:data2\" content=\"2 minutos\" \/>\n<script type=\"application\/ld+json\" class=\"yoast-schema-graph\">{\"@context\":\"https:\/\/schema.org\",\"@graph\":[{\"@type\":\"Article\",\"@id\":\"https:\/\/www.pm.pb.gov.br\/portal\/2025\/12\/06\/policia-militar-frustra-assalto-e-apreende-armas-de-fogo-na-capital\/#article\",\"isPartOf\":{\"@id\":\"https:\/\/www.pm.pb.gov.br\/portal\/2025\/12\/06\/policia-militar-frustra-assalto-e-apreende-armas-de-fogo-na-capital\/\"},\"author\":{\"name\":\"Assessoria de Imprensa da PMPB\",\"@id\":\"https:\/\/www.pm.pb.gov.br\/portal\/#\/schema\/person\/e8454f46651c3ecf0e1ba3c1666d9947\"},\"headline\":\"Pol\u00edcia Militar frustra assalto e apreende armas de fogo na Capital\",\"datePublished\":\"2025-12-06T11:08:41+00:00\",\"dateModified\":\"2025-12-06T12:34:26+00:00\",\"mainEntityOfPage\":{\"@id\":\"https:\/\/www.pm.pb.gov.br\/portal\/2025\/12\/06\/policia-militar-frustra-assalto-e-apreende-armas-de-fogo-na-capital\/\"},\"wordCount\":248,\"publisher\":{\"@id\":\"https:\/\/www.pm.pb.gov.br\/portal\/#organization\"},\"articleSection\":[\"A\u00e7\u00f5es Policiais\"],\"inLanguage\":\"pt-BR\"},{\"@type\":\"WebPage\",\"@id\":\"https:\/\/www.pm.pb.gov.br\/portal\/2025\/12\/06\/policia-militar-frustra-assalto-e-apreende-armas-de-fogo-na-capital\/\",\"url\":\"https:\/\/www.pm.pb.gov.br\/portal\/2025\/12\/06\/policia-militar-frustra-assalto-e-apreende-armas-de-fogo-na-capital\/\",\"name\":\"Pol\u00edcia Militar frustra assalto e apreende armas de fogo na Capital - Pol\u00edcia Militar da Para\u00edba\",\"isPartOf\":{\"@id\":\"https:\/\/www.pm.pb.gov.br\/portal\/#website\"},\"datePublished\":\"2025-12-06T11:08:41+00:00\",\"dateModified\":\"2025-12-06T12:34:26+00:00\",\"breadcrumb\":{\"@id\":\"https:\/\/www.pm.pb.gov.br\/portal\/2025\/12\/06\/policia-militar-frustra-assalto-e-apreende-armas-de-fogo-na-capital\/#breadcrumb\"},\"inLanguage\":\"pt-BR\",\"potentialAction\":[{\"@type\":\"ReadAction\",\"target\":[\"https:\/\/www.pm.pb.gov.br\/portal\/2025\/12\/06\/policia-militar-frustra-assalto-e-apreende-armas-de-fogo-na-capital\/\"]}]},{\"@type\":\"BreadcrumbList\",\"@id\":\"https:\/\/www.pm.pb.gov.br\/portal\/2025\/12\/06\/policia-militar-frustra-assalto-e-apreende-armas-de-fogo-na-capital\/#breadcrumb\",\"itemListElement\":[{\"@type\":\"ListItem\",\"position\":1,\"name\":\"In\u00edcio\",\"item\":\"https:\/\/www.pm.pb.gov.br\/portal\/\"},{\"@type\":\"ListItem\",\"position\":2,\"name\":\"Pol\u00edcia Militar frustra assalto e apreende armas de fogo na Capital\"}]},{\"@type\":\"WebSite\",\"@id\":\"https:\/\/www.pm.pb.gov.br\/portal\/#website\",\"url\":\"https:\/\/www.pm.pb.gov.br\/portal\/\",\"name\":\"Pol\u00edcia Militar da Para\u00edba\",\"description\":\"\",\"publisher\":{\"@id\":\"https:\/\/www.pm.pb.gov.br\/portal\/#organization\"},\"potentialAction\":[{\"@type\":\"SearchAction\",\"target\":{\"@type\":\"EntryPoint\",\"urlTemplate\":\"https:\/\/www.pm.pb.gov.br\/portal\/?s={search_term_string}\"},\"query-input\":\"required name=search_term_string\"}],\"inLanguage\":\"pt-BR\"},{\"@type\":\"Organization\",\"@id\":\"https:\/\/www.pm.pb.gov.br\/portal\/#organization\",\"name\":\"Pol\u00edcia Militar da Para\u00edba\",\"url\":\"https:\/\/www.pm.pb.gov.br\/portal\/\",\"logo\":{\"@type\":\"ImageObject\",\"inLanguage\":\"pt-BR\",\"@id\":\"https:\/\/www.pm.pb.gov.br\/portal\/#\/schema\/logo\/image\/\",\"url\":\"https:\/\/www.pm.pb.gov.br\/portal\/wp-content\/uploads\/2025\/03\/cropped-logo-site-mag2-1.png\",\"contentUrl\":\"https:\/\/www.pm.pb.gov.br\/portal\/wp-content\/uploads\/2025\/03\/cropped-logo-site-mag2-1.png\",\"width\":320,\"height\":90,\"caption\":\"Pol\u00edcia Militar da Para\u00edba\"},\"image\":{\"@id\":\"https:\/\/www.pm.pb.gov.br\/portal\/#\/schema\/logo\/image\/\"}},{\"@type\":\"Person\",\"@id\":\"https:\/\/www.pm.pb.gov.br\/portal\/#\/schema\/person\/e8454f46651c3ecf0e1ba3c1666d9947\",\"name\":\"Assessoria de Imprensa da PMPB\",\"image\":{\"@type\":\"ImageObject\",\"inLanguage\":\"pt-BR\",\"@id\":\"https:\/\/www.pm.pb.gov.br\/portal\/#\/schema\/person\/image\/\",\"url\":\"https:\/\/secure.gravatar.com\/avatar\/2efe197438265d1e90bd98c4c8e1acf8?s=96&d=mm&r=g\",\"contentUrl\":\"https:\/\/secure.gravatar.com\/avatar\/2efe197438265d1e90bd98c4c8e1acf8?s=96&d=mm&r=g\",\"caption\":\"Assessoria de Imprensa da PMPB\"},\"url\":\"https:\/\/www.pm.pb.gov.br\/portal\/author\/assessoria\/\"}]}<\/script>\n<!-- \/ Yoast SEO plugin. -->","yoast_head_json":{"title":"Pol\u00edcia Militar frustra assalto e apreende armas de fogo na Capital - Pol\u00edcia Militar da Para\u00edba","robots":{"index":"index","follow":"follow","max-snippet":"max-snippet:-1","max-image-preview":"max-image-preview:large","max-video-preview":"max-video-preview:-1"},"canonical":"https:\/\/www.pm.pb.gov.br\/portal\/2025\/12\/06\/policia-militar-frustra-assalto-e-apreende-armas-de-fogo-na-capital\/","og_locale":"pt_BR","og_type":"article","og_title":"Pol\u00edcia Militar frustra assalto e apreende armas de fogo na Capital - Pol\u00edcia Militar da Para\u00edba","og_description":"Em uma a\u00e7\u00e3o r\u00e1pida dos policiais do BEPTur, com apoio de policiais do 5\u00ba BPM, evitou um assalto na tarde","og_url":"https:\/\/www.pm.pb.gov.br\/portal\/2025\/12\/06\/policia-militar-frustra-assalto-e-apreende-armas-de-fogo-na-capital\/","og_site_name":"Pol\u00edcia Militar da Para\u00edba","article_published_time":"2025-12-06T11:08:41+00:00","article_modified_time":"2025-12-06T12:34:26+00:00","og_image":[{"width":1483,"height":825,"url":"http:\/\/www.pm.pb.gov.br\/portal\/wp-content\/uploads\/2025\/12\/armas.png","type":"image\/png"}],"author":"Assessoria de Imprensa da PMPB","twitter_card":"summary_large_image","twitter_misc":{"Escrito por":"Assessoria de Imprensa da PMPB","Est. tempo de leitura":"2 minutos"},"schema":{"@context":"https:\/\/schema.org","@graph":[{"@type":"Article","@id":"https:\/\/www.pm.pb.gov.br\/portal\/2025\/12\/06\/policia-militar-frustra-assalto-e-apreende-armas-de-fogo-na-capital\/#article","isPartOf":{"@id":"https:\/\/www.pm.pb.gov.br\/portal\/2025\/12\/06\/policia-militar-frustra-assalto-e-apreende-armas-de-fogo-na-capital\/"},"author":{"name":"Assessoria de Imprensa da PMPB","@id":"https:\/\/www.pm.pb.gov.br\/portal\/#\/schema\/person\/e8454f46651c3ecf0e1ba3c1666d9947"},"headline":"Pol\u00edcia Militar frustra assalto e apreende armas de fogo na Capital","datePublished":"2025-12-06T11:08:41+00:00","dateModified":"2025-12-06T12:34:26+00:00","mainEntityOfPage":{"@id":"https:\/\/www.pm.pb.gov.br\/portal\/2025\/12\/06\/policia-militar-frustra-assalto-e-apreende-armas-de-fogo-na-capital\/"},"wordCount":248,"publisher":{"@id":"https:\/\/www.pm.pb.gov.br\/portal\/#organization"},"articleSection":["A\u00e7\u00f5es Policiais"],"inLanguage":"pt-BR"},{"@type":"WebPage","@id":"https:\/\/www.pm.pb.gov.br\/portal\/2025\/12\/06\/policia-militar-frustra-assalto-e-apreende-armas-de-fogo-na-capital\/","url":"https:\/\/www.pm.pb.gov.br\/portal\/2025\/12\/06\/policia-militar-frustra-assalto-e-apreende-armas-de-fogo-na-capital\/","name":"Pol\u00edcia Militar frustra assalto e apreende armas de fogo na Capital - Pol\u00edcia Militar da Para\u00edba","isPartOf":{"@id":"https:\/\/www.pm.pb.gov.br\/portal\/#website"},"datePublished":"2025-12-06T11:08:41+00:00","dateModified":"2025-12-06T12:34:26+00:00","breadcrumb":{"@id":"https:\/\/www.pm.pb.gov.br\/portal\/2025\/12\/06\/policia-militar-frustra-assalto-e-apreende-armas-de-fogo-na-capital\/#breadcrumb"},"inLanguage":"pt-BR","potentialAction":[{"@type":"ReadAction","target":["https:\/\/www.pm.pb.gov.br\/portal\/2025\/12\/06\/policia-militar-frustra-assalto-e-apreende-armas-de-fogo-na-capital\/"]}]},{"@type":"BreadcrumbList","@id":"https:\/\/www.pm.pb.gov.br\/portal\/2025\/12\/06\/policia-militar-frustra-assalto-e-apreende-armas-de-fogo-na-capital\/#breadcrumb","itemListElement":[{"@type":"ListItem","position":1,"name":"In\u00edcio","item":"https:\/\/www.pm.pb.gov.br\/portal\/"},{"@type":"ListItem","position":2,"name":"Pol\u00edcia Militar frustra assalto e apreende armas de fogo na Capital"}]},{"@type":"WebSite","@id":"https:\/\/www.pm.pb.gov.br\/portal\/#website","url":"https:\/\/www.pm.pb.gov.br\/portal\/","name":"Pol\u00edcia Militar da Para\u00edba","description":"","publisher":{"@id":"https:\/\/www.pm.pb.gov.br\/portal\/#organization"},"potentialAction":[{"@type":"SearchAction","target":{"@type":"EntryPoint","urlTemplate":"https:\/\/www.pm.pb.gov.br\/portal\/?s={search_term_string}"},"query-input":"required name=search_term_string"}],"inLanguage":"pt-BR"},{"@type":"Organization","@id":"https:\/\/www.pm.pb.gov.br\/portal\/#organization","name":"Pol\u00edcia Militar da Para\u00edba","url":"https:\/\/www.pm.pb.gov.br\/portal\/","logo":{"@type":"ImageObject","inLanguage":"pt-BR","@id":"https:\/\/www.pm.pb.gov.br\/portal\/#\/schema\/logo\/image\/","url":"https:\/\/www.pm.pb.gov.br\/portal\/wp-content\/uploads\/2025\/03\/cropped-logo-site-mag2-1.png","contentUrl":"https:\/\/www.pm.pb.gov.br\/portal\/wp-content\/uploads\/2025\/03\/cropped-logo-site-mag2-1.png","width":320,"height":90,"caption":"Pol\u00edcia Militar da Para\u00edba"},"image":{"@id":"https:\/\/www.pm.pb.gov.br\/portal\/#\/schema\/logo\/image\/"}},{"@type":"Person","@id":"https:\/\/www.pm.pb.gov.br\/portal\/#\/schema\/person\/e8454f46651c3ecf0e1ba3c1666d9947","name":"Assessoria de Imprensa da PMPB","image":{"@type":"ImageObject","inLanguage":"pt-BR","@id":"https:\/\/www.pm.pb.gov.br\/portal\/#\/schema\/person\/image\/","url":"https:\/\/secure.gravatar.com\/avatar\/2efe197438265d1e90bd98c4c8e1acf8?s=96&d=mm&r=g","contentUrl":"https:\/\/secure.gravatar.com\/avatar\/2efe197438265d1e90bd98c4c8e1acf8?s=96&d=mm&r=g","caption":"Assessoria de Imprensa da PMPB"},"url":"https:\/\/www.pm.pb.gov.br\/portal\/author\/assessoria\/"}]}},"_links":{"self":[{"href":"https:\/\/www.pm.pb.gov.br\/portal\/wp-json\/wp\/v2\/posts\/929239"}],"collection":[{"href":"https:\/\/www.pm.pb.gov.br\/portal\/wp-json\/wp\/v2\/posts"}],"about":[{"href":"https:\/\/www.pm.pb.gov.br\/portal\/wp-json\/wp\/v2\/types\/post"}],"author":[{"embeddable":true,"href":"https:\/\/www.pm.pb.gov.br\/portal\/wp-json\/wp\/v2\/users\/5"}],"replies":[{"embeddable":true,"href":"https:\/\/www.pm.pb.gov.br\/portal\/wp-json\/wp\/v2\/comments?post=929239"}],"version-history":[{"count":2,"href":"https:\/\/www.pm.pb.gov.br\/portal\/wp-json\/wp\/v2\/posts\/929239\/revisions"}],"predecessor-version":[{"id":929244,"href":"https:\/\/www.pm.pb.gov.br\/portal\/wp-json\/wp\/v2\/posts\/929239\/revisions\/929244"}],"wp:featuredmedia":[{"embeddable":true,"href":"https:\/\/www.pm.pb.gov.br\/portal\/wp-json\/wp\/v2\/media\/929241"}],"wp:attachment":[{"href":"https:\/\/www.pm.pb.gov.br\/portal\/wp-json\/wp\/v2\/media?parent=929239"}],"wp:term":[{"taxonomy":"category","embeddable":true,"href":"https:\/\/www.pm.pb.gov.br\/portal\/wp-json\/wp\/v2\/categories?post=929239"},{"taxonomy":"post_tag","embeddable":true,"href":"https:\/\/www.pm.pb.gov.br\/portal\/wp-json\/wp\/v2\/tags?post=929239"}],"curies":[{"name":"wp","href":"https:\/\/api.w.org\/{rel}","templated":true}]}}