{"id":929217,"date":"2025-12-04T16:09:46","date_gmt":"2025-12-04T19:09:46","guid":{"rendered":"https:\/\/www.pm.pb.gov.br\/portal\/?p=929217"},"modified":"2025-12-04T16:09:48","modified_gmt":"2025-12-04T19:09:48","slug":"acao-rapida-pm-detem-dois-suspeitos-apos-roubo-em-campina-grande","status":"publish","type":"post","link":"https:\/\/www.pm.pb.gov.br\/portal\/2025\/12\/04\/acao-rapida-pm-detem-dois-suspeitos-apos-roubo-em-campina-grande\/","title":{"rendered":"A\u00c7\u00c3O R\u00c1PIDA: PM det\u00eam dois suspeitos ap\u00f3s roubo em Campina Grande"},"content":{"rendered":"\n<p>Na tarde desta quinta-feira (04), policiais do 10\u00ba BPM detiveram dois suspeitos, um adolescente e um homem, ap\u00f3s cometerem um roubo a um estabelecimento comercial, em Campina Grande-PB. Com a dupla, foram recuperados v\u00e1rios materiais e objetos roubados das v\u00edtimas.\u00a0<\/p>\n<p>As equipes foram informadas que estava havendo roubo a um estabelecimento comercial localizado no bairro do Catol\u00e9. Rapidamente, as equipes foram ao local e interceptaram os suspeitos, que reagiram \u00e0 aproxima\u00e7\u00e3o policial e efetuaram disparos contra as equipes, havendo resposta imediata. A pronta atua\u00e7\u00e3o resultou na apreens\u00e3o e pris\u00e3o em flagrante dos dois envolvidos no crime. Com eles, foi apreendida uma arma de fogo com muni\u00e7\u00f5es deflagradas, utilizadas nos disparos contra as equipes. Tamb\u00e9m foi recuperada uma grande quantidade de material roubado, incluindo diversos aparelhos eletr\u00f4nicos, celulares, equipamentos de som, pertences pessoais das v\u00edtimas e dinheiro, em esp\u00e9cie.<\/p>\n<p>A dupla e todo o material recuperado foram conduzidos \u00e0 Central de Pol\u00edcia Civil de Campina Grande, para os demais procedimentos.<\/p>\n","protected":false},"excerpt":{"rendered":"<p>Na tarde desta quinta-feira (04), policiais do 10\u00ba BPM detiveram dois suspeitos, um adolescente e um homem, ap\u00f3s cometerem um<\/p>\n","protected":false},"author":5,"featured_media":929218,"comment_status":"closed","ping_status":"closed","sticky":false,"template":"","format":"standard","meta":{"_exactmetrics_skip_tracking":false,"_exactmetrics_sitenote_active":false,"_exactmetrics_sitenote_note":"","_exactmetrics_sitenote_category":0,"footnotes":""},"categories":[4],"tags":[],"yoast_head":"<!-- This site is optimized with the Yoast SEO plugin v22.0 - https:\/\/yoast.com\/wordpress\/plugins\/seo\/ -->\n<title>A\u00c7\u00c3O R\u00c1PIDA: PM det\u00eam dois suspeitos ap\u00f3s roubo em Campina Grande - Pol\u00edcia Militar da Para\u00edba<\/title>\n<meta name=\"robots\" content=\"index, follow, max-snippet:-1, max-image-preview:large, max-video-preview:-1\" \/>\n<link rel=\"canonical\" href=\"https:\/\/www.pm.pb.gov.br\/portal\/2025\/12\/04\/acao-rapida-pm-detem-dois-suspeitos-apos-roubo-em-campina-grande\/\" \/>\n<meta property=\"og:locale\" content=\"pt_BR\" \/>\n<meta property=\"og:type\" content=\"article\" \/>\n<meta property=\"og:title\" content=\"A\u00c7\u00c3O R\u00c1PIDA: PM det\u00eam dois suspeitos ap\u00f3s roubo em Campina Grande - Pol\u00edcia Militar da Para\u00edba\" \/>\n<meta property=\"og:description\" content=\"Na tarde desta quinta-feira (04), policiais do 10\u00ba BPM detiveram dois suspeitos, um adolescente e um homem, ap\u00f3s cometerem um\" \/>\n<meta property=\"og:url\" content=\"https:\/\/www.pm.pb.gov.br\/portal\/2025\/12\/04\/acao-rapida-pm-detem-dois-suspeitos-apos-roubo-em-campina-grande\/\" \/>\n<meta property=\"og:site_name\" content=\"Pol\u00edcia Militar da Para\u00edba\" \/>\n<meta property=\"article:published_time\" content=\"2025-12-04T19:09:46+00:00\" \/>\n<meta property=\"article:modified_time\" content=\"2025-12-04T19:09:48+00:00\" \/>\n<meta property=\"og:image\" content=\"http:\/\/www.pm.pb.gov.br\/portal\/wp-content\/uploads\/2025\/12\/material2.jpg\" \/>\n\t<meta property=\"og:image:width\" content=\"1600\" \/>\n\t<meta property=\"og:image:height\" content=\"890\" \/>\n\t<meta property=\"og:image:type\" content=\"image\/jpeg\" \/>\n<meta name=\"author\" content=\"Assessoria de Imprensa da PMPB\" \/>\n<meta name=\"twitter:card\" content=\"summary_large_image\" \/>\n<meta name=\"twitter:label1\" content=\"Escrito por\" \/>\n\t<meta name=\"twitter:data1\" content=\"Assessoria de Imprensa da PMPB\" \/>\n\t<meta name=\"twitter:label2\" content=\"Est. tempo de leitura\" \/>\n\t<meta name=\"twitter:data2\" content=\"2 minutos\" \/>\n<script type=\"application\/ld+json\" class=\"yoast-schema-graph\">{\"@context\":\"https:\/\/schema.org\",\"@graph\":[{\"@type\":\"Article\",\"@id\":\"https:\/\/www.pm.pb.gov.br\/portal\/2025\/12\/04\/acao-rapida-pm-detem-dois-suspeitos-apos-roubo-em-campina-grande\/#article\",\"isPartOf\":{\"@id\":\"https:\/\/www.pm.pb.gov.br\/portal\/2025\/12\/04\/acao-rapida-pm-detem-dois-suspeitos-apos-roubo-em-campina-grande\/\"},\"author\":{\"name\":\"Assessoria de Imprensa da PMPB\",\"@id\":\"https:\/\/www.pm.pb.gov.br\/portal\/#\/schema\/person\/e8454f46651c3ecf0e1ba3c1666d9947\"},\"headline\":\"A\u00c7\u00c3O R\u00c1PIDA: PM det\u00eam dois suspeitos ap\u00f3s roubo em Campina Grande\",\"datePublished\":\"2025-12-04T19:09:46+00:00\",\"dateModified\":\"2025-12-04T19:09:48+00:00\",\"mainEntityOfPage\":{\"@id\":\"https:\/\/www.pm.pb.gov.br\/portal\/2025\/12\/04\/acao-rapida-pm-detem-dois-suspeitos-apos-roubo-em-campina-grande\/\"},\"wordCount\":183,\"publisher\":{\"@id\":\"https:\/\/www.pm.pb.gov.br\/portal\/#organization\"},\"articleSection\":[\"A\u00e7\u00f5es Policiais\"],\"inLanguage\":\"pt-BR\"},{\"@type\":\"WebPage\",\"@id\":\"https:\/\/www.pm.pb.gov.br\/portal\/2025\/12\/04\/acao-rapida-pm-detem-dois-suspeitos-apos-roubo-em-campina-grande\/\",\"url\":\"https:\/\/www.pm.pb.gov.br\/portal\/2025\/12\/04\/acao-rapida-pm-detem-dois-suspeitos-apos-roubo-em-campina-grande\/\",\"name\":\"A\u00c7\u00c3O R\u00c1PIDA: PM det\u00eam dois suspeitos ap\u00f3s roubo em Campina Grande - Pol\u00edcia Militar da Para\u00edba\",\"isPartOf\":{\"@id\":\"https:\/\/www.pm.pb.gov.br\/portal\/#website\"},\"datePublished\":\"2025-12-04T19:09:46+00:00\",\"dateModified\":\"2025-12-04T19:09:48+00:00\",\"breadcrumb\":{\"@id\":\"https:\/\/www.pm.pb.gov.br\/portal\/2025\/12\/04\/acao-rapida-pm-detem-dois-suspeitos-apos-roubo-em-campina-grande\/#breadcrumb\"},\"inLanguage\":\"pt-BR\",\"potentialAction\":[{\"@type\":\"ReadAction\",\"target\":[\"https:\/\/www.pm.pb.gov.br\/portal\/2025\/12\/04\/acao-rapida-pm-detem-dois-suspeitos-apos-roubo-em-campina-grande\/\"]}]},{\"@type\":\"BreadcrumbList\",\"@id\":\"https:\/\/www.pm.pb.gov.br\/portal\/2025\/12\/04\/acao-rapida-pm-detem-dois-suspeitos-apos-roubo-em-campina-grande\/#breadcrumb\",\"itemListElement\":[{\"@type\":\"ListItem\",\"position\":1,\"name\":\"In\u00edcio\",\"item\":\"https:\/\/www.pm.pb.gov.br\/portal\/\"},{\"@type\":\"ListItem\",\"position\":2,\"name\":\"A\u00c7\u00c3O R\u00c1PIDA: PM det\u00eam dois suspeitos ap\u00f3s roubo em Campina Grande\"}]},{\"@type\":\"WebSite\",\"@id\":\"https:\/\/www.pm.pb.gov.br\/portal\/#website\",\"url\":\"https:\/\/www.pm.pb.gov.br\/portal\/\",\"name\":\"Pol\u00edcia Militar da Para\u00edba\",\"description\":\"\",\"publisher\":{\"@id\":\"https:\/\/www.pm.pb.gov.br\/portal\/#organization\"},\"potentialAction\":[{\"@type\":\"SearchAction\",\"target\":{\"@type\":\"EntryPoint\",\"urlTemplate\":\"https:\/\/www.pm.pb.gov.br\/portal\/?s={search_term_string}\"},\"query-input\":\"required name=search_term_string\"}],\"inLanguage\":\"pt-BR\"},{\"@type\":\"Organization\",\"@id\":\"https:\/\/www.pm.pb.gov.br\/portal\/#organization\",\"name\":\"Pol\u00edcia Militar da Para\u00edba\",\"url\":\"https:\/\/www.pm.pb.gov.br\/portal\/\",\"logo\":{\"@type\":\"ImageObject\",\"inLanguage\":\"pt-BR\",\"@id\":\"https:\/\/www.pm.pb.gov.br\/portal\/#\/schema\/logo\/image\/\",\"url\":\"https:\/\/www.pm.pb.gov.br\/portal\/wp-content\/uploads\/2025\/03\/cropped-logo-site-mag2-1.png\",\"contentUrl\":\"https:\/\/www.pm.pb.gov.br\/portal\/wp-content\/uploads\/2025\/03\/cropped-logo-site-mag2-1.png\",\"width\":320,\"height\":90,\"caption\":\"Pol\u00edcia Militar da Para\u00edba\"},\"image\":{\"@id\":\"https:\/\/www.pm.pb.gov.br\/portal\/#\/schema\/logo\/image\/\"}},{\"@type\":\"Person\",\"@id\":\"https:\/\/www.pm.pb.gov.br\/portal\/#\/schema\/person\/e8454f46651c3ecf0e1ba3c1666d9947\",\"name\":\"Assessoria de Imprensa da PMPB\",\"image\":{\"@type\":\"ImageObject\",\"inLanguage\":\"pt-BR\",\"@id\":\"https:\/\/www.pm.pb.gov.br\/portal\/#\/schema\/person\/image\/\",\"url\":\"https:\/\/secure.gravatar.com\/avatar\/2efe197438265d1e90bd98c4c8e1acf8?s=96&d=mm&r=g\",\"contentUrl\":\"https:\/\/secure.gravatar.com\/avatar\/2efe197438265d1e90bd98c4c8e1acf8?s=96&d=mm&r=g\",\"caption\":\"Assessoria de Imprensa da PMPB\"},\"url\":\"https:\/\/www.pm.pb.gov.br\/portal\/author\/assessoria\/\"}]}<\/script>\n<!-- \/ Yoast SEO plugin. -->","yoast_head_json":{"title":"A\u00c7\u00c3O R\u00c1PIDA: PM det\u00eam dois suspeitos ap\u00f3s roubo em Campina Grande - Pol\u00edcia Militar da Para\u00edba","robots":{"index":"index","follow":"follow","max-snippet":"max-snippet:-1","max-image-preview":"max-image-preview:large","max-video-preview":"max-video-preview:-1"},"canonical":"https:\/\/www.pm.pb.gov.br\/portal\/2025\/12\/04\/acao-rapida-pm-detem-dois-suspeitos-apos-roubo-em-campina-grande\/","og_locale":"pt_BR","og_type":"article","og_title":"A\u00c7\u00c3O R\u00c1PIDA: PM det\u00eam dois suspeitos ap\u00f3s roubo em Campina Grande - Pol\u00edcia Militar da Para\u00edba","og_description":"Na tarde desta quinta-feira (04), policiais do 10\u00ba BPM detiveram dois suspeitos, um adolescente e um homem, ap\u00f3s cometerem um","og_url":"https:\/\/www.pm.pb.gov.br\/portal\/2025\/12\/04\/acao-rapida-pm-detem-dois-suspeitos-apos-roubo-em-campina-grande\/","og_site_name":"Pol\u00edcia Militar da Para\u00edba","article_published_time":"2025-12-04T19:09:46+00:00","article_modified_time":"2025-12-04T19:09:48+00:00","og_image":[{"width":1600,"height":890,"url":"http:\/\/www.pm.pb.gov.br\/portal\/wp-content\/uploads\/2025\/12\/material2.jpg","type":"image\/jpeg"}],"author":"Assessoria de Imprensa da PMPB","twitter_card":"summary_large_image","twitter_misc":{"Escrito por":"Assessoria de Imprensa da PMPB","Est. tempo de leitura":"2 minutos"},"schema":{"@context":"https:\/\/schema.org","@graph":[{"@type":"Article","@id":"https:\/\/www.pm.pb.gov.br\/portal\/2025\/12\/04\/acao-rapida-pm-detem-dois-suspeitos-apos-roubo-em-campina-grande\/#article","isPartOf":{"@id":"https:\/\/www.pm.pb.gov.br\/portal\/2025\/12\/04\/acao-rapida-pm-detem-dois-suspeitos-apos-roubo-em-campina-grande\/"},"author":{"name":"Assessoria de Imprensa da PMPB","@id":"https:\/\/www.pm.pb.gov.br\/portal\/#\/schema\/person\/e8454f46651c3ecf0e1ba3c1666d9947"},"headline":"A\u00c7\u00c3O R\u00c1PIDA: PM det\u00eam dois suspeitos ap\u00f3s roubo em Campina Grande","datePublished":"2025-12-04T19:09:46+00:00","dateModified":"2025-12-04T19:09:48+00:00","mainEntityOfPage":{"@id":"https:\/\/www.pm.pb.gov.br\/portal\/2025\/12\/04\/acao-rapida-pm-detem-dois-suspeitos-apos-roubo-em-campina-grande\/"},"wordCount":183,"publisher":{"@id":"https:\/\/www.pm.pb.gov.br\/portal\/#organization"},"articleSection":["A\u00e7\u00f5es Policiais"],"inLanguage":"pt-BR"},{"@type":"WebPage","@id":"https:\/\/www.pm.pb.gov.br\/portal\/2025\/12\/04\/acao-rapida-pm-detem-dois-suspeitos-apos-roubo-em-campina-grande\/","url":"https:\/\/www.pm.pb.gov.br\/portal\/2025\/12\/04\/acao-rapida-pm-detem-dois-suspeitos-apos-roubo-em-campina-grande\/","name":"A\u00c7\u00c3O R\u00c1PIDA: PM det\u00eam dois suspeitos ap\u00f3s roubo em Campina Grande - Pol\u00edcia Militar da Para\u00edba","isPartOf":{"@id":"https:\/\/www.pm.pb.gov.br\/portal\/#website"},"datePublished":"2025-12-04T19:09:46+00:00","dateModified":"2025-12-04T19:09:48+00:00","breadcrumb":{"@id":"https:\/\/www.pm.pb.gov.br\/portal\/2025\/12\/04\/acao-rapida-pm-detem-dois-suspeitos-apos-roubo-em-campina-grande\/#breadcrumb"},"inLanguage":"pt-BR","potentialAction":[{"@type":"ReadAction","target":["https:\/\/www.pm.pb.gov.br\/portal\/2025\/12\/04\/acao-rapida-pm-detem-dois-suspeitos-apos-roubo-em-campina-grande\/"]}]},{"@type":"BreadcrumbList","@id":"https:\/\/www.pm.pb.gov.br\/portal\/2025\/12\/04\/acao-rapida-pm-detem-dois-suspeitos-apos-roubo-em-campina-grande\/#breadcrumb","itemListElement":[{"@type":"ListItem","position":1,"name":"In\u00edcio","item":"https:\/\/www.pm.pb.gov.br\/portal\/"},{"@type":"ListItem","position":2,"name":"A\u00c7\u00c3O R\u00c1PIDA: PM det\u00eam dois suspeitos ap\u00f3s roubo em Campina Grande"}]},{"@type":"WebSite","@id":"https:\/\/www.pm.pb.gov.br\/portal\/#website","url":"https:\/\/www.pm.pb.gov.br\/portal\/","name":"Pol\u00edcia Militar da Para\u00edba","description":"","publisher":{"@id":"https:\/\/www.pm.pb.gov.br\/portal\/#organization"},"potentialAction":[{"@type":"SearchAction","target":{"@type":"EntryPoint","urlTemplate":"https:\/\/www.pm.pb.gov.br\/portal\/?s={search_term_string}"},"query-input":"required name=search_term_string"}],"inLanguage":"pt-BR"},{"@type":"Organization","@id":"https:\/\/www.pm.pb.gov.br\/portal\/#organization","name":"Pol\u00edcia Militar da Para\u00edba","url":"https:\/\/www.pm.pb.gov.br\/portal\/","logo":{"@type":"ImageObject","inLanguage":"pt-BR","@id":"https:\/\/www.pm.pb.gov.br\/portal\/#\/schema\/logo\/image\/","url":"https:\/\/www.pm.pb.gov.br\/portal\/wp-content\/uploads\/2025\/03\/cropped-logo-site-mag2-1.png","contentUrl":"https:\/\/www.pm.pb.gov.br\/portal\/wp-content\/uploads\/2025\/03\/cropped-logo-site-mag2-1.png","width":320,"height":90,"caption":"Pol\u00edcia Militar da Para\u00edba"},"image":{"@id":"https:\/\/www.pm.pb.gov.br\/portal\/#\/schema\/logo\/image\/"}},{"@type":"Person","@id":"https:\/\/www.pm.pb.gov.br\/portal\/#\/schema\/person\/e8454f46651c3ecf0e1ba3c1666d9947","name":"Assessoria de Imprensa da PMPB","image":{"@type":"ImageObject","inLanguage":"pt-BR","@id":"https:\/\/www.pm.pb.gov.br\/portal\/#\/schema\/person\/image\/","url":"https:\/\/secure.gravatar.com\/avatar\/2efe197438265d1e90bd98c4c8e1acf8?s=96&d=mm&r=g","contentUrl":"https:\/\/secure.gravatar.com\/avatar\/2efe197438265d1e90bd98c4c8e1acf8?s=96&d=mm&r=g","caption":"Assessoria de Imprensa da PMPB"},"url":"https:\/\/www.pm.pb.gov.br\/portal\/author\/assessoria\/"}]}},"_links":{"self":[{"href":"https:\/\/www.pm.pb.gov.br\/portal\/wp-json\/wp\/v2\/posts\/929217"}],"collection":[{"href":"https:\/\/www.pm.pb.gov.br\/portal\/wp-json\/wp\/v2\/posts"}],"about":[{"href":"https:\/\/www.pm.pb.gov.br\/portal\/wp-json\/wp\/v2\/types\/post"}],"author":[{"embeddable":true,"href":"https:\/\/www.pm.pb.gov.br\/portal\/wp-json\/wp\/v2\/users\/5"}],"replies":[{"embeddable":true,"href":"https:\/\/www.pm.pb.gov.br\/portal\/wp-json\/wp\/v2\/comments?post=929217"}],"version-history":[{"count":1,"href":"https:\/\/www.pm.pb.gov.br\/portal\/wp-json\/wp\/v2\/posts\/929217\/revisions"}],"predecessor-version":[{"id":929219,"href":"https:\/\/www.pm.pb.gov.br\/portal\/wp-json\/wp\/v2\/posts\/929217\/revisions\/929219"}],"wp:featuredmedia":[{"embeddable":true,"href":"https:\/\/www.pm.pb.gov.br\/portal\/wp-json\/wp\/v2\/media\/929218"}],"wp:attachment":[{"href":"https:\/\/www.pm.pb.gov.br\/portal\/wp-json\/wp\/v2\/media?parent=929217"}],"wp:term":[{"taxonomy":"category","embeddable":true,"href":"https:\/\/www.pm.pb.gov.br\/portal\/wp-json\/wp\/v2\/categories?post=929217"},{"taxonomy":"post_tag","embeddable":true,"href":"https:\/\/www.pm.pb.gov.br\/portal\/wp-json\/wp\/v2\/tags?post=929217"}],"curies":[{"name":"wp","href":"https:\/\/api.w.org\/{rel}","templated":true}]}}