{"id":929208,"date":"2025-12-03T04:03:00","date_gmt":"2025-12-03T07:03:00","guid":{"rendered":"https:\/\/www.pm.pb.gov.br\/portal\/?p=929208"},"modified":"2025-12-04T15:05:51","modified_gmt":"2025-12-04T18:05:51","slug":"acusado-com-mais-de-20-passagens-pela-policia-e-preso-com-grupo-que-furtava-celulares-em-festa","status":"publish","type":"post","link":"https:\/\/www.pm.pb.gov.br\/portal\/2025\/12\/03\/acusado-com-mais-de-20-passagens-pela-policia-e-preso-com-grupo-que-furtava-celulares-em-festa\/","title":{"rendered":"Acusado com mais de 20 passagens pela pol\u00edcia \u00e9 preso com grupo que furtava celulares em festa"},"content":{"rendered":"\n<p>A Pol\u00edcia Militar desarticulou um grupo criminoso respons\u00e1vel pelo furto de aparelhos celulares durante as festas de emancipa\u00e7\u00e3o pol\u00edtica da cidade de Aroeiras. A a\u00e7\u00e3o ocorreu na noite da \u00faltima ter\u00e7a-feira (02).<\/p>\n<p>De acordo com o 18\u00ba Batalh\u00e3o, quatro pessoas foram presas em flagrante \u2014 um homem e tr\u00eas mulheres \u2014 acusados de furtarem oito celulares (foto acima). Os criminosos estavam no interior de um ve\u00edculo Celta, onde foram encontrados junto com os aparelhos tomados nos crimes (foto abaixo).<\/p>\n<p>Entre os acusados presos, o homem possu\u00eda cerca de 20 passagens pela pol\u00edcia pelos crimes de roubo e furto.<\/p>\n<p><img loading=\"lazy\" decoding=\"async\" class=\"size-medium wp-image-929210 aligncenter\" src=\"http:\/\/www.pm.pb.gov.br\/portal\/wp-content\/uploads\/2025\/12\/WhatsApp-Image-2025-12-03-at-15.43.30-356x445.jpeg\" alt=\"\" width=\"356\" height=\"445\" srcset=\"https:\/\/www.pm.pb.gov.br\/portal\/wp-content\/uploads\/2025\/12\/WhatsApp-Image-2025-12-03-at-15.43.30-356x445.jpeg 356w, https:\/\/www.pm.pb.gov.br\/portal\/wp-content\/uploads\/2025\/12\/WhatsApp-Image-2025-12-03-at-15.43.30-456x570.jpeg 456w, https:\/\/www.pm.pb.gov.br\/portal\/wp-content\/uploads\/2025\/12\/WhatsApp-Image-2025-12-03-at-15.43.30-768x960.jpeg 768w, https:\/\/www.pm.pb.gov.br\/portal\/wp-content\/uploads\/2025\/12\/WhatsApp-Image-2025-12-03-at-15.43.30.jpeg 1080w\" sizes=\"(max-width: 356px) 100vw, 356px\" \/><\/p>\n<p>A ocorr\u00eancia foi encaminhada para delegacia onde as v\u00edtimas puderam ter seus bens devolvidos. Agora, a atua\u00e7\u00e3o criminosa dos acuados deve ser investigada.<\/p>\n\n\n","protected":false},"excerpt":{"rendered":"<p>A Pol\u00edcia Militar desarticulou um grupo criminoso respons\u00e1vel pelo furto de aparelhos celulares durante as festas de emancipa\u00e7\u00e3o pol\u00edtica da<\/p>\n","protected":false},"author":12,"featured_media":929209,"comment_status":"closed","ping_status":"closed","sticky":false,"template":"","format":"standard","meta":{"_exactmetrics_skip_tracking":false,"_exactmetrics_sitenote_active":false,"_exactmetrics_sitenote_note":"","_exactmetrics_sitenote_category":0,"footnotes":""},"categories":[4],"tags":[],"yoast_head":"<!-- This site is optimized with the Yoast SEO plugin v22.0 - https:\/\/yoast.com\/wordpress\/plugins\/seo\/ -->\n<title>Acusado com mais de 20 passagens pela pol\u00edcia \u00e9 preso com grupo que furtava celulares em festa - Pol\u00edcia Militar da Para\u00edba<\/title>\n<meta name=\"robots\" content=\"index, follow, max-snippet:-1, max-image-preview:large, max-video-preview:-1\" \/>\n<link rel=\"canonical\" href=\"https:\/\/www.pm.pb.gov.br\/portal\/2025\/12\/03\/acusado-com-mais-de-20-passagens-pela-policia-e-preso-com-grupo-que-furtava-celulares-em-festa\/\" \/>\n<meta property=\"og:locale\" content=\"pt_BR\" \/>\n<meta property=\"og:type\" content=\"article\" \/>\n<meta property=\"og:title\" content=\"Acusado com mais de 20 passagens pela pol\u00edcia \u00e9 preso com grupo que furtava celulares em festa - Pol\u00edcia Militar da Para\u00edba\" \/>\n<meta property=\"og:description\" content=\"A Pol\u00edcia Militar desarticulou um grupo criminoso respons\u00e1vel pelo furto de aparelhos celulares durante as festas de emancipa\u00e7\u00e3o pol\u00edtica da\" \/>\n<meta property=\"og:url\" content=\"https:\/\/www.pm.pb.gov.br\/portal\/2025\/12\/03\/acusado-com-mais-de-20-passagens-pela-policia-e-preso-com-grupo-que-furtava-celulares-em-festa\/\" \/>\n<meta property=\"og:site_name\" content=\"Pol\u00edcia Militar da Para\u00edba\" \/>\n<meta property=\"article:published_time\" content=\"2025-12-03T07:03:00+00:00\" \/>\n<meta property=\"article:modified_time\" content=\"2025-12-04T18:05:51+00:00\" \/>\n<meta property=\"og:image\" content=\"http:\/\/www.pm.pb.gov.br\/portal\/wp-content\/uploads\/2025\/12\/WhatsApp-Image-2025-12-03-at-15.46.12.jpeg\" \/>\n\t<meta property=\"og:image:width\" content=\"1600\" \/>\n\t<meta property=\"og:image:height\" content=\"1204\" \/>\n\t<meta property=\"og:image:type\" content=\"image\/jpeg\" \/>\n<meta name=\"author\" content=\"Tarcisio Oliveira\" \/>\n<meta name=\"twitter:card\" content=\"summary_large_image\" \/>\n<meta name=\"twitter:label1\" content=\"Escrito por\" \/>\n\t<meta name=\"twitter:data1\" content=\"Tarcisio Oliveira\" \/>\n\t<meta name=\"twitter:label2\" content=\"Est. tempo de leitura\" \/>\n\t<meta name=\"twitter:data2\" content=\"2 minutos\" \/>\n<script type=\"application\/ld+json\" class=\"yoast-schema-graph\">{\"@context\":\"https:\/\/schema.org\",\"@graph\":[{\"@type\":\"Article\",\"@id\":\"https:\/\/www.pm.pb.gov.br\/portal\/2025\/12\/03\/acusado-com-mais-de-20-passagens-pela-policia-e-preso-com-grupo-que-furtava-celulares-em-festa\/#article\",\"isPartOf\":{\"@id\":\"https:\/\/www.pm.pb.gov.br\/portal\/2025\/12\/03\/acusado-com-mais-de-20-passagens-pela-policia-e-preso-com-grupo-que-furtava-celulares-em-festa\/\"},\"author\":{\"name\":\"Tarcisio Oliveira\",\"@id\":\"https:\/\/www.pm.pb.gov.br\/portal\/#\/schema\/person\/f84f56dcc78ce4357054da888b8247fd\"},\"headline\":\"Acusado com mais de 20 passagens pela pol\u00edcia \u00e9 preso com grupo que furtava celulares em festa\",\"datePublished\":\"2025-12-03T07:03:00+00:00\",\"dateModified\":\"2025-12-04T18:05:51+00:00\",\"mainEntityOfPage\":{\"@id\":\"https:\/\/www.pm.pb.gov.br\/portal\/2025\/12\/03\/acusado-com-mais-de-20-passagens-pela-policia-e-preso-com-grupo-que-furtava-celulares-em-festa\/\"},\"wordCount\":146,\"publisher\":{\"@id\":\"https:\/\/www.pm.pb.gov.br\/portal\/#organization\"},\"articleSection\":[\"A\u00e7\u00f5es Policiais\"],\"inLanguage\":\"pt-BR\"},{\"@type\":\"WebPage\",\"@id\":\"https:\/\/www.pm.pb.gov.br\/portal\/2025\/12\/03\/acusado-com-mais-de-20-passagens-pela-policia-e-preso-com-grupo-que-furtava-celulares-em-festa\/\",\"url\":\"https:\/\/www.pm.pb.gov.br\/portal\/2025\/12\/03\/acusado-com-mais-de-20-passagens-pela-policia-e-preso-com-grupo-que-furtava-celulares-em-festa\/\",\"name\":\"Acusado com mais de 20 passagens pela pol\u00edcia \u00e9 preso com grupo que furtava celulares em festa - Pol\u00edcia Militar da Para\u00edba\",\"isPartOf\":{\"@id\":\"https:\/\/www.pm.pb.gov.br\/portal\/#website\"},\"datePublished\":\"2025-12-03T07:03:00+00:00\",\"dateModified\":\"2025-12-04T18:05:51+00:00\",\"breadcrumb\":{\"@id\":\"https:\/\/www.pm.pb.gov.br\/portal\/2025\/12\/03\/acusado-com-mais-de-20-passagens-pela-policia-e-preso-com-grupo-que-furtava-celulares-em-festa\/#breadcrumb\"},\"inLanguage\":\"pt-BR\",\"potentialAction\":[{\"@type\":\"ReadAction\",\"target\":[\"https:\/\/www.pm.pb.gov.br\/portal\/2025\/12\/03\/acusado-com-mais-de-20-passagens-pela-policia-e-preso-com-grupo-que-furtava-celulares-em-festa\/\"]}]},{\"@type\":\"BreadcrumbList\",\"@id\":\"https:\/\/www.pm.pb.gov.br\/portal\/2025\/12\/03\/acusado-com-mais-de-20-passagens-pela-policia-e-preso-com-grupo-que-furtava-celulares-em-festa\/#breadcrumb\",\"itemListElement\":[{\"@type\":\"ListItem\",\"position\":1,\"name\":\"In\u00edcio\",\"item\":\"https:\/\/www.pm.pb.gov.br\/portal\/\"},{\"@type\":\"ListItem\",\"position\":2,\"name\":\"Acusado com mais de 20 passagens pela pol\u00edcia \u00e9 preso com grupo que furtava celulares em festa\"}]},{\"@type\":\"WebSite\",\"@id\":\"https:\/\/www.pm.pb.gov.br\/portal\/#website\",\"url\":\"https:\/\/www.pm.pb.gov.br\/portal\/\",\"name\":\"Pol\u00edcia Militar da Para\u00edba\",\"description\":\"\",\"publisher\":{\"@id\":\"https:\/\/www.pm.pb.gov.br\/portal\/#organization\"},\"potentialAction\":[{\"@type\":\"SearchAction\",\"target\":{\"@type\":\"EntryPoint\",\"urlTemplate\":\"https:\/\/www.pm.pb.gov.br\/portal\/?s={search_term_string}\"},\"query-input\":\"required name=search_term_string\"}],\"inLanguage\":\"pt-BR\"},{\"@type\":\"Organization\",\"@id\":\"https:\/\/www.pm.pb.gov.br\/portal\/#organization\",\"name\":\"Pol\u00edcia Militar da Para\u00edba\",\"url\":\"https:\/\/www.pm.pb.gov.br\/portal\/\",\"logo\":{\"@type\":\"ImageObject\",\"inLanguage\":\"pt-BR\",\"@id\":\"https:\/\/www.pm.pb.gov.br\/portal\/#\/schema\/logo\/image\/\",\"url\":\"https:\/\/www.pm.pb.gov.br\/portal\/wp-content\/uploads\/2025\/03\/cropped-logo-site-mag2-1.png\",\"contentUrl\":\"https:\/\/www.pm.pb.gov.br\/portal\/wp-content\/uploads\/2025\/03\/cropped-logo-site-mag2-1.png\",\"width\":320,\"height\":90,\"caption\":\"Pol\u00edcia Militar da Para\u00edba\"},\"image\":{\"@id\":\"https:\/\/www.pm.pb.gov.br\/portal\/#\/schema\/logo\/image\/\"}},{\"@type\":\"Person\",\"@id\":\"https:\/\/www.pm.pb.gov.br\/portal\/#\/schema\/person\/f84f56dcc78ce4357054da888b8247fd\",\"name\":\"Tarcisio Oliveira\",\"image\":{\"@type\":\"ImageObject\",\"inLanguage\":\"pt-BR\",\"@id\":\"https:\/\/www.pm.pb.gov.br\/portal\/#\/schema\/person\/image\/\",\"url\":\"https:\/\/secure.gravatar.com\/avatar\/72917b630b69d31cd0297507f34bac97?s=96&d=mm&r=g\",\"contentUrl\":\"https:\/\/secure.gravatar.com\/avatar\/72917b630b69d31cd0297507f34bac97?s=96&d=mm&r=g\",\"caption\":\"Tarcisio Oliveira\"},\"url\":\"https:\/\/www.pm.pb.gov.br\/portal\/author\/tarcisio\/\"}]}<\/script>\n<!-- \/ Yoast SEO plugin. -->","yoast_head_json":{"title":"Acusado com mais de 20 passagens pela pol\u00edcia \u00e9 preso com grupo que furtava celulares em festa - Pol\u00edcia Militar da Para\u00edba","robots":{"index":"index","follow":"follow","max-snippet":"max-snippet:-1","max-image-preview":"max-image-preview:large","max-video-preview":"max-video-preview:-1"},"canonical":"https:\/\/www.pm.pb.gov.br\/portal\/2025\/12\/03\/acusado-com-mais-de-20-passagens-pela-policia-e-preso-com-grupo-que-furtava-celulares-em-festa\/","og_locale":"pt_BR","og_type":"article","og_title":"Acusado com mais de 20 passagens pela pol\u00edcia \u00e9 preso com grupo que furtava celulares em festa - Pol\u00edcia Militar da Para\u00edba","og_description":"A Pol\u00edcia Militar desarticulou um grupo criminoso respons\u00e1vel pelo furto de aparelhos celulares durante as festas de emancipa\u00e7\u00e3o pol\u00edtica da","og_url":"https:\/\/www.pm.pb.gov.br\/portal\/2025\/12\/03\/acusado-com-mais-de-20-passagens-pela-policia-e-preso-com-grupo-que-furtava-celulares-em-festa\/","og_site_name":"Pol\u00edcia Militar da Para\u00edba","article_published_time":"2025-12-03T07:03:00+00:00","article_modified_time":"2025-12-04T18:05:51+00:00","og_image":[{"width":1600,"height":1204,"url":"http:\/\/www.pm.pb.gov.br\/portal\/wp-content\/uploads\/2025\/12\/WhatsApp-Image-2025-12-03-at-15.46.12.jpeg","type":"image\/jpeg"}],"author":"Tarcisio Oliveira","twitter_card":"summary_large_image","twitter_misc":{"Escrito por":"Tarcisio Oliveira","Est. tempo de leitura":"2 minutos"},"schema":{"@context":"https:\/\/schema.org","@graph":[{"@type":"Article","@id":"https:\/\/www.pm.pb.gov.br\/portal\/2025\/12\/03\/acusado-com-mais-de-20-passagens-pela-policia-e-preso-com-grupo-que-furtava-celulares-em-festa\/#article","isPartOf":{"@id":"https:\/\/www.pm.pb.gov.br\/portal\/2025\/12\/03\/acusado-com-mais-de-20-passagens-pela-policia-e-preso-com-grupo-que-furtava-celulares-em-festa\/"},"author":{"name":"Tarcisio Oliveira","@id":"https:\/\/www.pm.pb.gov.br\/portal\/#\/schema\/person\/f84f56dcc78ce4357054da888b8247fd"},"headline":"Acusado com mais de 20 passagens pela pol\u00edcia \u00e9 preso com grupo que furtava celulares em festa","datePublished":"2025-12-03T07:03:00+00:00","dateModified":"2025-12-04T18:05:51+00:00","mainEntityOfPage":{"@id":"https:\/\/www.pm.pb.gov.br\/portal\/2025\/12\/03\/acusado-com-mais-de-20-passagens-pela-policia-e-preso-com-grupo-que-furtava-celulares-em-festa\/"},"wordCount":146,"publisher":{"@id":"https:\/\/www.pm.pb.gov.br\/portal\/#organization"},"articleSection":["A\u00e7\u00f5es Policiais"],"inLanguage":"pt-BR"},{"@type":"WebPage","@id":"https:\/\/www.pm.pb.gov.br\/portal\/2025\/12\/03\/acusado-com-mais-de-20-passagens-pela-policia-e-preso-com-grupo-que-furtava-celulares-em-festa\/","url":"https:\/\/www.pm.pb.gov.br\/portal\/2025\/12\/03\/acusado-com-mais-de-20-passagens-pela-policia-e-preso-com-grupo-que-furtava-celulares-em-festa\/","name":"Acusado com mais de 20 passagens pela pol\u00edcia \u00e9 preso com grupo que furtava celulares em festa - Pol\u00edcia Militar da Para\u00edba","isPartOf":{"@id":"https:\/\/www.pm.pb.gov.br\/portal\/#website"},"datePublished":"2025-12-03T07:03:00+00:00","dateModified":"2025-12-04T18:05:51+00:00","breadcrumb":{"@id":"https:\/\/www.pm.pb.gov.br\/portal\/2025\/12\/03\/acusado-com-mais-de-20-passagens-pela-policia-e-preso-com-grupo-que-furtava-celulares-em-festa\/#breadcrumb"},"inLanguage":"pt-BR","potentialAction":[{"@type":"ReadAction","target":["https:\/\/www.pm.pb.gov.br\/portal\/2025\/12\/03\/acusado-com-mais-de-20-passagens-pela-policia-e-preso-com-grupo-que-furtava-celulares-em-festa\/"]}]},{"@type":"BreadcrumbList","@id":"https:\/\/www.pm.pb.gov.br\/portal\/2025\/12\/03\/acusado-com-mais-de-20-passagens-pela-policia-e-preso-com-grupo-que-furtava-celulares-em-festa\/#breadcrumb","itemListElement":[{"@type":"ListItem","position":1,"name":"In\u00edcio","item":"https:\/\/www.pm.pb.gov.br\/portal\/"},{"@type":"ListItem","position":2,"name":"Acusado com mais de 20 passagens pela pol\u00edcia \u00e9 preso com grupo que furtava celulares em festa"}]},{"@type":"WebSite","@id":"https:\/\/www.pm.pb.gov.br\/portal\/#website","url":"https:\/\/www.pm.pb.gov.br\/portal\/","name":"Pol\u00edcia Militar da Para\u00edba","description":"","publisher":{"@id":"https:\/\/www.pm.pb.gov.br\/portal\/#organization"},"potentialAction":[{"@type":"SearchAction","target":{"@type":"EntryPoint","urlTemplate":"https:\/\/www.pm.pb.gov.br\/portal\/?s={search_term_string}"},"query-input":"required name=search_term_string"}],"inLanguage":"pt-BR"},{"@type":"Organization","@id":"https:\/\/www.pm.pb.gov.br\/portal\/#organization","name":"Pol\u00edcia Militar da Para\u00edba","url":"https:\/\/www.pm.pb.gov.br\/portal\/","logo":{"@type":"ImageObject","inLanguage":"pt-BR","@id":"https:\/\/www.pm.pb.gov.br\/portal\/#\/schema\/logo\/image\/","url":"https:\/\/www.pm.pb.gov.br\/portal\/wp-content\/uploads\/2025\/03\/cropped-logo-site-mag2-1.png","contentUrl":"https:\/\/www.pm.pb.gov.br\/portal\/wp-content\/uploads\/2025\/03\/cropped-logo-site-mag2-1.png","width":320,"height":90,"caption":"Pol\u00edcia Militar da Para\u00edba"},"image":{"@id":"https:\/\/www.pm.pb.gov.br\/portal\/#\/schema\/logo\/image\/"}},{"@type":"Person","@id":"https:\/\/www.pm.pb.gov.br\/portal\/#\/schema\/person\/f84f56dcc78ce4357054da888b8247fd","name":"Tarcisio Oliveira","image":{"@type":"ImageObject","inLanguage":"pt-BR","@id":"https:\/\/www.pm.pb.gov.br\/portal\/#\/schema\/person\/image\/","url":"https:\/\/secure.gravatar.com\/avatar\/72917b630b69d31cd0297507f34bac97?s=96&d=mm&r=g","contentUrl":"https:\/\/secure.gravatar.com\/avatar\/72917b630b69d31cd0297507f34bac97?s=96&d=mm&r=g","caption":"Tarcisio Oliveira"},"url":"https:\/\/www.pm.pb.gov.br\/portal\/author\/tarcisio\/"}]}},"_links":{"self":[{"href":"https:\/\/www.pm.pb.gov.br\/portal\/wp-json\/wp\/v2\/posts\/929208"}],"collection":[{"href":"https:\/\/www.pm.pb.gov.br\/portal\/wp-json\/wp\/v2\/posts"}],"about":[{"href":"https:\/\/www.pm.pb.gov.br\/portal\/wp-json\/wp\/v2\/types\/post"}],"author":[{"embeddable":true,"href":"https:\/\/www.pm.pb.gov.br\/portal\/wp-json\/wp\/v2\/users\/12"}],"replies":[{"embeddable":true,"href":"https:\/\/www.pm.pb.gov.br\/portal\/wp-json\/wp\/v2\/comments?post=929208"}],"version-history":[{"count":1,"href":"https:\/\/www.pm.pb.gov.br\/portal\/wp-json\/wp\/v2\/posts\/929208\/revisions"}],"predecessor-version":[{"id":929211,"href":"https:\/\/www.pm.pb.gov.br\/portal\/wp-json\/wp\/v2\/posts\/929208\/revisions\/929211"}],"wp:featuredmedia":[{"embeddable":true,"href":"https:\/\/www.pm.pb.gov.br\/portal\/wp-json\/wp\/v2\/media\/929209"}],"wp:attachment":[{"href":"https:\/\/www.pm.pb.gov.br\/portal\/wp-json\/wp\/v2\/media?parent=929208"}],"wp:term":[{"taxonomy":"category","embeddable":true,"href":"https:\/\/www.pm.pb.gov.br\/portal\/wp-json\/wp\/v2\/categories?post=929208"},{"taxonomy":"post_tag","embeddable":true,"href":"https:\/\/www.pm.pb.gov.br\/portal\/wp-json\/wp\/v2\/tags?post=929208"}],"curies":[{"name":"wp","href":"https:\/\/api.w.org\/{rel}","templated":true}]}}