{"id":929184,"date":"2025-12-04T09:38:10","date_gmt":"2025-12-04T12:38:10","guid":{"rendered":"https:\/\/www.pm.pb.gov.br\/portal\/?p=929184"},"modified":"2025-12-04T09:38:12","modified_gmt":"2025-12-04T12:38:12","slug":"policia-militar-apreende-adolescente-por-trafico-de-drogas-em-santa-rita-3","status":"publish","type":"post","link":"https:\/\/www.pm.pb.gov.br\/portal\/2025\/12\/04\/policia-militar-apreende-adolescente-por-trafico-de-drogas-em-santa-rita-3\/","title":{"rendered":"Pol\u00edcia Militar apreende adolescente por tr\u00e1fico de drogas em Santa Rita"},"content":{"rendered":"\n<p>Na tarde dessa quarta-feira (03), policiais militares do 7\u00b0 BPM apreenderam um adolescente por crime de tr\u00e1fico de drogas na cidade de Santa Rita-PB. Com o adolescente foram apreendidas uma arma de fogo e drogas prontas para o com\u00e9rcio il\u00edcito.<\/p>\n\n\n\n<p>A equipe policial realizava o policiamento em uma regi\u00e3o conhecida como &#8220;Toror\u00f3&#8221;, no Distrito de Bebel\u00e2ndia, quando interceptou o jovem que, ao perceber a presen\u00e7a dos policiais, tentou fugir, mas foi logo alcan\u00e7ado. Na abordagem foram apreendidos um rev\u00f3lver, calibre .38, com 16 muni\u00e7\u00f5es intactas, 85 por\u00e7\u00f5es de maconha, 45 por\u00e7\u00f5es de coca\u00edna, al\u00e9m de um r\u00e1dio comunicador.<\/p>\n\n\n\n<p>O adolescente foi apreendido e todo o material foi encaminhado \u00e0 6\u00aa Delegacia Distrital para os demais procedimentos.<\/p>\n","protected":false},"excerpt":{"rendered":"<p>Na tarde dessa quarta-feira (03), policiais militares do 7\u00b0 BPM apreenderam um adolescente por crime de tr\u00e1fico de drogas na<\/p>\n","protected":false},"author":5,"featured_media":929185,"comment_status":"closed","ping_status":"closed","sticky":false,"template":"","format":"standard","meta":{"_exactmetrics_skip_tracking":false,"_exactmetrics_sitenote_active":false,"_exactmetrics_sitenote_note":"","_exactmetrics_sitenote_category":0,"footnotes":""},"categories":[4],"tags":[],"yoast_head":"<!-- This site is optimized with the Yoast SEO plugin v22.0 - https:\/\/yoast.com\/wordpress\/plugins\/seo\/ -->\n<title>Pol\u00edcia Militar apreende adolescente por tr\u00e1fico de drogas em Santa Rita - Pol\u00edcia Militar da Para\u00edba<\/title>\n<meta name=\"robots\" content=\"index, follow, max-snippet:-1, max-image-preview:large, max-video-preview:-1\" \/>\n<link rel=\"canonical\" href=\"https:\/\/www.pm.pb.gov.br\/portal\/2025\/12\/04\/policia-militar-apreende-adolescente-por-trafico-de-drogas-em-santa-rita-3\/\" \/>\n<meta property=\"og:locale\" content=\"pt_BR\" \/>\n<meta property=\"og:type\" content=\"article\" \/>\n<meta property=\"og:title\" content=\"Pol\u00edcia Militar apreende adolescente por tr\u00e1fico de drogas em Santa Rita - Pol\u00edcia Militar da Para\u00edba\" \/>\n<meta property=\"og:description\" content=\"Na tarde dessa quarta-feira (03), policiais militares do 7\u00b0 BPM apreenderam um adolescente por crime de tr\u00e1fico de drogas na\" \/>\n<meta property=\"og:url\" content=\"https:\/\/www.pm.pb.gov.br\/portal\/2025\/12\/04\/policia-militar-apreende-adolescente-por-trafico-de-drogas-em-santa-rita-3\/\" \/>\n<meta property=\"og:site_name\" content=\"Pol\u00edcia Militar da Para\u00edba\" \/>\n<meta property=\"article:published_time\" content=\"2025-12-04T12:38:10+00:00\" \/>\n<meta property=\"article:modified_time\" content=\"2025-12-04T12:38:12+00:00\" \/>\n<meta property=\"og:image\" content=\"http:\/\/www.pm.pb.gov.br\/portal\/wp-content\/uploads\/2025\/12\/material.png\" \/>\n\t<meta property=\"og:image:width\" content=\"1939\" \/>\n\t<meta property=\"og:image:height\" content=\"1078\" \/>\n\t<meta property=\"og:image:type\" content=\"image\/png\" \/>\n<meta name=\"author\" content=\"Assessoria de Imprensa da PMPB\" \/>\n<meta name=\"twitter:card\" content=\"summary_large_image\" \/>\n<meta name=\"twitter:label1\" content=\"Escrito por\" \/>\n\t<meta name=\"twitter:data1\" content=\"Assessoria de Imprensa da PMPB\" \/>\n\t<meta name=\"twitter:label2\" content=\"Est. tempo de leitura\" \/>\n\t<meta name=\"twitter:data2\" content=\"1 minuto\" \/>\n<script type=\"application\/ld+json\" class=\"yoast-schema-graph\">{\"@context\":\"https:\/\/schema.org\",\"@graph\":[{\"@type\":\"Article\",\"@id\":\"https:\/\/www.pm.pb.gov.br\/portal\/2025\/12\/04\/policia-militar-apreende-adolescente-por-trafico-de-drogas-em-santa-rita-3\/#article\",\"isPartOf\":{\"@id\":\"https:\/\/www.pm.pb.gov.br\/portal\/2025\/12\/04\/policia-militar-apreende-adolescente-por-trafico-de-drogas-em-santa-rita-3\/\"},\"author\":{\"name\":\"Assessoria de Imprensa da PMPB\",\"@id\":\"https:\/\/www.pm.pb.gov.br\/portal\/#\/schema\/person\/e8454f46651c3ecf0e1ba3c1666d9947\"},\"headline\":\"Pol\u00edcia Militar apreende adolescente por tr\u00e1fico de drogas em Santa Rita\",\"datePublished\":\"2025-12-04T12:38:10+00:00\",\"dateModified\":\"2025-12-04T12:38:12+00:00\",\"mainEntityOfPage\":{\"@id\":\"https:\/\/www.pm.pb.gov.br\/portal\/2025\/12\/04\/policia-militar-apreende-adolescente-por-trafico-de-drogas-em-santa-rita-3\/\"},\"wordCount\":135,\"publisher\":{\"@id\":\"https:\/\/www.pm.pb.gov.br\/portal\/#organization\"},\"articleSection\":[\"A\u00e7\u00f5es Policiais\"],\"inLanguage\":\"pt-BR\"},{\"@type\":\"WebPage\",\"@id\":\"https:\/\/www.pm.pb.gov.br\/portal\/2025\/12\/04\/policia-militar-apreende-adolescente-por-trafico-de-drogas-em-santa-rita-3\/\",\"url\":\"https:\/\/www.pm.pb.gov.br\/portal\/2025\/12\/04\/policia-militar-apreende-adolescente-por-trafico-de-drogas-em-santa-rita-3\/\",\"name\":\"Pol\u00edcia Militar apreende adolescente por tr\u00e1fico de drogas em Santa Rita - Pol\u00edcia Militar da Para\u00edba\",\"isPartOf\":{\"@id\":\"https:\/\/www.pm.pb.gov.br\/portal\/#website\"},\"datePublished\":\"2025-12-04T12:38:10+00:00\",\"dateModified\":\"2025-12-04T12:38:12+00:00\",\"breadcrumb\":{\"@id\":\"https:\/\/www.pm.pb.gov.br\/portal\/2025\/12\/04\/policia-militar-apreende-adolescente-por-trafico-de-drogas-em-santa-rita-3\/#breadcrumb\"},\"inLanguage\":\"pt-BR\",\"potentialAction\":[{\"@type\":\"ReadAction\",\"target\":[\"https:\/\/www.pm.pb.gov.br\/portal\/2025\/12\/04\/policia-militar-apreende-adolescente-por-trafico-de-drogas-em-santa-rita-3\/\"]}]},{\"@type\":\"BreadcrumbList\",\"@id\":\"https:\/\/www.pm.pb.gov.br\/portal\/2025\/12\/04\/policia-militar-apreende-adolescente-por-trafico-de-drogas-em-santa-rita-3\/#breadcrumb\",\"itemListElement\":[{\"@type\":\"ListItem\",\"position\":1,\"name\":\"In\u00edcio\",\"item\":\"https:\/\/www.pm.pb.gov.br\/portal\/\"},{\"@type\":\"ListItem\",\"position\":2,\"name\":\"Pol\u00edcia Militar apreende adolescente por tr\u00e1fico de drogas em Santa Rita\"}]},{\"@type\":\"WebSite\",\"@id\":\"https:\/\/www.pm.pb.gov.br\/portal\/#website\",\"url\":\"https:\/\/www.pm.pb.gov.br\/portal\/\",\"name\":\"Pol\u00edcia Militar da Para\u00edba\",\"description\":\"\",\"publisher\":{\"@id\":\"https:\/\/www.pm.pb.gov.br\/portal\/#organization\"},\"potentialAction\":[{\"@type\":\"SearchAction\",\"target\":{\"@type\":\"EntryPoint\",\"urlTemplate\":\"https:\/\/www.pm.pb.gov.br\/portal\/?s={search_term_string}\"},\"query-input\":\"required name=search_term_string\"}],\"inLanguage\":\"pt-BR\"},{\"@type\":\"Organization\",\"@id\":\"https:\/\/www.pm.pb.gov.br\/portal\/#organization\",\"name\":\"Pol\u00edcia Militar da Para\u00edba\",\"url\":\"https:\/\/www.pm.pb.gov.br\/portal\/\",\"logo\":{\"@type\":\"ImageObject\",\"inLanguage\":\"pt-BR\",\"@id\":\"https:\/\/www.pm.pb.gov.br\/portal\/#\/schema\/logo\/image\/\",\"url\":\"https:\/\/www.pm.pb.gov.br\/portal\/wp-content\/uploads\/2025\/03\/cropped-logo-site-mag2-1.png\",\"contentUrl\":\"https:\/\/www.pm.pb.gov.br\/portal\/wp-content\/uploads\/2025\/03\/cropped-logo-site-mag2-1.png\",\"width\":320,\"height\":90,\"caption\":\"Pol\u00edcia Militar da Para\u00edba\"},\"image\":{\"@id\":\"https:\/\/www.pm.pb.gov.br\/portal\/#\/schema\/logo\/image\/\"}},{\"@type\":\"Person\",\"@id\":\"https:\/\/www.pm.pb.gov.br\/portal\/#\/schema\/person\/e8454f46651c3ecf0e1ba3c1666d9947\",\"name\":\"Assessoria de Imprensa da PMPB\",\"image\":{\"@type\":\"ImageObject\",\"inLanguage\":\"pt-BR\",\"@id\":\"https:\/\/www.pm.pb.gov.br\/portal\/#\/schema\/person\/image\/\",\"url\":\"https:\/\/secure.gravatar.com\/avatar\/2efe197438265d1e90bd98c4c8e1acf8?s=96&d=mm&r=g\",\"contentUrl\":\"https:\/\/secure.gravatar.com\/avatar\/2efe197438265d1e90bd98c4c8e1acf8?s=96&d=mm&r=g\",\"caption\":\"Assessoria de Imprensa da PMPB\"},\"url\":\"https:\/\/www.pm.pb.gov.br\/portal\/author\/assessoria\/\"}]}<\/script>\n<!-- \/ Yoast SEO plugin. -->","yoast_head_json":{"title":"Pol\u00edcia Militar apreende adolescente por tr\u00e1fico de drogas em Santa Rita - Pol\u00edcia Militar da Para\u00edba","robots":{"index":"index","follow":"follow","max-snippet":"max-snippet:-1","max-image-preview":"max-image-preview:large","max-video-preview":"max-video-preview:-1"},"canonical":"https:\/\/www.pm.pb.gov.br\/portal\/2025\/12\/04\/policia-militar-apreende-adolescente-por-trafico-de-drogas-em-santa-rita-3\/","og_locale":"pt_BR","og_type":"article","og_title":"Pol\u00edcia Militar apreende adolescente por tr\u00e1fico de drogas em Santa Rita - Pol\u00edcia Militar da Para\u00edba","og_description":"Na tarde dessa quarta-feira (03), policiais militares do 7\u00b0 BPM apreenderam um adolescente por crime de tr\u00e1fico de drogas na","og_url":"https:\/\/www.pm.pb.gov.br\/portal\/2025\/12\/04\/policia-militar-apreende-adolescente-por-trafico-de-drogas-em-santa-rita-3\/","og_site_name":"Pol\u00edcia Militar da Para\u00edba","article_published_time":"2025-12-04T12:38:10+00:00","article_modified_time":"2025-12-04T12:38:12+00:00","og_image":[{"width":1939,"height":1078,"url":"http:\/\/www.pm.pb.gov.br\/portal\/wp-content\/uploads\/2025\/12\/material.png","type":"image\/png"}],"author":"Assessoria de Imprensa da PMPB","twitter_card":"summary_large_image","twitter_misc":{"Escrito por":"Assessoria de Imprensa da PMPB","Est. tempo de leitura":"1 minuto"},"schema":{"@context":"https:\/\/schema.org","@graph":[{"@type":"Article","@id":"https:\/\/www.pm.pb.gov.br\/portal\/2025\/12\/04\/policia-militar-apreende-adolescente-por-trafico-de-drogas-em-santa-rita-3\/#article","isPartOf":{"@id":"https:\/\/www.pm.pb.gov.br\/portal\/2025\/12\/04\/policia-militar-apreende-adolescente-por-trafico-de-drogas-em-santa-rita-3\/"},"author":{"name":"Assessoria de Imprensa da PMPB","@id":"https:\/\/www.pm.pb.gov.br\/portal\/#\/schema\/person\/e8454f46651c3ecf0e1ba3c1666d9947"},"headline":"Pol\u00edcia Militar apreende adolescente por tr\u00e1fico de drogas em Santa Rita","datePublished":"2025-12-04T12:38:10+00:00","dateModified":"2025-12-04T12:38:12+00:00","mainEntityOfPage":{"@id":"https:\/\/www.pm.pb.gov.br\/portal\/2025\/12\/04\/policia-militar-apreende-adolescente-por-trafico-de-drogas-em-santa-rita-3\/"},"wordCount":135,"publisher":{"@id":"https:\/\/www.pm.pb.gov.br\/portal\/#organization"},"articleSection":["A\u00e7\u00f5es Policiais"],"inLanguage":"pt-BR"},{"@type":"WebPage","@id":"https:\/\/www.pm.pb.gov.br\/portal\/2025\/12\/04\/policia-militar-apreende-adolescente-por-trafico-de-drogas-em-santa-rita-3\/","url":"https:\/\/www.pm.pb.gov.br\/portal\/2025\/12\/04\/policia-militar-apreende-adolescente-por-trafico-de-drogas-em-santa-rita-3\/","name":"Pol\u00edcia Militar apreende adolescente por tr\u00e1fico de drogas em Santa Rita - Pol\u00edcia Militar da Para\u00edba","isPartOf":{"@id":"https:\/\/www.pm.pb.gov.br\/portal\/#website"},"datePublished":"2025-12-04T12:38:10+00:00","dateModified":"2025-12-04T12:38:12+00:00","breadcrumb":{"@id":"https:\/\/www.pm.pb.gov.br\/portal\/2025\/12\/04\/policia-militar-apreende-adolescente-por-trafico-de-drogas-em-santa-rita-3\/#breadcrumb"},"inLanguage":"pt-BR","potentialAction":[{"@type":"ReadAction","target":["https:\/\/www.pm.pb.gov.br\/portal\/2025\/12\/04\/policia-militar-apreende-adolescente-por-trafico-de-drogas-em-santa-rita-3\/"]}]},{"@type":"BreadcrumbList","@id":"https:\/\/www.pm.pb.gov.br\/portal\/2025\/12\/04\/policia-militar-apreende-adolescente-por-trafico-de-drogas-em-santa-rita-3\/#breadcrumb","itemListElement":[{"@type":"ListItem","position":1,"name":"In\u00edcio","item":"https:\/\/www.pm.pb.gov.br\/portal\/"},{"@type":"ListItem","position":2,"name":"Pol\u00edcia Militar apreende adolescente por tr\u00e1fico de drogas em Santa Rita"}]},{"@type":"WebSite","@id":"https:\/\/www.pm.pb.gov.br\/portal\/#website","url":"https:\/\/www.pm.pb.gov.br\/portal\/","name":"Pol\u00edcia Militar da Para\u00edba","description":"","publisher":{"@id":"https:\/\/www.pm.pb.gov.br\/portal\/#organization"},"potentialAction":[{"@type":"SearchAction","target":{"@type":"EntryPoint","urlTemplate":"https:\/\/www.pm.pb.gov.br\/portal\/?s={search_term_string}"},"query-input":"required name=search_term_string"}],"inLanguage":"pt-BR"},{"@type":"Organization","@id":"https:\/\/www.pm.pb.gov.br\/portal\/#organization","name":"Pol\u00edcia Militar da Para\u00edba","url":"https:\/\/www.pm.pb.gov.br\/portal\/","logo":{"@type":"ImageObject","inLanguage":"pt-BR","@id":"https:\/\/www.pm.pb.gov.br\/portal\/#\/schema\/logo\/image\/","url":"https:\/\/www.pm.pb.gov.br\/portal\/wp-content\/uploads\/2025\/03\/cropped-logo-site-mag2-1.png","contentUrl":"https:\/\/www.pm.pb.gov.br\/portal\/wp-content\/uploads\/2025\/03\/cropped-logo-site-mag2-1.png","width":320,"height":90,"caption":"Pol\u00edcia Militar da Para\u00edba"},"image":{"@id":"https:\/\/www.pm.pb.gov.br\/portal\/#\/schema\/logo\/image\/"}},{"@type":"Person","@id":"https:\/\/www.pm.pb.gov.br\/portal\/#\/schema\/person\/e8454f46651c3ecf0e1ba3c1666d9947","name":"Assessoria de Imprensa da PMPB","image":{"@type":"ImageObject","inLanguage":"pt-BR","@id":"https:\/\/www.pm.pb.gov.br\/portal\/#\/schema\/person\/image\/","url":"https:\/\/secure.gravatar.com\/avatar\/2efe197438265d1e90bd98c4c8e1acf8?s=96&d=mm&r=g","contentUrl":"https:\/\/secure.gravatar.com\/avatar\/2efe197438265d1e90bd98c4c8e1acf8?s=96&d=mm&r=g","caption":"Assessoria de Imprensa da PMPB"},"url":"https:\/\/www.pm.pb.gov.br\/portal\/author\/assessoria\/"}]}},"_links":{"self":[{"href":"https:\/\/www.pm.pb.gov.br\/portal\/wp-json\/wp\/v2\/posts\/929184"}],"collection":[{"href":"https:\/\/www.pm.pb.gov.br\/portal\/wp-json\/wp\/v2\/posts"}],"about":[{"href":"https:\/\/www.pm.pb.gov.br\/portal\/wp-json\/wp\/v2\/types\/post"}],"author":[{"embeddable":true,"href":"https:\/\/www.pm.pb.gov.br\/portal\/wp-json\/wp\/v2\/users\/5"}],"replies":[{"embeddable":true,"href":"https:\/\/www.pm.pb.gov.br\/portal\/wp-json\/wp\/v2\/comments?post=929184"}],"version-history":[{"count":1,"href":"https:\/\/www.pm.pb.gov.br\/portal\/wp-json\/wp\/v2\/posts\/929184\/revisions"}],"predecessor-version":[{"id":929186,"href":"https:\/\/www.pm.pb.gov.br\/portal\/wp-json\/wp\/v2\/posts\/929184\/revisions\/929186"}],"wp:featuredmedia":[{"embeddable":true,"href":"https:\/\/www.pm.pb.gov.br\/portal\/wp-json\/wp\/v2\/media\/929185"}],"wp:attachment":[{"href":"https:\/\/www.pm.pb.gov.br\/portal\/wp-json\/wp\/v2\/media?parent=929184"}],"wp:term":[{"taxonomy":"category","embeddable":true,"href":"https:\/\/www.pm.pb.gov.br\/portal\/wp-json\/wp\/v2\/categories?post=929184"},{"taxonomy":"post_tag","embeddable":true,"href":"https:\/\/www.pm.pb.gov.br\/portal\/wp-json\/wp\/v2\/tags?post=929184"}],"curies":[{"name":"wp","href":"https:\/\/api.w.org\/{rel}","templated":true}]}}