{"id":929171,"date":"2025-12-02T14:58:53","date_gmt":"2025-12-02T17:58:53","guid":{"rendered":"https:\/\/www.pm.pb.gov.br\/portal\/?p=929171"},"modified":"2025-12-02T14:58:56","modified_gmt":"2025-12-02T17:58:56","slug":"operacao-resgata-aves-silvestres-e-apreende-tres-armas-de-fogo-em-salgado-de-sao-felix","status":"publish","type":"post","link":"https:\/\/www.pm.pb.gov.br\/portal\/2025\/12\/02\/operacao-resgata-aves-silvestres-e-apreende-tres-armas-de-fogo-em-salgado-de-sao-felix\/","title":{"rendered":"Opera\u00e7\u00e3o resgata aves silvestres e apreende tr\u00eas armas de fogo em Salgado de S\u00e3o F\u00e9lix"},"content":{"rendered":"\n<p>Nesta segunda-feira (1), militares do Batalh\u00e3o Especializado em Policiamento do Meio Ambiente (BPMA), durante fiscaliza\u00e7\u00e3o no munic\u00edpio de Salgado de S\u00e3o F\u00e9lix, apreenderam 29 aves silvestres e tr\u00eas armas de fogo em a\u00e7\u00f5es distintas.<\/p>\n\n\n\n<p>Na primeira fiscaliza\u00e7\u00e3o foram encontradas 18 aves, que eram mantidas em cativeiro sem a devida autoriza\u00e7\u00e3o do \u00f3rg\u00e3o competente, sendo assim o respons\u00e1vel foi autuado e multado no valor de R$ 10.258,56 reais, al\u00e9m de ser conduzido para Delegacia local.<\/p>\n\n\n\n<p>J\u00e1 na segunda, as equipes apreenderam mais 11 aves silvestres e tr\u00eas armas de fogo sem os devidos registros. O respons\u00e1vel foi autuado e multado no valor de R$ 6.269,12 reais, e ainda conduzido \u00e0 Delegacia do munic\u00edpio por posse ilegal de armas e crime ambiental.<\/p>\n\n\n\n<p><img loading=\"lazy\" decoding=\"async\" class=\"alignnone size-medium wp-image-929174\" src=\"http:\/\/www.pm.pb.gov.br\/portal\/wp-content\/uploads\/2025\/12\/WhatsApp-Image-2025-12-02-at-11.11.32-1-334x445.jpeg\" alt=\"\" width=\"334\" height=\"445\" srcset=\"https:\/\/www.pm.pb.gov.br\/portal\/wp-content\/uploads\/2025\/12\/WhatsApp-Image-2025-12-02-at-11.11.32-1-334x445.jpeg 334w, https:\/\/www.pm.pb.gov.br\/portal\/wp-content\/uploads\/2025\/12\/WhatsApp-Image-2025-12-02-at-11.11.32-1-428x570.jpeg 428w, https:\/\/www.pm.pb.gov.br\/portal\/wp-content\/uploads\/2025\/12\/WhatsApp-Image-2025-12-02-at-11.11.32-1-768x1024.jpeg 768w, https:\/\/www.pm.pb.gov.br\/portal\/wp-content\/uploads\/2025\/12\/WhatsApp-Image-2025-12-02-at-11.11.32-1-1152x1536.jpeg 1152w, https:\/\/www.pm.pb.gov.br\/portal\/wp-content\/uploads\/2025\/12\/WhatsApp-Image-2025-12-02-at-11.11.32-1.jpeg 1200w\" sizes=\"(max-width: 334px) 100vw, 334px\" \/> <img loading=\"lazy\" decoding=\"async\" class=\"alignnone size-medium wp-image-929175\" src=\"http:\/\/www.pm.pb.gov.br\/portal\/wp-content\/uploads\/2025\/12\/WhatsApp-Image-2025-12-02-at-11.10.18-360x445.jpeg\" alt=\"\" width=\"360\" height=\"445\" srcset=\"https:\/\/www.pm.pb.gov.br\/portal\/wp-content\/uploads\/2025\/12\/WhatsApp-Image-2025-12-02-at-11.10.18-360x445.jpeg 360w, https:\/\/www.pm.pb.gov.br\/portal\/wp-content\/uploads\/2025\/12\/WhatsApp-Image-2025-12-02-at-11.10.18-461x570.jpeg 461w, https:\/\/www.pm.pb.gov.br\/portal\/wp-content\/uploads\/2025\/12\/WhatsApp-Image-2025-12-02-at-11.10.18-768x949.jpeg 768w, https:\/\/www.pm.pb.gov.br\/portal\/wp-content\/uploads\/2025\/12\/WhatsApp-Image-2025-12-02-at-11.10.18.jpeg 960w\" sizes=\"(max-width: 360px) 100vw, 360px\" \/><\/p>\n","protected":false},"excerpt":{"rendered":"<p>Nesta segunda-feira (1), militares do Batalh\u00e3o Especializado em Policiamento do Meio Ambiente (BPMA), durante fiscaliza\u00e7\u00e3o no munic\u00edpio de Salgado de<\/p>\n","protected":false},"author":5,"featured_media":929173,"comment_status":"closed","ping_status":"closed","sticky":false,"template":"","format":"standard","meta":{"_exactmetrics_skip_tracking":false,"_exactmetrics_sitenote_active":false,"_exactmetrics_sitenote_note":"","_exactmetrics_sitenote_category":0,"footnotes":""},"categories":[4],"tags":[],"yoast_head":"<!-- This site is optimized with the Yoast SEO plugin v22.0 - https:\/\/yoast.com\/wordpress\/plugins\/seo\/ -->\n<title>Opera\u00e7\u00e3o resgata aves silvestres e apreende tr\u00eas armas de fogo em Salgado de S\u00e3o F\u00e9lix - Pol\u00edcia Militar da Para\u00edba<\/title>\n<meta name=\"robots\" content=\"index, follow, max-snippet:-1, max-image-preview:large, max-video-preview:-1\" \/>\n<link rel=\"canonical\" href=\"https:\/\/www.pm.pb.gov.br\/portal\/2025\/12\/02\/operacao-resgata-aves-silvestres-e-apreende-tres-armas-de-fogo-em-salgado-de-sao-felix\/\" \/>\n<meta property=\"og:locale\" content=\"pt_BR\" \/>\n<meta property=\"og:type\" content=\"article\" \/>\n<meta property=\"og:title\" content=\"Opera\u00e7\u00e3o resgata aves silvestres e apreende tr\u00eas armas de fogo em Salgado de S\u00e3o F\u00e9lix - Pol\u00edcia Militar da Para\u00edba\" \/>\n<meta property=\"og:description\" content=\"Nesta segunda-feira (1), militares do Batalh\u00e3o Especializado em Policiamento do Meio Ambiente (BPMA), durante fiscaliza\u00e7\u00e3o no munic\u00edpio de Salgado de\" \/>\n<meta property=\"og:url\" content=\"https:\/\/www.pm.pb.gov.br\/portal\/2025\/12\/02\/operacao-resgata-aves-silvestres-e-apreende-tres-armas-de-fogo-em-salgado-de-sao-felix\/\" \/>\n<meta property=\"og:site_name\" content=\"Pol\u00edcia Militar da Para\u00edba\" \/>\n<meta property=\"article:published_time\" content=\"2025-12-02T17:58:53+00:00\" \/>\n<meta property=\"article:modified_time\" content=\"2025-12-02T17:58:56+00:00\" \/>\n<meta property=\"og:image\" content=\"http:\/\/www.pm.pb.gov.br\/portal\/wp-content\/uploads\/2025\/12\/gaiolas.png\" \/>\n\t<meta property=\"og:image:width\" content=\"1192\" \/>\n\t<meta property=\"og:image:height\" content=\"663\" \/>\n\t<meta property=\"og:image:type\" content=\"image\/png\" \/>\n<meta name=\"author\" content=\"Assessoria de Imprensa da PMPB\" \/>\n<meta name=\"twitter:card\" content=\"summary_large_image\" \/>\n<meta name=\"twitter:label1\" content=\"Escrito por\" \/>\n\t<meta name=\"twitter:data1\" content=\"Assessoria de Imprensa da PMPB\" \/>\n\t<meta name=\"twitter:label2\" content=\"Est. tempo de leitura\" \/>\n\t<meta name=\"twitter:data2\" content=\"2 minutos\" \/>\n<script type=\"application\/ld+json\" class=\"yoast-schema-graph\">{\"@context\":\"https:\/\/schema.org\",\"@graph\":[{\"@type\":\"Article\",\"@id\":\"https:\/\/www.pm.pb.gov.br\/portal\/2025\/12\/02\/operacao-resgata-aves-silvestres-e-apreende-tres-armas-de-fogo-em-salgado-de-sao-felix\/#article\",\"isPartOf\":{\"@id\":\"https:\/\/www.pm.pb.gov.br\/portal\/2025\/12\/02\/operacao-resgata-aves-silvestres-e-apreende-tres-armas-de-fogo-em-salgado-de-sao-felix\/\"},\"author\":{\"name\":\"Assessoria de Imprensa da PMPB\",\"@id\":\"https:\/\/www.pm.pb.gov.br\/portal\/#\/schema\/person\/e8454f46651c3ecf0e1ba3c1666d9947\"},\"headline\":\"Opera\u00e7\u00e3o resgata aves silvestres e apreende tr\u00eas armas de fogo em Salgado de S\u00e3o F\u00e9lix\",\"datePublished\":\"2025-12-02T17:58:53+00:00\",\"dateModified\":\"2025-12-02T17:58:56+00:00\",\"mainEntityOfPage\":{\"@id\":\"https:\/\/www.pm.pb.gov.br\/portal\/2025\/12\/02\/operacao-resgata-aves-silvestres-e-apreende-tres-armas-de-fogo-em-salgado-de-sao-felix\/\"},\"wordCount\":147,\"publisher\":{\"@id\":\"https:\/\/www.pm.pb.gov.br\/portal\/#organization\"},\"articleSection\":[\"A\u00e7\u00f5es Policiais\"],\"inLanguage\":\"pt-BR\"},{\"@type\":\"WebPage\",\"@id\":\"https:\/\/www.pm.pb.gov.br\/portal\/2025\/12\/02\/operacao-resgata-aves-silvestres-e-apreende-tres-armas-de-fogo-em-salgado-de-sao-felix\/\",\"url\":\"https:\/\/www.pm.pb.gov.br\/portal\/2025\/12\/02\/operacao-resgata-aves-silvestres-e-apreende-tres-armas-de-fogo-em-salgado-de-sao-felix\/\",\"name\":\"Opera\u00e7\u00e3o resgata aves silvestres e apreende tr\u00eas armas de fogo em Salgado de S\u00e3o F\u00e9lix - Pol\u00edcia Militar da Para\u00edba\",\"isPartOf\":{\"@id\":\"https:\/\/www.pm.pb.gov.br\/portal\/#website\"},\"datePublished\":\"2025-12-02T17:58:53+00:00\",\"dateModified\":\"2025-12-02T17:58:56+00:00\",\"breadcrumb\":{\"@id\":\"https:\/\/www.pm.pb.gov.br\/portal\/2025\/12\/02\/operacao-resgata-aves-silvestres-e-apreende-tres-armas-de-fogo-em-salgado-de-sao-felix\/#breadcrumb\"},\"inLanguage\":\"pt-BR\",\"potentialAction\":[{\"@type\":\"ReadAction\",\"target\":[\"https:\/\/www.pm.pb.gov.br\/portal\/2025\/12\/02\/operacao-resgata-aves-silvestres-e-apreende-tres-armas-de-fogo-em-salgado-de-sao-felix\/\"]}]},{\"@type\":\"BreadcrumbList\",\"@id\":\"https:\/\/www.pm.pb.gov.br\/portal\/2025\/12\/02\/operacao-resgata-aves-silvestres-e-apreende-tres-armas-de-fogo-em-salgado-de-sao-felix\/#breadcrumb\",\"itemListElement\":[{\"@type\":\"ListItem\",\"position\":1,\"name\":\"In\u00edcio\",\"item\":\"https:\/\/www.pm.pb.gov.br\/portal\/\"},{\"@type\":\"ListItem\",\"position\":2,\"name\":\"Opera\u00e7\u00e3o resgata aves silvestres e apreende tr\u00eas armas de fogo em Salgado de S\u00e3o F\u00e9lix\"}]},{\"@type\":\"WebSite\",\"@id\":\"https:\/\/www.pm.pb.gov.br\/portal\/#website\",\"url\":\"https:\/\/www.pm.pb.gov.br\/portal\/\",\"name\":\"Pol\u00edcia Militar da Para\u00edba\",\"description\":\"\",\"publisher\":{\"@id\":\"https:\/\/www.pm.pb.gov.br\/portal\/#organization\"},\"potentialAction\":[{\"@type\":\"SearchAction\",\"target\":{\"@type\":\"EntryPoint\",\"urlTemplate\":\"https:\/\/www.pm.pb.gov.br\/portal\/?s={search_term_string}\"},\"query-input\":\"required name=search_term_string\"}],\"inLanguage\":\"pt-BR\"},{\"@type\":\"Organization\",\"@id\":\"https:\/\/www.pm.pb.gov.br\/portal\/#organization\",\"name\":\"Pol\u00edcia Militar da Para\u00edba\",\"url\":\"https:\/\/www.pm.pb.gov.br\/portal\/\",\"logo\":{\"@type\":\"ImageObject\",\"inLanguage\":\"pt-BR\",\"@id\":\"https:\/\/www.pm.pb.gov.br\/portal\/#\/schema\/logo\/image\/\",\"url\":\"https:\/\/www.pm.pb.gov.br\/portal\/wp-content\/uploads\/2025\/03\/cropped-logo-site-mag2-1.png\",\"contentUrl\":\"https:\/\/www.pm.pb.gov.br\/portal\/wp-content\/uploads\/2025\/03\/cropped-logo-site-mag2-1.png\",\"width\":320,\"height\":90,\"caption\":\"Pol\u00edcia Militar da Para\u00edba\"},\"image\":{\"@id\":\"https:\/\/www.pm.pb.gov.br\/portal\/#\/schema\/logo\/image\/\"}},{\"@type\":\"Person\",\"@id\":\"https:\/\/www.pm.pb.gov.br\/portal\/#\/schema\/person\/e8454f46651c3ecf0e1ba3c1666d9947\",\"name\":\"Assessoria de Imprensa da PMPB\",\"image\":{\"@type\":\"ImageObject\",\"inLanguage\":\"pt-BR\",\"@id\":\"https:\/\/www.pm.pb.gov.br\/portal\/#\/schema\/person\/image\/\",\"url\":\"https:\/\/secure.gravatar.com\/avatar\/2efe197438265d1e90bd98c4c8e1acf8?s=96&d=mm&r=g\",\"contentUrl\":\"https:\/\/secure.gravatar.com\/avatar\/2efe197438265d1e90bd98c4c8e1acf8?s=96&d=mm&r=g\",\"caption\":\"Assessoria de Imprensa da PMPB\"},\"url\":\"https:\/\/www.pm.pb.gov.br\/portal\/author\/assessoria\/\"}]}<\/script>\n<!-- \/ Yoast SEO plugin. -->","yoast_head_json":{"title":"Opera\u00e7\u00e3o resgata aves silvestres e apreende tr\u00eas armas de fogo em Salgado de S\u00e3o F\u00e9lix - Pol\u00edcia Militar da Para\u00edba","robots":{"index":"index","follow":"follow","max-snippet":"max-snippet:-1","max-image-preview":"max-image-preview:large","max-video-preview":"max-video-preview:-1"},"canonical":"https:\/\/www.pm.pb.gov.br\/portal\/2025\/12\/02\/operacao-resgata-aves-silvestres-e-apreende-tres-armas-de-fogo-em-salgado-de-sao-felix\/","og_locale":"pt_BR","og_type":"article","og_title":"Opera\u00e7\u00e3o resgata aves silvestres e apreende tr\u00eas armas de fogo em Salgado de S\u00e3o F\u00e9lix - Pol\u00edcia Militar da Para\u00edba","og_description":"Nesta segunda-feira (1), militares do Batalh\u00e3o Especializado em Policiamento do Meio Ambiente (BPMA), durante fiscaliza\u00e7\u00e3o no munic\u00edpio de Salgado de","og_url":"https:\/\/www.pm.pb.gov.br\/portal\/2025\/12\/02\/operacao-resgata-aves-silvestres-e-apreende-tres-armas-de-fogo-em-salgado-de-sao-felix\/","og_site_name":"Pol\u00edcia Militar da Para\u00edba","article_published_time":"2025-12-02T17:58:53+00:00","article_modified_time":"2025-12-02T17:58:56+00:00","og_image":[{"width":1192,"height":663,"url":"http:\/\/www.pm.pb.gov.br\/portal\/wp-content\/uploads\/2025\/12\/gaiolas.png","type":"image\/png"}],"author":"Assessoria de Imprensa da PMPB","twitter_card":"summary_large_image","twitter_misc":{"Escrito por":"Assessoria de Imprensa da PMPB","Est. tempo de leitura":"2 minutos"},"schema":{"@context":"https:\/\/schema.org","@graph":[{"@type":"Article","@id":"https:\/\/www.pm.pb.gov.br\/portal\/2025\/12\/02\/operacao-resgata-aves-silvestres-e-apreende-tres-armas-de-fogo-em-salgado-de-sao-felix\/#article","isPartOf":{"@id":"https:\/\/www.pm.pb.gov.br\/portal\/2025\/12\/02\/operacao-resgata-aves-silvestres-e-apreende-tres-armas-de-fogo-em-salgado-de-sao-felix\/"},"author":{"name":"Assessoria de Imprensa da PMPB","@id":"https:\/\/www.pm.pb.gov.br\/portal\/#\/schema\/person\/e8454f46651c3ecf0e1ba3c1666d9947"},"headline":"Opera\u00e7\u00e3o resgata aves silvestres e apreende tr\u00eas armas de fogo em Salgado de S\u00e3o F\u00e9lix","datePublished":"2025-12-02T17:58:53+00:00","dateModified":"2025-12-02T17:58:56+00:00","mainEntityOfPage":{"@id":"https:\/\/www.pm.pb.gov.br\/portal\/2025\/12\/02\/operacao-resgata-aves-silvestres-e-apreende-tres-armas-de-fogo-em-salgado-de-sao-felix\/"},"wordCount":147,"publisher":{"@id":"https:\/\/www.pm.pb.gov.br\/portal\/#organization"},"articleSection":["A\u00e7\u00f5es Policiais"],"inLanguage":"pt-BR"},{"@type":"WebPage","@id":"https:\/\/www.pm.pb.gov.br\/portal\/2025\/12\/02\/operacao-resgata-aves-silvestres-e-apreende-tres-armas-de-fogo-em-salgado-de-sao-felix\/","url":"https:\/\/www.pm.pb.gov.br\/portal\/2025\/12\/02\/operacao-resgata-aves-silvestres-e-apreende-tres-armas-de-fogo-em-salgado-de-sao-felix\/","name":"Opera\u00e7\u00e3o resgata aves silvestres e apreende tr\u00eas armas de fogo em Salgado de S\u00e3o F\u00e9lix - Pol\u00edcia Militar da Para\u00edba","isPartOf":{"@id":"https:\/\/www.pm.pb.gov.br\/portal\/#website"},"datePublished":"2025-12-02T17:58:53+00:00","dateModified":"2025-12-02T17:58:56+00:00","breadcrumb":{"@id":"https:\/\/www.pm.pb.gov.br\/portal\/2025\/12\/02\/operacao-resgata-aves-silvestres-e-apreende-tres-armas-de-fogo-em-salgado-de-sao-felix\/#breadcrumb"},"inLanguage":"pt-BR","potentialAction":[{"@type":"ReadAction","target":["https:\/\/www.pm.pb.gov.br\/portal\/2025\/12\/02\/operacao-resgata-aves-silvestres-e-apreende-tres-armas-de-fogo-em-salgado-de-sao-felix\/"]}]},{"@type":"BreadcrumbList","@id":"https:\/\/www.pm.pb.gov.br\/portal\/2025\/12\/02\/operacao-resgata-aves-silvestres-e-apreende-tres-armas-de-fogo-em-salgado-de-sao-felix\/#breadcrumb","itemListElement":[{"@type":"ListItem","position":1,"name":"In\u00edcio","item":"https:\/\/www.pm.pb.gov.br\/portal\/"},{"@type":"ListItem","position":2,"name":"Opera\u00e7\u00e3o resgata aves silvestres e apreende tr\u00eas armas de fogo em Salgado de S\u00e3o F\u00e9lix"}]},{"@type":"WebSite","@id":"https:\/\/www.pm.pb.gov.br\/portal\/#website","url":"https:\/\/www.pm.pb.gov.br\/portal\/","name":"Pol\u00edcia Militar da Para\u00edba","description":"","publisher":{"@id":"https:\/\/www.pm.pb.gov.br\/portal\/#organization"},"potentialAction":[{"@type":"SearchAction","target":{"@type":"EntryPoint","urlTemplate":"https:\/\/www.pm.pb.gov.br\/portal\/?s={search_term_string}"},"query-input":"required name=search_term_string"}],"inLanguage":"pt-BR"},{"@type":"Organization","@id":"https:\/\/www.pm.pb.gov.br\/portal\/#organization","name":"Pol\u00edcia Militar da Para\u00edba","url":"https:\/\/www.pm.pb.gov.br\/portal\/","logo":{"@type":"ImageObject","inLanguage":"pt-BR","@id":"https:\/\/www.pm.pb.gov.br\/portal\/#\/schema\/logo\/image\/","url":"https:\/\/www.pm.pb.gov.br\/portal\/wp-content\/uploads\/2025\/03\/cropped-logo-site-mag2-1.png","contentUrl":"https:\/\/www.pm.pb.gov.br\/portal\/wp-content\/uploads\/2025\/03\/cropped-logo-site-mag2-1.png","width":320,"height":90,"caption":"Pol\u00edcia Militar da Para\u00edba"},"image":{"@id":"https:\/\/www.pm.pb.gov.br\/portal\/#\/schema\/logo\/image\/"}},{"@type":"Person","@id":"https:\/\/www.pm.pb.gov.br\/portal\/#\/schema\/person\/e8454f46651c3ecf0e1ba3c1666d9947","name":"Assessoria de Imprensa da PMPB","image":{"@type":"ImageObject","inLanguage":"pt-BR","@id":"https:\/\/www.pm.pb.gov.br\/portal\/#\/schema\/person\/image\/","url":"https:\/\/secure.gravatar.com\/avatar\/2efe197438265d1e90bd98c4c8e1acf8?s=96&d=mm&r=g","contentUrl":"https:\/\/secure.gravatar.com\/avatar\/2efe197438265d1e90bd98c4c8e1acf8?s=96&d=mm&r=g","caption":"Assessoria de Imprensa da PMPB"},"url":"https:\/\/www.pm.pb.gov.br\/portal\/author\/assessoria\/"}]}},"_links":{"self":[{"href":"https:\/\/www.pm.pb.gov.br\/portal\/wp-json\/wp\/v2\/posts\/929171"}],"collection":[{"href":"https:\/\/www.pm.pb.gov.br\/portal\/wp-json\/wp\/v2\/posts"}],"about":[{"href":"https:\/\/www.pm.pb.gov.br\/portal\/wp-json\/wp\/v2\/types\/post"}],"author":[{"embeddable":true,"href":"https:\/\/www.pm.pb.gov.br\/portal\/wp-json\/wp\/v2\/users\/5"}],"replies":[{"embeddable":true,"href":"https:\/\/www.pm.pb.gov.br\/portal\/wp-json\/wp\/v2\/comments?post=929171"}],"version-history":[{"count":1,"href":"https:\/\/www.pm.pb.gov.br\/portal\/wp-json\/wp\/v2\/posts\/929171\/revisions"}],"predecessor-version":[{"id":929176,"href":"https:\/\/www.pm.pb.gov.br\/portal\/wp-json\/wp\/v2\/posts\/929171\/revisions\/929176"}],"wp:featuredmedia":[{"embeddable":true,"href":"https:\/\/www.pm.pb.gov.br\/portal\/wp-json\/wp\/v2\/media\/929173"}],"wp:attachment":[{"href":"https:\/\/www.pm.pb.gov.br\/portal\/wp-json\/wp\/v2\/media?parent=929171"}],"wp:term":[{"taxonomy":"category","embeddable":true,"href":"https:\/\/www.pm.pb.gov.br\/portal\/wp-json\/wp\/v2\/categories?post=929171"},{"taxonomy":"post_tag","embeddable":true,"href":"https:\/\/www.pm.pb.gov.br\/portal\/wp-json\/wp\/v2\/tags?post=929171"}],"curies":[{"name":"wp","href":"https:\/\/api.w.org\/{rel}","templated":true}]}}