{"id":929160,"date":"2025-12-02T12:37:17","date_gmt":"2025-12-02T15:37:17","guid":{"rendered":"https:\/\/www.pm.pb.gov.br\/portal\/?p=929160"},"modified":"2025-12-02T12:37:19","modified_gmt":"2025-12-02T15:37:19","slug":"policia-militar-apreende-drogas-e-prende-suspeitos-em-acoes-distintas-em-campina-grande","status":"publish","type":"post","link":"https:\/\/www.pm.pb.gov.br\/portal\/2025\/12\/02\/policia-militar-apreende-drogas-e-prende-suspeitos-em-acoes-distintas-em-campina-grande\/","title":{"rendered":"Pol\u00edcia Militar apreende drogas e prende suspeitos em a\u00e7\u00f5es distintas em Campina Grande"},"content":{"rendered":"\n<p>Nessa segunda-feira (1), policiais do 2\u00ba Batalh\u00e3o de Pol\u00edcia Militar prenderam dois suspeitos e apreenderam v\u00e1rias drogas em duas a\u00e7\u00f5es distintas na cidade de Campina Grande-PB. As a\u00e7\u00f5es t\u00eam por objetivo o combate ao crime organizado e o tr\u00e1fico de drogas na regi\u00e3o.<\/p>\n\n\n\n<p>Na manh\u00e3, a equipe estava policiamento no bairro do Pedregal quando visualizou uma mulher saindo de um beco com uma sacola suspeita na m\u00e3o. Na abordagem, foram encontrados na sacola 30 pinos de coca\u00edna, 263 sacol\u00e9s de maconha, 2 tabletes de maconha, al\u00e9m de balan\u00e7as digitais e celulares. A suspeita foi presa e conduzida.<\/p>\n\n\n\n<p>Durante a noite, a equipe policial realizava rondas no bairro das Cidades, quando interceptou um homem em um ponto conhecido pelo intenso tr\u00e1fico de drogas. O suspeito portava uma sacola que, ao perceber a presen\u00e7a dos policiais, tentou fugir, mas foi logo alcan\u00e7ado. Na abordagem, foi encontrado um tablete de maconha prensada. O suspeito foi preso e conduzido \u00e0 Delegacia<\/p>\n\n\n\n<p>Todos os materiais apreendidos foram encaminhados \u00e0 Central da Pol\u00edcia Civil de Campina Grande, para os demais procedimentos legais.<\/p>\n","protected":false},"excerpt":{"rendered":"<p>Nessa segunda-feira (1), policiais do 2\u00ba Batalh\u00e3o de Pol\u00edcia Militar prenderam dois suspeitos e apreenderam v\u00e1rias drogas em duas a\u00e7\u00f5es<\/p>\n","protected":false},"author":11,"featured_media":916237,"comment_status":"closed","ping_status":"closed","sticky":false,"template":"","format":"standard","meta":{"_exactmetrics_skip_tracking":false,"_exactmetrics_sitenote_active":false,"_exactmetrics_sitenote_note":"","_exactmetrics_sitenote_category":0,"footnotes":""},"categories":[4],"tags":[],"yoast_head":"<!-- This site is optimized with the Yoast SEO plugin v22.0 - https:\/\/yoast.com\/wordpress\/plugins\/seo\/ -->\n<title>Pol\u00edcia Militar apreende drogas e prende suspeitos em a\u00e7\u00f5es distintas em Campina Grande - Pol\u00edcia Militar da Para\u00edba<\/title>\n<meta name=\"robots\" content=\"index, follow, max-snippet:-1, max-image-preview:large, max-video-preview:-1\" \/>\n<link rel=\"canonical\" href=\"https:\/\/www.pm.pb.gov.br\/portal\/2025\/12\/02\/policia-militar-apreende-drogas-e-prende-suspeitos-em-acoes-distintas-em-campina-grande\/\" \/>\n<meta property=\"og:locale\" content=\"pt_BR\" \/>\n<meta property=\"og:type\" content=\"article\" \/>\n<meta property=\"og:title\" content=\"Pol\u00edcia Militar apreende drogas e prende suspeitos em a\u00e7\u00f5es distintas em Campina Grande - Pol\u00edcia Militar da Para\u00edba\" \/>\n<meta property=\"og:description\" content=\"Nessa segunda-feira (1), policiais do 2\u00ba Batalh\u00e3o de Pol\u00edcia Militar prenderam dois suspeitos e apreenderam v\u00e1rias drogas em duas a\u00e7\u00f5es\" \/>\n<meta property=\"og:url\" content=\"https:\/\/www.pm.pb.gov.br\/portal\/2025\/12\/02\/policia-militar-apreende-drogas-e-prende-suspeitos-em-acoes-distintas-em-campina-grande\/\" \/>\n<meta property=\"og:site_name\" content=\"Pol\u00edcia Militar da Para\u00edba\" \/>\n<meta property=\"article:published_time\" content=\"2025-12-02T15:37:17+00:00\" \/>\n<meta property=\"article:modified_time\" content=\"2025-12-02T15:37:19+00:00\" \/>\n<meta property=\"og:image\" content=\"http:\/\/www.pm.pb.gov.br\/portal\/wp-content\/uploads\/2023\/04\/ilustrativa-1.jpeg\" \/>\n\t<meta property=\"og:image:width\" content=\"800\" \/>\n\t<meta property=\"og:image:height\" content=\"445\" \/>\n\t<meta property=\"og:image:type\" content=\"image\/jpeg\" \/>\n<meta name=\"author\" content=\"Hermerson Pedro\" \/>\n<meta name=\"twitter:card\" content=\"summary_large_image\" \/>\n<meta name=\"twitter:label1\" content=\"Escrito por\" \/>\n\t<meta name=\"twitter:data1\" content=\"Hermerson Pedro\" \/>\n\t<meta name=\"twitter:label2\" content=\"Est. tempo de leitura\" \/>\n\t<meta name=\"twitter:data2\" content=\"2 minutos\" \/>\n<script type=\"application\/ld+json\" class=\"yoast-schema-graph\">{\"@context\":\"https:\/\/schema.org\",\"@graph\":[{\"@type\":\"Article\",\"@id\":\"https:\/\/www.pm.pb.gov.br\/portal\/2025\/12\/02\/policia-militar-apreende-drogas-e-prende-suspeitos-em-acoes-distintas-em-campina-grande\/#article\",\"isPartOf\":{\"@id\":\"https:\/\/www.pm.pb.gov.br\/portal\/2025\/12\/02\/policia-militar-apreende-drogas-e-prende-suspeitos-em-acoes-distintas-em-campina-grande\/\"},\"author\":{\"name\":\"Hermerson Pedro\",\"@id\":\"https:\/\/www.pm.pb.gov.br\/portal\/#\/schema\/person\/d14ec57cfec6ba094c033291a557dc3b\"},\"headline\":\"Pol\u00edcia Militar apreende drogas e prende suspeitos em a\u00e7\u00f5es distintas em Campina Grande\",\"datePublished\":\"2025-12-02T15:37:17+00:00\",\"dateModified\":\"2025-12-02T15:37:19+00:00\",\"mainEntityOfPage\":{\"@id\":\"https:\/\/www.pm.pb.gov.br\/portal\/2025\/12\/02\/policia-militar-apreende-drogas-e-prende-suspeitos-em-acoes-distintas-em-campina-grande\/\"},\"wordCount\":201,\"publisher\":{\"@id\":\"https:\/\/www.pm.pb.gov.br\/portal\/#organization\"},\"articleSection\":[\"A\u00e7\u00f5es Policiais\"],\"inLanguage\":\"pt-BR\"},{\"@type\":\"WebPage\",\"@id\":\"https:\/\/www.pm.pb.gov.br\/portal\/2025\/12\/02\/policia-militar-apreende-drogas-e-prende-suspeitos-em-acoes-distintas-em-campina-grande\/\",\"url\":\"https:\/\/www.pm.pb.gov.br\/portal\/2025\/12\/02\/policia-militar-apreende-drogas-e-prende-suspeitos-em-acoes-distintas-em-campina-grande\/\",\"name\":\"Pol\u00edcia Militar apreende drogas e prende suspeitos em a\u00e7\u00f5es distintas em Campina Grande - Pol\u00edcia Militar da Para\u00edba\",\"isPartOf\":{\"@id\":\"https:\/\/www.pm.pb.gov.br\/portal\/#website\"},\"datePublished\":\"2025-12-02T15:37:17+00:00\",\"dateModified\":\"2025-12-02T15:37:19+00:00\",\"breadcrumb\":{\"@id\":\"https:\/\/www.pm.pb.gov.br\/portal\/2025\/12\/02\/policia-militar-apreende-drogas-e-prende-suspeitos-em-acoes-distintas-em-campina-grande\/#breadcrumb\"},\"inLanguage\":\"pt-BR\",\"potentialAction\":[{\"@type\":\"ReadAction\",\"target\":[\"https:\/\/www.pm.pb.gov.br\/portal\/2025\/12\/02\/policia-militar-apreende-drogas-e-prende-suspeitos-em-acoes-distintas-em-campina-grande\/\"]}]},{\"@type\":\"BreadcrumbList\",\"@id\":\"https:\/\/www.pm.pb.gov.br\/portal\/2025\/12\/02\/policia-militar-apreende-drogas-e-prende-suspeitos-em-acoes-distintas-em-campina-grande\/#breadcrumb\",\"itemListElement\":[{\"@type\":\"ListItem\",\"position\":1,\"name\":\"In\u00edcio\",\"item\":\"https:\/\/www.pm.pb.gov.br\/portal\/\"},{\"@type\":\"ListItem\",\"position\":2,\"name\":\"Pol\u00edcia Militar apreende drogas e prende suspeitos em a\u00e7\u00f5es distintas em Campina Grande\"}]},{\"@type\":\"WebSite\",\"@id\":\"https:\/\/www.pm.pb.gov.br\/portal\/#website\",\"url\":\"https:\/\/www.pm.pb.gov.br\/portal\/\",\"name\":\"Pol\u00edcia Militar da Para\u00edba\",\"description\":\"\",\"publisher\":{\"@id\":\"https:\/\/www.pm.pb.gov.br\/portal\/#organization\"},\"potentialAction\":[{\"@type\":\"SearchAction\",\"target\":{\"@type\":\"EntryPoint\",\"urlTemplate\":\"https:\/\/www.pm.pb.gov.br\/portal\/?s={search_term_string}\"},\"query-input\":\"required name=search_term_string\"}],\"inLanguage\":\"pt-BR\"},{\"@type\":\"Organization\",\"@id\":\"https:\/\/www.pm.pb.gov.br\/portal\/#organization\",\"name\":\"Pol\u00edcia Militar da Para\u00edba\",\"url\":\"https:\/\/www.pm.pb.gov.br\/portal\/\",\"logo\":{\"@type\":\"ImageObject\",\"inLanguage\":\"pt-BR\",\"@id\":\"https:\/\/www.pm.pb.gov.br\/portal\/#\/schema\/logo\/image\/\",\"url\":\"https:\/\/www.pm.pb.gov.br\/portal\/wp-content\/uploads\/2025\/03\/cropped-logo-site-mag2-1.png\",\"contentUrl\":\"https:\/\/www.pm.pb.gov.br\/portal\/wp-content\/uploads\/2025\/03\/cropped-logo-site-mag2-1.png\",\"width\":320,\"height\":90,\"caption\":\"Pol\u00edcia Militar da Para\u00edba\"},\"image\":{\"@id\":\"https:\/\/www.pm.pb.gov.br\/portal\/#\/schema\/logo\/image\/\"}},{\"@type\":\"Person\",\"@id\":\"https:\/\/www.pm.pb.gov.br\/portal\/#\/schema\/person\/d14ec57cfec6ba094c033291a557dc3b\",\"name\":\"Hermerson Pedro\",\"image\":{\"@type\":\"ImageObject\",\"inLanguage\":\"pt-BR\",\"@id\":\"https:\/\/www.pm.pb.gov.br\/portal\/#\/schema\/person\/image\/\",\"url\":\"https:\/\/secure.gravatar.com\/avatar\/179290e0ec2caf97139df534dc3e55df?s=96&d=mm&r=g\",\"contentUrl\":\"https:\/\/secure.gravatar.com\/avatar\/179290e0ec2caf97139df534dc3e55df?s=96&d=mm&r=g\",\"caption\":\"Hermerson Pedro\"},\"url\":\"https:\/\/www.pm.pb.gov.br\/portal\/author\/hermerson\/\"}]}<\/script>\n<!-- \/ Yoast SEO plugin. -->","yoast_head_json":{"title":"Pol\u00edcia Militar apreende drogas e prende suspeitos em a\u00e7\u00f5es distintas em Campina Grande - Pol\u00edcia Militar da Para\u00edba","robots":{"index":"index","follow":"follow","max-snippet":"max-snippet:-1","max-image-preview":"max-image-preview:large","max-video-preview":"max-video-preview:-1"},"canonical":"https:\/\/www.pm.pb.gov.br\/portal\/2025\/12\/02\/policia-militar-apreende-drogas-e-prende-suspeitos-em-acoes-distintas-em-campina-grande\/","og_locale":"pt_BR","og_type":"article","og_title":"Pol\u00edcia Militar apreende drogas e prende suspeitos em a\u00e7\u00f5es distintas em Campina Grande - Pol\u00edcia Militar da Para\u00edba","og_description":"Nessa segunda-feira (1), policiais do 2\u00ba Batalh\u00e3o de Pol\u00edcia Militar prenderam dois suspeitos e apreenderam v\u00e1rias drogas em duas a\u00e7\u00f5es","og_url":"https:\/\/www.pm.pb.gov.br\/portal\/2025\/12\/02\/policia-militar-apreende-drogas-e-prende-suspeitos-em-acoes-distintas-em-campina-grande\/","og_site_name":"Pol\u00edcia Militar da Para\u00edba","article_published_time":"2025-12-02T15:37:17+00:00","article_modified_time":"2025-12-02T15:37:19+00:00","og_image":[{"width":800,"height":445,"url":"http:\/\/www.pm.pb.gov.br\/portal\/wp-content\/uploads\/2023\/04\/ilustrativa-1.jpeg","type":"image\/jpeg"}],"author":"Hermerson Pedro","twitter_card":"summary_large_image","twitter_misc":{"Escrito por":"Hermerson Pedro","Est. tempo de leitura":"2 minutos"},"schema":{"@context":"https:\/\/schema.org","@graph":[{"@type":"Article","@id":"https:\/\/www.pm.pb.gov.br\/portal\/2025\/12\/02\/policia-militar-apreende-drogas-e-prende-suspeitos-em-acoes-distintas-em-campina-grande\/#article","isPartOf":{"@id":"https:\/\/www.pm.pb.gov.br\/portal\/2025\/12\/02\/policia-militar-apreende-drogas-e-prende-suspeitos-em-acoes-distintas-em-campina-grande\/"},"author":{"name":"Hermerson Pedro","@id":"https:\/\/www.pm.pb.gov.br\/portal\/#\/schema\/person\/d14ec57cfec6ba094c033291a557dc3b"},"headline":"Pol\u00edcia Militar apreende drogas e prende suspeitos em a\u00e7\u00f5es distintas em Campina Grande","datePublished":"2025-12-02T15:37:17+00:00","dateModified":"2025-12-02T15:37:19+00:00","mainEntityOfPage":{"@id":"https:\/\/www.pm.pb.gov.br\/portal\/2025\/12\/02\/policia-militar-apreende-drogas-e-prende-suspeitos-em-acoes-distintas-em-campina-grande\/"},"wordCount":201,"publisher":{"@id":"https:\/\/www.pm.pb.gov.br\/portal\/#organization"},"articleSection":["A\u00e7\u00f5es Policiais"],"inLanguage":"pt-BR"},{"@type":"WebPage","@id":"https:\/\/www.pm.pb.gov.br\/portal\/2025\/12\/02\/policia-militar-apreende-drogas-e-prende-suspeitos-em-acoes-distintas-em-campina-grande\/","url":"https:\/\/www.pm.pb.gov.br\/portal\/2025\/12\/02\/policia-militar-apreende-drogas-e-prende-suspeitos-em-acoes-distintas-em-campina-grande\/","name":"Pol\u00edcia Militar apreende drogas e prende suspeitos em a\u00e7\u00f5es distintas em Campina Grande - Pol\u00edcia Militar da Para\u00edba","isPartOf":{"@id":"https:\/\/www.pm.pb.gov.br\/portal\/#website"},"datePublished":"2025-12-02T15:37:17+00:00","dateModified":"2025-12-02T15:37:19+00:00","breadcrumb":{"@id":"https:\/\/www.pm.pb.gov.br\/portal\/2025\/12\/02\/policia-militar-apreende-drogas-e-prende-suspeitos-em-acoes-distintas-em-campina-grande\/#breadcrumb"},"inLanguage":"pt-BR","potentialAction":[{"@type":"ReadAction","target":["https:\/\/www.pm.pb.gov.br\/portal\/2025\/12\/02\/policia-militar-apreende-drogas-e-prende-suspeitos-em-acoes-distintas-em-campina-grande\/"]}]},{"@type":"BreadcrumbList","@id":"https:\/\/www.pm.pb.gov.br\/portal\/2025\/12\/02\/policia-militar-apreende-drogas-e-prende-suspeitos-em-acoes-distintas-em-campina-grande\/#breadcrumb","itemListElement":[{"@type":"ListItem","position":1,"name":"In\u00edcio","item":"https:\/\/www.pm.pb.gov.br\/portal\/"},{"@type":"ListItem","position":2,"name":"Pol\u00edcia Militar apreende drogas e prende suspeitos em a\u00e7\u00f5es distintas em Campina Grande"}]},{"@type":"WebSite","@id":"https:\/\/www.pm.pb.gov.br\/portal\/#website","url":"https:\/\/www.pm.pb.gov.br\/portal\/","name":"Pol\u00edcia Militar da Para\u00edba","description":"","publisher":{"@id":"https:\/\/www.pm.pb.gov.br\/portal\/#organization"},"potentialAction":[{"@type":"SearchAction","target":{"@type":"EntryPoint","urlTemplate":"https:\/\/www.pm.pb.gov.br\/portal\/?s={search_term_string}"},"query-input":"required name=search_term_string"}],"inLanguage":"pt-BR"},{"@type":"Organization","@id":"https:\/\/www.pm.pb.gov.br\/portal\/#organization","name":"Pol\u00edcia Militar da Para\u00edba","url":"https:\/\/www.pm.pb.gov.br\/portal\/","logo":{"@type":"ImageObject","inLanguage":"pt-BR","@id":"https:\/\/www.pm.pb.gov.br\/portal\/#\/schema\/logo\/image\/","url":"https:\/\/www.pm.pb.gov.br\/portal\/wp-content\/uploads\/2025\/03\/cropped-logo-site-mag2-1.png","contentUrl":"https:\/\/www.pm.pb.gov.br\/portal\/wp-content\/uploads\/2025\/03\/cropped-logo-site-mag2-1.png","width":320,"height":90,"caption":"Pol\u00edcia Militar da Para\u00edba"},"image":{"@id":"https:\/\/www.pm.pb.gov.br\/portal\/#\/schema\/logo\/image\/"}},{"@type":"Person","@id":"https:\/\/www.pm.pb.gov.br\/portal\/#\/schema\/person\/d14ec57cfec6ba094c033291a557dc3b","name":"Hermerson Pedro","image":{"@type":"ImageObject","inLanguage":"pt-BR","@id":"https:\/\/www.pm.pb.gov.br\/portal\/#\/schema\/person\/image\/","url":"https:\/\/secure.gravatar.com\/avatar\/179290e0ec2caf97139df534dc3e55df?s=96&d=mm&r=g","contentUrl":"https:\/\/secure.gravatar.com\/avatar\/179290e0ec2caf97139df534dc3e55df?s=96&d=mm&r=g","caption":"Hermerson Pedro"},"url":"https:\/\/www.pm.pb.gov.br\/portal\/author\/hermerson\/"}]}},"_links":{"self":[{"href":"https:\/\/www.pm.pb.gov.br\/portal\/wp-json\/wp\/v2\/posts\/929160"}],"collection":[{"href":"https:\/\/www.pm.pb.gov.br\/portal\/wp-json\/wp\/v2\/posts"}],"about":[{"href":"https:\/\/www.pm.pb.gov.br\/portal\/wp-json\/wp\/v2\/types\/post"}],"author":[{"embeddable":true,"href":"https:\/\/www.pm.pb.gov.br\/portal\/wp-json\/wp\/v2\/users\/11"}],"replies":[{"embeddable":true,"href":"https:\/\/www.pm.pb.gov.br\/portal\/wp-json\/wp\/v2\/comments?post=929160"}],"version-history":[{"count":1,"href":"https:\/\/www.pm.pb.gov.br\/portal\/wp-json\/wp\/v2\/posts\/929160\/revisions"}],"predecessor-version":[{"id":929161,"href":"https:\/\/www.pm.pb.gov.br\/portal\/wp-json\/wp\/v2\/posts\/929160\/revisions\/929161"}],"wp:featuredmedia":[{"embeddable":true,"href":"https:\/\/www.pm.pb.gov.br\/portal\/wp-json\/wp\/v2\/media\/916237"}],"wp:attachment":[{"href":"https:\/\/www.pm.pb.gov.br\/portal\/wp-json\/wp\/v2\/media?parent=929160"}],"wp:term":[{"taxonomy":"category","embeddable":true,"href":"https:\/\/www.pm.pb.gov.br\/portal\/wp-json\/wp\/v2\/categories?post=929160"},{"taxonomy":"post_tag","embeddable":true,"href":"https:\/\/www.pm.pb.gov.br\/portal\/wp-json\/wp\/v2\/tags?post=929160"}],"curies":[{"name":"wp","href":"https:\/\/api.w.org\/{rel}","templated":true}]}}