{"id":929130,"date":"2025-12-01T16:03:45","date_gmt":"2025-12-01T19:03:45","guid":{"rendered":"https:\/\/www.pm.pb.gov.br\/portal\/?p=929130"},"modified":"2025-12-01T16:06:23","modified_gmt":"2025-12-01T19:06:23","slug":"fuzis-e-mais-pm-aumenta-apreensoes-de-armas-de-fogo-drogas-e-prisao-de-foragidos-em-novembro","status":"publish","type":"post","link":"https:\/\/www.pm.pb.gov.br\/portal\/2025\/12\/01\/fuzis-e-mais-pm-aumenta-apreensoes-de-armas-de-fogo-drogas-e-prisao-de-foragidos-em-novembro\/","title":{"rendered":"FUZIS E MAIS: PM aumenta apreens\u00f5es de armas de fogo, drogas e pris\u00e3o de foragidos em novembro"},"content":{"rendered":"\n\n\n<p>A Pol\u00edcia Militar fechou o m\u00eas de novembro com quatro fuzis apreendidos na grande Jo\u00e3o Pessoa e, ao todo, 162 armas apreendidas em todo o estado. O dado \u00e9 resultado direto do combate a grupos criminosos, a\u00e7\u00f5es qualificadas, policiamento preventivo e outras opera\u00e7\u00f5es da PM na Para\u00edba. O n\u00famero de armas apreendida \u00e9 maior do que o mesmo per\u00edodo do ano passado.<\/p>\n<p>Armamentos com grande poder de fogo, os fuzis foram apreendidos em bairros da zona sul como Gramame, bairro das Ind\u00fastrias, al\u00e9m das cidades de Cabedelo e Bayeux. Eles estavam sendo usados por grupos criminosos. Em Cabedelo, um ex-presidi\u00e1rio que estava com um desses fuzis al\u00e9m de uma submetralhadora, foi preso no \u00faltimo final de semana (foto abaixo). A corpora\u00e7\u00e3o vai continuar refor\u00e7ando o combate \u00e0s fac\u00e7\u00f5es.<\/p>\n<p><img loading=\"lazy\" decoding=\"async\" class=\"alignnone size-medium wp-image-929108\" src=\"http:\/\/www.pm.pb.gov.br\/portal\/wp-content\/uploads\/2025\/11\/WhatsApp-Image-2025-11-29-at-10.11.59-AM-791x445.jpeg\" alt=\"\" width=\"791\" height=\"445\" srcset=\"https:\/\/www.pm.pb.gov.br\/portal\/wp-content\/uploads\/2025\/11\/WhatsApp-Image-2025-11-29-at-10.11.59-AM-791x445.jpeg 791w, https:\/\/www.pm.pb.gov.br\/portal\/wp-content\/uploads\/2025\/11\/WhatsApp-Image-2025-11-29-at-10.11.59-AM-1013x570.jpeg 1013w, https:\/\/www.pm.pb.gov.br\/portal\/wp-content\/uploads\/2025\/11\/WhatsApp-Image-2025-11-29-at-10.11.59-AM-768x432.jpeg 768w, https:\/\/www.pm.pb.gov.br\/portal\/wp-content\/uploads\/2025\/11\/WhatsApp-Image-2025-11-29-at-10.11.59-AM.jpeg 1280w\" sizes=\"(max-width: 791px) 100vw, 791px\" \/><\/p>\n<p>Ao todo, em 30 dias, foram 162 armas apreendidas pela PM, que estavam sendo usadas em assaltos, no tr\u00e1fico, nos crimes de porte e posse ilegal, que estavam com foragidos, entre outros delitos. Em novembro de 2024, foram 150 armas apreendidas.<\/p>\n<p><strong>Pris\u00f5es aumentam &#8211;<\/strong> Entre os infratores presos durante o m\u00eas, a corpora\u00e7\u00e3o registrou 1287 flagrantes, e 218 mandados cumpridos contra acusados por diversos crimes. Os n\u00fameros s\u00e3o maiores do que o per\u00edodo de 2024, quando 1105 flagrantes foram feitos e 163 mandados cumpridos.<\/p>\n<p><strong>Mais drogas apreendidas<\/strong> \u2013 As a\u00e7\u00f5es da PM tamb\u00e9m resultaram em mais drogas apreendidas na Para\u00edba. Neste \u00faltimo m\u00eas a corpora\u00e7\u00e3o apreendeu cerca de 116 quilos de diversos tipos de entorpecentes. No mesmo per\u00edodo do ano passado, foram 99 quilos.<\/p>\n<p>Os dados s\u00e3o do Estado-Maior Estrat\u00e9gico, foram divulgados na tarde desta segunda-feira (1\u00ba) e devem orientar a execu\u00e7\u00e3o das a\u00e7\u00f5es policiais para o \u00faltimo m\u00eas do ano.<\/p>\n","protected":false},"excerpt":{"rendered":"<p>A Pol\u00edcia Militar fechou o m\u00eas de novembro com quatro fuzis apreendidos na grande Jo\u00e3o Pessoa e, ao todo, 162<\/p>\n","protected":false},"author":5,"featured_media":929131,"comment_status":"closed","ping_status":"closed","sticky":false,"template":"","format":"standard","meta":{"_exactmetrics_skip_tracking":false,"_exactmetrics_sitenote_active":false,"_exactmetrics_sitenote_note":"","_exactmetrics_sitenote_category":0,"footnotes":""},"categories":[4],"tags":[],"yoast_head":"<!-- This site is optimized with the Yoast SEO plugin v22.0 - https:\/\/yoast.com\/wordpress\/plugins\/seo\/ -->\n<title>FUZIS E MAIS: PM aumenta apreens\u00f5es de armas de fogo, drogas e pris\u00e3o de foragidos em novembro - Pol\u00edcia Militar da Para\u00edba<\/title>\n<meta name=\"robots\" content=\"index, follow, max-snippet:-1, max-image-preview:large, max-video-preview:-1\" \/>\n<link rel=\"canonical\" href=\"https:\/\/www.pm.pb.gov.br\/portal\/2025\/12\/01\/fuzis-e-mais-pm-aumenta-apreensoes-de-armas-de-fogo-drogas-e-prisao-de-foragidos-em-novembro\/\" \/>\n<meta property=\"og:locale\" content=\"pt_BR\" \/>\n<meta property=\"og:type\" content=\"article\" \/>\n<meta property=\"og:title\" content=\"FUZIS E MAIS: PM aumenta apreens\u00f5es de armas de fogo, drogas e pris\u00e3o de foragidos em novembro - Pol\u00edcia Militar da Para\u00edba\" \/>\n<meta property=\"og:description\" content=\"A Pol\u00edcia Militar fechou o m\u00eas de novembro com quatro fuzis apreendidos na grande Jo\u00e3o Pessoa e, ao todo, 162\" \/>\n<meta property=\"og:url\" content=\"https:\/\/www.pm.pb.gov.br\/portal\/2025\/12\/01\/fuzis-e-mais-pm-aumenta-apreensoes-de-armas-de-fogo-drogas-e-prisao-de-foragidos-em-novembro\/\" \/>\n<meta property=\"og:site_name\" content=\"Pol\u00edcia Militar da Para\u00edba\" \/>\n<meta property=\"article:published_time\" content=\"2025-12-01T19:03:45+00:00\" \/>\n<meta property=\"article:modified_time\" content=\"2025-12-01T19:06:23+00:00\" \/>\n<meta property=\"og:image\" content=\"http:\/\/www.pm.pb.gov.br\/portal\/wp-content\/uploads\/2025\/12\/IMG-20251201-WA0050.jpg\" \/>\n\t<meta property=\"og:image:width\" content=\"1600\" \/>\n\t<meta property=\"og:image:height\" content=\"900\" \/>\n\t<meta property=\"og:image:type\" content=\"image\/jpeg\" \/>\n<meta name=\"author\" content=\"Assessoria de Imprensa da PMPB\" \/>\n<meta name=\"twitter:card\" content=\"summary_large_image\" \/>\n<meta name=\"twitter:label1\" content=\"Escrito por\" \/>\n\t<meta name=\"twitter:data1\" content=\"Assessoria de Imprensa da PMPB\" \/>\n\t<meta name=\"twitter:label2\" content=\"Est. tempo de leitura\" \/>\n\t<meta name=\"twitter:data2\" content=\"2 minutos\" \/>\n<script type=\"application\/ld+json\" class=\"yoast-schema-graph\">{\"@context\":\"https:\/\/schema.org\",\"@graph\":[{\"@type\":\"Article\",\"@id\":\"https:\/\/www.pm.pb.gov.br\/portal\/2025\/12\/01\/fuzis-e-mais-pm-aumenta-apreensoes-de-armas-de-fogo-drogas-e-prisao-de-foragidos-em-novembro\/#article\",\"isPartOf\":{\"@id\":\"https:\/\/www.pm.pb.gov.br\/portal\/2025\/12\/01\/fuzis-e-mais-pm-aumenta-apreensoes-de-armas-de-fogo-drogas-e-prisao-de-foragidos-em-novembro\/\"},\"author\":{\"name\":\"Assessoria de Imprensa da PMPB\",\"@id\":\"https:\/\/www.pm.pb.gov.br\/portal\/#\/schema\/person\/e8454f46651c3ecf0e1ba3c1666d9947\"},\"headline\":\"FUZIS E MAIS: PM aumenta apreens\u00f5es de armas de fogo, drogas e pris\u00e3o de foragidos em novembro\",\"datePublished\":\"2025-12-01T19:03:45+00:00\",\"dateModified\":\"2025-12-01T19:06:23+00:00\",\"mainEntityOfPage\":{\"@id\":\"https:\/\/www.pm.pb.gov.br\/portal\/2025\/12\/01\/fuzis-e-mais-pm-aumenta-apreensoes-de-armas-de-fogo-drogas-e-prisao-de-foragidos-em-novembro\/\"},\"wordCount\":315,\"publisher\":{\"@id\":\"https:\/\/www.pm.pb.gov.br\/portal\/#organization\"},\"articleSection\":[\"A\u00e7\u00f5es Policiais\"],\"inLanguage\":\"pt-BR\"},{\"@type\":\"WebPage\",\"@id\":\"https:\/\/www.pm.pb.gov.br\/portal\/2025\/12\/01\/fuzis-e-mais-pm-aumenta-apreensoes-de-armas-de-fogo-drogas-e-prisao-de-foragidos-em-novembro\/\",\"url\":\"https:\/\/www.pm.pb.gov.br\/portal\/2025\/12\/01\/fuzis-e-mais-pm-aumenta-apreensoes-de-armas-de-fogo-drogas-e-prisao-de-foragidos-em-novembro\/\",\"name\":\"FUZIS E MAIS: PM aumenta apreens\u00f5es de armas de fogo, drogas e pris\u00e3o de foragidos em novembro - Pol\u00edcia Militar da Para\u00edba\",\"isPartOf\":{\"@id\":\"https:\/\/www.pm.pb.gov.br\/portal\/#website\"},\"datePublished\":\"2025-12-01T19:03:45+00:00\",\"dateModified\":\"2025-12-01T19:06:23+00:00\",\"breadcrumb\":{\"@id\":\"https:\/\/www.pm.pb.gov.br\/portal\/2025\/12\/01\/fuzis-e-mais-pm-aumenta-apreensoes-de-armas-de-fogo-drogas-e-prisao-de-foragidos-em-novembro\/#breadcrumb\"},\"inLanguage\":\"pt-BR\",\"potentialAction\":[{\"@type\":\"ReadAction\",\"target\":[\"https:\/\/www.pm.pb.gov.br\/portal\/2025\/12\/01\/fuzis-e-mais-pm-aumenta-apreensoes-de-armas-de-fogo-drogas-e-prisao-de-foragidos-em-novembro\/\"]}]},{\"@type\":\"BreadcrumbList\",\"@id\":\"https:\/\/www.pm.pb.gov.br\/portal\/2025\/12\/01\/fuzis-e-mais-pm-aumenta-apreensoes-de-armas-de-fogo-drogas-e-prisao-de-foragidos-em-novembro\/#breadcrumb\",\"itemListElement\":[{\"@type\":\"ListItem\",\"position\":1,\"name\":\"In\u00edcio\",\"item\":\"https:\/\/www.pm.pb.gov.br\/portal\/\"},{\"@type\":\"ListItem\",\"position\":2,\"name\":\"FUZIS E MAIS: PM aumenta apreens\u00f5es de armas de fogo, drogas e pris\u00e3o de foragidos em novembro\"}]},{\"@type\":\"WebSite\",\"@id\":\"https:\/\/www.pm.pb.gov.br\/portal\/#website\",\"url\":\"https:\/\/www.pm.pb.gov.br\/portal\/\",\"name\":\"Pol\u00edcia Militar da Para\u00edba\",\"description\":\"\",\"publisher\":{\"@id\":\"https:\/\/www.pm.pb.gov.br\/portal\/#organization\"},\"potentialAction\":[{\"@type\":\"SearchAction\",\"target\":{\"@type\":\"EntryPoint\",\"urlTemplate\":\"https:\/\/www.pm.pb.gov.br\/portal\/?s={search_term_string}\"},\"query-input\":\"required name=search_term_string\"}],\"inLanguage\":\"pt-BR\"},{\"@type\":\"Organization\",\"@id\":\"https:\/\/www.pm.pb.gov.br\/portal\/#organization\",\"name\":\"Pol\u00edcia Militar da Para\u00edba\",\"url\":\"https:\/\/www.pm.pb.gov.br\/portal\/\",\"logo\":{\"@type\":\"ImageObject\",\"inLanguage\":\"pt-BR\",\"@id\":\"https:\/\/www.pm.pb.gov.br\/portal\/#\/schema\/logo\/image\/\",\"url\":\"https:\/\/www.pm.pb.gov.br\/portal\/wp-content\/uploads\/2025\/03\/cropped-logo-site-mag2-1.png\",\"contentUrl\":\"https:\/\/www.pm.pb.gov.br\/portal\/wp-content\/uploads\/2025\/03\/cropped-logo-site-mag2-1.png\",\"width\":320,\"height\":90,\"caption\":\"Pol\u00edcia Militar da Para\u00edba\"},\"image\":{\"@id\":\"https:\/\/www.pm.pb.gov.br\/portal\/#\/schema\/logo\/image\/\"}},{\"@type\":\"Person\",\"@id\":\"https:\/\/www.pm.pb.gov.br\/portal\/#\/schema\/person\/e8454f46651c3ecf0e1ba3c1666d9947\",\"name\":\"Assessoria de Imprensa da PMPB\",\"image\":{\"@type\":\"ImageObject\",\"inLanguage\":\"pt-BR\",\"@id\":\"https:\/\/www.pm.pb.gov.br\/portal\/#\/schema\/person\/image\/\",\"url\":\"https:\/\/secure.gravatar.com\/avatar\/2efe197438265d1e90bd98c4c8e1acf8?s=96&d=mm&r=g\",\"contentUrl\":\"https:\/\/secure.gravatar.com\/avatar\/2efe197438265d1e90bd98c4c8e1acf8?s=96&d=mm&r=g\",\"caption\":\"Assessoria de Imprensa da PMPB\"},\"url\":\"https:\/\/www.pm.pb.gov.br\/portal\/author\/assessoria\/\"}]}<\/script>\n<!-- \/ Yoast SEO plugin. -->","yoast_head_json":{"title":"FUZIS E MAIS: PM aumenta apreens\u00f5es de armas de fogo, drogas e pris\u00e3o de foragidos em novembro - Pol\u00edcia Militar da Para\u00edba","robots":{"index":"index","follow":"follow","max-snippet":"max-snippet:-1","max-image-preview":"max-image-preview:large","max-video-preview":"max-video-preview:-1"},"canonical":"https:\/\/www.pm.pb.gov.br\/portal\/2025\/12\/01\/fuzis-e-mais-pm-aumenta-apreensoes-de-armas-de-fogo-drogas-e-prisao-de-foragidos-em-novembro\/","og_locale":"pt_BR","og_type":"article","og_title":"FUZIS E MAIS: PM aumenta apreens\u00f5es de armas de fogo, drogas e pris\u00e3o de foragidos em novembro - Pol\u00edcia Militar da Para\u00edba","og_description":"A Pol\u00edcia Militar fechou o m\u00eas de novembro com quatro fuzis apreendidos na grande Jo\u00e3o Pessoa e, ao todo, 162","og_url":"https:\/\/www.pm.pb.gov.br\/portal\/2025\/12\/01\/fuzis-e-mais-pm-aumenta-apreensoes-de-armas-de-fogo-drogas-e-prisao-de-foragidos-em-novembro\/","og_site_name":"Pol\u00edcia Militar da Para\u00edba","article_published_time":"2025-12-01T19:03:45+00:00","article_modified_time":"2025-12-01T19:06:23+00:00","og_image":[{"width":1600,"height":900,"url":"http:\/\/www.pm.pb.gov.br\/portal\/wp-content\/uploads\/2025\/12\/IMG-20251201-WA0050.jpg","type":"image\/jpeg"}],"author":"Assessoria de Imprensa da PMPB","twitter_card":"summary_large_image","twitter_misc":{"Escrito por":"Assessoria de Imprensa da PMPB","Est. tempo de leitura":"2 minutos"},"schema":{"@context":"https:\/\/schema.org","@graph":[{"@type":"Article","@id":"https:\/\/www.pm.pb.gov.br\/portal\/2025\/12\/01\/fuzis-e-mais-pm-aumenta-apreensoes-de-armas-de-fogo-drogas-e-prisao-de-foragidos-em-novembro\/#article","isPartOf":{"@id":"https:\/\/www.pm.pb.gov.br\/portal\/2025\/12\/01\/fuzis-e-mais-pm-aumenta-apreensoes-de-armas-de-fogo-drogas-e-prisao-de-foragidos-em-novembro\/"},"author":{"name":"Assessoria de Imprensa da PMPB","@id":"https:\/\/www.pm.pb.gov.br\/portal\/#\/schema\/person\/e8454f46651c3ecf0e1ba3c1666d9947"},"headline":"FUZIS E MAIS: PM aumenta apreens\u00f5es de armas de fogo, drogas e pris\u00e3o de foragidos em novembro","datePublished":"2025-12-01T19:03:45+00:00","dateModified":"2025-12-01T19:06:23+00:00","mainEntityOfPage":{"@id":"https:\/\/www.pm.pb.gov.br\/portal\/2025\/12\/01\/fuzis-e-mais-pm-aumenta-apreensoes-de-armas-de-fogo-drogas-e-prisao-de-foragidos-em-novembro\/"},"wordCount":315,"publisher":{"@id":"https:\/\/www.pm.pb.gov.br\/portal\/#organization"},"articleSection":["A\u00e7\u00f5es Policiais"],"inLanguage":"pt-BR"},{"@type":"WebPage","@id":"https:\/\/www.pm.pb.gov.br\/portal\/2025\/12\/01\/fuzis-e-mais-pm-aumenta-apreensoes-de-armas-de-fogo-drogas-e-prisao-de-foragidos-em-novembro\/","url":"https:\/\/www.pm.pb.gov.br\/portal\/2025\/12\/01\/fuzis-e-mais-pm-aumenta-apreensoes-de-armas-de-fogo-drogas-e-prisao-de-foragidos-em-novembro\/","name":"FUZIS E MAIS: PM aumenta apreens\u00f5es de armas de fogo, drogas e pris\u00e3o de foragidos em novembro - Pol\u00edcia Militar da Para\u00edba","isPartOf":{"@id":"https:\/\/www.pm.pb.gov.br\/portal\/#website"},"datePublished":"2025-12-01T19:03:45+00:00","dateModified":"2025-12-01T19:06:23+00:00","breadcrumb":{"@id":"https:\/\/www.pm.pb.gov.br\/portal\/2025\/12\/01\/fuzis-e-mais-pm-aumenta-apreensoes-de-armas-de-fogo-drogas-e-prisao-de-foragidos-em-novembro\/#breadcrumb"},"inLanguage":"pt-BR","potentialAction":[{"@type":"ReadAction","target":["https:\/\/www.pm.pb.gov.br\/portal\/2025\/12\/01\/fuzis-e-mais-pm-aumenta-apreensoes-de-armas-de-fogo-drogas-e-prisao-de-foragidos-em-novembro\/"]}]},{"@type":"BreadcrumbList","@id":"https:\/\/www.pm.pb.gov.br\/portal\/2025\/12\/01\/fuzis-e-mais-pm-aumenta-apreensoes-de-armas-de-fogo-drogas-e-prisao-de-foragidos-em-novembro\/#breadcrumb","itemListElement":[{"@type":"ListItem","position":1,"name":"In\u00edcio","item":"https:\/\/www.pm.pb.gov.br\/portal\/"},{"@type":"ListItem","position":2,"name":"FUZIS E MAIS: PM aumenta apreens\u00f5es de armas de fogo, drogas e pris\u00e3o de foragidos em novembro"}]},{"@type":"WebSite","@id":"https:\/\/www.pm.pb.gov.br\/portal\/#website","url":"https:\/\/www.pm.pb.gov.br\/portal\/","name":"Pol\u00edcia Militar da Para\u00edba","description":"","publisher":{"@id":"https:\/\/www.pm.pb.gov.br\/portal\/#organization"},"potentialAction":[{"@type":"SearchAction","target":{"@type":"EntryPoint","urlTemplate":"https:\/\/www.pm.pb.gov.br\/portal\/?s={search_term_string}"},"query-input":"required name=search_term_string"}],"inLanguage":"pt-BR"},{"@type":"Organization","@id":"https:\/\/www.pm.pb.gov.br\/portal\/#organization","name":"Pol\u00edcia Militar da Para\u00edba","url":"https:\/\/www.pm.pb.gov.br\/portal\/","logo":{"@type":"ImageObject","inLanguage":"pt-BR","@id":"https:\/\/www.pm.pb.gov.br\/portal\/#\/schema\/logo\/image\/","url":"https:\/\/www.pm.pb.gov.br\/portal\/wp-content\/uploads\/2025\/03\/cropped-logo-site-mag2-1.png","contentUrl":"https:\/\/www.pm.pb.gov.br\/portal\/wp-content\/uploads\/2025\/03\/cropped-logo-site-mag2-1.png","width":320,"height":90,"caption":"Pol\u00edcia Militar da Para\u00edba"},"image":{"@id":"https:\/\/www.pm.pb.gov.br\/portal\/#\/schema\/logo\/image\/"}},{"@type":"Person","@id":"https:\/\/www.pm.pb.gov.br\/portal\/#\/schema\/person\/e8454f46651c3ecf0e1ba3c1666d9947","name":"Assessoria de Imprensa da PMPB","image":{"@type":"ImageObject","inLanguage":"pt-BR","@id":"https:\/\/www.pm.pb.gov.br\/portal\/#\/schema\/person\/image\/","url":"https:\/\/secure.gravatar.com\/avatar\/2efe197438265d1e90bd98c4c8e1acf8?s=96&d=mm&r=g","contentUrl":"https:\/\/secure.gravatar.com\/avatar\/2efe197438265d1e90bd98c4c8e1acf8?s=96&d=mm&r=g","caption":"Assessoria de Imprensa da PMPB"},"url":"https:\/\/www.pm.pb.gov.br\/portal\/author\/assessoria\/"}]}},"_links":{"self":[{"href":"https:\/\/www.pm.pb.gov.br\/portal\/wp-json\/wp\/v2\/posts\/929130"}],"collection":[{"href":"https:\/\/www.pm.pb.gov.br\/portal\/wp-json\/wp\/v2\/posts"}],"about":[{"href":"https:\/\/www.pm.pb.gov.br\/portal\/wp-json\/wp\/v2\/types\/post"}],"author":[{"embeddable":true,"href":"https:\/\/www.pm.pb.gov.br\/portal\/wp-json\/wp\/v2\/users\/5"}],"replies":[{"embeddable":true,"href":"https:\/\/www.pm.pb.gov.br\/portal\/wp-json\/wp\/v2\/comments?post=929130"}],"version-history":[{"count":2,"href":"https:\/\/www.pm.pb.gov.br\/portal\/wp-json\/wp\/v2\/posts\/929130\/revisions"}],"predecessor-version":[{"id":929134,"href":"https:\/\/www.pm.pb.gov.br\/portal\/wp-json\/wp\/v2\/posts\/929130\/revisions\/929134"}],"wp:featuredmedia":[{"embeddable":true,"href":"https:\/\/www.pm.pb.gov.br\/portal\/wp-json\/wp\/v2\/media\/929131"}],"wp:attachment":[{"href":"https:\/\/www.pm.pb.gov.br\/portal\/wp-json\/wp\/v2\/media?parent=929130"}],"wp:term":[{"taxonomy":"category","embeddable":true,"href":"https:\/\/www.pm.pb.gov.br\/portal\/wp-json\/wp\/v2\/categories?post=929130"},{"taxonomy":"post_tag","embeddable":true,"href":"https:\/\/www.pm.pb.gov.br\/portal\/wp-json\/wp\/v2\/tags?post=929130"}],"curies":[{"name":"wp","href":"https:\/\/api.w.org\/{rel}","templated":true}]}}