{"id":929125,"date":"2025-12-03T10:08:14","date_gmt":"2025-12-03T13:08:14","guid":{"rendered":"https:\/\/www.pm.pb.gov.br\/portal\/?p=929125"},"modified":"2025-12-03T10:08:16","modified_gmt":"2025-12-03T13:08:16","slug":"governo-do-estado-publica-edital-com-30-vagas-para-o-curso-de-formacao-de-oficiais-da-policia-militar","status":"publish","type":"post","link":"https:\/\/www.pm.pb.gov.br\/portal\/2025\/12\/03\/governo-do-estado-publica-edital-com-30-vagas-para-o-curso-de-formacao-de-oficiais-da-policia-militar\/","title":{"rendered":"Governo do Estado publica edital com 30 vagas para o Curso de Forma\u00e7\u00e3o de Oficiais da Pol\u00edcia Militar"},"content":{"rendered":"O Governo do Estado, atrav\u00e9s da Pol\u00edcia Militar, publicou nesta quarta-feira (3) o edital com 30 vagas para o Curso de Oficial da PM da Para\u00edba. Os aprovados no concurso j\u00e1 passam a receber remunera\u00e7\u00e3o de R$ 3.003,48 no primeiro ano do curso de forma\u00e7\u00e3o. Para concorrer, entre outros requisitos, o candidato tem que ter curso superior, altura m\u00ednima (1,60m para masculino e 1,55m para feminino), n\u00e3o ter antecedentes criminais ou policiais e idade entre 18 anos, no m\u00ednimo, e 32 anos, no m\u00e1ximo, at\u00e9 31 de dezembro de 2025. \u00c9 exigido tamb\u00e9m que o interessado tenha feito o Exame Nacional do Ensino M\u00e9dio deste ano \u2013 que servir\u00e1 como etapa intelectual do concurso.<br \/><br \/>Das vagas, 24 s\u00e3o de ampla concorr\u00eancia e 6 s\u00e3o reservadas para a popula\u00e7\u00e3o negra. A inscri\u00e7\u00f5es come\u00e7am na pr\u00f3xima sexta-feira (5), \u00e0s 9h, no site da Pol\u00edcia Militar do Estado da Para\u00edba (www.pm.pb.gov.br). A taxa \u00e9 de R$ 120,00. Ter\u00e3o isen\u00e7\u00e3o de pagamento os doadores de sangue, de medula \u00f3ssea, de leite materno e os transplantados ou doadores de \u00f3rg\u00e3os, desde que preencham os requisitos previsto no edital e solicitem a isen\u00e7\u00e3o at\u00e9 o dia 11.<br \/><br \/>O prazo final das inscri\u00e7\u00f5es de CFO \u00e9 no dia 23 de dezembro, mas a Comiss\u00e3o Organizadora do concurso orienta que o candidato se antecipe para n\u00e3o ficar de fora. O concurso \u00e9 composto por duas fases: a do exame intelectual (que \u00e9 a nota do ENEM deste ano) e a dos exames complementares (Psicol\u00f3gico, Sa\u00fade e Aptid\u00e3o F\u00edsica). Os detalhes de cada etapa da 2\u00aa fase est\u00e3o descritos no edital.<br \/><br \/>A prepara\u00e7\u00e3o para o cargo de Oficial do Quadro de Oficiais do Estado-Maior (QOEM) da Pol\u00edcia Militar do Estado da Para\u00edba \u00e9 feita durante tr\u00eas anos letivos, em per\u00edodo integral e regime de dedica\u00e7\u00e3o exclusiva, com carga hor\u00e1ria que ultrapassa 3.200 horas\/aulas, onde os alunos s\u00e3o formados para comandar e coordenar as a\u00e7\u00f5es de seguran\u00e7a p\u00fablica, o assessoramento ao comando, o gerenciamento dos recursos humanos e log\u00edsticos da corpora\u00e7\u00e3o, entre outros. A carreira inicia-se no posto de 2\u00ba Tenente PM e pode alcan\u00e7ar o posto de Coronel.<br \/><br \/><br \/><br \/>","protected":false},"excerpt":{"rendered":"<p>O Governo do Estado, atrav\u00e9s da Pol\u00edcia Militar, publicou nesta quarta-feira (3) o edital com 30 vagas para o Curso<\/p>\n","protected":false},"author":18,"featured_media":929179,"comment_status":"closed","ping_status":"closed","sticky":false,"template":"","format":"standard","meta":{"_exactmetrics_skip_tracking":false,"_exactmetrics_sitenote_active":false,"_exactmetrics_sitenote_note":"","_exactmetrics_sitenote_category":0,"footnotes":""},"categories":[4],"tags":[],"yoast_head":"<!-- This site is optimized with the Yoast SEO plugin v22.0 - https:\/\/yoast.com\/wordpress\/plugins\/seo\/ -->\n<title>Governo do Estado publica edital com 30 vagas para o Curso de Forma\u00e7\u00e3o de Oficiais da Pol\u00edcia Militar - Pol\u00edcia Militar da Para\u00edba<\/title>\n<meta name=\"robots\" content=\"index, follow, max-snippet:-1, max-image-preview:large, max-video-preview:-1\" \/>\n<link rel=\"canonical\" href=\"https:\/\/www.pm.pb.gov.br\/portal\/2025\/12\/03\/governo-do-estado-publica-edital-com-30-vagas-para-o-curso-de-formacao-de-oficiais-da-policia-militar\/\" \/>\n<meta property=\"og:locale\" content=\"pt_BR\" \/>\n<meta property=\"og:type\" content=\"article\" \/>\n<meta property=\"og:title\" content=\"Governo do Estado publica edital com 30 vagas para o Curso de Forma\u00e7\u00e3o de Oficiais da Pol\u00edcia Militar - Pol\u00edcia Militar da Para\u00edba\" \/>\n<meta property=\"og:description\" content=\"O Governo do Estado, atrav\u00e9s da Pol\u00edcia Militar, publicou nesta quarta-feira (3) o edital com 30 vagas para o Curso\" \/>\n<meta property=\"og:url\" content=\"https:\/\/www.pm.pb.gov.br\/portal\/2025\/12\/03\/governo-do-estado-publica-edital-com-30-vagas-para-o-curso-de-formacao-de-oficiais-da-policia-militar\/\" \/>\n<meta property=\"og:site_name\" content=\"Pol\u00edcia Militar da Para\u00edba\" \/>\n<meta property=\"article:published_time\" content=\"2025-12-03T13:08:14+00:00\" \/>\n<meta property=\"article:modified_time\" content=\"2025-12-03T13:08:16+00:00\" \/>\n<meta property=\"og:image\" content=\"http:\/\/www.pm.pb.gov.br\/portal\/wp-content\/uploads\/2025\/12\/WhatsApp-Image-2025-12-03-at-10.07.47-AM.jpeg\" \/>\n\t<meta property=\"og:image:width\" content=\"800\" \/>\n\t<meta property=\"og:image:height\" content=\"445\" \/>\n\t<meta property=\"og:image:type\" content=\"image\/jpeg\" \/>\n<meta name=\"author\" content=\"Luiz Duarte\" \/>\n<meta name=\"twitter:card\" content=\"summary_large_image\" \/>\n<meta name=\"twitter:label1\" content=\"Escrito por\" \/>\n\t<meta name=\"twitter:data1\" content=\"Luiz Duarte\" \/>\n\t<meta name=\"twitter:label2\" content=\"Est. tempo de leitura\" \/>\n\t<meta name=\"twitter:data2\" content=\"3 minutos\" \/>\n<script type=\"application\/ld+json\" class=\"yoast-schema-graph\">{\"@context\":\"https:\/\/schema.org\",\"@graph\":[{\"@type\":\"Article\",\"@id\":\"https:\/\/www.pm.pb.gov.br\/portal\/2025\/12\/03\/governo-do-estado-publica-edital-com-30-vagas-para-o-curso-de-formacao-de-oficiais-da-policia-militar\/#article\",\"isPartOf\":{\"@id\":\"https:\/\/www.pm.pb.gov.br\/portal\/2025\/12\/03\/governo-do-estado-publica-edital-com-30-vagas-para-o-curso-de-formacao-de-oficiais-da-policia-militar\/\"},\"author\":{\"name\":\"Luiz Duarte\",\"@id\":\"https:\/\/www.pm.pb.gov.br\/portal\/#\/schema\/person\/89dd009e2523c97adf8def1d6cf90ca1\"},\"headline\":\"Governo do Estado publica edital com 30 vagas para o Curso de Forma\u00e7\u00e3o de Oficiais da Pol\u00edcia Militar\",\"datePublished\":\"2025-12-03T13:08:14+00:00\",\"dateModified\":\"2025-12-03T13:08:16+00:00\",\"mainEntityOfPage\":{\"@id\":\"https:\/\/www.pm.pb.gov.br\/portal\/2025\/12\/03\/governo-do-estado-publica-edital-com-30-vagas-para-o-curso-de-formacao-de-oficiais-da-policia-militar\/\"},\"wordCount\":396,\"publisher\":{\"@id\":\"https:\/\/www.pm.pb.gov.br\/portal\/#organization\"},\"articleSection\":[\"A\u00e7\u00f5es Policiais\"],\"inLanguage\":\"pt-BR\"},{\"@type\":\"WebPage\",\"@id\":\"https:\/\/www.pm.pb.gov.br\/portal\/2025\/12\/03\/governo-do-estado-publica-edital-com-30-vagas-para-o-curso-de-formacao-de-oficiais-da-policia-militar\/\",\"url\":\"https:\/\/www.pm.pb.gov.br\/portal\/2025\/12\/03\/governo-do-estado-publica-edital-com-30-vagas-para-o-curso-de-formacao-de-oficiais-da-policia-militar\/\",\"name\":\"Governo do Estado publica edital com 30 vagas para o Curso de Forma\u00e7\u00e3o de Oficiais da Pol\u00edcia Militar - Pol\u00edcia Militar da Para\u00edba\",\"isPartOf\":{\"@id\":\"https:\/\/www.pm.pb.gov.br\/portal\/#website\"},\"datePublished\":\"2025-12-03T13:08:14+00:00\",\"dateModified\":\"2025-12-03T13:08:16+00:00\",\"breadcrumb\":{\"@id\":\"https:\/\/www.pm.pb.gov.br\/portal\/2025\/12\/03\/governo-do-estado-publica-edital-com-30-vagas-para-o-curso-de-formacao-de-oficiais-da-policia-militar\/#breadcrumb\"},\"inLanguage\":\"pt-BR\",\"potentialAction\":[{\"@type\":\"ReadAction\",\"target\":[\"https:\/\/www.pm.pb.gov.br\/portal\/2025\/12\/03\/governo-do-estado-publica-edital-com-30-vagas-para-o-curso-de-formacao-de-oficiais-da-policia-militar\/\"]}]},{\"@type\":\"BreadcrumbList\",\"@id\":\"https:\/\/www.pm.pb.gov.br\/portal\/2025\/12\/03\/governo-do-estado-publica-edital-com-30-vagas-para-o-curso-de-formacao-de-oficiais-da-policia-militar\/#breadcrumb\",\"itemListElement\":[{\"@type\":\"ListItem\",\"position\":1,\"name\":\"In\u00edcio\",\"item\":\"https:\/\/www.pm.pb.gov.br\/portal\/\"},{\"@type\":\"ListItem\",\"position\":2,\"name\":\"Governo do Estado publica edital com 30 vagas para o Curso de Forma\u00e7\u00e3o de Oficiais da Pol\u00edcia Militar\"}]},{\"@type\":\"WebSite\",\"@id\":\"https:\/\/www.pm.pb.gov.br\/portal\/#website\",\"url\":\"https:\/\/www.pm.pb.gov.br\/portal\/\",\"name\":\"Pol\u00edcia Militar da Para\u00edba\",\"description\":\"\",\"publisher\":{\"@id\":\"https:\/\/www.pm.pb.gov.br\/portal\/#organization\"},\"potentialAction\":[{\"@type\":\"SearchAction\",\"target\":{\"@type\":\"EntryPoint\",\"urlTemplate\":\"https:\/\/www.pm.pb.gov.br\/portal\/?s={search_term_string}\"},\"query-input\":\"required name=search_term_string\"}],\"inLanguage\":\"pt-BR\"},{\"@type\":\"Organization\",\"@id\":\"https:\/\/www.pm.pb.gov.br\/portal\/#organization\",\"name\":\"Pol\u00edcia Militar da Para\u00edba\",\"url\":\"https:\/\/www.pm.pb.gov.br\/portal\/\",\"logo\":{\"@type\":\"ImageObject\",\"inLanguage\":\"pt-BR\",\"@id\":\"https:\/\/www.pm.pb.gov.br\/portal\/#\/schema\/logo\/image\/\",\"url\":\"https:\/\/www.pm.pb.gov.br\/portal\/wp-content\/uploads\/2025\/03\/cropped-logo-site-mag2-1.png\",\"contentUrl\":\"https:\/\/www.pm.pb.gov.br\/portal\/wp-content\/uploads\/2025\/03\/cropped-logo-site-mag2-1.png\",\"width\":320,\"height\":90,\"caption\":\"Pol\u00edcia Militar da Para\u00edba\"},\"image\":{\"@id\":\"https:\/\/www.pm.pb.gov.br\/portal\/#\/schema\/logo\/image\/\"}},{\"@type\":\"Person\",\"@id\":\"https:\/\/www.pm.pb.gov.br\/portal\/#\/schema\/person\/89dd009e2523c97adf8def1d6cf90ca1\",\"name\":\"Luiz Duarte\",\"image\":{\"@type\":\"ImageObject\",\"inLanguage\":\"pt-BR\",\"@id\":\"https:\/\/www.pm.pb.gov.br\/portal\/#\/schema\/person\/image\/\",\"url\":\"https:\/\/secure.gravatar.com\/avatar\/ce5539b97246ef4d24dd039a3f64145b?s=96&d=mm&r=g\",\"contentUrl\":\"https:\/\/secure.gravatar.com\/avatar\/ce5539b97246ef4d24dd039a3f64145b?s=96&d=mm&r=g\",\"caption\":\"Luiz Duarte\"},\"url\":\"https:\/\/www.pm.pb.gov.br\/portal\/author\/luiz\/\"}]}<\/script>\n<!-- \/ Yoast SEO plugin. -->","yoast_head_json":{"title":"Governo do Estado publica edital com 30 vagas para o Curso de Forma\u00e7\u00e3o de Oficiais da Pol\u00edcia Militar - Pol\u00edcia Militar da Para\u00edba","robots":{"index":"index","follow":"follow","max-snippet":"max-snippet:-1","max-image-preview":"max-image-preview:large","max-video-preview":"max-video-preview:-1"},"canonical":"https:\/\/www.pm.pb.gov.br\/portal\/2025\/12\/03\/governo-do-estado-publica-edital-com-30-vagas-para-o-curso-de-formacao-de-oficiais-da-policia-militar\/","og_locale":"pt_BR","og_type":"article","og_title":"Governo do Estado publica edital com 30 vagas para o Curso de Forma\u00e7\u00e3o de Oficiais da Pol\u00edcia Militar - Pol\u00edcia Militar da Para\u00edba","og_description":"O Governo do Estado, atrav\u00e9s da Pol\u00edcia Militar, publicou nesta quarta-feira (3) o edital com 30 vagas para o Curso","og_url":"https:\/\/www.pm.pb.gov.br\/portal\/2025\/12\/03\/governo-do-estado-publica-edital-com-30-vagas-para-o-curso-de-formacao-de-oficiais-da-policia-militar\/","og_site_name":"Pol\u00edcia Militar da Para\u00edba","article_published_time":"2025-12-03T13:08:14+00:00","article_modified_time":"2025-12-03T13:08:16+00:00","og_image":[{"width":800,"height":445,"url":"http:\/\/www.pm.pb.gov.br\/portal\/wp-content\/uploads\/2025\/12\/WhatsApp-Image-2025-12-03-at-10.07.47-AM.jpeg","type":"image\/jpeg"}],"author":"Luiz Duarte","twitter_card":"summary_large_image","twitter_misc":{"Escrito por":"Luiz Duarte","Est. tempo de leitura":"3 minutos"},"schema":{"@context":"https:\/\/schema.org","@graph":[{"@type":"Article","@id":"https:\/\/www.pm.pb.gov.br\/portal\/2025\/12\/03\/governo-do-estado-publica-edital-com-30-vagas-para-o-curso-de-formacao-de-oficiais-da-policia-militar\/#article","isPartOf":{"@id":"https:\/\/www.pm.pb.gov.br\/portal\/2025\/12\/03\/governo-do-estado-publica-edital-com-30-vagas-para-o-curso-de-formacao-de-oficiais-da-policia-militar\/"},"author":{"name":"Luiz Duarte","@id":"https:\/\/www.pm.pb.gov.br\/portal\/#\/schema\/person\/89dd009e2523c97adf8def1d6cf90ca1"},"headline":"Governo do Estado publica edital com 30 vagas para o Curso de Forma\u00e7\u00e3o de Oficiais da Pol\u00edcia Militar","datePublished":"2025-12-03T13:08:14+00:00","dateModified":"2025-12-03T13:08:16+00:00","mainEntityOfPage":{"@id":"https:\/\/www.pm.pb.gov.br\/portal\/2025\/12\/03\/governo-do-estado-publica-edital-com-30-vagas-para-o-curso-de-formacao-de-oficiais-da-policia-militar\/"},"wordCount":396,"publisher":{"@id":"https:\/\/www.pm.pb.gov.br\/portal\/#organization"},"articleSection":["A\u00e7\u00f5es Policiais"],"inLanguage":"pt-BR"},{"@type":"WebPage","@id":"https:\/\/www.pm.pb.gov.br\/portal\/2025\/12\/03\/governo-do-estado-publica-edital-com-30-vagas-para-o-curso-de-formacao-de-oficiais-da-policia-militar\/","url":"https:\/\/www.pm.pb.gov.br\/portal\/2025\/12\/03\/governo-do-estado-publica-edital-com-30-vagas-para-o-curso-de-formacao-de-oficiais-da-policia-militar\/","name":"Governo do Estado publica edital com 30 vagas para o Curso de Forma\u00e7\u00e3o de Oficiais da Pol\u00edcia Militar - Pol\u00edcia Militar da Para\u00edba","isPartOf":{"@id":"https:\/\/www.pm.pb.gov.br\/portal\/#website"},"datePublished":"2025-12-03T13:08:14+00:00","dateModified":"2025-12-03T13:08:16+00:00","breadcrumb":{"@id":"https:\/\/www.pm.pb.gov.br\/portal\/2025\/12\/03\/governo-do-estado-publica-edital-com-30-vagas-para-o-curso-de-formacao-de-oficiais-da-policia-militar\/#breadcrumb"},"inLanguage":"pt-BR","potentialAction":[{"@type":"ReadAction","target":["https:\/\/www.pm.pb.gov.br\/portal\/2025\/12\/03\/governo-do-estado-publica-edital-com-30-vagas-para-o-curso-de-formacao-de-oficiais-da-policia-militar\/"]}]},{"@type":"BreadcrumbList","@id":"https:\/\/www.pm.pb.gov.br\/portal\/2025\/12\/03\/governo-do-estado-publica-edital-com-30-vagas-para-o-curso-de-formacao-de-oficiais-da-policia-militar\/#breadcrumb","itemListElement":[{"@type":"ListItem","position":1,"name":"In\u00edcio","item":"https:\/\/www.pm.pb.gov.br\/portal\/"},{"@type":"ListItem","position":2,"name":"Governo do Estado publica edital com 30 vagas para o Curso de Forma\u00e7\u00e3o de Oficiais da Pol\u00edcia Militar"}]},{"@type":"WebSite","@id":"https:\/\/www.pm.pb.gov.br\/portal\/#website","url":"https:\/\/www.pm.pb.gov.br\/portal\/","name":"Pol\u00edcia Militar da Para\u00edba","description":"","publisher":{"@id":"https:\/\/www.pm.pb.gov.br\/portal\/#organization"},"potentialAction":[{"@type":"SearchAction","target":{"@type":"EntryPoint","urlTemplate":"https:\/\/www.pm.pb.gov.br\/portal\/?s={search_term_string}"},"query-input":"required name=search_term_string"}],"inLanguage":"pt-BR"},{"@type":"Organization","@id":"https:\/\/www.pm.pb.gov.br\/portal\/#organization","name":"Pol\u00edcia Militar da Para\u00edba","url":"https:\/\/www.pm.pb.gov.br\/portal\/","logo":{"@type":"ImageObject","inLanguage":"pt-BR","@id":"https:\/\/www.pm.pb.gov.br\/portal\/#\/schema\/logo\/image\/","url":"https:\/\/www.pm.pb.gov.br\/portal\/wp-content\/uploads\/2025\/03\/cropped-logo-site-mag2-1.png","contentUrl":"https:\/\/www.pm.pb.gov.br\/portal\/wp-content\/uploads\/2025\/03\/cropped-logo-site-mag2-1.png","width":320,"height":90,"caption":"Pol\u00edcia Militar da Para\u00edba"},"image":{"@id":"https:\/\/www.pm.pb.gov.br\/portal\/#\/schema\/logo\/image\/"}},{"@type":"Person","@id":"https:\/\/www.pm.pb.gov.br\/portal\/#\/schema\/person\/89dd009e2523c97adf8def1d6cf90ca1","name":"Luiz Duarte","image":{"@type":"ImageObject","inLanguage":"pt-BR","@id":"https:\/\/www.pm.pb.gov.br\/portal\/#\/schema\/person\/image\/","url":"https:\/\/secure.gravatar.com\/avatar\/ce5539b97246ef4d24dd039a3f64145b?s=96&d=mm&r=g","contentUrl":"https:\/\/secure.gravatar.com\/avatar\/ce5539b97246ef4d24dd039a3f64145b?s=96&d=mm&r=g","caption":"Luiz Duarte"},"url":"https:\/\/www.pm.pb.gov.br\/portal\/author\/luiz\/"}]}},"_links":{"self":[{"href":"https:\/\/www.pm.pb.gov.br\/portal\/wp-json\/wp\/v2\/posts\/929125"}],"collection":[{"href":"https:\/\/www.pm.pb.gov.br\/portal\/wp-json\/wp\/v2\/posts"}],"about":[{"href":"https:\/\/www.pm.pb.gov.br\/portal\/wp-json\/wp\/v2\/types\/post"}],"author":[{"embeddable":true,"href":"https:\/\/www.pm.pb.gov.br\/portal\/wp-json\/wp\/v2\/users\/18"}],"replies":[{"embeddable":true,"href":"https:\/\/www.pm.pb.gov.br\/portal\/wp-json\/wp\/v2\/comments?post=929125"}],"version-history":[{"count":1,"href":"https:\/\/www.pm.pb.gov.br\/portal\/wp-json\/wp\/v2\/posts\/929125\/revisions"}],"predecessor-version":[{"id":929177,"href":"https:\/\/www.pm.pb.gov.br\/portal\/wp-json\/wp\/v2\/posts\/929125\/revisions\/929177"}],"wp:featuredmedia":[{"embeddable":true,"href":"https:\/\/www.pm.pb.gov.br\/portal\/wp-json\/wp\/v2\/media\/929179"}],"wp:attachment":[{"href":"https:\/\/www.pm.pb.gov.br\/portal\/wp-json\/wp\/v2\/media?parent=929125"}],"wp:term":[{"taxonomy":"category","embeddable":true,"href":"https:\/\/www.pm.pb.gov.br\/portal\/wp-json\/wp\/v2\/categories?post=929125"},{"taxonomy":"post_tag","embeddable":true,"href":"https:\/\/www.pm.pb.gov.br\/portal\/wp-json\/wp\/v2\/tags?post=929125"}],"curies":[{"name":"wp","href":"https:\/\/api.w.org\/{rel}","templated":true}]}}