{"id":929116,"date":"2025-11-30T12:35:37","date_gmt":"2025-11-30T15:35:37","guid":{"rendered":"https:\/\/www.pm.pb.gov.br\/portal\/?p=929116"},"modified":"2025-11-30T12:59:40","modified_gmt":"2025-11-30T15:59:40","slug":"policia-militar-ocupa-comunidade-e-prende-integrantes-de-faccao-com-armas-e-drogas-em-jp","status":"publish","type":"post","link":"https:\/\/www.pm.pb.gov.br\/portal\/2025\/11\/30\/policia-militar-ocupa-comunidade-e-prende-integrantes-de-faccao-com-armas-e-drogas-em-jp\/","title":{"rendered":"Pol\u00edcia Militar ocupa comunidade e prende integrantes de fac\u00e7\u00e3o com armas e drogas em JP"},"content":{"rendered":"\n<p>As equipes do Batalh\u00e3o de Rondas Ostensivas de Natureza Especializada (BPRONE), que est\u00e3o participando de um curso de capacita\u00e7\u00e3o, ocuparam a comunidade Beira Molhada, no fim da noite desse s\u00e1bado (29), no bairro do Jardim Veneza, em Jo\u00e3o Pessoa, e apreenderam duas armas de fogo, 37 muni\u00e7\u00f5es, carregadores de pistola e dinheiro do tr\u00e1fico. Dois suspeitos, de 28 e 18 anos, foram presos em flagrante. Eles seriam integrantes de uma fac\u00e7\u00e3o criminosa.<br><br>A a\u00e7\u00e3o foi realizada como parte do est\u00e1gio embarcado \u2013 uma das disciplinas do curso. Assim que os policiais chegaram, houve confronto. Nenhum PM saiu ferido. Um dos acusados foi socorrido sob cust\u00f3dia para o Hospital de Emerg\u00eancia e Traumas de Jo\u00e3o Pessoa. Os antecedentes criminais da dupla que foi presa ainda est\u00e3o sendo levantados.<br><br>O caso foi levado para a Cidade da Pol\u00edcia Civil, no Geisel. <\/p>\n\n\n\n<p><img loading=\"lazy\" decoding=\"async\" width=\"1280\" height=\"720\" class=\"wp-image-929122\" style=\"width: 800px;\" src=\"http:\/\/www.pm.pb.gov.br\/portal\/wp-content\/uploads\/2025\/11\/WhatsApp-Image-2025-11-30-at-12.12.07-PM.jpeg\" alt=\"\" srcset=\"https:\/\/www.pm.pb.gov.br\/portal\/wp-content\/uploads\/2025\/11\/WhatsApp-Image-2025-11-30-at-12.12.07-PM.jpeg 1280w, https:\/\/www.pm.pb.gov.br\/portal\/wp-content\/uploads\/2025\/11\/WhatsApp-Image-2025-11-30-at-12.12.07-PM-791x445.jpeg 791w, https:\/\/www.pm.pb.gov.br\/portal\/wp-content\/uploads\/2025\/11\/WhatsApp-Image-2025-11-30-at-12.12.07-PM-1013x570.jpeg 1013w, https:\/\/www.pm.pb.gov.br\/portal\/wp-content\/uploads\/2025\/11\/WhatsApp-Image-2025-11-30-at-12.12.07-PM-768x432.jpeg 768w\" sizes=\"(max-width: 1280px) 100vw, 1280px\" \/><br><br><\/p>\n","protected":false},"excerpt":{"rendered":"<p>As equipes do Batalh\u00e3o de Rondas Ostensivas de Natureza Especializada (BPRONE), que est\u00e3o participando de um curso de capacita\u00e7\u00e3o, ocuparam<\/p>\n","protected":false},"author":18,"featured_media":929122,"comment_status":"closed","ping_status":"closed","sticky":false,"template":"","format":"standard","meta":{"_exactmetrics_skip_tracking":false,"_exactmetrics_sitenote_active":false,"_exactmetrics_sitenote_note":"","_exactmetrics_sitenote_category":0,"footnotes":""},"categories":[4],"tags":[],"yoast_head":"<!-- This site is optimized with the Yoast SEO plugin v22.0 - https:\/\/yoast.com\/wordpress\/plugins\/seo\/ -->\n<title>Pol\u00edcia Militar ocupa comunidade e prende integrantes de fac\u00e7\u00e3o com armas e drogas em JP - Pol\u00edcia Militar da Para\u00edba<\/title>\n<meta name=\"robots\" content=\"index, follow, max-snippet:-1, max-image-preview:large, max-video-preview:-1\" \/>\n<link rel=\"canonical\" href=\"https:\/\/www.pm.pb.gov.br\/portal\/2025\/11\/30\/policia-militar-ocupa-comunidade-e-prende-integrantes-de-faccao-com-armas-e-drogas-em-jp\/\" \/>\n<meta property=\"og:locale\" content=\"pt_BR\" \/>\n<meta property=\"og:type\" content=\"article\" \/>\n<meta property=\"og:title\" content=\"Pol\u00edcia Militar ocupa comunidade e prende integrantes de fac\u00e7\u00e3o com armas e drogas em JP - Pol\u00edcia Militar da Para\u00edba\" \/>\n<meta property=\"og:description\" content=\"As equipes do Batalh\u00e3o de Rondas Ostensivas de Natureza Especializada (BPRONE), que est\u00e3o participando de um curso de capacita\u00e7\u00e3o, ocuparam\" \/>\n<meta property=\"og:url\" content=\"https:\/\/www.pm.pb.gov.br\/portal\/2025\/11\/30\/policia-militar-ocupa-comunidade-e-prende-integrantes-de-faccao-com-armas-e-drogas-em-jp\/\" \/>\n<meta property=\"og:site_name\" content=\"Pol\u00edcia Militar da Para\u00edba\" \/>\n<meta property=\"article:published_time\" content=\"2025-11-30T15:35:37+00:00\" \/>\n<meta property=\"article:modified_time\" content=\"2025-11-30T15:59:40+00:00\" \/>\n<meta property=\"og:image\" content=\"http:\/\/www.pm.pb.gov.br\/portal\/wp-content\/uploads\/2025\/11\/WhatsApp-Image-2025-11-30-at-12.12.07-PM.jpeg\" \/>\n\t<meta property=\"og:image:width\" content=\"1280\" \/>\n\t<meta property=\"og:image:height\" content=\"720\" \/>\n\t<meta property=\"og:image:type\" content=\"image\/jpeg\" \/>\n<meta name=\"author\" content=\"Luiz Duarte\" \/>\n<meta name=\"twitter:card\" content=\"summary_large_image\" \/>\n<meta name=\"twitter:label1\" content=\"Escrito por\" \/>\n\t<meta name=\"twitter:data1\" content=\"Luiz Duarte\" \/>\n\t<meta name=\"twitter:label2\" content=\"Est. tempo de leitura\" \/>\n\t<meta name=\"twitter:data2\" content=\"2 minutos\" \/>\n<script type=\"application\/ld+json\" class=\"yoast-schema-graph\">{\"@context\":\"https:\/\/schema.org\",\"@graph\":[{\"@type\":\"Article\",\"@id\":\"https:\/\/www.pm.pb.gov.br\/portal\/2025\/11\/30\/policia-militar-ocupa-comunidade-e-prende-integrantes-de-faccao-com-armas-e-drogas-em-jp\/#article\",\"isPartOf\":{\"@id\":\"https:\/\/www.pm.pb.gov.br\/portal\/2025\/11\/30\/policia-militar-ocupa-comunidade-e-prende-integrantes-de-faccao-com-armas-e-drogas-em-jp\/\"},\"author\":{\"name\":\"Luiz Duarte\",\"@id\":\"https:\/\/www.pm.pb.gov.br\/portal\/#\/schema\/person\/89dd009e2523c97adf8def1d6cf90ca1\"},\"headline\":\"Pol\u00edcia Militar ocupa comunidade e prende integrantes de fac\u00e7\u00e3o com armas e drogas em JP\",\"datePublished\":\"2025-11-30T15:35:37+00:00\",\"dateModified\":\"2025-11-30T15:59:40+00:00\",\"mainEntityOfPage\":{\"@id\":\"https:\/\/www.pm.pb.gov.br\/portal\/2025\/11\/30\/policia-militar-ocupa-comunidade-e-prende-integrantes-de-faccao-com-armas-e-drogas-em-jp\/\"},\"wordCount\":166,\"publisher\":{\"@id\":\"https:\/\/www.pm.pb.gov.br\/portal\/#organization\"},\"articleSection\":[\"A\u00e7\u00f5es Policiais\"],\"inLanguage\":\"pt-BR\"},{\"@type\":\"WebPage\",\"@id\":\"https:\/\/www.pm.pb.gov.br\/portal\/2025\/11\/30\/policia-militar-ocupa-comunidade-e-prende-integrantes-de-faccao-com-armas-e-drogas-em-jp\/\",\"url\":\"https:\/\/www.pm.pb.gov.br\/portal\/2025\/11\/30\/policia-militar-ocupa-comunidade-e-prende-integrantes-de-faccao-com-armas-e-drogas-em-jp\/\",\"name\":\"Pol\u00edcia Militar ocupa comunidade e prende integrantes de fac\u00e7\u00e3o com armas e drogas em JP - Pol\u00edcia Militar da Para\u00edba\",\"isPartOf\":{\"@id\":\"https:\/\/www.pm.pb.gov.br\/portal\/#website\"},\"datePublished\":\"2025-11-30T15:35:37+00:00\",\"dateModified\":\"2025-11-30T15:59:40+00:00\",\"breadcrumb\":{\"@id\":\"https:\/\/www.pm.pb.gov.br\/portal\/2025\/11\/30\/policia-militar-ocupa-comunidade-e-prende-integrantes-de-faccao-com-armas-e-drogas-em-jp\/#breadcrumb\"},\"inLanguage\":\"pt-BR\",\"potentialAction\":[{\"@type\":\"ReadAction\",\"target\":[\"https:\/\/www.pm.pb.gov.br\/portal\/2025\/11\/30\/policia-militar-ocupa-comunidade-e-prende-integrantes-de-faccao-com-armas-e-drogas-em-jp\/\"]}]},{\"@type\":\"BreadcrumbList\",\"@id\":\"https:\/\/www.pm.pb.gov.br\/portal\/2025\/11\/30\/policia-militar-ocupa-comunidade-e-prende-integrantes-de-faccao-com-armas-e-drogas-em-jp\/#breadcrumb\",\"itemListElement\":[{\"@type\":\"ListItem\",\"position\":1,\"name\":\"In\u00edcio\",\"item\":\"https:\/\/www.pm.pb.gov.br\/portal\/\"},{\"@type\":\"ListItem\",\"position\":2,\"name\":\"Pol\u00edcia Militar ocupa comunidade e prende integrantes de fac\u00e7\u00e3o com armas e drogas em JP\"}]},{\"@type\":\"WebSite\",\"@id\":\"https:\/\/www.pm.pb.gov.br\/portal\/#website\",\"url\":\"https:\/\/www.pm.pb.gov.br\/portal\/\",\"name\":\"Pol\u00edcia Militar da Para\u00edba\",\"description\":\"\",\"publisher\":{\"@id\":\"https:\/\/www.pm.pb.gov.br\/portal\/#organization\"},\"potentialAction\":[{\"@type\":\"SearchAction\",\"target\":{\"@type\":\"EntryPoint\",\"urlTemplate\":\"https:\/\/www.pm.pb.gov.br\/portal\/?s={search_term_string}\"},\"query-input\":\"required name=search_term_string\"}],\"inLanguage\":\"pt-BR\"},{\"@type\":\"Organization\",\"@id\":\"https:\/\/www.pm.pb.gov.br\/portal\/#organization\",\"name\":\"Pol\u00edcia Militar da Para\u00edba\",\"url\":\"https:\/\/www.pm.pb.gov.br\/portal\/\",\"logo\":{\"@type\":\"ImageObject\",\"inLanguage\":\"pt-BR\",\"@id\":\"https:\/\/www.pm.pb.gov.br\/portal\/#\/schema\/logo\/image\/\",\"url\":\"https:\/\/www.pm.pb.gov.br\/portal\/wp-content\/uploads\/2025\/03\/cropped-logo-site-mag2-1.png\",\"contentUrl\":\"https:\/\/www.pm.pb.gov.br\/portal\/wp-content\/uploads\/2025\/03\/cropped-logo-site-mag2-1.png\",\"width\":320,\"height\":90,\"caption\":\"Pol\u00edcia Militar da Para\u00edba\"},\"image\":{\"@id\":\"https:\/\/www.pm.pb.gov.br\/portal\/#\/schema\/logo\/image\/\"}},{\"@type\":\"Person\",\"@id\":\"https:\/\/www.pm.pb.gov.br\/portal\/#\/schema\/person\/89dd009e2523c97adf8def1d6cf90ca1\",\"name\":\"Luiz Duarte\",\"image\":{\"@type\":\"ImageObject\",\"inLanguage\":\"pt-BR\",\"@id\":\"https:\/\/www.pm.pb.gov.br\/portal\/#\/schema\/person\/image\/\",\"url\":\"https:\/\/secure.gravatar.com\/avatar\/ce5539b97246ef4d24dd039a3f64145b?s=96&d=mm&r=g\",\"contentUrl\":\"https:\/\/secure.gravatar.com\/avatar\/ce5539b97246ef4d24dd039a3f64145b?s=96&d=mm&r=g\",\"caption\":\"Luiz Duarte\"},\"url\":\"https:\/\/www.pm.pb.gov.br\/portal\/author\/luiz\/\"}]}<\/script>\n<!-- \/ Yoast SEO plugin. -->","yoast_head_json":{"title":"Pol\u00edcia Militar ocupa comunidade e prende integrantes de fac\u00e7\u00e3o com armas e drogas em JP - Pol\u00edcia Militar da Para\u00edba","robots":{"index":"index","follow":"follow","max-snippet":"max-snippet:-1","max-image-preview":"max-image-preview:large","max-video-preview":"max-video-preview:-1"},"canonical":"https:\/\/www.pm.pb.gov.br\/portal\/2025\/11\/30\/policia-militar-ocupa-comunidade-e-prende-integrantes-de-faccao-com-armas-e-drogas-em-jp\/","og_locale":"pt_BR","og_type":"article","og_title":"Pol\u00edcia Militar ocupa comunidade e prende integrantes de fac\u00e7\u00e3o com armas e drogas em JP - Pol\u00edcia Militar da Para\u00edba","og_description":"As equipes do Batalh\u00e3o de Rondas Ostensivas de Natureza Especializada (BPRONE), que est\u00e3o participando de um curso de capacita\u00e7\u00e3o, ocuparam","og_url":"https:\/\/www.pm.pb.gov.br\/portal\/2025\/11\/30\/policia-militar-ocupa-comunidade-e-prende-integrantes-de-faccao-com-armas-e-drogas-em-jp\/","og_site_name":"Pol\u00edcia Militar da Para\u00edba","article_published_time":"2025-11-30T15:35:37+00:00","article_modified_time":"2025-11-30T15:59:40+00:00","og_image":[{"width":1280,"height":720,"url":"http:\/\/www.pm.pb.gov.br\/portal\/wp-content\/uploads\/2025\/11\/WhatsApp-Image-2025-11-30-at-12.12.07-PM.jpeg","type":"image\/jpeg"}],"author":"Luiz Duarte","twitter_card":"summary_large_image","twitter_misc":{"Escrito por":"Luiz Duarte","Est. tempo de leitura":"2 minutos"},"schema":{"@context":"https:\/\/schema.org","@graph":[{"@type":"Article","@id":"https:\/\/www.pm.pb.gov.br\/portal\/2025\/11\/30\/policia-militar-ocupa-comunidade-e-prende-integrantes-de-faccao-com-armas-e-drogas-em-jp\/#article","isPartOf":{"@id":"https:\/\/www.pm.pb.gov.br\/portal\/2025\/11\/30\/policia-militar-ocupa-comunidade-e-prende-integrantes-de-faccao-com-armas-e-drogas-em-jp\/"},"author":{"name":"Luiz Duarte","@id":"https:\/\/www.pm.pb.gov.br\/portal\/#\/schema\/person\/89dd009e2523c97adf8def1d6cf90ca1"},"headline":"Pol\u00edcia Militar ocupa comunidade e prende integrantes de fac\u00e7\u00e3o com armas e drogas em JP","datePublished":"2025-11-30T15:35:37+00:00","dateModified":"2025-11-30T15:59:40+00:00","mainEntityOfPage":{"@id":"https:\/\/www.pm.pb.gov.br\/portal\/2025\/11\/30\/policia-militar-ocupa-comunidade-e-prende-integrantes-de-faccao-com-armas-e-drogas-em-jp\/"},"wordCount":166,"publisher":{"@id":"https:\/\/www.pm.pb.gov.br\/portal\/#organization"},"articleSection":["A\u00e7\u00f5es Policiais"],"inLanguage":"pt-BR"},{"@type":"WebPage","@id":"https:\/\/www.pm.pb.gov.br\/portal\/2025\/11\/30\/policia-militar-ocupa-comunidade-e-prende-integrantes-de-faccao-com-armas-e-drogas-em-jp\/","url":"https:\/\/www.pm.pb.gov.br\/portal\/2025\/11\/30\/policia-militar-ocupa-comunidade-e-prende-integrantes-de-faccao-com-armas-e-drogas-em-jp\/","name":"Pol\u00edcia Militar ocupa comunidade e prende integrantes de fac\u00e7\u00e3o com armas e drogas em JP - Pol\u00edcia Militar da Para\u00edba","isPartOf":{"@id":"https:\/\/www.pm.pb.gov.br\/portal\/#website"},"datePublished":"2025-11-30T15:35:37+00:00","dateModified":"2025-11-30T15:59:40+00:00","breadcrumb":{"@id":"https:\/\/www.pm.pb.gov.br\/portal\/2025\/11\/30\/policia-militar-ocupa-comunidade-e-prende-integrantes-de-faccao-com-armas-e-drogas-em-jp\/#breadcrumb"},"inLanguage":"pt-BR","potentialAction":[{"@type":"ReadAction","target":["https:\/\/www.pm.pb.gov.br\/portal\/2025\/11\/30\/policia-militar-ocupa-comunidade-e-prende-integrantes-de-faccao-com-armas-e-drogas-em-jp\/"]}]},{"@type":"BreadcrumbList","@id":"https:\/\/www.pm.pb.gov.br\/portal\/2025\/11\/30\/policia-militar-ocupa-comunidade-e-prende-integrantes-de-faccao-com-armas-e-drogas-em-jp\/#breadcrumb","itemListElement":[{"@type":"ListItem","position":1,"name":"In\u00edcio","item":"https:\/\/www.pm.pb.gov.br\/portal\/"},{"@type":"ListItem","position":2,"name":"Pol\u00edcia Militar ocupa comunidade e prende integrantes de fac\u00e7\u00e3o com armas e drogas em JP"}]},{"@type":"WebSite","@id":"https:\/\/www.pm.pb.gov.br\/portal\/#website","url":"https:\/\/www.pm.pb.gov.br\/portal\/","name":"Pol\u00edcia Militar da Para\u00edba","description":"","publisher":{"@id":"https:\/\/www.pm.pb.gov.br\/portal\/#organization"},"potentialAction":[{"@type":"SearchAction","target":{"@type":"EntryPoint","urlTemplate":"https:\/\/www.pm.pb.gov.br\/portal\/?s={search_term_string}"},"query-input":"required name=search_term_string"}],"inLanguage":"pt-BR"},{"@type":"Organization","@id":"https:\/\/www.pm.pb.gov.br\/portal\/#organization","name":"Pol\u00edcia Militar da Para\u00edba","url":"https:\/\/www.pm.pb.gov.br\/portal\/","logo":{"@type":"ImageObject","inLanguage":"pt-BR","@id":"https:\/\/www.pm.pb.gov.br\/portal\/#\/schema\/logo\/image\/","url":"https:\/\/www.pm.pb.gov.br\/portal\/wp-content\/uploads\/2025\/03\/cropped-logo-site-mag2-1.png","contentUrl":"https:\/\/www.pm.pb.gov.br\/portal\/wp-content\/uploads\/2025\/03\/cropped-logo-site-mag2-1.png","width":320,"height":90,"caption":"Pol\u00edcia Militar da Para\u00edba"},"image":{"@id":"https:\/\/www.pm.pb.gov.br\/portal\/#\/schema\/logo\/image\/"}},{"@type":"Person","@id":"https:\/\/www.pm.pb.gov.br\/portal\/#\/schema\/person\/89dd009e2523c97adf8def1d6cf90ca1","name":"Luiz Duarte","image":{"@type":"ImageObject","inLanguage":"pt-BR","@id":"https:\/\/www.pm.pb.gov.br\/portal\/#\/schema\/person\/image\/","url":"https:\/\/secure.gravatar.com\/avatar\/ce5539b97246ef4d24dd039a3f64145b?s=96&d=mm&r=g","contentUrl":"https:\/\/secure.gravatar.com\/avatar\/ce5539b97246ef4d24dd039a3f64145b?s=96&d=mm&r=g","caption":"Luiz Duarte"},"url":"https:\/\/www.pm.pb.gov.br\/portal\/author\/luiz\/"}]}},"_links":{"self":[{"href":"https:\/\/www.pm.pb.gov.br\/portal\/wp-json\/wp\/v2\/posts\/929116"}],"collection":[{"href":"https:\/\/www.pm.pb.gov.br\/portal\/wp-json\/wp\/v2\/posts"}],"about":[{"href":"https:\/\/www.pm.pb.gov.br\/portal\/wp-json\/wp\/v2\/types\/post"}],"author":[{"embeddable":true,"href":"https:\/\/www.pm.pb.gov.br\/portal\/wp-json\/wp\/v2\/users\/18"}],"replies":[{"embeddable":true,"href":"https:\/\/www.pm.pb.gov.br\/portal\/wp-json\/wp\/v2\/comments?post=929116"}],"version-history":[{"count":2,"href":"https:\/\/www.pm.pb.gov.br\/portal\/wp-json\/wp\/v2\/posts\/929116\/revisions"}],"predecessor-version":[{"id":929123,"href":"https:\/\/www.pm.pb.gov.br\/portal\/wp-json\/wp\/v2\/posts\/929116\/revisions\/929123"}],"wp:featuredmedia":[{"embeddable":true,"href":"https:\/\/www.pm.pb.gov.br\/portal\/wp-json\/wp\/v2\/media\/929122"}],"wp:attachment":[{"href":"https:\/\/www.pm.pb.gov.br\/portal\/wp-json\/wp\/v2\/media?parent=929116"}],"wp:term":[{"taxonomy":"category","embeddable":true,"href":"https:\/\/www.pm.pb.gov.br\/portal\/wp-json\/wp\/v2\/categories?post=929116"},{"taxonomy":"post_tag","embeddable":true,"href":"https:\/\/www.pm.pb.gov.br\/portal\/wp-json\/wp\/v2\/tags?post=929116"}],"curies":[{"name":"wp","href":"https:\/\/api.w.org\/{rel}","templated":true}]}}