{"id":929113,"date":"2025-11-29T13:19:58","date_gmt":"2025-11-29T16:19:58","guid":{"rendered":"https:\/\/www.pm.pb.gov.br\/portal\/?p=929113"},"modified":"2025-11-29T13:20:00","modified_gmt":"2025-11-29T16:20:00","slug":"em-instrucao-pratica-policiais-de-nova-tropa-da-pm-apreende-arma-e-drogas-em-bairros-da-capital","status":"publish","type":"post","link":"https:\/\/www.pm.pb.gov.br\/portal\/2025\/11\/29\/em-instrucao-pratica-policiais-de-nova-tropa-da-pm-apreende-arma-e-drogas-em-bairros-da-capital\/","title":{"rendered":"Em instru\u00e7\u00e3o pr\u00e1tica, policiais de nova tropa da PM apreende arma e drogas em bairros da Capital"},"content":{"rendered":"\n<p>Policiais do Curso de Rondas Ostensivas de Natureza Especializada, que integram o rec\u00e9m-criado BPRONE (Batalh\u00e3o de Rondas Ostensivas de Natureza Especializada), apreenderam arma e drogas durante instru\u00e7\u00f5es pr\u00e1ticas de patrulhamento, na madrugada deste s\u00e1bado (29), nos bairros S\u00e3o Jos\u00e9 e Mandacaru, em Jo\u00e3o Pessoa. As a\u00e7\u00f5es seguir\u00e3o durante todo fim de semana.<br><br>No S\u00e3o Jos\u00e9, foi apreendida uma pistola calibre 40. J\u00e1 em Mandacaru, teve apreens\u00e3o de maconha, coca\u00edna, dinheiro e balan\u00e7a de precis\u00e3o com suspeito de tr\u00e1fico. As duas a\u00e7\u00f5es tiveram a presen\u00e7a do comandante-geral da PM, coronel S\u00e9rgio Fonseca, realizando incurs\u00f5es com a tropa.<br><br>O material apreendido foi apresentado na Cidade da Pol\u00edcia Civil, no Geisel.<\/p>\n\n\n\n<p><img loading=\"lazy\" decoding=\"async\" width=\"1280\" height=\"960\" class=\"wp-image-929118\" style=\"width: 800px;\" src=\"http:\/\/www.pm.pb.gov.br\/portal\/wp-content\/uploads\/2025\/11\/WhatsApp-Image-2025-11-29-at-9.43.44-AM.jpeg\" alt=\"\" srcset=\"https:\/\/www.pm.pb.gov.br\/portal\/wp-content\/uploads\/2025\/11\/WhatsApp-Image-2025-11-29-at-9.43.44-AM.jpeg 1280w, https:\/\/www.pm.pb.gov.br\/portal\/wp-content\/uploads\/2025\/11\/WhatsApp-Image-2025-11-29-at-9.43.44-AM-593x445.jpeg 593w, https:\/\/www.pm.pb.gov.br\/portal\/wp-content\/uploads\/2025\/11\/WhatsApp-Image-2025-11-29-at-9.43.44-AM-760x570.jpeg 760w, https:\/\/www.pm.pb.gov.br\/portal\/wp-content\/uploads\/2025\/11\/WhatsApp-Image-2025-11-29-at-9.43.44-AM-768x576.jpeg 768w\" sizes=\"(max-width: 1280px) 100vw, 1280px\" \/><\/p>\n\n\n\n<p><img loading=\"lazy\" decoding=\"async\" width=\"1280\" height=\"960\" class=\"wp-image-929117\" style=\"width: 800px;\" src=\"http:\/\/www.pm.pb.gov.br\/portal\/wp-content\/uploads\/2025\/11\/WhatsApp-Image-2025-11-29-at-1.22.56-PM.jpeg\" alt=\"\" srcset=\"https:\/\/www.pm.pb.gov.br\/portal\/wp-content\/uploads\/2025\/11\/WhatsApp-Image-2025-11-29-at-1.22.56-PM.jpeg 1280w, https:\/\/www.pm.pb.gov.br\/portal\/wp-content\/uploads\/2025\/11\/WhatsApp-Image-2025-11-29-at-1.22.56-PM-593x445.jpeg 593w, https:\/\/www.pm.pb.gov.br\/portal\/wp-content\/uploads\/2025\/11\/WhatsApp-Image-2025-11-29-at-1.22.56-PM-760x570.jpeg 760w, https:\/\/www.pm.pb.gov.br\/portal\/wp-content\/uploads\/2025\/11\/WhatsApp-Image-2025-11-29-at-1.22.56-PM-768x576.jpeg 768w\" sizes=\"(max-width: 1280px) 100vw, 1280px\" \/><br><\/p>\n","protected":false},"excerpt":{"rendered":"<p>Policiais do Curso de Rondas Ostensivas de Natureza Especializada, que integram o rec\u00e9m-criado BPRONE (Batalh\u00e3o de Rondas Ostensivas de Natureza<\/p>\n","protected":false},"author":18,"featured_media":929117,"comment_status":"closed","ping_status":"closed","sticky":false,"template":"","format":"standard","meta":{"_exactmetrics_skip_tracking":false,"_exactmetrics_sitenote_active":false,"_exactmetrics_sitenote_note":"","_exactmetrics_sitenote_category":0,"footnotes":""},"categories":[4],"tags":[],"yoast_head":"<!-- This site is optimized with the Yoast SEO plugin v22.0 - https:\/\/yoast.com\/wordpress\/plugins\/seo\/ -->\n<title>Em instru\u00e7\u00e3o pr\u00e1tica, policiais de nova tropa da PM apreende arma e drogas em bairros da Capital - Pol\u00edcia Militar da Para\u00edba<\/title>\n<meta name=\"robots\" content=\"index, follow, max-snippet:-1, max-image-preview:large, max-video-preview:-1\" \/>\n<link rel=\"canonical\" href=\"https:\/\/www.pm.pb.gov.br\/portal\/2025\/11\/29\/em-instrucao-pratica-policiais-de-nova-tropa-da-pm-apreende-arma-e-drogas-em-bairros-da-capital\/\" \/>\n<meta property=\"og:locale\" content=\"pt_BR\" \/>\n<meta property=\"og:type\" content=\"article\" \/>\n<meta property=\"og:title\" content=\"Em instru\u00e7\u00e3o pr\u00e1tica, policiais de nova tropa da PM apreende arma e drogas em bairros da Capital - Pol\u00edcia Militar da Para\u00edba\" \/>\n<meta property=\"og:description\" content=\"Policiais do Curso de Rondas Ostensivas de Natureza Especializada, que integram o rec\u00e9m-criado BPRONE (Batalh\u00e3o de Rondas Ostensivas de Natureza\" \/>\n<meta property=\"og:url\" content=\"https:\/\/www.pm.pb.gov.br\/portal\/2025\/11\/29\/em-instrucao-pratica-policiais-de-nova-tropa-da-pm-apreende-arma-e-drogas-em-bairros-da-capital\/\" \/>\n<meta property=\"og:site_name\" content=\"Pol\u00edcia Militar da Para\u00edba\" \/>\n<meta property=\"article:published_time\" content=\"2025-11-29T16:19:58+00:00\" \/>\n<meta property=\"article:modified_time\" content=\"2025-11-29T16:20:00+00:00\" \/>\n<meta property=\"og:image\" content=\"http:\/\/www.pm.pb.gov.br\/portal\/wp-content\/uploads\/2025\/11\/WhatsApp-Image-2025-11-29-at-1.22.56-PM.jpeg\" \/>\n\t<meta property=\"og:image:width\" content=\"1280\" \/>\n\t<meta property=\"og:image:height\" content=\"960\" \/>\n\t<meta property=\"og:image:type\" content=\"image\/jpeg\" \/>\n<meta name=\"author\" content=\"Luiz Duarte\" \/>\n<meta name=\"twitter:card\" content=\"summary_large_image\" \/>\n<meta name=\"twitter:label1\" content=\"Escrito por\" \/>\n\t<meta name=\"twitter:data1\" content=\"Luiz Duarte\" \/>\n\t<meta name=\"twitter:label2\" content=\"Est. tempo de leitura\" \/>\n\t<meta name=\"twitter:data2\" content=\"2 minutos\" \/>\n<script type=\"application\/ld+json\" class=\"yoast-schema-graph\">{\"@context\":\"https:\/\/schema.org\",\"@graph\":[{\"@type\":\"Article\",\"@id\":\"https:\/\/www.pm.pb.gov.br\/portal\/2025\/11\/29\/em-instrucao-pratica-policiais-de-nova-tropa-da-pm-apreende-arma-e-drogas-em-bairros-da-capital\/#article\",\"isPartOf\":{\"@id\":\"https:\/\/www.pm.pb.gov.br\/portal\/2025\/11\/29\/em-instrucao-pratica-policiais-de-nova-tropa-da-pm-apreende-arma-e-drogas-em-bairros-da-capital\/\"},\"author\":{\"name\":\"Luiz Duarte\",\"@id\":\"https:\/\/www.pm.pb.gov.br\/portal\/#\/schema\/person\/89dd009e2523c97adf8def1d6cf90ca1\"},\"headline\":\"Em instru\u00e7\u00e3o pr\u00e1tica, policiais de nova tropa da PM apreende arma e drogas em bairros da Capital\",\"datePublished\":\"2025-11-29T16:19:58+00:00\",\"dateModified\":\"2025-11-29T16:20:00+00:00\",\"mainEntityOfPage\":{\"@id\":\"https:\/\/www.pm.pb.gov.br\/portal\/2025\/11\/29\/em-instrucao-pratica-policiais-de-nova-tropa-da-pm-apreende-arma-e-drogas-em-bairros-da-capital\/\"},\"wordCount\":145,\"publisher\":{\"@id\":\"https:\/\/www.pm.pb.gov.br\/portal\/#organization\"},\"articleSection\":[\"A\u00e7\u00f5es Policiais\"],\"inLanguage\":\"pt-BR\"},{\"@type\":\"WebPage\",\"@id\":\"https:\/\/www.pm.pb.gov.br\/portal\/2025\/11\/29\/em-instrucao-pratica-policiais-de-nova-tropa-da-pm-apreende-arma-e-drogas-em-bairros-da-capital\/\",\"url\":\"https:\/\/www.pm.pb.gov.br\/portal\/2025\/11\/29\/em-instrucao-pratica-policiais-de-nova-tropa-da-pm-apreende-arma-e-drogas-em-bairros-da-capital\/\",\"name\":\"Em instru\u00e7\u00e3o pr\u00e1tica, policiais de nova tropa da PM apreende arma e drogas em bairros da Capital - Pol\u00edcia Militar da Para\u00edba\",\"isPartOf\":{\"@id\":\"https:\/\/www.pm.pb.gov.br\/portal\/#website\"},\"datePublished\":\"2025-11-29T16:19:58+00:00\",\"dateModified\":\"2025-11-29T16:20:00+00:00\",\"breadcrumb\":{\"@id\":\"https:\/\/www.pm.pb.gov.br\/portal\/2025\/11\/29\/em-instrucao-pratica-policiais-de-nova-tropa-da-pm-apreende-arma-e-drogas-em-bairros-da-capital\/#breadcrumb\"},\"inLanguage\":\"pt-BR\",\"potentialAction\":[{\"@type\":\"ReadAction\",\"target\":[\"https:\/\/www.pm.pb.gov.br\/portal\/2025\/11\/29\/em-instrucao-pratica-policiais-de-nova-tropa-da-pm-apreende-arma-e-drogas-em-bairros-da-capital\/\"]}]},{\"@type\":\"BreadcrumbList\",\"@id\":\"https:\/\/www.pm.pb.gov.br\/portal\/2025\/11\/29\/em-instrucao-pratica-policiais-de-nova-tropa-da-pm-apreende-arma-e-drogas-em-bairros-da-capital\/#breadcrumb\",\"itemListElement\":[{\"@type\":\"ListItem\",\"position\":1,\"name\":\"In\u00edcio\",\"item\":\"https:\/\/www.pm.pb.gov.br\/portal\/\"},{\"@type\":\"ListItem\",\"position\":2,\"name\":\"Em instru\u00e7\u00e3o pr\u00e1tica, policiais de nova tropa da PM apreende arma e drogas em bairros da Capital\"}]},{\"@type\":\"WebSite\",\"@id\":\"https:\/\/www.pm.pb.gov.br\/portal\/#website\",\"url\":\"https:\/\/www.pm.pb.gov.br\/portal\/\",\"name\":\"Pol\u00edcia Militar da Para\u00edba\",\"description\":\"\",\"publisher\":{\"@id\":\"https:\/\/www.pm.pb.gov.br\/portal\/#organization\"},\"potentialAction\":[{\"@type\":\"SearchAction\",\"target\":{\"@type\":\"EntryPoint\",\"urlTemplate\":\"https:\/\/www.pm.pb.gov.br\/portal\/?s={search_term_string}\"},\"query-input\":\"required name=search_term_string\"}],\"inLanguage\":\"pt-BR\"},{\"@type\":\"Organization\",\"@id\":\"https:\/\/www.pm.pb.gov.br\/portal\/#organization\",\"name\":\"Pol\u00edcia Militar da Para\u00edba\",\"url\":\"https:\/\/www.pm.pb.gov.br\/portal\/\",\"logo\":{\"@type\":\"ImageObject\",\"inLanguage\":\"pt-BR\",\"@id\":\"https:\/\/www.pm.pb.gov.br\/portal\/#\/schema\/logo\/image\/\",\"url\":\"https:\/\/www.pm.pb.gov.br\/portal\/wp-content\/uploads\/2025\/03\/cropped-logo-site-mag2-1.png\",\"contentUrl\":\"https:\/\/www.pm.pb.gov.br\/portal\/wp-content\/uploads\/2025\/03\/cropped-logo-site-mag2-1.png\",\"width\":320,\"height\":90,\"caption\":\"Pol\u00edcia Militar da Para\u00edba\"},\"image\":{\"@id\":\"https:\/\/www.pm.pb.gov.br\/portal\/#\/schema\/logo\/image\/\"}},{\"@type\":\"Person\",\"@id\":\"https:\/\/www.pm.pb.gov.br\/portal\/#\/schema\/person\/89dd009e2523c97adf8def1d6cf90ca1\",\"name\":\"Luiz Duarte\",\"image\":{\"@type\":\"ImageObject\",\"inLanguage\":\"pt-BR\",\"@id\":\"https:\/\/www.pm.pb.gov.br\/portal\/#\/schema\/person\/image\/\",\"url\":\"https:\/\/secure.gravatar.com\/avatar\/ce5539b97246ef4d24dd039a3f64145b?s=96&d=mm&r=g\",\"contentUrl\":\"https:\/\/secure.gravatar.com\/avatar\/ce5539b97246ef4d24dd039a3f64145b?s=96&d=mm&r=g\",\"caption\":\"Luiz Duarte\"},\"url\":\"https:\/\/www.pm.pb.gov.br\/portal\/author\/luiz\/\"}]}<\/script>\n<!-- \/ Yoast SEO plugin. -->","yoast_head_json":{"title":"Em instru\u00e7\u00e3o pr\u00e1tica, policiais de nova tropa da PM apreende arma e drogas em bairros da Capital - Pol\u00edcia Militar da Para\u00edba","robots":{"index":"index","follow":"follow","max-snippet":"max-snippet:-1","max-image-preview":"max-image-preview:large","max-video-preview":"max-video-preview:-1"},"canonical":"https:\/\/www.pm.pb.gov.br\/portal\/2025\/11\/29\/em-instrucao-pratica-policiais-de-nova-tropa-da-pm-apreende-arma-e-drogas-em-bairros-da-capital\/","og_locale":"pt_BR","og_type":"article","og_title":"Em instru\u00e7\u00e3o pr\u00e1tica, policiais de nova tropa da PM apreende arma e drogas em bairros da Capital - Pol\u00edcia Militar da Para\u00edba","og_description":"Policiais do Curso de Rondas Ostensivas de Natureza Especializada, que integram o rec\u00e9m-criado BPRONE (Batalh\u00e3o de Rondas Ostensivas de Natureza","og_url":"https:\/\/www.pm.pb.gov.br\/portal\/2025\/11\/29\/em-instrucao-pratica-policiais-de-nova-tropa-da-pm-apreende-arma-e-drogas-em-bairros-da-capital\/","og_site_name":"Pol\u00edcia Militar da Para\u00edba","article_published_time":"2025-11-29T16:19:58+00:00","article_modified_time":"2025-11-29T16:20:00+00:00","og_image":[{"width":1280,"height":960,"url":"http:\/\/www.pm.pb.gov.br\/portal\/wp-content\/uploads\/2025\/11\/WhatsApp-Image-2025-11-29-at-1.22.56-PM.jpeg","type":"image\/jpeg"}],"author":"Luiz Duarte","twitter_card":"summary_large_image","twitter_misc":{"Escrito por":"Luiz Duarte","Est. tempo de leitura":"2 minutos"},"schema":{"@context":"https:\/\/schema.org","@graph":[{"@type":"Article","@id":"https:\/\/www.pm.pb.gov.br\/portal\/2025\/11\/29\/em-instrucao-pratica-policiais-de-nova-tropa-da-pm-apreende-arma-e-drogas-em-bairros-da-capital\/#article","isPartOf":{"@id":"https:\/\/www.pm.pb.gov.br\/portal\/2025\/11\/29\/em-instrucao-pratica-policiais-de-nova-tropa-da-pm-apreende-arma-e-drogas-em-bairros-da-capital\/"},"author":{"name":"Luiz Duarte","@id":"https:\/\/www.pm.pb.gov.br\/portal\/#\/schema\/person\/89dd009e2523c97adf8def1d6cf90ca1"},"headline":"Em instru\u00e7\u00e3o pr\u00e1tica, policiais de nova tropa da PM apreende arma e drogas em bairros da Capital","datePublished":"2025-11-29T16:19:58+00:00","dateModified":"2025-11-29T16:20:00+00:00","mainEntityOfPage":{"@id":"https:\/\/www.pm.pb.gov.br\/portal\/2025\/11\/29\/em-instrucao-pratica-policiais-de-nova-tropa-da-pm-apreende-arma-e-drogas-em-bairros-da-capital\/"},"wordCount":145,"publisher":{"@id":"https:\/\/www.pm.pb.gov.br\/portal\/#organization"},"articleSection":["A\u00e7\u00f5es Policiais"],"inLanguage":"pt-BR"},{"@type":"WebPage","@id":"https:\/\/www.pm.pb.gov.br\/portal\/2025\/11\/29\/em-instrucao-pratica-policiais-de-nova-tropa-da-pm-apreende-arma-e-drogas-em-bairros-da-capital\/","url":"https:\/\/www.pm.pb.gov.br\/portal\/2025\/11\/29\/em-instrucao-pratica-policiais-de-nova-tropa-da-pm-apreende-arma-e-drogas-em-bairros-da-capital\/","name":"Em instru\u00e7\u00e3o pr\u00e1tica, policiais de nova tropa da PM apreende arma e drogas em bairros da Capital - Pol\u00edcia Militar da Para\u00edba","isPartOf":{"@id":"https:\/\/www.pm.pb.gov.br\/portal\/#website"},"datePublished":"2025-11-29T16:19:58+00:00","dateModified":"2025-11-29T16:20:00+00:00","breadcrumb":{"@id":"https:\/\/www.pm.pb.gov.br\/portal\/2025\/11\/29\/em-instrucao-pratica-policiais-de-nova-tropa-da-pm-apreende-arma-e-drogas-em-bairros-da-capital\/#breadcrumb"},"inLanguage":"pt-BR","potentialAction":[{"@type":"ReadAction","target":["https:\/\/www.pm.pb.gov.br\/portal\/2025\/11\/29\/em-instrucao-pratica-policiais-de-nova-tropa-da-pm-apreende-arma-e-drogas-em-bairros-da-capital\/"]}]},{"@type":"BreadcrumbList","@id":"https:\/\/www.pm.pb.gov.br\/portal\/2025\/11\/29\/em-instrucao-pratica-policiais-de-nova-tropa-da-pm-apreende-arma-e-drogas-em-bairros-da-capital\/#breadcrumb","itemListElement":[{"@type":"ListItem","position":1,"name":"In\u00edcio","item":"https:\/\/www.pm.pb.gov.br\/portal\/"},{"@type":"ListItem","position":2,"name":"Em instru\u00e7\u00e3o pr\u00e1tica, policiais de nova tropa da PM apreende arma e drogas em bairros da Capital"}]},{"@type":"WebSite","@id":"https:\/\/www.pm.pb.gov.br\/portal\/#website","url":"https:\/\/www.pm.pb.gov.br\/portal\/","name":"Pol\u00edcia Militar da Para\u00edba","description":"","publisher":{"@id":"https:\/\/www.pm.pb.gov.br\/portal\/#organization"},"potentialAction":[{"@type":"SearchAction","target":{"@type":"EntryPoint","urlTemplate":"https:\/\/www.pm.pb.gov.br\/portal\/?s={search_term_string}"},"query-input":"required name=search_term_string"}],"inLanguage":"pt-BR"},{"@type":"Organization","@id":"https:\/\/www.pm.pb.gov.br\/portal\/#organization","name":"Pol\u00edcia Militar da Para\u00edba","url":"https:\/\/www.pm.pb.gov.br\/portal\/","logo":{"@type":"ImageObject","inLanguage":"pt-BR","@id":"https:\/\/www.pm.pb.gov.br\/portal\/#\/schema\/logo\/image\/","url":"https:\/\/www.pm.pb.gov.br\/portal\/wp-content\/uploads\/2025\/03\/cropped-logo-site-mag2-1.png","contentUrl":"https:\/\/www.pm.pb.gov.br\/portal\/wp-content\/uploads\/2025\/03\/cropped-logo-site-mag2-1.png","width":320,"height":90,"caption":"Pol\u00edcia Militar da Para\u00edba"},"image":{"@id":"https:\/\/www.pm.pb.gov.br\/portal\/#\/schema\/logo\/image\/"}},{"@type":"Person","@id":"https:\/\/www.pm.pb.gov.br\/portal\/#\/schema\/person\/89dd009e2523c97adf8def1d6cf90ca1","name":"Luiz Duarte","image":{"@type":"ImageObject","inLanguage":"pt-BR","@id":"https:\/\/www.pm.pb.gov.br\/portal\/#\/schema\/person\/image\/","url":"https:\/\/secure.gravatar.com\/avatar\/ce5539b97246ef4d24dd039a3f64145b?s=96&d=mm&r=g","contentUrl":"https:\/\/secure.gravatar.com\/avatar\/ce5539b97246ef4d24dd039a3f64145b?s=96&d=mm&r=g","caption":"Luiz Duarte"},"url":"https:\/\/www.pm.pb.gov.br\/portal\/author\/luiz\/"}]}},"_links":{"self":[{"href":"https:\/\/www.pm.pb.gov.br\/portal\/wp-json\/wp\/v2\/posts\/929113"}],"collection":[{"href":"https:\/\/www.pm.pb.gov.br\/portal\/wp-json\/wp\/v2\/posts"}],"about":[{"href":"https:\/\/www.pm.pb.gov.br\/portal\/wp-json\/wp\/v2\/types\/post"}],"author":[{"embeddable":true,"href":"https:\/\/www.pm.pb.gov.br\/portal\/wp-json\/wp\/v2\/users\/18"}],"replies":[{"embeddable":true,"href":"https:\/\/www.pm.pb.gov.br\/portal\/wp-json\/wp\/v2\/comments?post=929113"}],"version-history":[{"count":2,"href":"https:\/\/www.pm.pb.gov.br\/portal\/wp-json\/wp\/v2\/posts\/929113\/revisions"}],"predecessor-version":[{"id":929119,"href":"https:\/\/www.pm.pb.gov.br\/portal\/wp-json\/wp\/v2\/posts\/929113\/revisions\/929119"}],"wp:featuredmedia":[{"embeddable":true,"href":"https:\/\/www.pm.pb.gov.br\/portal\/wp-json\/wp\/v2\/media\/929117"}],"wp:attachment":[{"href":"https:\/\/www.pm.pb.gov.br\/portal\/wp-json\/wp\/v2\/media?parent=929113"}],"wp:term":[{"taxonomy":"category","embeddable":true,"href":"https:\/\/www.pm.pb.gov.br\/portal\/wp-json\/wp\/v2\/categories?post=929113"},{"taxonomy":"post_tag","embeddable":true,"href":"https:\/\/www.pm.pb.gov.br\/portal\/wp-json\/wp\/v2\/tags?post=929113"}],"curies":[{"name":"wp","href":"https:\/\/api.w.org\/{rel}","templated":true}]}}