{"id":929102,"date":"2025-11-27T18:53:00","date_gmt":"2025-11-27T21:53:00","guid":{"rendered":"https:\/\/www.pm.pb.gov.br\/portal\/?p=929102"},"modified":"2025-11-28T09:59:53","modified_gmt":"2025-11-28T12:59:53","slug":"seguranca-publica-romaria-da-penha-tera-monitoramento-reforcado-e-atuacao-setorizada","status":"publish","type":"post","link":"https:\/\/www.pm.pb.gov.br\/portal\/2025\/11\/27\/seguranca-publica-romaria-da-penha-tera-monitoramento-reforcado-e-atuacao-setorizada\/","title":{"rendered":"Seguran\u00e7a P\u00fablica: Romaria da Penha ter\u00e1 monitoramento refor\u00e7ado e atua\u00e7\u00e3o setorizada"},"content":{"rendered":"\n<p>Os \u00f3rg\u00e3os operativos da Secretaria da Seguran\u00e7a e da Defesa Social da Para\u00edba (Sesds) apresentaram nesta quinta-feira (27), em reuni\u00e3o conduzida pelos gestores regionais da Pol\u00edcia Militar, Pol\u00edcia Civil e Corpo de Bombeiros Militar, o esquema integrado que ser\u00e1 empregado durante a Romaria de Nossa Senhora da Penha, neste s\u00e1bado (29), em Jo\u00e3o Pessoa. O encontro contou com a presen\u00e7a do arcebispo da Para\u00edba, Dom Manoel Delson, e de representantes da organiza\u00e7\u00e3o da Romaria, al\u00e9m da participa\u00e7\u00e3o de institui\u00e7\u00f5es parceiras, como a Pol\u00edcia Rodovi\u00e1ria Federal (PRF).\u00a0<\/p>\n<p>O planejamento consolida a atua\u00e7\u00e3o coordenada das for\u00e7as de seguran\u00e7a ao longo dos 14 quil\u00f4metros de percurso, estruturada a partir de an\u00e1lises de intelig\u00eancia, mapeamento de \u00e1reas estrat\u00e9gicas e suporte tecnol\u00f3gico do Centro Integrado de Comando e Controle (CICC), que garantir\u00e1 o monitoramento cont\u00ednuo de toda a movimenta\u00e7\u00e3o dos romeiros.\u00a0<\/p>\n<p><b>Pol\u00edcia Militar<\/b>\u00a0&#8211; A opera\u00e7\u00e3o contar\u00e1 com a atua\u00e7\u00e3o de 710 policiais militares, distribu\u00eddos em diversas modalidades de policiamento. O efetivo inclui 383 policiais atuando no patrulhamento a p\u00e9, 288 policiais em viaturas, 30 motociclistas e nove integrantes do policiamento montado. A estrutura foi segmentada em setores que acompanham o trajeto da Romaria, com equipes a postos desde a Igreja de Nossa Senhora de Lourdes at\u00e9 o Santu\u00e1rio da Penha.\u00a0<\/p>\n<p>Al\u00e9m do patrulhamento ostensivo, a Pol\u00edcia Militar atuar\u00e1 com unidades especializadas e refor\u00e7o motorizado para cobertura dos corredores vi\u00e1rios de maior movimenta\u00e7\u00e3o. As viaturas ser\u00e3o posicionadas conforme an\u00e1lise de densidade de p\u00fablico e pontos de travessia, permitindo controle do fluxo e preven\u00e7\u00e3o de ocorr\u00eancias. As equipes utilizar\u00e3o comunica\u00e7\u00e3o direta com o CICC, o que possibilita ajustes operacionais em tempo real.\u00a0\u00a0<\/p>\n<p><img loading=\"lazy\" decoding=\"async\" class=\"size-medium wp-image-929104 aligncenter\" src=\"http:\/\/www.pm.pb.gov.br\/portal\/wp-content\/uploads\/2025\/11\/d7d8dc7b-2fee-4837-adb8-c8c5f0e415e9-668x445.jpeg\" alt=\"\" width=\"668\" height=\"445\" srcset=\"https:\/\/www.pm.pb.gov.br\/portal\/wp-content\/uploads\/2025\/11\/d7d8dc7b-2fee-4837-adb8-c8c5f0e415e9-668x445.jpeg 668w, https:\/\/www.pm.pb.gov.br\/portal\/wp-content\/uploads\/2025\/11\/d7d8dc7b-2fee-4837-adb8-c8c5f0e415e9-272x182.jpeg 272w, https:\/\/www.pm.pb.gov.br\/portal\/wp-content\/uploads\/2025\/11\/d7d8dc7b-2fee-4837-adb8-c8c5f0e415e9.jpeg 768w\" sizes=\"(max-width: 668px) 100vw, 668px\" \/><\/p>\n<p><b>Pol\u00edcia Civil<\/b>\u00a0&#8211; A Pol\u00edcia Civil tamb\u00e9m atuar\u00e1 com efetivo dedicado exclusivamente \u00e0 romaria. Ser\u00e3o 43 policiais civis, 18 viaturas e duas delegacias m\u00f3veis instaladas em pontos estrat\u00e9gicos do percurso. Uma unidade estar\u00e1 na Pra\u00e7a da Paz, no bairro dos Banc\u00e1rios com foco no atendimento \u00e0s demandas relacionadas \u00e0s mulheres, e outra funcionar\u00e1 no Santu\u00e1rio da Penha, assegurando registro imediato de ocorr\u00eancias. A estrutura inclui ainda o funcionamento extraordin\u00e1rio da 2\u00aa e da 9\u00aa Delegacias Distritais, que ir\u00e3o operar em hor\u00e1rios estendidos para facilitar o atendimento \u00e0 popula\u00e7\u00e3o. O \u00f3rg\u00e3o organizou equipes para acompanhar o cortejo desde as primeiras horas, posicionadas em cruzamentos e \u00e1reas de grande circula\u00e7\u00e3o.<\/p>\n<p>O esquema da Pol\u00edcia Civil prev\u00ea tamb\u00e9m equipe destinada \u00e0 guarda de recursos operacionais instalada na Avenida Hilton Souto Maior. O posicionamento busca atender \u00e0s necessidades log\u00edsticas da opera\u00e7\u00e3o e garantir suporte \u00e0s demais unidades mobilizadas. As equipes que acompanham o cortejo ter\u00e3o deslocamento antecipado para evitar interfer\u00eancias no fluxo geral da romaria e assegurar cobertura cont\u00ednua. A institui\u00e7\u00e3o manter\u00e1 comunica\u00e7\u00e3o direta com o Centro Integrado de Comando e Controle e com as unidades de pronto atendimento nos trechos do percurso.\u00a0\u00a0<\/p>\n<p><b>Corpo de Bombeiros Militar<\/b>\u00a0&#8211; O Corpo de Bombeiros Militar da Para\u00edba tamb\u00e9m atuar\u00e1 com estrutura setorizada ao longo do trajeto. A corpora\u00e7\u00e3o mobilizou 109 militares, distribu\u00eddos entre oficiais, pra\u00e7as e cadetes, al\u00e9m de 30 viaturas, sendo 24 operacionais e seis administrativas. A atua\u00e7\u00e3o envolve a\u00e7\u00f5es de preven\u00e7\u00e3o a inc\u00eandios, atendimento pr\u00e9-hospitalar, monitoramento de pontos de maior concentra\u00e7\u00e3o e fiscaliza\u00e7\u00e3o de estruturas tempor\u00e1rias. Haver\u00e1 ainda emprego de drones, embarca\u00e7\u00e3o e Unidades de Transporte de V\u00edtimas, conforme especificidade das etapas do percurso.<\/p>\n<p>Entre as a\u00e7\u00f5es previstas pelo Corpo de Bombeiros Militar est\u00e3o o refor\u00e7o no atendimento a v\u00edtimas e o posicionamento de viaturas de combate a inc\u00eandio em locais com hist\u00f3rico de risco, como trechos com grande uso de velas. O planejamento inclui tamb\u00e9m equipes de preven\u00e7\u00e3o aqu\u00e1tica na \u00e1rea do Campo da Penha, onde ocorre a missa campal. Para facilitar a identifica\u00e7\u00e3o de crian\u00e7as, ser\u00e3o distribu\u00eddas pulseiras de identifica\u00e7\u00e3o infantil, integradas ao protocolo de preven\u00e7\u00e3o e resposta adotado pela corpora\u00e7\u00e3o.\u00a0\u00a0<\/p>\n<p><b>Centro Integrado de Comando e Controle<\/b>\u00a0\u2013 O Centro Integrado de Comando e Controle da 1\u00aa Regi\u00e3o Integrada de Seguran\u00e7a P\u00fablica (Reisp) desempenhar\u00e1 papel central na coordena\u00e7\u00e3o de monitoramento da opera\u00e7\u00e3o. O CICC utilizar\u00e1 c\u00e2meras fixas, c\u00e2meras PTZ, drones, Sistema de Atendimento e Despacho (SAD) e acompanhamento em tempo real das equipes em campo. A integra\u00e7\u00e3o entre as for\u00e7as permitir\u00e1 avaliar deslocamentos, identificar mudan\u00e7as inesperadas no fluxo e orientar o refor\u00e7o de equipes conforme necessidade. O sistema tamb\u00e9m possibilita comunica\u00e7\u00e3o permanente entre a Secretaria de Mobilidade Urbana (Semob), Servi\u00e7o de Atendimento M\u00f3vel de Urg\u00eancia (Samu), Pol\u00edcia Militar, Pol\u00edcia Civil e Corpo de Bombeiros Militar.\u00a0\u00a0<\/p>\n<p>\u201cAs an\u00e1lises de intelig\u00eancia desenvolvidas antes do evento subsidiaram a defini\u00e7\u00e3o de rotas, posicionamento das equipes e identifica\u00e7\u00e3o dos per\u00edodos de maior vulnerabilidade. As informa\u00e7\u00f5es coletadas ao longo das \u00faltimas edi\u00e7\u00f5es foram reunidas em relat\u00f3rios consolidados e serviram de base para ajustes operacionais nesta edi\u00e7\u00e3o. Com isso, as equipes desenvolvem atua\u00e7\u00e3o alinhada \u00e0 din\u00e2mica do fluxo religioso, evitando interfer\u00eancias indevidas e garantindo maior seguran\u00e7a aos romeiros. O trabalho conjunto busca reduzir riscos e manter o acompanhamento efetivo durante todas as fases da romaria. A opera\u00e7\u00e3o integra preven\u00e7\u00e3o, monitoramento e resposta operacional\u201d, explicou o coordenador estadual do CICC, coronel PM J\u00falio C\u00e9sar de Oliveira.<\/p>\n\n\n","protected":false},"excerpt":{"rendered":"<p>Os \u00f3rg\u00e3os operativos da Secretaria da Seguran\u00e7a e da Defesa Social da Para\u00edba (Sesds) apresentaram nesta quinta-feira (27), em reuni\u00e3o<\/p>\n","protected":false},"author":5,"featured_media":929103,"comment_status":"closed","ping_status":"closed","sticky":false,"template":"","format":"standard","meta":{"_exactmetrics_skip_tracking":false,"_exactmetrics_sitenote_active":false,"_exactmetrics_sitenote_note":"","_exactmetrics_sitenote_category":0,"footnotes":""},"categories":[9],"tags":[],"yoast_head":"<!-- This site is optimized with the Yoast SEO plugin v22.0 - https:\/\/yoast.com\/wordpress\/plugins\/seo\/ -->\n<title>Seguran\u00e7a P\u00fablica: Romaria da Penha ter\u00e1 monitoramento refor\u00e7ado e atua\u00e7\u00e3o setorizada - Pol\u00edcia Militar da Para\u00edba<\/title>\n<meta name=\"robots\" content=\"index, follow, max-snippet:-1, max-image-preview:large, max-video-preview:-1\" \/>\n<link rel=\"canonical\" href=\"https:\/\/www.pm.pb.gov.br\/portal\/2025\/11\/27\/seguranca-publica-romaria-da-penha-tera-monitoramento-reforcado-e-atuacao-setorizada\/\" \/>\n<meta property=\"og:locale\" content=\"pt_BR\" \/>\n<meta property=\"og:type\" content=\"article\" \/>\n<meta property=\"og:title\" content=\"Seguran\u00e7a P\u00fablica: Romaria da Penha ter\u00e1 monitoramento refor\u00e7ado e atua\u00e7\u00e3o setorizada - Pol\u00edcia Militar da Para\u00edba\" \/>\n<meta property=\"og:description\" content=\"Os \u00f3rg\u00e3os operativos da Secretaria da Seguran\u00e7a e da Defesa Social da Para\u00edba (Sesds) apresentaram nesta quinta-feira (27), em reuni\u00e3o\" \/>\n<meta property=\"og:url\" content=\"https:\/\/www.pm.pb.gov.br\/portal\/2025\/11\/27\/seguranca-publica-romaria-da-penha-tera-monitoramento-reforcado-e-atuacao-setorizada\/\" \/>\n<meta property=\"og:site_name\" content=\"Pol\u00edcia Militar da Para\u00edba\" \/>\n<meta property=\"article:published_time\" content=\"2025-11-27T21:53:00+00:00\" \/>\n<meta property=\"article:modified_time\" content=\"2025-11-28T12:59:53+00:00\" \/>\n<meta property=\"og:image\" content=\"http:\/\/www.pm.pb.gov.br\/portal\/wp-content\/uploads\/2025\/11\/f1a68374-1927-472c-919a-c2150ccf4499.jpeg\" \/>\n\t<meta property=\"og:image:width\" content=\"768\" \/>\n\t<meta property=\"og:image:height\" content=\"363\" \/>\n\t<meta property=\"og:image:type\" content=\"image\/jpeg\" \/>\n<meta name=\"author\" content=\"Assessoria de Imprensa da PMPB\" \/>\n<meta name=\"twitter:card\" content=\"summary_large_image\" \/>\n<meta name=\"twitter:label1\" content=\"Escrito por\" \/>\n\t<meta name=\"twitter:data1\" content=\"Assessoria de Imprensa da PMPB\" \/>\n\t<meta name=\"twitter:label2\" content=\"Est. tempo de leitura\" \/>\n\t<meta name=\"twitter:data2\" content=\"5 minutos\" \/>\n<script type=\"application\/ld+json\" class=\"yoast-schema-graph\">{\"@context\":\"https:\/\/schema.org\",\"@graph\":[{\"@type\":\"Article\",\"@id\":\"https:\/\/www.pm.pb.gov.br\/portal\/2025\/11\/27\/seguranca-publica-romaria-da-penha-tera-monitoramento-reforcado-e-atuacao-setorizada\/#article\",\"isPartOf\":{\"@id\":\"https:\/\/www.pm.pb.gov.br\/portal\/2025\/11\/27\/seguranca-publica-romaria-da-penha-tera-monitoramento-reforcado-e-atuacao-setorizada\/\"},\"author\":{\"name\":\"Assessoria de Imprensa da PMPB\",\"@id\":\"https:\/\/www.pm.pb.gov.br\/portal\/#\/schema\/person\/e8454f46651c3ecf0e1ba3c1666d9947\"},\"headline\":\"Seguran\u00e7a P\u00fablica: Romaria da Penha ter\u00e1 monitoramento refor\u00e7ado e atua\u00e7\u00e3o setorizada\",\"datePublished\":\"2025-11-27T21:53:00+00:00\",\"dateModified\":\"2025-11-28T12:59:53+00:00\",\"mainEntityOfPage\":{\"@id\":\"https:\/\/www.pm.pb.gov.br\/portal\/2025\/11\/27\/seguranca-publica-romaria-da-penha-tera-monitoramento-reforcado-e-atuacao-setorizada\/\"},\"wordCount\":952,\"publisher\":{\"@id\":\"https:\/\/www.pm.pb.gov.br\/portal\/#organization\"},\"articleSection\":[\"Eventos\"],\"inLanguage\":\"pt-BR\"},{\"@type\":\"WebPage\",\"@id\":\"https:\/\/www.pm.pb.gov.br\/portal\/2025\/11\/27\/seguranca-publica-romaria-da-penha-tera-monitoramento-reforcado-e-atuacao-setorizada\/\",\"url\":\"https:\/\/www.pm.pb.gov.br\/portal\/2025\/11\/27\/seguranca-publica-romaria-da-penha-tera-monitoramento-reforcado-e-atuacao-setorizada\/\",\"name\":\"Seguran\u00e7a P\u00fablica: Romaria da Penha ter\u00e1 monitoramento refor\u00e7ado e atua\u00e7\u00e3o setorizada - Pol\u00edcia Militar da Para\u00edba\",\"isPartOf\":{\"@id\":\"https:\/\/www.pm.pb.gov.br\/portal\/#website\"},\"datePublished\":\"2025-11-27T21:53:00+00:00\",\"dateModified\":\"2025-11-28T12:59:53+00:00\",\"breadcrumb\":{\"@id\":\"https:\/\/www.pm.pb.gov.br\/portal\/2025\/11\/27\/seguranca-publica-romaria-da-penha-tera-monitoramento-reforcado-e-atuacao-setorizada\/#breadcrumb\"},\"inLanguage\":\"pt-BR\",\"potentialAction\":[{\"@type\":\"ReadAction\",\"target\":[\"https:\/\/www.pm.pb.gov.br\/portal\/2025\/11\/27\/seguranca-publica-romaria-da-penha-tera-monitoramento-reforcado-e-atuacao-setorizada\/\"]}]},{\"@type\":\"BreadcrumbList\",\"@id\":\"https:\/\/www.pm.pb.gov.br\/portal\/2025\/11\/27\/seguranca-publica-romaria-da-penha-tera-monitoramento-reforcado-e-atuacao-setorizada\/#breadcrumb\",\"itemListElement\":[{\"@type\":\"ListItem\",\"position\":1,\"name\":\"In\u00edcio\",\"item\":\"https:\/\/www.pm.pb.gov.br\/portal\/\"},{\"@type\":\"ListItem\",\"position\":2,\"name\":\"Seguran\u00e7a P\u00fablica: Romaria da Penha ter\u00e1 monitoramento refor\u00e7ado e atua\u00e7\u00e3o setorizada\"}]},{\"@type\":\"WebSite\",\"@id\":\"https:\/\/www.pm.pb.gov.br\/portal\/#website\",\"url\":\"https:\/\/www.pm.pb.gov.br\/portal\/\",\"name\":\"Pol\u00edcia Militar da Para\u00edba\",\"description\":\"\",\"publisher\":{\"@id\":\"https:\/\/www.pm.pb.gov.br\/portal\/#organization\"},\"potentialAction\":[{\"@type\":\"SearchAction\",\"target\":{\"@type\":\"EntryPoint\",\"urlTemplate\":\"https:\/\/www.pm.pb.gov.br\/portal\/?s={search_term_string}\"},\"query-input\":\"required name=search_term_string\"}],\"inLanguage\":\"pt-BR\"},{\"@type\":\"Organization\",\"@id\":\"https:\/\/www.pm.pb.gov.br\/portal\/#organization\",\"name\":\"Pol\u00edcia Militar da Para\u00edba\",\"url\":\"https:\/\/www.pm.pb.gov.br\/portal\/\",\"logo\":{\"@type\":\"ImageObject\",\"inLanguage\":\"pt-BR\",\"@id\":\"https:\/\/www.pm.pb.gov.br\/portal\/#\/schema\/logo\/image\/\",\"url\":\"https:\/\/www.pm.pb.gov.br\/portal\/wp-content\/uploads\/2025\/03\/cropped-logo-site-mag2-1.png\",\"contentUrl\":\"https:\/\/www.pm.pb.gov.br\/portal\/wp-content\/uploads\/2025\/03\/cropped-logo-site-mag2-1.png\",\"width\":320,\"height\":90,\"caption\":\"Pol\u00edcia Militar da Para\u00edba\"},\"image\":{\"@id\":\"https:\/\/www.pm.pb.gov.br\/portal\/#\/schema\/logo\/image\/\"}},{\"@type\":\"Person\",\"@id\":\"https:\/\/www.pm.pb.gov.br\/portal\/#\/schema\/person\/e8454f46651c3ecf0e1ba3c1666d9947\",\"name\":\"Assessoria de Imprensa da PMPB\",\"image\":{\"@type\":\"ImageObject\",\"inLanguage\":\"pt-BR\",\"@id\":\"https:\/\/www.pm.pb.gov.br\/portal\/#\/schema\/person\/image\/\",\"url\":\"https:\/\/secure.gravatar.com\/avatar\/2efe197438265d1e90bd98c4c8e1acf8?s=96&d=mm&r=g\",\"contentUrl\":\"https:\/\/secure.gravatar.com\/avatar\/2efe197438265d1e90bd98c4c8e1acf8?s=96&d=mm&r=g\",\"caption\":\"Assessoria de Imprensa da PMPB\"},\"url\":\"https:\/\/www.pm.pb.gov.br\/portal\/author\/assessoria\/\"}]}<\/script>\n<!-- \/ Yoast SEO plugin. -->","yoast_head_json":{"title":"Seguran\u00e7a P\u00fablica: Romaria da Penha ter\u00e1 monitoramento refor\u00e7ado e atua\u00e7\u00e3o setorizada - Pol\u00edcia Militar da Para\u00edba","robots":{"index":"index","follow":"follow","max-snippet":"max-snippet:-1","max-image-preview":"max-image-preview:large","max-video-preview":"max-video-preview:-1"},"canonical":"https:\/\/www.pm.pb.gov.br\/portal\/2025\/11\/27\/seguranca-publica-romaria-da-penha-tera-monitoramento-reforcado-e-atuacao-setorizada\/","og_locale":"pt_BR","og_type":"article","og_title":"Seguran\u00e7a P\u00fablica: Romaria da Penha ter\u00e1 monitoramento refor\u00e7ado e atua\u00e7\u00e3o setorizada - Pol\u00edcia Militar da Para\u00edba","og_description":"Os \u00f3rg\u00e3os operativos da Secretaria da Seguran\u00e7a e da Defesa Social da Para\u00edba (Sesds) apresentaram nesta quinta-feira (27), em reuni\u00e3o","og_url":"https:\/\/www.pm.pb.gov.br\/portal\/2025\/11\/27\/seguranca-publica-romaria-da-penha-tera-monitoramento-reforcado-e-atuacao-setorizada\/","og_site_name":"Pol\u00edcia Militar da Para\u00edba","article_published_time":"2025-11-27T21:53:00+00:00","article_modified_time":"2025-11-28T12:59:53+00:00","og_image":[{"width":768,"height":363,"url":"http:\/\/www.pm.pb.gov.br\/portal\/wp-content\/uploads\/2025\/11\/f1a68374-1927-472c-919a-c2150ccf4499.jpeg","type":"image\/jpeg"}],"author":"Assessoria de Imprensa da PMPB","twitter_card":"summary_large_image","twitter_misc":{"Escrito por":"Assessoria de Imprensa da PMPB","Est. tempo de leitura":"5 minutos"},"schema":{"@context":"https:\/\/schema.org","@graph":[{"@type":"Article","@id":"https:\/\/www.pm.pb.gov.br\/portal\/2025\/11\/27\/seguranca-publica-romaria-da-penha-tera-monitoramento-reforcado-e-atuacao-setorizada\/#article","isPartOf":{"@id":"https:\/\/www.pm.pb.gov.br\/portal\/2025\/11\/27\/seguranca-publica-romaria-da-penha-tera-monitoramento-reforcado-e-atuacao-setorizada\/"},"author":{"name":"Assessoria de Imprensa da PMPB","@id":"https:\/\/www.pm.pb.gov.br\/portal\/#\/schema\/person\/e8454f46651c3ecf0e1ba3c1666d9947"},"headline":"Seguran\u00e7a P\u00fablica: Romaria da Penha ter\u00e1 monitoramento refor\u00e7ado e atua\u00e7\u00e3o setorizada","datePublished":"2025-11-27T21:53:00+00:00","dateModified":"2025-11-28T12:59:53+00:00","mainEntityOfPage":{"@id":"https:\/\/www.pm.pb.gov.br\/portal\/2025\/11\/27\/seguranca-publica-romaria-da-penha-tera-monitoramento-reforcado-e-atuacao-setorizada\/"},"wordCount":952,"publisher":{"@id":"https:\/\/www.pm.pb.gov.br\/portal\/#organization"},"articleSection":["Eventos"],"inLanguage":"pt-BR"},{"@type":"WebPage","@id":"https:\/\/www.pm.pb.gov.br\/portal\/2025\/11\/27\/seguranca-publica-romaria-da-penha-tera-monitoramento-reforcado-e-atuacao-setorizada\/","url":"https:\/\/www.pm.pb.gov.br\/portal\/2025\/11\/27\/seguranca-publica-romaria-da-penha-tera-monitoramento-reforcado-e-atuacao-setorizada\/","name":"Seguran\u00e7a P\u00fablica: Romaria da Penha ter\u00e1 monitoramento refor\u00e7ado e atua\u00e7\u00e3o setorizada - Pol\u00edcia Militar da Para\u00edba","isPartOf":{"@id":"https:\/\/www.pm.pb.gov.br\/portal\/#website"},"datePublished":"2025-11-27T21:53:00+00:00","dateModified":"2025-11-28T12:59:53+00:00","breadcrumb":{"@id":"https:\/\/www.pm.pb.gov.br\/portal\/2025\/11\/27\/seguranca-publica-romaria-da-penha-tera-monitoramento-reforcado-e-atuacao-setorizada\/#breadcrumb"},"inLanguage":"pt-BR","potentialAction":[{"@type":"ReadAction","target":["https:\/\/www.pm.pb.gov.br\/portal\/2025\/11\/27\/seguranca-publica-romaria-da-penha-tera-monitoramento-reforcado-e-atuacao-setorizada\/"]}]},{"@type":"BreadcrumbList","@id":"https:\/\/www.pm.pb.gov.br\/portal\/2025\/11\/27\/seguranca-publica-romaria-da-penha-tera-monitoramento-reforcado-e-atuacao-setorizada\/#breadcrumb","itemListElement":[{"@type":"ListItem","position":1,"name":"In\u00edcio","item":"https:\/\/www.pm.pb.gov.br\/portal\/"},{"@type":"ListItem","position":2,"name":"Seguran\u00e7a P\u00fablica: Romaria da Penha ter\u00e1 monitoramento refor\u00e7ado e atua\u00e7\u00e3o setorizada"}]},{"@type":"WebSite","@id":"https:\/\/www.pm.pb.gov.br\/portal\/#website","url":"https:\/\/www.pm.pb.gov.br\/portal\/","name":"Pol\u00edcia Militar da Para\u00edba","description":"","publisher":{"@id":"https:\/\/www.pm.pb.gov.br\/portal\/#organization"},"potentialAction":[{"@type":"SearchAction","target":{"@type":"EntryPoint","urlTemplate":"https:\/\/www.pm.pb.gov.br\/portal\/?s={search_term_string}"},"query-input":"required name=search_term_string"}],"inLanguage":"pt-BR"},{"@type":"Organization","@id":"https:\/\/www.pm.pb.gov.br\/portal\/#organization","name":"Pol\u00edcia Militar da Para\u00edba","url":"https:\/\/www.pm.pb.gov.br\/portal\/","logo":{"@type":"ImageObject","inLanguage":"pt-BR","@id":"https:\/\/www.pm.pb.gov.br\/portal\/#\/schema\/logo\/image\/","url":"https:\/\/www.pm.pb.gov.br\/portal\/wp-content\/uploads\/2025\/03\/cropped-logo-site-mag2-1.png","contentUrl":"https:\/\/www.pm.pb.gov.br\/portal\/wp-content\/uploads\/2025\/03\/cropped-logo-site-mag2-1.png","width":320,"height":90,"caption":"Pol\u00edcia Militar da Para\u00edba"},"image":{"@id":"https:\/\/www.pm.pb.gov.br\/portal\/#\/schema\/logo\/image\/"}},{"@type":"Person","@id":"https:\/\/www.pm.pb.gov.br\/portal\/#\/schema\/person\/e8454f46651c3ecf0e1ba3c1666d9947","name":"Assessoria de Imprensa da PMPB","image":{"@type":"ImageObject","inLanguage":"pt-BR","@id":"https:\/\/www.pm.pb.gov.br\/portal\/#\/schema\/person\/image\/","url":"https:\/\/secure.gravatar.com\/avatar\/2efe197438265d1e90bd98c4c8e1acf8?s=96&d=mm&r=g","contentUrl":"https:\/\/secure.gravatar.com\/avatar\/2efe197438265d1e90bd98c4c8e1acf8?s=96&d=mm&r=g","caption":"Assessoria de Imprensa da PMPB"},"url":"https:\/\/www.pm.pb.gov.br\/portal\/author\/assessoria\/"}]}},"_links":{"self":[{"href":"https:\/\/www.pm.pb.gov.br\/portal\/wp-json\/wp\/v2\/posts\/929102"}],"collection":[{"href":"https:\/\/www.pm.pb.gov.br\/portal\/wp-json\/wp\/v2\/posts"}],"about":[{"href":"https:\/\/www.pm.pb.gov.br\/portal\/wp-json\/wp\/v2\/types\/post"}],"author":[{"embeddable":true,"href":"https:\/\/www.pm.pb.gov.br\/portal\/wp-json\/wp\/v2\/users\/5"}],"replies":[{"embeddable":true,"href":"https:\/\/www.pm.pb.gov.br\/portal\/wp-json\/wp\/v2\/comments?post=929102"}],"version-history":[{"count":1,"href":"https:\/\/www.pm.pb.gov.br\/portal\/wp-json\/wp\/v2\/posts\/929102\/revisions"}],"predecessor-version":[{"id":929105,"href":"https:\/\/www.pm.pb.gov.br\/portal\/wp-json\/wp\/v2\/posts\/929102\/revisions\/929105"}],"wp:featuredmedia":[{"embeddable":true,"href":"https:\/\/www.pm.pb.gov.br\/portal\/wp-json\/wp\/v2\/media\/929103"}],"wp:attachment":[{"href":"https:\/\/www.pm.pb.gov.br\/portal\/wp-json\/wp\/v2\/media?parent=929102"}],"wp:term":[{"taxonomy":"category","embeddable":true,"href":"https:\/\/www.pm.pb.gov.br\/portal\/wp-json\/wp\/v2\/categories?post=929102"},{"taxonomy":"post_tag","embeddable":true,"href":"https:\/\/www.pm.pb.gov.br\/portal\/wp-json\/wp\/v2\/tags?post=929102"}],"curies":[{"name":"wp","href":"https:\/\/api.w.org\/{rel}","templated":true}]}}