{"id":928981,"date":"2025-11-22T08:54:00","date_gmt":"2025-11-22T11:54:00","guid":{"rendered":"https:\/\/www.pm.pb.gov.br\/portal\/?p=928981"},"modified":"2025-11-22T12:57:20","modified_gmt":"2025-11-22T15:57:20","slug":"policia-militar-prende-acusados-de-ataque-em-comunidade-na-grande-jp-e-apreende-tres-armas-de-fogo","status":"publish","type":"post","link":"https:\/\/www.pm.pb.gov.br\/portal\/2025\/11\/22\/policia-militar-prende-acusados-de-ataque-em-comunidade-na-grande-jp-e-apreende-tres-armas-de-fogo\/","title":{"rendered":"Pol\u00edcia Militar prende acusados de &#8216;ataque&#8217; em comunidade na grande JP e apreende tr\u00eas armas de fogo"},"content":{"rendered":"\n<p>A Pol\u00edcia Militar frustrou e prendeu tr\u00eas indiv\u00edduos que cometeram um ataque criminoso no Renascer, em Cabedelo, na madrugada deste s\u00e1bado (22) na grande Jo\u00e3o Pessoa. Tr\u00eas armas de fogo foram apreendidas (foto abaixo).<\/p>\n<p>Entre os acusados, um deles era menor de idade e tinha como alvo o pr\u00f3prio irm\u00e3o. Outro acusado foi ferido no ataque por outros criminosos, e foi socorrido.<\/p>\n<p>De acordo com o subcomando do 21\u00b0 Batalh\u00e3o, os infratores eram do Jardim Gama, e foram at\u00e9 o Renascer para matar integrantes de um grupo rival. Na fuga, os acusados foram frustrados pela PM.<\/p>\n<p><img loading=\"lazy\" decoding=\"async\" class=\"size-medium wp-image-928982 aligncenter\" src=\"http:\/\/www.pm.pb.gov.br\/portal\/wp-content\/uploads\/2025\/11\/WhatsApp-Image-2025-11-22-at-10.29.55-412x445.jpeg\" alt=\"\" width=\"412\" height=\"445\" srcset=\"https:\/\/www.pm.pb.gov.br\/portal\/wp-content\/uploads\/2025\/11\/WhatsApp-Image-2025-11-22-at-10.29.55-412x445.jpeg 412w, https:\/\/www.pm.pb.gov.br\/portal\/wp-content\/uploads\/2025\/11\/WhatsApp-Image-2025-11-22-at-10.29.55-528x570.jpeg 528w, https:\/\/www.pm.pb.gov.br\/portal\/wp-content\/uploads\/2025\/11\/WhatsApp-Image-2025-11-22-at-10.29.55.jpeg 718w\" sizes=\"(max-width: 412px) 100vw, 412px\" \/><\/p>\n<p>Duas pistolas e um rev\u00f3lver usados para cometer os crimes tamb\u00e9m foram apreendidos como trio. A pris\u00e3o dos acusados aconteceu durante o refor\u00e7o do policiamento neste final de semana de feriad\u00e3o.<\/p>\n<p>O caso foi apresentado na delegacia.<\/p>\n\n\n","protected":false},"excerpt":{"rendered":"<p>A Pol\u00edcia Militar frustrou e prendeu tr\u00eas indiv\u00edduos que cometeram um ataque criminoso no Renascer, em Cabedelo, na madrugada deste<\/p>\n","protected":false},"author":12,"featured_media":916513,"comment_status":"closed","ping_status":"closed","sticky":false,"template":"","format":"standard","meta":{"_exactmetrics_skip_tracking":false,"_exactmetrics_sitenote_active":false,"_exactmetrics_sitenote_note":"","_exactmetrics_sitenote_category":0,"footnotes":""},"categories":[4],"tags":[],"yoast_head":"<!-- This site is optimized with the Yoast SEO plugin v22.0 - https:\/\/yoast.com\/wordpress\/plugins\/seo\/ -->\n<title>Pol\u00edcia Militar prende acusados de &#039;ataque&#039; em comunidade na grande JP e apreende tr\u00eas armas de fogo - Pol\u00edcia Militar da Para\u00edba<\/title>\n<meta name=\"robots\" content=\"index, follow, max-snippet:-1, max-image-preview:large, max-video-preview:-1\" \/>\n<link rel=\"canonical\" href=\"https:\/\/www.pm.pb.gov.br\/portal\/2025\/11\/22\/policia-militar-prende-acusados-de-ataque-em-comunidade-na-grande-jp-e-apreende-tres-armas-de-fogo\/\" \/>\n<meta property=\"og:locale\" content=\"pt_BR\" \/>\n<meta property=\"og:type\" content=\"article\" \/>\n<meta property=\"og:title\" content=\"Pol\u00edcia Militar prende acusados de &#039;ataque&#039; em comunidade na grande JP e apreende tr\u00eas armas de fogo - Pol\u00edcia Militar da Para\u00edba\" \/>\n<meta property=\"og:description\" content=\"A Pol\u00edcia Militar frustrou e prendeu tr\u00eas indiv\u00edduos que cometeram um ataque criminoso no Renascer, em Cabedelo, na madrugada deste\" \/>\n<meta property=\"og:url\" content=\"https:\/\/www.pm.pb.gov.br\/portal\/2025\/11\/22\/policia-militar-prende-acusados-de-ataque-em-comunidade-na-grande-jp-e-apreende-tres-armas-de-fogo\/\" \/>\n<meta property=\"og:site_name\" content=\"Pol\u00edcia Militar da Para\u00edba\" \/>\n<meta property=\"article:published_time\" content=\"2025-11-22T11:54:00+00:00\" \/>\n<meta property=\"article:modified_time\" content=\"2025-11-22T15:57:20+00:00\" \/>\n<meta property=\"og:image\" content=\"http:\/\/www.pm.pb.gov.br\/portal\/wp-content\/uploads\/2023\/05\/ilustrativa-2.jpeg\" \/>\n\t<meta property=\"og:image:width\" content=\"800\" \/>\n\t<meta property=\"og:image:height\" content=\"445\" \/>\n\t<meta property=\"og:image:type\" content=\"image\/jpeg\" \/>\n<meta name=\"author\" content=\"Tarcisio Oliveira\" \/>\n<meta name=\"twitter:card\" content=\"summary_large_image\" \/>\n<meta name=\"twitter:label1\" content=\"Escrito por\" \/>\n\t<meta name=\"twitter:data1\" content=\"Tarcisio Oliveira\" \/>\n\t<meta name=\"twitter:label2\" content=\"Est. tempo de leitura\" \/>\n\t<meta name=\"twitter:data2\" content=\"2 minutos\" \/>\n<script type=\"application\/ld+json\" class=\"yoast-schema-graph\">{\"@context\":\"https:\/\/schema.org\",\"@graph\":[{\"@type\":\"Article\",\"@id\":\"https:\/\/www.pm.pb.gov.br\/portal\/2025\/11\/22\/policia-militar-prende-acusados-de-ataque-em-comunidade-na-grande-jp-e-apreende-tres-armas-de-fogo\/#article\",\"isPartOf\":{\"@id\":\"https:\/\/www.pm.pb.gov.br\/portal\/2025\/11\/22\/policia-militar-prende-acusados-de-ataque-em-comunidade-na-grande-jp-e-apreende-tres-armas-de-fogo\/\"},\"author\":{\"name\":\"Tarcisio Oliveira\",\"@id\":\"https:\/\/www.pm.pb.gov.br\/portal\/#\/schema\/person\/f84f56dcc78ce4357054da888b8247fd\"},\"headline\":\"Pol\u00edcia Militar prende acusados de &#8216;ataque&#8217; em comunidade na grande JP e apreende tr\u00eas armas de fogo\",\"datePublished\":\"2025-11-22T11:54:00+00:00\",\"dateModified\":\"2025-11-22T15:57:20+00:00\",\"mainEntityOfPage\":{\"@id\":\"https:\/\/www.pm.pb.gov.br\/portal\/2025\/11\/22\/policia-militar-prende-acusados-de-ataque-em-comunidade-na-grande-jp-e-apreende-tres-armas-de-fogo\/\"},\"wordCount\":164,\"publisher\":{\"@id\":\"https:\/\/www.pm.pb.gov.br\/portal\/#organization\"},\"articleSection\":[\"A\u00e7\u00f5es Policiais\"],\"inLanguage\":\"pt-BR\"},{\"@type\":\"WebPage\",\"@id\":\"https:\/\/www.pm.pb.gov.br\/portal\/2025\/11\/22\/policia-militar-prende-acusados-de-ataque-em-comunidade-na-grande-jp-e-apreende-tres-armas-de-fogo\/\",\"url\":\"https:\/\/www.pm.pb.gov.br\/portal\/2025\/11\/22\/policia-militar-prende-acusados-de-ataque-em-comunidade-na-grande-jp-e-apreende-tres-armas-de-fogo\/\",\"name\":\"Pol\u00edcia Militar prende acusados de 'ataque' em comunidade na grande JP e apreende tr\u00eas armas de fogo - Pol\u00edcia Militar da Para\u00edba\",\"isPartOf\":{\"@id\":\"https:\/\/www.pm.pb.gov.br\/portal\/#website\"},\"datePublished\":\"2025-11-22T11:54:00+00:00\",\"dateModified\":\"2025-11-22T15:57:20+00:00\",\"breadcrumb\":{\"@id\":\"https:\/\/www.pm.pb.gov.br\/portal\/2025\/11\/22\/policia-militar-prende-acusados-de-ataque-em-comunidade-na-grande-jp-e-apreende-tres-armas-de-fogo\/#breadcrumb\"},\"inLanguage\":\"pt-BR\",\"potentialAction\":[{\"@type\":\"ReadAction\",\"target\":[\"https:\/\/www.pm.pb.gov.br\/portal\/2025\/11\/22\/policia-militar-prende-acusados-de-ataque-em-comunidade-na-grande-jp-e-apreende-tres-armas-de-fogo\/\"]}]},{\"@type\":\"BreadcrumbList\",\"@id\":\"https:\/\/www.pm.pb.gov.br\/portal\/2025\/11\/22\/policia-militar-prende-acusados-de-ataque-em-comunidade-na-grande-jp-e-apreende-tres-armas-de-fogo\/#breadcrumb\",\"itemListElement\":[{\"@type\":\"ListItem\",\"position\":1,\"name\":\"In\u00edcio\",\"item\":\"https:\/\/www.pm.pb.gov.br\/portal\/\"},{\"@type\":\"ListItem\",\"position\":2,\"name\":\"Pol\u00edcia Militar prende acusados de &#8216;ataque&#8217; em comunidade na grande JP e apreende tr\u00eas armas de fogo\"}]},{\"@type\":\"WebSite\",\"@id\":\"https:\/\/www.pm.pb.gov.br\/portal\/#website\",\"url\":\"https:\/\/www.pm.pb.gov.br\/portal\/\",\"name\":\"Pol\u00edcia Militar da Para\u00edba\",\"description\":\"\",\"publisher\":{\"@id\":\"https:\/\/www.pm.pb.gov.br\/portal\/#organization\"},\"potentialAction\":[{\"@type\":\"SearchAction\",\"target\":{\"@type\":\"EntryPoint\",\"urlTemplate\":\"https:\/\/www.pm.pb.gov.br\/portal\/?s={search_term_string}\"},\"query-input\":\"required name=search_term_string\"}],\"inLanguage\":\"pt-BR\"},{\"@type\":\"Organization\",\"@id\":\"https:\/\/www.pm.pb.gov.br\/portal\/#organization\",\"name\":\"Pol\u00edcia Militar da Para\u00edba\",\"url\":\"https:\/\/www.pm.pb.gov.br\/portal\/\",\"logo\":{\"@type\":\"ImageObject\",\"inLanguage\":\"pt-BR\",\"@id\":\"https:\/\/www.pm.pb.gov.br\/portal\/#\/schema\/logo\/image\/\",\"url\":\"https:\/\/www.pm.pb.gov.br\/portal\/wp-content\/uploads\/2025\/03\/cropped-logo-site-mag2-1.png\",\"contentUrl\":\"https:\/\/www.pm.pb.gov.br\/portal\/wp-content\/uploads\/2025\/03\/cropped-logo-site-mag2-1.png\",\"width\":320,\"height\":90,\"caption\":\"Pol\u00edcia Militar da Para\u00edba\"},\"image\":{\"@id\":\"https:\/\/www.pm.pb.gov.br\/portal\/#\/schema\/logo\/image\/\"}},{\"@type\":\"Person\",\"@id\":\"https:\/\/www.pm.pb.gov.br\/portal\/#\/schema\/person\/f84f56dcc78ce4357054da888b8247fd\",\"name\":\"Tarcisio Oliveira\",\"image\":{\"@type\":\"ImageObject\",\"inLanguage\":\"pt-BR\",\"@id\":\"https:\/\/www.pm.pb.gov.br\/portal\/#\/schema\/person\/image\/\",\"url\":\"https:\/\/secure.gravatar.com\/avatar\/72917b630b69d31cd0297507f34bac97?s=96&d=mm&r=g\",\"contentUrl\":\"https:\/\/secure.gravatar.com\/avatar\/72917b630b69d31cd0297507f34bac97?s=96&d=mm&r=g\",\"caption\":\"Tarcisio Oliveira\"},\"url\":\"https:\/\/www.pm.pb.gov.br\/portal\/author\/tarcisio\/\"}]}<\/script>\n<!-- \/ Yoast SEO plugin. -->","yoast_head_json":{"title":"Pol\u00edcia Militar prende acusados de 'ataque' em comunidade na grande JP e apreende tr\u00eas armas de fogo - Pol\u00edcia Militar da Para\u00edba","robots":{"index":"index","follow":"follow","max-snippet":"max-snippet:-1","max-image-preview":"max-image-preview:large","max-video-preview":"max-video-preview:-1"},"canonical":"https:\/\/www.pm.pb.gov.br\/portal\/2025\/11\/22\/policia-militar-prende-acusados-de-ataque-em-comunidade-na-grande-jp-e-apreende-tres-armas-de-fogo\/","og_locale":"pt_BR","og_type":"article","og_title":"Pol\u00edcia Militar prende acusados de 'ataque' em comunidade na grande JP e apreende tr\u00eas armas de fogo - Pol\u00edcia Militar da Para\u00edba","og_description":"A Pol\u00edcia Militar frustrou e prendeu tr\u00eas indiv\u00edduos que cometeram um ataque criminoso no Renascer, em Cabedelo, na madrugada deste","og_url":"https:\/\/www.pm.pb.gov.br\/portal\/2025\/11\/22\/policia-militar-prende-acusados-de-ataque-em-comunidade-na-grande-jp-e-apreende-tres-armas-de-fogo\/","og_site_name":"Pol\u00edcia Militar da Para\u00edba","article_published_time":"2025-11-22T11:54:00+00:00","article_modified_time":"2025-11-22T15:57:20+00:00","og_image":[{"width":800,"height":445,"url":"http:\/\/www.pm.pb.gov.br\/portal\/wp-content\/uploads\/2023\/05\/ilustrativa-2.jpeg","type":"image\/jpeg"}],"author":"Tarcisio Oliveira","twitter_card":"summary_large_image","twitter_misc":{"Escrito por":"Tarcisio Oliveira","Est. tempo de leitura":"2 minutos"},"schema":{"@context":"https:\/\/schema.org","@graph":[{"@type":"Article","@id":"https:\/\/www.pm.pb.gov.br\/portal\/2025\/11\/22\/policia-militar-prende-acusados-de-ataque-em-comunidade-na-grande-jp-e-apreende-tres-armas-de-fogo\/#article","isPartOf":{"@id":"https:\/\/www.pm.pb.gov.br\/portal\/2025\/11\/22\/policia-militar-prende-acusados-de-ataque-em-comunidade-na-grande-jp-e-apreende-tres-armas-de-fogo\/"},"author":{"name":"Tarcisio Oliveira","@id":"https:\/\/www.pm.pb.gov.br\/portal\/#\/schema\/person\/f84f56dcc78ce4357054da888b8247fd"},"headline":"Pol\u00edcia Militar prende acusados de &#8216;ataque&#8217; em comunidade na grande JP e apreende tr\u00eas armas de fogo","datePublished":"2025-11-22T11:54:00+00:00","dateModified":"2025-11-22T15:57:20+00:00","mainEntityOfPage":{"@id":"https:\/\/www.pm.pb.gov.br\/portal\/2025\/11\/22\/policia-militar-prende-acusados-de-ataque-em-comunidade-na-grande-jp-e-apreende-tres-armas-de-fogo\/"},"wordCount":164,"publisher":{"@id":"https:\/\/www.pm.pb.gov.br\/portal\/#organization"},"articleSection":["A\u00e7\u00f5es Policiais"],"inLanguage":"pt-BR"},{"@type":"WebPage","@id":"https:\/\/www.pm.pb.gov.br\/portal\/2025\/11\/22\/policia-militar-prende-acusados-de-ataque-em-comunidade-na-grande-jp-e-apreende-tres-armas-de-fogo\/","url":"https:\/\/www.pm.pb.gov.br\/portal\/2025\/11\/22\/policia-militar-prende-acusados-de-ataque-em-comunidade-na-grande-jp-e-apreende-tres-armas-de-fogo\/","name":"Pol\u00edcia Militar prende acusados de 'ataque' em comunidade na grande JP e apreende tr\u00eas armas de fogo - Pol\u00edcia Militar da Para\u00edba","isPartOf":{"@id":"https:\/\/www.pm.pb.gov.br\/portal\/#website"},"datePublished":"2025-11-22T11:54:00+00:00","dateModified":"2025-11-22T15:57:20+00:00","breadcrumb":{"@id":"https:\/\/www.pm.pb.gov.br\/portal\/2025\/11\/22\/policia-militar-prende-acusados-de-ataque-em-comunidade-na-grande-jp-e-apreende-tres-armas-de-fogo\/#breadcrumb"},"inLanguage":"pt-BR","potentialAction":[{"@type":"ReadAction","target":["https:\/\/www.pm.pb.gov.br\/portal\/2025\/11\/22\/policia-militar-prende-acusados-de-ataque-em-comunidade-na-grande-jp-e-apreende-tres-armas-de-fogo\/"]}]},{"@type":"BreadcrumbList","@id":"https:\/\/www.pm.pb.gov.br\/portal\/2025\/11\/22\/policia-militar-prende-acusados-de-ataque-em-comunidade-na-grande-jp-e-apreende-tres-armas-de-fogo\/#breadcrumb","itemListElement":[{"@type":"ListItem","position":1,"name":"In\u00edcio","item":"https:\/\/www.pm.pb.gov.br\/portal\/"},{"@type":"ListItem","position":2,"name":"Pol\u00edcia Militar prende acusados de &#8216;ataque&#8217; em comunidade na grande JP e apreende tr\u00eas armas de fogo"}]},{"@type":"WebSite","@id":"https:\/\/www.pm.pb.gov.br\/portal\/#website","url":"https:\/\/www.pm.pb.gov.br\/portal\/","name":"Pol\u00edcia Militar da Para\u00edba","description":"","publisher":{"@id":"https:\/\/www.pm.pb.gov.br\/portal\/#organization"},"potentialAction":[{"@type":"SearchAction","target":{"@type":"EntryPoint","urlTemplate":"https:\/\/www.pm.pb.gov.br\/portal\/?s={search_term_string}"},"query-input":"required name=search_term_string"}],"inLanguage":"pt-BR"},{"@type":"Organization","@id":"https:\/\/www.pm.pb.gov.br\/portal\/#organization","name":"Pol\u00edcia Militar da Para\u00edba","url":"https:\/\/www.pm.pb.gov.br\/portal\/","logo":{"@type":"ImageObject","inLanguage":"pt-BR","@id":"https:\/\/www.pm.pb.gov.br\/portal\/#\/schema\/logo\/image\/","url":"https:\/\/www.pm.pb.gov.br\/portal\/wp-content\/uploads\/2025\/03\/cropped-logo-site-mag2-1.png","contentUrl":"https:\/\/www.pm.pb.gov.br\/portal\/wp-content\/uploads\/2025\/03\/cropped-logo-site-mag2-1.png","width":320,"height":90,"caption":"Pol\u00edcia Militar da Para\u00edba"},"image":{"@id":"https:\/\/www.pm.pb.gov.br\/portal\/#\/schema\/logo\/image\/"}},{"@type":"Person","@id":"https:\/\/www.pm.pb.gov.br\/portal\/#\/schema\/person\/f84f56dcc78ce4357054da888b8247fd","name":"Tarcisio Oliveira","image":{"@type":"ImageObject","inLanguage":"pt-BR","@id":"https:\/\/www.pm.pb.gov.br\/portal\/#\/schema\/person\/image\/","url":"https:\/\/secure.gravatar.com\/avatar\/72917b630b69d31cd0297507f34bac97?s=96&d=mm&r=g","contentUrl":"https:\/\/secure.gravatar.com\/avatar\/72917b630b69d31cd0297507f34bac97?s=96&d=mm&r=g","caption":"Tarcisio Oliveira"},"url":"https:\/\/www.pm.pb.gov.br\/portal\/author\/tarcisio\/"}]}},"_links":{"self":[{"href":"https:\/\/www.pm.pb.gov.br\/portal\/wp-json\/wp\/v2\/posts\/928981"}],"collection":[{"href":"https:\/\/www.pm.pb.gov.br\/portal\/wp-json\/wp\/v2\/posts"}],"about":[{"href":"https:\/\/www.pm.pb.gov.br\/portal\/wp-json\/wp\/v2\/types\/post"}],"author":[{"embeddable":true,"href":"https:\/\/www.pm.pb.gov.br\/portal\/wp-json\/wp\/v2\/users\/12"}],"replies":[{"embeddable":true,"href":"https:\/\/www.pm.pb.gov.br\/portal\/wp-json\/wp\/v2\/comments?post=928981"}],"version-history":[{"count":1,"href":"https:\/\/www.pm.pb.gov.br\/portal\/wp-json\/wp\/v2\/posts\/928981\/revisions"}],"predecessor-version":[{"id":928983,"href":"https:\/\/www.pm.pb.gov.br\/portal\/wp-json\/wp\/v2\/posts\/928981\/revisions\/928983"}],"wp:featuredmedia":[{"embeddable":true,"href":"https:\/\/www.pm.pb.gov.br\/portal\/wp-json\/wp\/v2\/media\/916513"}],"wp:attachment":[{"href":"https:\/\/www.pm.pb.gov.br\/portal\/wp-json\/wp\/v2\/media?parent=928981"}],"wp:term":[{"taxonomy":"category","embeddable":true,"href":"https:\/\/www.pm.pb.gov.br\/portal\/wp-json\/wp\/v2\/categories?post=928981"},{"taxonomy":"post_tag","embeddable":true,"href":"https:\/\/www.pm.pb.gov.br\/portal\/wp-json\/wp\/v2\/tags?post=928981"}],"curies":[{"name":"wp","href":"https:\/\/api.w.org\/{rel}","templated":true}]}}