{"id":928473,"date":"2025-10-20T07:31:57","date_gmt":"2025-10-20T10:31:57","guid":{"rendered":"https:\/\/www.pm.pb.gov.br\/portal\/?p=928473"},"modified":"2025-10-20T07:31:59","modified_gmt":"2025-10-20T10:31:59","slug":"suspeito-arremessa-revolver-por-cima-do-muro-tenta-fugir-mas-acaba-preso-durante-cerco-em-jp","status":"publish","type":"post","link":"https:\/\/www.pm.pb.gov.br\/portal\/2025\/10\/20\/suspeito-arremessa-revolver-por-cima-do-muro-tenta-fugir-mas-acaba-preso-durante-cerco-em-jp\/","title":{"rendered":"Suspeito arremessa rev\u00f3lver por cima do muro, tenta fugir, mas acaba preso durante cerco em JP"},"content":{"rendered":"Um homem foi preso em flagrante por porte ilegal de arma, na noite desse domingo (19), em mais uma a\u00e7\u00e3o do 1\u00ba Esquadr\u00e3o do Regimento de Opera\u00e7\u00f5es T\u00e1ticas com Apoio de Motocicletas (ROTAM), no bairro Jardim Veneza, em Jo\u00e3o Pessoa. Ele estava com um rev\u00f3lver e sete muni\u00e7\u00f5es.<br \/><br \/>O suspeito, ao perceber a presen\u00e7a dos policiais, arremessou a arma por cima do muro, tentou fugir, mas foi cercado e preso. A ocorr\u00eancia foi levada para a Cidade da Pol\u00edcia Civil, no Geisel.<br \/><br \/>","protected":false},"excerpt":{"rendered":"<p>Um homem foi preso em flagrante por porte ilegal de arma, na noite desse domingo (19), em mais uma a\u00e7\u00e3o<\/p>\n","protected":false},"author":18,"featured_media":928481,"comment_status":"closed","ping_status":"closed","sticky":false,"template":"","format":"standard","meta":{"_exactmetrics_skip_tracking":false,"_exactmetrics_sitenote_active":false,"_exactmetrics_sitenote_note":"","_exactmetrics_sitenote_category":0,"footnotes":""},"categories":[4],"tags":[],"yoast_head":"<!-- This site is optimized with the Yoast SEO plugin v22.0 - https:\/\/yoast.com\/wordpress\/plugins\/seo\/ -->\n<title>Suspeito arremessa rev\u00f3lver por cima do muro, tenta fugir, mas acaba preso durante cerco em JP - Pol\u00edcia Militar da Para\u00edba<\/title>\n<meta name=\"robots\" content=\"index, follow, max-snippet:-1, max-image-preview:large, max-video-preview:-1\" \/>\n<link rel=\"canonical\" href=\"https:\/\/www.pm.pb.gov.br\/portal\/2025\/10\/20\/suspeito-arremessa-revolver-por-cima-do-muro-tenta-fugir-mas-acaba-preso-durante-cerco-em-jp\/\" \/>\n<meta property=\"og:locale\" content=\"pt_BR\" \/>\n<meta property=\"og:type\" content=\"article\" \/>\n<meta property=\"og:title\" content=\"Suspeito arremessa rev\u00f3lver por cima do muro, tenta fugir, mas acaba preso durante cerco em JP - Pol\u00edcia Militar da Para\u00edba\" \/>\n<meta property=\"og:description\" content=\"Um homem foi preso em flagrante por porte ilegal de arma, na noite desse domingo (19), em mais uma a\u00e7\u00e3o\" \/>\n<meta property=\"og:url\" content=\"https:\/\/www.pm.pb.gov.br\/portal\/2025\/10\/20\/suspeito-arremessa-revolver-por-cima-do-muro-tenta-fugir-mas-acaba-preso-durante-cerco-em-jp\/\" \/>\n<meta property=\"og:site_name\" content=\"Pol\u00edcia Militar da Para\u00edba\" \/>\n<meta property=\"article:published_time\" content=\"2025-10-20T10:31:57+00:00\" \/>\n<meta property=\"article:modified_time\" content=\"2025-10-20T10:31:59+00:00\" \/>\n<meta property=\"og:image\" content=\"http:\/\/www.pm.pb.gov.br\/portal\/wp-content\/uploads\/2025\/10\/WhatsApp-Image-2025-10-19-at-11.55.12-PM-1.jpeg\" \/>\n\t<meta property=\"og:image:width\" content=\"1600\" \/>\n\t<meta property=\"og:image:height\" content=\"738\" \/>\n\t<meta property=\"og:image:type\" content=\"image\/jpeg\" \/>\n<meta name=\"author\" content=\"Luiz Duarte\" \/>\n<meta name=\"twitter:card\" content=\"summary_large_image\" \/>\n<meta name=\"twitter:label1\" content=\"Escrito por\" \/>\n\t<meta name=\"twitter:data1\" content=\"Luiz Duarte\" \/>\n\t<meta name=\"twitter:label2\" content=\"Est. tempo de leitura\" \/>\n\t<meta name=\"twitter:data2\" content=\"1 minuto\" \/>\n<script type=\"application\/ld+json\" class=\"yoast-schema-graph\">{\"@context\":\"https:\/\/schema.org\",\"@graph\":[{\"@type\":\"Article\",\"@id\":\"https:\/\/www.pm.pb.gov.br\/portal\/2025\/10\/20\/suspeito-arremessa-revolver-por-cima-do-muro-tenta-fugir-mas-acaba-preso-durante-cerco-em-jp\/#article\",\"isPartOf\":{\"@id\":\"https:\/\/www.pm.pb.gov.br\/portal\/2025\/10\/20\/suspeito-arremessa-revolver-por-cima-do-muro-tenta-fugir-mas-acaba-preso-durante-cerco-em-jp\/\"},\"author\":{\"name\":\"Luiz Duarte\",\"@id\":\"https:\/\/www.pm.pb.gov.br\/portal\/#\/schema\/person\/89dd009e2523c97adf8def1d6cf90ca1\"},\"headline\":\"Suspeito arremessa rev\u00f3lver por cima do muro, tenta fugir, mas acaba preso durante cerco em JP\",\"datePublished\":\"2025-10-20T10:31:57+00:00\",\"dateModified\":\"2025-10-20T10:31:59+00:00\",\"mainEntityOfPage\":{\"@id\":\"https:\/\/www.pm.pb.gov.br\/portal\/2025\/10\/20\/suspeito-arremessa-revolver-por-cima-do-muro-tenta-fugir-mas-acaba-preso-durante-cerco-em-jp\/\"},\"wordCount\":107,\"publisher\":{\"@id\":\"https:\/\/www.pm.pb.gov.br\/portal\/#organization\"},\"articleSection\":[\"A\u00e7\u00f5es Policiais\"],\"inLanguage\":\"pt-BR\"},{\"@type\":\"WebPage\",\"@id\":\"https:\/\/www.pm.pb.gov.br\/portal\/2025\/10\/20\/suspeito-arremessa-revolver-por-cima-do-muro-tenta-fugir-mas-acaba-preso-durante-cerco-em-jp\/\",\"url\":\"https:\/\/www.pm.pb.gov.br\/portal\/2025\/10\/20\/suspeito-arremessa-revolver-por-cima-do-muro-tenta-fugir-mas-acaba-preso-durante-cerco-em-jp\/\",\"name\":\"Suspeito arremessa rev\u00f3lver por cima do muro, tenta fugir, mas acaba preso durante cerco em JP - Pol\u00edcia Militar da Para\u00edba\",\"isPartOf\":{\"@id\":\"https:\/\/www.pm.pb.gov.br\/portal\/#website\"},\"datePublished\":\"2025-10-20T10:31:57+00:00\",\"dateModified\":\"2025-10-20T10:31:59+00:00\",\"breadcrumb\":{\"@id\":\"https:\/\/www.pm.pb.gov.br\/portal\/2025\/10\/20\/suspeito-arremessa-revolver-por-cima-do-muro-tenta-fugir-mas-acaba-preso-durante-cerco-em-jp\/#breadcrumb\"},\"inLanguage\":\"pt-BR\",\"potentialAction\":[{\"@type\":\"ReadAction\",\"target\":[\"https:\/\/www.pm.pb.gov.br\/portal\/2025\/10\/20\/suspeito-arremessa-revolver-por-cima-do-muro-tenta-fugir-mas-acaba-preso-durante-cerco-em-jp\/\"]}]},{\"@type\":\"BreadcrumbList\",\"@id\":\"https:\/\/www.pm.pb.gov.br\/portal\/2025\/10\/20\/suspeito-arremessa-revolver-por-cima-do-muro-tenta-fugir-mas-acaba-preso-durante-cerco-em-jp\/#breadcrumb\",\"itemListElement\":[{\"@type\":\"ListItem\",\"position\":1,\"name\":\"In\u00edcio\",\"item\":\"https:\/\/www.pm.pb.gov.br\/portal\/\"},{\"@type\":\"ListItem\",\"position\":2,\"name\":\"Suspeito arremessa rev\u00f3lver por cima do muro, tenta fugir, mas acaba preso durante cerco em JP\"}]},{\"@type\":\"WebSite\",\"@id\":\"https:\/\/www.pm.pb.gov.br\/portal\/#website\",\"url\":\"https:\/\/www.pm.pb.gov.br\/portal\/\",\"name\":\"Pol\u00edcia Militar da Para\u00edba\",\"description\":\"\",\"publisher\":{\"@id\":\"https:\/\/www.pm.pb.gov.br\/portal\/#organization\"},\"potentialAction\":[{\"@type\":\"SearchAction\",\"target\":{\"@type\":\"EntryPoint\",\"urlTemplate\":\"https:\/\/www.pm.pb.gov.br\/portal\/?s={search_term_string}\"},\"query-input\":\"required name=search_term_string\"}],\"inLanguage\":\"pt-BR\"},{\"@type\":\"Organization\",\"@id\":\"https:\/\/www.pm.pb.gov.br\/portal\/#organization\",\"name\":\"Pol\u00edcia Militar da Para\u00edba\",\"url\":\"https:\/\/www.pm.pb.gov.br\/portal\/\",\"logo\":{\"@type\":\"ImageObject\",\"inLanguage\":\"pt-BR\",\"@id\":\"https:\/\/www.pm.pb.gov.br\/portal\/#\/schema\/logo\/image\/\",\"url\":\"https:\/\/www.pm.pb.gov.br\/portal\/wp-content\/uploads\/2025\/03\/cropped-logo-site-mag2-1.png\",\"contentUrl\":\"https:\/\/www.pm.pb.gov.br\/portal\/wp-content\/uploads\/2025\/03\/cropped-logo-site-mag2-1.png\",\"width\":320,\"height\":90,\"caption\":\"Pol\u00edcia Militar da Para\u00edba\"},\"image\":{\"@id\":\"https:\/\/www.pm.pb.gov.br\/portal\/#\/schema\/logo\/image\/\"}},{\"@type\":\"Person\",\"@id\":\"https:\/\/www.pm.pb.gov.br\/portal\/#\/schema\/person\/89dd009e2523c97adf8def1d6cf90ca1\",\"name\":\"Luiz Duarte\",\"image\":{\"@type\":\"ImageObject\",\"inLanguage\":\"pt-BR\",\"@id\":\"https:\/\/www.pm.pb.gov.br\/portal\/#\/schema\/person\/image\/\",\"url\":\"https:\/\/secure.gravatar.com\/avatar\/ce5539b97246ef4d24dd039a3f64145b?s=96&d=mm&r=g\",\"contentUrl\":\"https:\/\/secure.gravatar.com\/avatar\/ce5539b97246ef4d24dd039a3f64145b?s=96&d=mm&r=g\",\"caption\":\"Luiz Duarte\"},\"url\":\"https:\/\/www.pm.pb.gov.br\/portal\/author\/luiz\/\"}]}<\/script>\n<!-- \/ Yoast SEO plugin. -->","yoast_head_json":{"title":"Suspeito arremessa rev\u00f3lver por cima do muro, tenta fugir, mas acaba preso durante cerco em JP - Pol\u00edcia Militar da Para\u00edba","robots":{"index":"index","follow":"follow","max-snippet":"max-snippet:-1","max-image-preview":"max-image-preview:large","max-video-preview":"max-video-preview:-1"},"canonical":"https:\/\/www.pm.pb.gov.br\/portal\/2025\/10\/20\/suspeito-arremessa-revolver-por-cima-do-muro-tenta-fugir-mas-acaba-preso-durante-cerco-em-jp\/","og_locale":"pt_BR","og_type":"article","og_title":"Suspeito arremessa rev\u00f3lver por cima do muro, tenta fugir, mas acaba preso durante cerco em JP - Pol\u00edcia Militar da Para\u00edba","og_description":"Um homem foi preso em flagrante por porte ilegal de arma, na noite desse domingo (19), em mais uma a\u00e7\u00e3o","og_url":"https:\/\/www.pm.pb.gov.br\/portal\/2025\/10\/20\/suspeito-arremessa-revolver-por-cima-do-muro-tenta-fugir-mas-acaba-preso-durante-cerco-em-jp\/","og_site_name":"Pol\u00edcia Militar da Para\u00edba","article_published_time":"2025-10-20T10:31:57+00:00","article_modified_time":"2025-10-20T10:31:59+00:00","og_image":[{"width":1600,"height":738,"url":"http:\/\/www.pm.pb.gov.br\/portal\/wp-content\/uploads\/2025\/10\/WhatsApp-Image-2025-10-19-at-11.55.12-PM-1.jpeg","type":"image\/jpeg"}],"author":"Luiz Duarte","twitter_card":"summary_large_image","twitter_misc":{"Escrito por":"Luiz Duarte","Est. tempo de leitura":"1 minuto"},"schema":{"@context":"https:\/\/schema.org","@graph":[{"@type":"Article","@id":"https:\/\/www.pm.pb.gov.br\/portal\/2025\/10\/20\/suspeito-arremessa-revolver-por-cima-do-muro-tenta-fugir-mas-acaba-preso-durante-cerco-em-jp\/#article","isPartOf":{"@id":"https:\/\/www.pm.pb.gov.br\/portal\/2025\/10\/20\/suspeito-arremessa-revolver-por-cima-do-muro-tenta-fugir-mas-acaba-preso-durante-cerco-em-jp\/"},"author":{"name":"Luiz Duarte","@id":"https:\/\/www.pm.pb.gov.br\/portal\/#\/schema\/person\/89dd009e2523c97adf8def1d6cf90ca1"},"headline":"Suspeito arremessa rev\u00f3lver por cima do muro, tenta fugir, mas acaba preso durante cerco em JP","datePublished":"2025-10-20T10:31:57+00:00","dateModified":"2025-10-20T10:31:59+00:00","mainEntityOfPage":{"@id":"https:\/\/www.pm.pb.gov.br\/portal\/2025\/10\/20\/suspeito-arremessa-revolver-por-cima-do-muro-tenta-fugir-mas-acaba-preso-durante-cerco-em-jp\/"},"wordCount":107,"publisher":{"@id":"https:\/\/www.pm.pb.gov.br\/portal\/#organization"},"articleSection":["A\u00e7\u00f5es Policiais"],"inLanguage":"pt-BR"},{"@type":"WebPage","@id":"https:\/\/www.pm.pb.gov.br\/portal\/2025\/10\/20\/suspeito-arremessa-revolver-por-cima-do-muro-tenta-fugir-mas-acaba-preso-durante-cerco-em-jp\/","url":"https:\/\/www.pm.pb.gov.br\/portal\/2025\/10\/20\/suspeito-arremessa-revolver-por-cima-do-muro-tenta-fugir-mas-acaba-preso-durante-cerco-em-jp\/","name":"Suspeito arremessa rev\u00f3lver por cima do muro, tenta fugir, mas acaba preso durante cerco em JP - Pol\u00edcia Militar da Para\u00edba","isPartOf":{"@id":"https:\/\/www.pm.pb.gov.br\/portal\/#website"},"datePublished":"2025-10-20T10:31:57+00:00","dateModified":"2025-10-20T10:31:59+00:00","breadcrumb":{"@id":"https:\/\/www.pm.pb.gov.br\/portal\/2025\/10\/20\/suspeito-arremessa-revolver-por-cima-do-muro-tenta-fugir-mas-acaba-preso-durante-cerco-em-jp\/#breadcrumb"},"inLanguage":"pt-BR","potentialAction":[{"@type":"ReadAction","target":["https:\/\/www.pm.pb.gov.br\/portal\/2025\/10\/20\/suspeito-arremessa-revolver-por-cima-do-muro-tenta-fugir-mas-acaba-preso-durante-cerco-em-jp\/"]}]},{"@type":"BreadcrumbList","@id":"https:\/\/www.pm.pb.gov.br\/portal\/2025\/10\/20\/suspeito-arremessa-revolver-por-cima-do-muro-tenta-fugir-mas-acaba-preso-durante-cerco-em-jp\/#breadcrumb","itemListElement":[{"@type":"ListItem","position":1,"name":"In\u00edcio","item":"https:\/\/www.pm.pb.gov.br\/portal\/"},{"@type":"ListItem","position":2,"name":"Suspeito arremessa rev\u00f3lver por cima do muro, tenta fugir, mas acaba preso durante cerco em JP"}]},{"@type":"WebSite","@id":"https:\/\/www.pm.pb.gov.br\/portal\/#website","url":"https:\/\/www.pm.pb.gov.br\/portal\/","name":"Pol\u00edcia Militar da Para\u00edba","description":"","publisher":{"@id":"https:\/\/www.pm.pb.gov.br\/portal\/#organization"},"potentialAction":[{"@type":"SearchAction","target":{"@type":"EntryPoint","urlTemplate":"https:\/\/www.pm.pb.gov.br\/portal\/?s={search_term_string}"},"query-input":"required name=search_term_string"}],"inLanguage":"pt-BR"},{"@type":"Organization","@id":"https:\/\/www.pm.pb.gov.br\/portal\/#organization","name":"Pol\u00edcia Militar da Para\u00edba","url":"https:\/\/www.pm.pb.gov.br\/portal\/","logo":{"@type":"ImageObject","inLanguage":"pt-BR","@id":"https:\/\/www.pm.pb.gov.br\/portal\/#\/schema\/logo\/image\/","url":"https:\/\/www.pm.pb.gov.br\/portal\/wp-content\/uploads\/2025\/03\/cropped-logo-site-mag2-1.png","contentUrl":"https:\/\/www.pm.pb.gov.br\/portal\/wp-content\/uploads\/2025\/03\/cropped-logo-site-mag2-1.png","width":320,"height":90,"caption":"Pol\u00edcia Militar da Para\u00edba"},"image":{"@id":"https:\/\/www.pm.pb.gov.br\/portal\/#\/schema\/logo\/image\/"}},{"@type":"Person","@id":"https:\/\/www.pm.pb.gov.br\/portal\/#\/schema\/person\/89dd009e2523c97adf8def1d6cf90ca1","name":"Luiz Duarte","image":{"@type":"ImageObject","inLanguage":"pt-BR","@id":"https:\/\/www.pm.pb.gov.br\/portal\/#\/schema\/person\/image\/","url":"https:\/\/secure.gravatar.com\/avatar\/ce5539b97246ef4d24dd039a3f64145b?s=96&d=mm&r=g","contentUrl":"https:\/\/secure.gravatar.com\/avatar\/ce5539b97246ef4d24dd039a3f64145b?s=96&d=mm&r=g","caption":"Luiz Duarte"},"url":"https:\/\/www.pm.pb.gov.br\/portal\/author\/luiz\/"}]}},"_links":{"self":[{"href":"https:\/\/www.pm.pb.gov.br\/portal\/wp-json\/wp\/v2\/posts\/928473"}],"collection":[{"href":"https:\/\/www.pm.pb.gov.br\/portal\/wp-json\/wp\/v2\/posts"}],"about":[{"href":"https:\/\/www.pm.pb.gov.br\/portal\/wp-json\/wp\/v2\/types\/post"}],"author":[{"embeddable":true,"href":"https:\/\/www.pm.pb.gov.br\/portal\/wp-json\/wp\/v2\/users\/18"}],"replies":[{"embeddable":true,"href":"https:\/\/www.pm.pb.gov.br\/portal\/wp-json\/wp\/v2\/comments?post=928473"}],"version-history":[{"count":1,"href":"https:\/\/www.pm.pb.gov.br\/portal\/wp-json\/wp\/v2\/posts\/928473\/revisions"}],"predecessor-version":[{"id":928474,"href":"https:\/\/www.pm.pb.gov.br\/portal\/wp-json\/wp\/v2\/posts\/928473\/revisions\/928474"}],"wp:featuredmedia":[{"embeddable":true,"href":"https:\/\/www.pm.pb.gov.br\/portal\/wp-json\/wp\/v2\/media\/928481"}],"wp:attachment":[{"href":"https:\/\/www.pm.pb.gov.br\/portal\/wp-json\/wp\/v2\/media?parent=928473"}],"wp:term":[{"taxonomy":"category","embeddable":true,"href":"https:\/\/www.pm.pb.gov.br\/portal\/wp-json\/wp\/v2\/categories?post=928473"},{"taxonomy":"post_tag","embeddable":true,"href":"https:\/\/www.pm.pb.gov.br\/portal\/wp-json\/wp\/v2\/tags?post=928473"}],"curies":[{"name":"wp","href":"https:\/\/api.w.org\/{rel}","templated":true}]}}