{"id":928465,"date":"2025-10-19T18:30:34","date_gmt":"2025-10-19T21:30:34","guid":{"rendered":"https:\/\/www.pm.pb.gov.br\/portal\/?p=928465"},"modified":"2025-10-19T18:30:36","modified_gmt":"2025-10-19T21:30:36","slug":"policia-militar-prende-o-mesmo-suspeito-com-drogas-pelo-segundo-domingo-seguido-na-capital","status":"publish","type":"post","link":"https:\/\/www.pm.pb.gov.br\/portal\/2025\/10\/19\/policia-militar-prende-o-mesmo-suspeito-com-drogas-pelo-segundo-domingo-seguido-na-capital\/","title":{"rendered":"Pol\u00edcia Militar prende o mesmo suspeito com drogas pelo segundo domingo seguido na Capital"},"content":{"rendered":"\n<p>A Pol\u00edcia Militar prendeu, neste domingo (19), no bairro de Mangabeira, zona sul de Jo\u00e3o Pessoa, um homem com v\u00e1rias embalagens de coca\u00edna e maconha, inclusive com \u201clacres de controle de qualidade\u201d da droga. O mesmo suspeito tinha sido preso no domingo (12) passado, tamb\u00e9m com drogas, no bairro de Mangabeira.<br><br>Desta vez, ele foi abordado pelo 1\u00ba Esquadr\u00e3o do Regimento de Opera\u00e7\u00f5es T\u00e1ticas com Apoio de Motocicletas (ROTAM), perto do ponto final dos \u00f4nibus da linha 301. Ele estava em uma moto possivelmente se preparando para fazer a entrega da droga. Al\u00e9m dos entorpecentes, o acusado estava com balan\u00e7a de precis\u00e3o e dinheiro trocado.<br><br>O preso foi apresentado na Cidade da Pol\u00edcia Civil, no Geisel.<\/p>\n\n\n\n<p><img loading=\"lazy\" decoding=\"async\" width=\"1280\" height=\"720\" class=\"wp-image-928469\" style=\"width: 800px;\" src=\"http:\/\/www.pm.pb.gov.br\/portal\/wp-content\/uploads\/2025\/10\/WhatsApp-Image-2025-10-19-at-3.11.24-PM-1.jpeg\" alt=\"\" srcset=\"https:\/\/www.pm.pb.gov.br\/portal\/wp-content\/uploads\/2025\/10\/WhatsApp-Image-2025-10-19-at-3.11.24-PM-1.jpeg 1280w, https:\/\/www.pm.pb.gov.br\/portal\/wp-content\/uploads\/2025\/10\/WhatsApp-Image-2025-10-19-at-3.11.24-PM-1-791x445.jpeg 791w, https:\/\/www.pm.pb.gov.br\/portal\/wp-content\/uploads\/2025\/10\/WhatsApp-Image-2025-10-19-at-3.11.24-PM-1-1013x570.jpeg 1013w, https:\/\/www.pm.pb.gov.br\/portal\/wp-content\/uploads\/2025\/10\/WhatsApp-Image-2025-10-19-at-3.11.24-PM-1-768x432.jpeg 768w\" sizes=\"(max-width: 1280px) 100vw, 1280px\" \/><\/p>\n\n\n\n<p><img loading=\"lazy\" decoding=\"async\" width=\"899\" height=\"1599\" class=\"wp-image-928470\" style=\"width: 800px;\" src=\"http:\/\/www.pm.pb.gov.br\/portal\/wp-content\/uploads\/2025\/10\/WhatsApp-Image-2025-10-19-at-3.11.23-PM.jpeg\" alt=\"\" srcset=\"https:\/\/www.pm.pb.gov.br\/portal\/wp-content\/uploads\/2025\/10\/WhatsApp-Image-2025-10-19-at-3.11.23-PM.jpeg 899w, https:\/\/www.pm.pb.gov.br\/portal\/wp-content\/uploads\/2025\/10\/WhatsApp-Image-2025-10-19-at-3.11.23-PM-250x445.jpeg 250w, https:\/\/www.pm.pb.gov.br\/portal\/wp-content\/uploads\/2025\/10\/WhatsApp-Image-2025-10-19-at-3.11.23-PM-320x570.jpeg 320w, https:\/\/www.pm.pb.gov.br\/portal\/wp-content\/uploads\/2025\/10\/WhatsApp-Image-2025-10-19-at-3.11.23-PM-768x1366.jpeg 768w, https:\/\/www.pm.pb.gov.br\/portal\/wp-content\/uploads\/2025\/10\/WhatsApp-Image-2025-10-19-at-3.11.23-PM-864x1536.jpeg 864w\" sizes=\"(max-width: 899px) 100vw, 899px\" \/><br><\/p>\n","protected":false},"excerpt":{"rendered":"<p>A Pol\u00edcia Militar prendeu, neste domingo (19), no bairro de Mangabeira, zona sul de Jo\u00e3o Pessoa, um homem com v\u00e1rias<\/p>\n","protected":false},"author":18,"featured_media":928468,"comment_status":"closed","ping_status":"closed","sticky":false,"template":"","format":"standard","meta":{"_exactmetrics_skip_tracking":false,"_exactmetrics_sitenote_active":false,"_exactmetrics_sitenote_note":"","_exactmetrics_sitenote_category":0,"footnotes":""},"categories":[4],"tags":[],"yoast_head":"<!-- This site is optimized with the Yoast SEO plugin v22.0 - https:\/\/yoast.com\/wordpress\/plugins\/seo\/ -->\n<title>Pol\u00edcia Militar prende o mesmo suspeito com drogas pelo segundo domingo seguido na Capital - Pol\u00edcia Militar da Para\u00edba<\/title>\n<meta name=\"robots\" content=\"index, follow, max-snippet:-1, max-image-preview:large, max-video-preview:-1\" \/>\n<link rel=\"canonical\" href=\"https:\/\/www.pm.pb.gov.br\/portal\/2025\/10\/19\/policia-militar-prende-o-mesmo-suspeito-com-drogas-pelo-segundo-domingo-seguido-na-capital\/\" \/>\n<meta property=\"og:locale\" content=\"pt_BR\" \/>\n<meta property=\"og:type\" content=\"article\" \/>\n<meta property=\"og:title\" content=\"Pol\u00edcia Militar prende o mesmo suspeito com drogas pelo segundo domingo seguido na Capital - Pol\u00edcia Militar da Para\u00edba\" \/>\n<meta property=\"og:description\" content=\"A Pol\u00edcia Militar prendeu, neste domingo (19), no bairro de Mangabeira, zona sul de Jo\u00e3o Pessoa, um homem com v\u00e1rias\" \/>\n<meta property=\"og:url\" content=\"https:\/\/www.pm.pb.gov.br\/portal\/2025\/10\/19\/policia-militar-prende-o-mesmo-suspeito-com-drogas-pelo-segundo-domingo-seguido-na-capital\/\" \/>\n<meta property=\"og:site_name\" content=\"Pol\u00edcia Militar da Para\u00edba\" \/>\n<meta property=\"article:published_time\" content=\"2025-10-19T21:30:34+00:00\" \/>\n<meta property=\"article:modified_time\" content=\"2025-10-19T21:30:36+00:00\" \/>\n<meta property=\"og:image\" content=\"http:\/\/www.pm.pb.gov.br\/portal\/wp-content\/uploads\/2025\/10\/WhatsApp-Image-2025-10-19-at-3.11.24-PM.jpeg\" \/>\n\t<meta property=\"og:image:width\" content=\"1280\" \/>\n\t<meta property=\"og:image:height\" content=\"720\" \/>\n\t<meta property=\"og:image:type\" content=\"image\/jpeg\" \/>\n<meta name=\"author\" content=\"Luiz Duarte\" \/>\n<meta name=\"twitter:card\" content=\"summary_large_image\" \/>\n<meta name=\"twitter:label1\" content=\"Escrito por\" \/>\n\t<meta name=\"twitter:data1\" content=\"Luiz Duarte\" \/>\n\t<meta name=\"twitter:label2\" content=\"Est. tempo de leitura\" \/>\n\t<meta name=\"twitter:data2\" content=\"2 minutos\" \/>\n<script type=\"application\/ld+json\" class=\"yoast-schema-graph\">{\"@context\":\"https:\/\/schema.org\",\"@graph\":[{\"@type\":\"Article\",\"@id\":\"https:\/\/www.pm.pb.gov.br\/portal\/2025\/10\/19\/policia-militar-prende-o-mesmo-suspeito-com-drogas-pelo-segundo-domingo-seguido-na-capital\/#article\",\"isPartOf\":{\"@id\":\"https:\/\/www.pm.pb.gov.br\/portal\/2025\/10\/19\/policia-militar-prende-o-mesmo-suspeito-com-drogas-pelo-segundo-domingo-seguido-na-capital\/\"},\"author\":{\"name\":\"Luiz Duarte\",\"@id\":\"https:\/\/www.pm.pb.gov.br\/portal\/#\/schema\/person\/89dd009e2523c97adf8def1d6cf90ca1\"},\"headline\":\"Pol\u00edcia Militar prende o mesmo suspeito com drogas pelo segundo domingo seguido na Capital\",\"datePublished\":\"2025-10-19T21:30:34+00:00\",\"dateModified\":\"2025-10-19T21:30:36+00:00\",\"mainEntityOfPage\":{\"@id\":\"https:\/\/www.pm.pb.gov.br\/portal\/2025\/10\/19\/policia-militar-prende-o-mesmo-suspeito-com-drogas-pelo-segundo-domingo-seguido-na-capital\/\"},\"wordCount\":139,\"publisher\":{\"@id\":\"https:\/\/www.pm.pb.gov.br\/portal\/#organization\"},\"articleSection\":[\"A\u00e7\u00f5es Policiais\"],\"inLanguage\":\"pt-BR\"},{\"@type\":\"WebPage\",\"@id\":\"https:\/\/www.pm.pb.gov.br\/portal\/2025\/10\/19\/policia-militar-prende-o-mesmo-suspeito-com-drogas-pelo-segundo-domingo-seguido-na-capital\/\",\"url\":\"https:\/\/www.pm.pb.gov.br\/portal\/2025\/10\/19\/policia-militar-prende-o-mesmo-suspeito-com-drogas-pelo-segundo-domingo-seguido-na-capital\/\",\"name\":\"Pol\u00edcia Militar prende o mesmo suspeito com drogas pelo segundo domingo seguido na Capital - Pol\u00edcia Militar da Para\u00edba\",\"isPartOf\":{\"@id\":\"https:\/\/www.pm.pb.gov.br\/portal\/#website\"},\"datePublished\":\"2025-10-19T21:30:34+00:00\",\"dateModified\":\"2025-10-19T21:30:36+00:00\",\"breadcrumb\":{\"@id\":\"https:\/\/www.pm.pb.gov.br\/portal\/2025\/10\/19\/policia-militar-prende-o-mesmo-suspeito-com-drogas-pelo-segundo-domingo-seguido-na-capital\/#breadcrumb\"},\"inLanguage\":\"pt-BR\",\"potentialAction\":[{\"@type\":\"ReadAction\",\"target\":[\"https:\/\/www.pm.pb.gov.br\/portal\/2025\/10\/19\/policia-militar-prende-o-mesmo-suspeito-com-drogas-pelo-segundo-domingo-seguido-na-capital\/\"]}]},{\"@type\":\"BreadcrumbList\",\"@id\":\"https:\/\/www.pm.pb.gov.br\/portal\/2025\/10\/19\/policia-militar-prende-o-mesmo-suspeito-com-drogas-pelo-segundo-domingo-seguido-na-capital\/#breadcrumb\",\"itemListElement\":[{\"@type\":\"ListItem\",\"position\":1,\"name\":\"In\u00edcio\",\"item\":\"https:\/\/www.pm.pb.gov.br\/portal\/\"},{\"@type\":\"ListItem\",\"position\":2,\"name\":\"Pol\u00edcia Militar prende o mesmo suspeito com drogas pelo segundo domingo seguido na Capital\"}]},{\"@type\":\"WebSite\",\"@id\":\"https:\/\/www.pm.pb.gov.br\/portal\/#website\",\"url\":\"https:\/\/www.pm.pb.gov.br\/portal\/\",\"name\":\"Pol\u00edcia Militar da Para\u00edba\",\"description\":\"\",\"publisher\":{\"@id\":\"https:\/\/www.pm.pb.gov.br\/portal\/#organization\"},\"potentialAction\":[{\"@type\":\"SearchAction\",\"target\":{\"@type\":\"EntryPoint\",\"urlTemplate\":\"https:\/\/www.pm.pb.gov.br\/portal\/?s={search_term_string}\"},\"query-input\":\"required name=search_term_string\"}],\"inLanguage\":\"pt-BR\"},{\"@type\":\"Organization\",\"@id\":\"https:\/\/www.pm.pb.gov.br\/portal\/#organization\",\"name\":\"Pol\u00edcia Militar da Para\u00edba\",\"url\":\"https:\/\/www.pm.pb.gov.br\/portal\/\",\"logo\":{\"@type\":\"ImageObject\",\"inLanguage\":\"pt-BR\",\"@id\":\"https:\/\/www.pm.pb.gov.br\/portal\/#\/schema\/logo\/image\/\",\"url\":\"https:\/\/www.pm.pb.gov.br\/portal\/wp-content\/uploads\/2025\/03\/cropped-logo-site-mag2-1.png\",\"contentUrl\":\"https:\/\/www.pm.pb.gov.br\/portal\/wp-content\/uploads\/2025\/03\/cropped-logo-site-mag2-1.png\",\"width\":320,\"height\":90,\"caption\":\"Pol\u00edcia Militar da Para\u00edba\"},\"image\":{\"@id\":\"https:\/\/www.pm.pb.gov.br\/portal\/#\/schema\/logo\/image\/\"}},{\"@type\":\"Person\",\"@id\":\"https:\/\/www.pm.pb.gov.br\/portal\/#\/schema\/person\/89dd009e2523c97adf8def1d6cf90ca1\",\"name\":\"Luiz Duarte\",\"image\":{\"@type\":\"ImageObject\",\"inLanguage\":\"pt-BR\",\"@id\":\"https:\/\/www.pm.pb.gov.br\/portal\/#\/schema\/person\/image\/\",\"url\":\"https:\/\/secure.gravatar.com\/avatar\/ce5539b97246ef4d24dd039a3f64145b?s=96&d=mm&r=g\",\"contentUrl\":\"https:\/\/secure.gravatar.com\/avatar\/ce5539b97246ef4d24dd039a3f64145b?s=96&d=mm&r=g\",\"caption\":\"Luiz Duarte\"},\"url\":\"https:\/\/www.pm.pb.gov.br\/portal\/author\/luiz\/\"}]}<\/script>\n<!-- \/ Yoast SEO plugin. -->","yoast_head_json":{"title":"Pol\u00edcia Militar prende o mesmo suspeito com drogas pelo segundo domingo seguido na Capital - Pol\u00edcia Militar da Para\u00edba","robots":{"index":"index","follow":"follow","max-snippet":"max-snippet:-1","max-image-preview":"max-image-preview:large","max-video-preview":"max-video-preview:-1"},"canonical":"https:\/\/www.pm.pb.gov.br\/portal\/2025\/10\/19\/policia-militar-prende-o-mesmo-suspeito-com-drogas-pelo-segundo-domingo-seguido-na-capital\/","og_locale":"pt_BR","og_type":"article","og_title":"Pol\u00edcia Militar prende o mesmo suspeito com drogas pelo segundo domingo seguido na Capital - Pol\u00edcia Militar da Para\u00edba","og_description":"A Pol\u00edcia Militar prendeu, neste domingo (19), no bairro de Mangabeira, zona sul de Jo\u00e3o Pessoa, um homem com v\u00e1rias","og_url":"https:\/\/www.pm.pb.gov.br\/portal\/2025\/10\/19\/policia-militar-prende-o-mesmo-suspeito-com-drogas-pelo-segundo-domingo-seguido-na-capital\/","og_site_name":"Pol\u00edcia Militar da Para\u00edba","article_published_time":"2025-10-19T21:30:34+00:00","article_modified_time":"2025-10-19T21:30:36+00:00","og_image":[{"width":1280,"height":720,"url":"http:\/\/www.pm.pb.gov.br\/portal\/wp-content\/uploads\/2025\/10\/WhatsApp-Image-2025-10-19-at-3.11.24-PM.jpeg","type":"image\/jpeg"}],"author":"Luiz Duarte","twitter_card":"summary_large_image","twitter_misc":{"Escrito por":"Luiz Duarte","Est. tempo de leitura":"2 minutos"},"schema":{"@context":"https:\/\/schema.org","@graph":[{"@type":"Article","@id":"https:\/\/www.pm.pb.gov.br\/portal\/2025\/10\/19\/policia-militar-prende-o-mesmo-suspeito-com-drogas-pelo-segundo-domingo-seguido-na-capital\/#article","isPartOf":{"@id":"https:\/\/www.pm.pb.gov.br\/portal\/2025\/10\/19\/policia-militar-prende-o-mesmo-suspeito-com-drogas-pelo-segundo-domingo-seguido-na-capital\/"},"author":{"name":"Luiz Duarte","@id":"https:\/\/www.pm.pb.gov.br\/portal\/#\/schema\/person\/89dd009e2523c97adf8def1d6cf90ca1"},"headline":"Pol\u00edcia Militar prende o mesmo suspeito com drogas pelo segundo domingo seguido na Capital","datePublished":"2025-10-19T21:30:34+00:00","dateModified":"2025-10-19T21:30:36+00:00","mainEntityOfPage":{"@id":"https:\/\/www.pm.pb.gov.br\/portal\/2025\/10\/19\/policia-militar-prende-o-mesmo-suspeito-com-drogas-pelo-segundo-domingo-seguido-na-capital\/"},"wordCount":139,"publisher":{"@id":"https:\/\/www.pm.pb.gov.br\/portal\/#organization"},"articleSection":["A\u00e7\u00f5es Policiais"],"inLanguage":"pt-BR"},{"@type":"WebPage","@id":"https:\/\/www.pm.pb.gov.br\/portal\/2025\/10\/19\/policia-militar-prende-o-mesmo-suspeito-com-drogas-pelo-segundo-domingo-seguido-na-capital\/","url":"https:\/\/www.pm.pb.gov.br\/portal\/2025\/10\/19\/policia-militar-prende-o-mesmo-suspeito-com-drogas-pelo-segundo-domingo-seguido-na-capital\/","name":"Pol\u00edcia Militar prende o mesmo suspeito com drogas pelo segundo domingo seguido na Capital - Pol\u00edcia Militar da Para\u00edba","isPartOf":{"@id":"https:\/\/www.pm.pb.gov.br\/portal\/#website"},"datePublished":"2025-10-19T21:30:34+00:00","dateModified":"2025-10-19T21:30:36+00:00","breadcrumb":{"@id":"https:\/\/www.pm.pb.gov.br\/portal\/2025\/10\/19\/policia-militar-prende-o-mesmo-suspeito-com-drogas-pelo-segundo-domingo-seguido-na-capital\/#breadcrumb"},"inLanguage":"pt-BR","potentialAction":[{"@type":"ReadAction","target":["https:\/\/www.pm.pb.gov.br\/portal\/2025\/10\/19\/policia-militar-prende-o-mesmo-suspeito-com-drogas-pelo-segundo-domingo-seguido-na-capital\/"]}]},{"@type":"BreadcrumbList","@id":"https:\/\/www.pm.pb.gov.br\/portal\/2025\/10\/19\/policia-militar-prende-o-mesmo-suspeito-com-drogas-pelo-segundo-domingo-seguido-na-capital\/#breadcrumb","itemListElement":[{"@type":"ListItem","position":1,"name":"In\u00edcio","item":"https:\/\/www.pm.pb.gov.br\/portal\/"},{"@type":"ListItem","position":2,"name":"Pol\u00edcia Militar prende o mesmo suspeito com drogas pelo segundo domingo seguido na Capital"}]},{"@type":"WebSite","@id":"https:\/\/www.pm.pb.gov.br\/portal\/#website","url":"https:\/\/www.pm.pb.gov.br\/portal\/","name":"Pol\u00edcia Militar da Para\u00edba","description":"","publisher":{"@id":"https:\/\/www.pm.pb.gov.br\/portal\/#organization"},"potentialAction":[{"@type":"SearchAction","target":{"@type":"EntryPoint","urlTemplate":"https:\/\/www.pm.pb.gov.br\/portal\/?s={search_term_string}"},"query-input":"required name=search_term_string"}],"inLanguage":"pt-BR"},{"@type":"Organization","@id":"https:\/\/www.pm.pb.gov.br\/portal\/#organization","name":"Pol\u00edcia Militar da Para\u00edba","url":"https:\/\/www.pm.pb.gov.br\/portal\/","logo":{"@type":"ImageObject","inLanguage":"pt-BR","@id":"https:\/\/www.pm.pb.gov.br\/portal\/#\/schema\/logo\/image\/","url":"https:\/\/www.pm.pb.gov.br\/portal\/wp-content\/uploads\/2025\/03\/cropped-logo-site-mag2-1.png","contentUrl":"https:\/\/www.pm.pb.gov.br\/portal\/wp-content\/uploads\/2025\/03\/cropped-logo-site-mag2-1.png","width":320,"height":90,"caption":"Pol\u00edcia Militar da Para\u00edba"},"image":{"@id":"https:\/\/www.pm.pb.gov.br\/portal\/#\/schema\/logo\/image\/"}},{"@type":"Person","@id":"https:\/\/www.pm.pb.gov.br\/portal\/#\/schema\/person\/89dd009e2523c97adf8def1d6cf90ca1","name":"Luiz Duarte","image":{"@type":"ImageObject","inLanguage":"pt-BR","@id":"https:\/\/www.pm.pb.gov.br\/portal\/#\/schema\/person\/image\/","url":"https:\/\/secure.gravatar.com\/avatar\/ce5539b97246ef4d24dd039a3f64145b?s=96&d=mm&r=g","contentUrl":"https:\/\/secure.gravatar.com\/avatar\/ce5539b97246ef4d24dd039a3f64145b?s=96&d=mm&r=g","caption":"Luiz Duarte"},"url":"https:\/\/www.pm.pb.gov.br\/portal\/author\/luiz\/"}]}},"_links":{"self":[{"href":"https:\/\/www.pm.pb.gov.br\/portal\/wp-json\/wp\/v2\/posts\/928465"}],"collection":[{"href":"https:\/\/www.pm.pb.gov.br\/portal\/wp-json\/wp\/v2\/posts"}],"about":[{"href":"https:\/\/www.pm.pb.gov.br\/portal\/wp-json\/wp\/v2\/types\/post"}],"author":[{"embeddable":true,"href":"https:\/\/www.pm.pb.gov.br\/portal\/wp-json\/wp\/v2\/users\/18"}],"replies":[{"embeddable":true,"href":"https:\/\/www.pm.pb.gov.br\/portal\/wp-json\/wp\/v2\/comments?post=928465"}],"version-history":[{"count":2,"href":"https:\/\/www.pm.pb.gov.br\/portal\/wp-json\/wp\/v2\/posts\/928465\/revisions"}],"predecessor-version":[{"id":928471,"href":"https:\/\/www.pm.pb.gov.br\/portal\/wp-json\/wp\/v2\/posts\/928465\/revisions\/928471"}],"wp:featuredmedia":[{"embeddable":true,"href":"https:\/\/www.pm.pb.gov.br\/portal\/wp-json\/wp\/v2\/media\/928468"}],"wp:attachment":[{"href":"https:\/\/www.pm.pb.gov.br\/portal\/wp-json\/wp\/v2\/media?parent=928465"}],"wp:term":[{"taxonomy":"category","embeddable":true,"href":"https:\/\/www.pm.pb.gov.br\/portal\/wp-json\/wp\/v2\/categories?post=928465"},{"taxonomy":"post_tag","embeddable":true,"href":"https:\/\/www.pm.pb.gov.br\/portal\/wp-json\/wp\/v2\/tags?post=928465"}],"curies":[{"name":"wp","href":"https:\/\/api.w.org\/{rel}","templated":true}]}}