{"id":928450,"date":"2025-10-18T16:45:02","date_gmt":"2025-10-18T19:45:02","guid":{"rendered":"https:\/\/www.pm.pb.gov.br\/portal\/?p=928450"},"modified":"2025-10-18T16:45:04","modified_gmt":"2025-10-18T19:45:04","slug":"pm-desarticula-quadrilha-que-sequestrava-pessoas-para-obrigar-a-fazer-transferencia-via-pix-na-capital","status":"publish","type":"post","link":"https:\/\/www.pm.pb.gov.br\/portal\/2025\/10\/18\/pm-desarticula-quadrilha-que-sequestrava-pessoas-para-obrigar-a-fazer-transferencia-via-pix-na-capital\/","title":{"rendered":"PM desarticula quadrilha que sequestrava pessoas para obrigar a fazer transfer\u00eancia via PIX na Capital"},"content":{"rendered":"\n<p>A Pol\u00edcia Militar interceptou, neste s\u00e1bado (18), no bairro de Mangabeira, em Jo\u00e3o Pessoa, um carro com tr\u00eas acusados que estariam sequestrando pessoas para que as v\u00edtimas fizessem transfer\u00eancia via PIX. Na a\u00e7\u00e3o, foram apreendidas duas armas de fogo. \u00c9 poss\u00edvel que uma terceira arma tenha sido jogada pelos criminosos na tentativa de fugir da abordagem. A pris\u00e3o aconteceu quando supostamente eles estariam procurando mais uma v\u00edtima pelas ruas do bairro.<br><br>O carro em que eles estavam foi roubado na noite dessa sexta-feira (17), no bairro de Mana\u00edra, na orla, onde for\u00e7aram o propriet\u00e1rio a fazer v\u00e1rias transfer\u00eancia via PIX e abandonaram a v\u00edtima com as m\u00e3os amarradas, no bairro de Gramame, na zona sul da Capital. <br><br>Ficha criminal extensa &#8211; Os suspeitos j\u00e1 tinham v\u00e1rias passagens pela pol\u00edcia. O primeiro, j\u00e1 tinha sido preso por recepta\u00e7\u00e3o, roubo majorado, associa\u00e7\u00e3o para produ\u00e7\u00e3o e tr\u00e1fico e condutas afins. O segundo responde a dois processos por recepta\u00e7\u00e3o. O terceiro, por crimes de tr\u00e1fico de drogas e outras condutas ligadas a isso. Eles j\u00e1 foram reconhecidos por v\u00edtimas.<br><br>Os presos foram apresentados na Cidade da Pol\u00edcia Civil, no Geisel, e mais v\u00edtimas da quadrilha podem aparecer.<\/p>\n\n\n\n<p><img loading=\"lazy\" decoding=\"async\" width=\"720\" height=\"1600\" class=\"wp-image-928457\" style=\"width: 800px;\" src=\"http:\/\/www.pm.pb.gov.br\/portal\/wp-content\/uploads\/2025\/10\/WhatsApp-Image-2025-10-18-at-4.45.55-PM-1.jpeg\" alt=\"\" srcset=\"https:\/\/www.pm.pb.gov.br\/portal\/wp-content\/uploads\/2025\/10\/WhatsApp-Image-2025-10-18-at-4.45.55-PM-1.jpeg 720w, https:\/\/www.pm.pb.gov.br\/portal\/wp-content\/uploads\/2025\/10\/WhatsApp-Image-2025-10-18-at-4.45.55-PM-1-200x445.jpeg 200w, https:\/\/www.pm.pb.gov.br\/portal\/wp-content\/uploads\/2025\/10\/WhatsApp-Image-2025-10-18-at-4.45.55-PM-1-257x570.jpeg 257w, https:\/\/www.pm.pb.gov.br\/portal\/wp-content\/uploads\/2025\/10\/WhatsApp-Image-2025-10-18-at-4.45.55-PM-1-691x1536.jpeg 691w\" sizes=\"(max-width: 720px) 100vw, 720px\" \/><\/p>\n","protected":false},"excerpt":{"rendered":"<p>A Pol\u00edcia Militar interceptou, neste s\u00e1bado (18), no bairro de Mangabeira, em Jo\u00e3o Pessoa, um carro com tr\u00eas acusados que<\/p>\n","protected":false},"author":18,"featured_media":928456,"comment_status":"closed","ping_status":"closed","sticky":false,"template":"","format":"standard","meta":{"_exactmetrics_skip_tracking":false,"_exactmetrics_sitenote_active":false,"_exactmetrics_sitenote_note":"","_exactmetrics_sitenote_category":0,"footnotes":""},"categories":[4],"tags":[],"yoast_head":"<!-- This site is optimized with the Yoast SEO plugin v22.0 - https:\/\/yoast.com\/wordpress\/plugins\/seo\/ -->\n<title>PM desarticula quadrilha que sequestrava pessoas para obrigar a fazer transfer\u00eancia via PIX na Capital - Pol\u00edcia Militar da Para\u00edba<\/title>\n<meta name=\"robots\" content=\"index, follow, max-snippet:-1, max-image-preview:large, max-video-preview:-1\" \/>\n<link rel=\"canonical\" href=\"https:\/\/www.pm.pb.gov.br\/portal\/2025\/10\/18\/pm-desarticula-quadrilha-que-sequestrava-pessoas-para-obrigar-a-fazer-transferencia-via-pix-na-capital\/\" \/>\n<meta property=\"og:locale\" content=\"pt_BR\" \/>\n<meta property=\"og:type\" content=\"article\" \/>\n<meta property=\"og:title\" content=\"PM desarticula quadrilha que sequestrava pessoas para obrigar a fazer transfer\u00eancia via PIX na Capital - Pol\u00edcia Militar da Para\u00edba\" \/>\n<meta property=\"og:description\" content=\"A Pol\u00edcia Militar interceptou, neste s\u00e1bado (18), no bairro de Mangabeira, em Jo\u00e3o Pessoa, um carro com tr\u00eas acusados que\" \/>\n<meta property=\"og:url\" content=\"https:\/\/www.pm.pb.gov.br\/portal\/2025\/10\/18\/pm-desarticula-quadrilha-que-sequestrava-pessoas-para-obrigar-a-fazer-transferencia-via-pix-na-capital\/\" \/>\n<meta property=\"og:site_name\" content=\"Pol\u00edcia Militar da Para\u00edba\" \/>\n<meta property=\"article:published_time\" content=\"2025-10-18T19:45:02+00:00\" \/>\n<meta property=\"article:modified_time\" content=\"2025-10-18T19:45:04+00:00\" \/>\n<meta property=\"og:image\" content=\"http:\/\/www.pm.pb.gov.br\/portal\/wp-content\/uploads\/2025\/10\/WhatsApp-Image-2025-10-18-at-4.45.55-PM.jpeg\" \/>\n\t<meta property=\"og:image:width\" content=\"720\" \/>\n\t<meta property=\"og:image:height\" content=\"1600\" \/>\n\t<meta property=\"og:image:type\" content=\"image\/jpeg\" \/>\n<meta name=\"author\" content=\"Luiz Duarte\" \/>\n<meta name=\"twitter:card\" content=\"summary_large_image\" \/>\n<meta name=\"twitter:label1\" content=\"Escrito por\" \/>\n\t<meta name=\"twitter:data1\" content=\"Luiz Duarte\" \/>\n\t<meta name=\"twitter:label2\" content=\"Est. tempo de leitura\" \/>\n\t<meta name=\"twitter:data2\" content=\"2 minutos\" \/>\n<script type=\"application\/ld+json\" class=\"yoast-schema-graph\">{\"@context\":\"https:\/\/schema.org\",\"@graph\":[{\"@type\":\"Article\",\"@id\":\"https:\/\/www.pm.pb.gov.br\/portal\/2025\/10\/18\/pm-desarticula-quadrilha-que-sequestrava-pessoas-para-obrigar-a-fazer-transferencia-via-pix-na-capital\/#article\",\"isPartOf\":{\"@id\":\"https:\/\/www.pm.pb.gov.br\/portal\/2025\/10\/18\/pm-desarticula-quadrilha-que-sequestrava-pessoas-para-obrigar-a-fazer-transferencia-via-pix-na-capital\/\"},\"author\":{\"name\":\"Luiz Duarte\",\"@id\":\"https:\/\/www.pm.pb.gov.br\/portal\/#\/schema\/person\/89dd009e2523c97adf8def1d6cf90ca1\"},\"headline\":\"PM desarticula quadrilha que sequestrava pessoas para obrigar a fazer transfer\u00eancia via PIX na Capital\",\"datePublished\":\"2025-10-18T19:45:02+00:00\",\"dateModified\":\"2025-10-18T19:45:04+00:00\",\"mainEntityOfPage\":{\"@id\":\"https:\/\/www.pm.pb.gov.br\/portal\/2025\/10\/18\/pm-desarticula-quadrilha-que-sequestrava-pessoas-para-obrigar-a-fazer-transferencia-via-pix-na-capital\/\"},\"wordCount\":234,\"publisher\":{\"@id\":\"https:\/\/www.pm.pb.gov.br\/portal\/#organization\"},\"articleSection\":[\"A\u00e7\u00f5es Policiais\"],\"inLanguage\":\"pt-BR\"},{\"@type\":\"WebPage\",\"@id\":\"https:\/\/www.pm.pb.gov.br\/portal\/2025\/10\/18\/pm-desarticula-quadrilha-que-sequestrava-pessoas-para-obrigar-a-fazer-transferencia-via-pix-na-capital\/\",\"url\":\"https:\/\/www.pm.pb.gov.br\/portal\/2025\/10\/18\/pm-desarticula-quadrilha-que-sequestrava-pessoas-para-obrigar-a-fazer-transferencia-via-pix-na-capital\/\",\"name\":\"PM desarticula quadrilha que sequestrava pessoas para obrigar a fazer transfer\u00eancia via PIX na Capital - Pol\u00edcia Militar da Para\u00edba\",\"isPartOf\":{\"@id\":\"https:\/\/www.pm.pb.gov.br\/portal\/#website\"},\"datePublished\":\"2025-10-18T19:45:02+00:00\",\"dateModified\":\"2025-10-18T19:45:04+00:00\",\"breadcrumb\":{\"@id\":\"https:\/\/www.pm.pb.gov.br\/portal\/2025\/10\/18\/pm-desarticula-quadrilha-que-sequestrava-pessoas-para-obrigar-a-fazer-transferencia-via-pix-na-capital\/#breadcrumb\"},\"inLanguage\":\"pt-BR\",\"potentialAction\":[{\"@type\":\"ReadAction\",\"target\":[\"https:\/\/www.pm.pb.gov.br\/portal\/2025\/10\/18\/pm-desarticula-quadrilha-que-sequestrava-pessoas-para-obrigar-a-fazer-transferencia-via-pix-na-capital\/\"]}]},{\"@type\":\"BreadcrumbList\",\"@id\":\"https:\/\/www.pm.pb.gov.br\/portal\/2025\/10\/18\/pm-desarticula-quadrilha-que-sequestrava-pessoas-para-obrigar-a-fazer-transferencia-via-pix-na-capital\/#breadcrumb\",\"itemListElement\":[{\"@type\":\"ListItem\",\"position\":1,\"name\":\"In\u00edcio\",\"item\":\"https:\/\/www.pm.pb.gov.br\/portal\/\"},{\"@type\":\"ListItem\",\"position\":2,\"name\":\"PM desarticula quadrilha que sequestrava pessoas para obrigar a fazer transfer\u00eancia via PIX na Capital\"}]},{\"@type\":\"WebSite\",\"@id\":\"https:\/\/www.pm.pb.gov.br\/portal\/#website\",\"url\":\"https:\/\/www.pm.pb.gov.br\/portal\/\",\"name\":\"Pol\u00edcia Militar da Para\u00edba\",\"description\":\"\",\"publisher\":{\"@id\":\"https:\/\/www.pm.pb.gov.br\/portal\/#organization\"},\"potentialAction\":[{\"@type\":\"SearchAction\",\"target\":{\"@type\":\"EntryPoint\",\"urlTemplate\":\"https:\/\/www.pm.pb.gov.br\/portal\/?s={search_term_string}\"},\"query-input\":\"required name=search_term_string\"}],\"inLanguage\":\"pt-BR\"},{\"@type\":\"Organization\",\"@id\":\"https:\/\/www.pm.pb.gov.br\/portal\/#organization\",\"name\":\"Pol\u00edcia Militar da Para\u00edba\",\"url\":\"https:\/\/www.pm.pb.gov.br\/portal\/\",\"logo\":{\"@type\":\"ImageObject\",\"inLanguage\":\"pt-BR\",\"@id\":\"https:\/\/www.pm.pb.gov.br\/portal\/#\/schema\/logo\/image\/\",\"url\":\"https:\/\/www.pm.pb.gov.br\/portal\/wp-content\/uploads\/2025\/03\/cropped-logo-site-mag2-1.png\",\"contentUrl\":\"https:\/\/www.pm.pb.gov.br\/portal\/wp-content\/uploads\/2025\/03\/cropped-logo-site-mag2-1.png\",\"width\":320,\"height\":90,\"caption\":\"Pol\u00edcia Militar da Para\u00edba\"},\"image\":{\"@id\":\"https:\/\/www.pm.pb.gov.br\/portal\/#\/schema\/logo\/image\/\"}},{\"@type\":\"Person\",\"@id\":\"https:\/\/www.pm.pb.gov.br\/portal\/#\/schema\/person\/89dd009e2523c97adf8def1d6cf90ca1\",\"name\":\"Luiz Duarte\",\"image\":{\"@type\":\"ImageObject\",\"inLanguage\":\"pt-BR\",\"@id\":\"https:\/\/www.pm.pb.gov.br\/portal\/#\/schema\/person\/image\/\",\"url\":\"https:\/\/secure.gravatar.com\/avatar\/ce5539b97246ef4d24dd039a3f64145b?s=96&d=mm&r=g\",\"contentUrl\":\"https:\/\/secure.gravatar.com\/avatar\/ce5539b97246ef4d24dd039a3f64145b?s=96&d=mm&r=g\",\"caption\":\"Luiz Duarte\"},\"url\":\"https:\/\/www.pm.pb.gov.br\/portal\/author\/luiz\/\"}]}<\/script>\n<!-- \/ Yoast SEO plugin. -->","yoast_head_json":{"title":"PM desarticula quadrilha que sequestrava pessoas para obrigar a fazer transfer\u00eancia via PIX na Capital - Pol\u00edcia Militar da Para\u00edba","robots":{"index":"index","follow":"follow","max-snippet":"max-snippet:-1","max-image-preview":"max-image-preview:large","max-video-preview":"max-video-preview:-1"},"canonical":"https:\/\/www.pm.pb.gov.br\/portal\/2025\/10\/18\/pm-desarticula-quadrilha-que-sequestrava-pessoas-para-obrigar-a-fazer-transferencia-via-pix-na-capital\/","og_locale":"pt_BR","og_type":"article","og_title":"PM desarticula quadrilha que sequestrava pessoas para obrigar a fazer transfer\u00eancia via PIX na Capital - Pol\u00edcia Militar da Para\u00edba","og_description":"A Pol\u00edcia Militar interceptou, neste s\u00e1bado (18), no bairro de Mangabeira, em Jo\u00e3o Pessoa, um carro com tr\u00eas acusados que","og_url":"https:\/\/www.pm.pb.gov.br\/portal\/2025\/10\/18\/pm-desarticula-quadrilha-que-sequestrava-pessoas-para-obrigar-a-fazer-transferencia-via-pix-na-capital\/","og_site_name":"Pol\u00edcia Militar da Para\u00edba","article_published_time":"2025-10-18T19:45:02+00:00","article_modified_time":"2025-10-18T19:45:04+00:00","og_image":[{"width":720,"height":1600,"url":"http:\/\/www.pm.pb.gov.br\/portal\/wp-content\/uploads\/2025\/10\/WhatsApp-Image-2025-10-18-at-4.45.55-PM.jpeg","type":"image\/jpeg"}],"author":"Luiz Duarte","twitter_card":"summary_large_image","twitter_misc":{"Escrito por":"Luiz Duarte","Est. tempo de leitura":"2 minutos"},"schema":{"@context":"https:\/\/schema.org","@graph":[{"@type":"Article","@id":"https:\/\/www.pm.pb.gov.br\/portal\/2025\/10\/18\/pm-desarticula-quadrilha-que-sequestrava-pessoas-para-obrigar-a-fazer-transferencia-via-pix-na-capital\/#article","isPartOf":{"@id":"https:\/\/www.pm.pb.gov.br\/portal\/2025\/10\/18\/pm-desarticula-quadrilha-que-sequestrava-pessoas-para-obrigar-a-fazer-transferencia-via-pix-na-capital\/"},"author":{"name":"Luiz Duarte","@id":"https:\/\/www.pm.pb.gov.br\/portal\/#\/schema\/person\/89dd009e2523c97adf8def1d6cf90ca1"},"headline":"PM desarticula quadrilha que sequestrava pessoas para obrigar a fazer transfer\u00eancia via PIX na Capital","datePublished":"2025-10-18T19:45:02+00:00","dateModified":"2025-10-18T19:45:04+00:00","mainEntityOfPage":{"@id":"https:\/\/www.pm.pb.gov.br\/portal\/2025\/10\/18\/pm-desarticula-quadrilha-que-sequestrava-pessoas-para-obrigar-a-fazer-transferencia-via-pix-na-capital\/"},"wordCount":234,"publisher":{"@id":"https:\/\/www.pm.pb.gov.br\/portal\/#organization"},"articleSection":["A\u00e7\u00f5es Policiais"],"inLanguage":"pt-BR"},{"@type":"WebPage","@id":"https:\/\/www.pm.pb.gov.br\/portal\/2025\/10\/18\/pm-desarticula-quadrilha-que-sequestrava-pessoas-para-obrigar-a-fazer-transferencia-via-pix-na-capital\/","url":"https:\/\/www.pm.pb.gov.br\/portal\/2025\/10\/18\/pm-desarticula-quadrilha-que-sequestrava-pessoas-para-obrigar-a-fazer-transferencia-via-pix-na-capital\/","name":"PM desarticula quadrilha que sequestrava pessoas para obrigar a fazer transfer\u00eancia via PIX na Capital - Pol\u00edcia Militar da Para\u00edba","isPartOf":{"@id":"https:\/\/www.pm.pb.gov.br\/portal\/#website"},"datePublished":"2025-10-18T19:45:02+00:00","dateModified":"2025-10-18T19:45:04+00:00","breadcrumb":{"@id":"https:\/\/www.pm.pb.gov.br\/portal\/2025\/10\/18\/pm-desarticula-quadrilha-que-sequestrava-pessoas-para-obrigar-a-fazer-transferencia-via-pix-na-capital\/#breadcrumb"},"inLanguage":"pt-BR","potentialAction":[{"@type":"ReadAction","target":["https:\/\/www.pm.pb.gov.br\/portal\/2025\/10\/18\/pm-desarticula-quadrilha-que-sequestrava-pessoas-para-obrigar-a-fazer-transferencia-via-pix-na-capital\/"]}]},{"@type":"BreadcrumbList","@id":"https:\/\/www.pm.pb.gov.br\/portal\/2025\/10\/18\/pm-desarticula-quadrilha-que-sequestrava-pessoas-para-obrigar-a-fazer-transferencia-via-pix-na-capital\/#breadcrumb","itemListElement":[{"@type":"ListItem","position":1,"name":"In\u00edcio","item":"https:\/\/www.pm.pb.gov.br\/portal\/"},{"@type":"ListItem","position":2,"name":"PM desarticula quadrilha que sequestrava pessoas para obrigar a fazer transfer\u00eancia via PIX na Capital"}]},{"@type":"WebSite","@id":"https:\/\/www.pm.pb.gov.br\/portal\/#website","url":"https:\/\/www.pm.pb.gov.br\/portal\/","name":"Pol\u00edcia Militar da Para\u00edba","description":"","publisher":{"@id":"https:\/\/www.pm.pb.gov.br\/portal\/#organization"},"potentialAction":[{"@type":"SearchAction","target":{"@type":"EntryPoint","urlTemplate":"https:\/\/www.pm.pb.gov.br\/portal\/?s={search_term_string}"},"query-input":"required name=search_term_string"}],"inLanguage":"pt-BR"},{"@type":"Organization","@id":"https:\/\/www.pm.pb.gov.br\/portal\/#organization","name":"Pol\u00edcia Militar da Para\u00edba","url":"https:\/\/www.pm.pb.gov.br\/portal\/","logo":{"@type":"ImageObject","inLanguage":"pt-BR","@id":"https:\/\/www.pm.pb.gov.br\/portal\/#\/schema\/logo\/image\/","url":"https:\/\/www.pm.pb.gov.br\/portal\/wp-content\/uploads\/2025\/03\/cropped-logo-site-mag2-1.png","contentUrl":"https:\/\/www.pm.pb.gov.br\/portal\/wp-content\/uploads\/2025\/03\/cropped-logo-site-mag2-1.png","width":320,"height":90,"caption":"Pol\u00edcia Militar da Para\u00edba"},"image":{"@id":"https:\/\/www.pm.pb.gov.br\/portal\/#\/schema\/logo\/image\/"}},{"@type":"Person","@id":"https:\/\/www.pm.pb.gov.br\/portal\/#\/schema\/person\/89dd009e2523c97adf8def1d6cf90ca1","name":"Luiz Duarte","image":{"@type":"ImageObject","inLanguage":"pt-BR","@id":"https:\/\/www.pm.pb.gov.br\/portal\/#\/schema\/person\/image\/","url":"https:\/\/secure.gravatar.com\/avatar\/ce5539b97246ef4d24dd039a3f64145b?s=96&d=mm&r=g","contentUrl":"https:\/\/secure.gravatar.com\/avatar\/ce5539b97246ef4d24dd039a3f64145b?s=96&d=mm&r=g","caption":"Luiz Duarte"},"url":"https:\/\/www.pm.pb.gov.br\/portal\/author\/luiz\/"}]}},"_links":{"self":[{"href":"https:\/\/www.pm.pb.gov.br\/portal\/wp-json\/wp\/v2\/posts\/928450"}],"collection":[{"href":"https:\/\/www.pm.pb.gov.br\/portal\/wp-json\/wp\/v2\/posts"}],"about":[{"href":"https:\/\/www.pm.pb.gov.br\/portal\/wp-json\/wp\/v2\/types\/post"}],"author":[{"embeddable":true,"href":"https:\/\/www.pm.pb.gov.br\/portal\/wp-json\/wp\/v2\/users\/18"}],"replies":[{"embeddable":true,"href":"https:\/\/www.pm.pb.gov.br\/portal\/wp-json\/wp\/v2\/comments?post=928450"}],"version-history":[{"count":2,"href":"https:\/\/www.pm.pb.gov.br\/portal\/wp-json\/wp\/v2\/posts\/928450\/revisions"}],"predecessor-version":[{"id":928458,"href":"https:\/\/www.pm.pb.gov.br\/portal\/wp-json\/wp\/v2\/posts\/928450\/revisions\/928458"}],"wp:featuredmedia":[{"embeddable":true,"href":"https:\/\/www.pm.pb.gov.br\/portal\/wp-json\/wp\/v2\/media\/928456"}],"wp:attachment":[{"href":"https:\/\/www.pm.pb.gov.br\/portal\/wp-json\/wp\/v2\/media?parent=928450"}],"wp:term":[{"taxonomy":"category","embeddable":true,"href":"https:\/\/www.pm.pb.gov.br\/portal\/wp-json\/wp\/v2\/categories?post=928450"},{"taxonomy":"post_tag","embeddable":true,"href":"https:\/\/www.pm.pb.gov.br\/portal\/wp-json\/wp\/v2\/tags?post=928450"}],"curies":[{"name":"wp","href":"https:\/\/api.w.org\/{rel}","templated":true}]}}