{"id":928447,"date":"2025-10-18T12:05:06","date_gmt":"2025-10-18T15:05:06","guid":{"rendered":"https:\/\/www.pm.pb.gov.br\/portal\/?p=928447"},"modified":"2025-10-18T12:05:09","modified_gmt":"2025-10-18T15:05:09","slug":"policia-militar-apreende-mais-uma-arma-de-fogo-dentro-do-bairro-do-rangel-jp","status":"publish","type":"post","link":"https:\/\/www.pm.pb.gov.br\/portal\/2025\/10\/18\/policia-militar-apreende-mais-uma-arma-de-fogo-dentro-do-bairro-do-rangel-jp\/","title":{"rendered":"Pol\u00edcia Militar apreende mais uma arma de fogo dentro do bairro do Rangel \u2013 JP"},"content":{"rendered":"As guarni\u00e7\u00f5es do comandante-geral da PM e as equipes de Rondas Ostensivas de Natureza Especializada (RONE) apreenderam mais um rev\u00f3lver dentro do bairro do Rangel, na noite dessa sexta-feira (17), em Jo\u00e3o Pessoa. A apreens\u00e3o foi realizada no mesmo local onde h\u00e1 10 dias foram apreendidas outras tr\u00eas armas, em uma vila conhecida pela movimenta\u00e7\u00e3o de criminosos. Um homem foi preso em flagrante. Ele usava tornozeleira de monitoramento eletr\u00f4nico.<br \/><br \/>O suspeito estava na companhia de mais dois suspeitos. Os tr\u00eas foram abordados e o acusado foi flagrado com o rev\u00f3lver na cintura. Ele foi apresentado na Cidade da Pol\u00edcia Civil, no Geisel.<br \/>","protected":false},"excerpt":{"rendered":"<p>As guarni\u00e7\u00f5es do comandante-geral da PM e as equipes de Rondas Ostensivas de Natureza Especializada (RONE) apreenderam mais um rev\u00f3lver<\/p>\n","protected":false},"author":18,"featured_media":928452,"comment_status":"closed","ping_status":"closed","sticky":false,"template":"","format":"standard","meta":{"_exactmetrics_skip_tracking":false,"_exactmetrics_sitenote_active":false,"_exactmetrics_sitenote_note":"","_exactmetrics_sitenote_category":0,"footnotes":""},"categories":[4],"tags":[],"yoast_head":"<!-- This site is optimized with the Yoast SEO plugin v22.0 - https:\/\/yoast.com\/wordpress\/plugins\/seo\/ -->\n<title>Pol\u00edcia Militar apreende mais uma arma de fogo dentro do bairro do Rangel \u2013 JP - Pol\u00edcia Militar da Para\u00edba<\/title>\n<meta name=\"robots\" content=\"index, follow, max-snippet:-1, max-image-preview:large, max-video-preview:-1\" \/>\n<link rel=\"canonical\" href=\"https:\/\/www.pm.pb.gov.br\/portal\/2025\/10\/18\/policia-militar-apreende-mais-uma-arma-de-fogo-dentro-do-bairro-do-rangel-jp\/\" \/>\n<meta property=\"og:locale\" content=\"pt_BR\" \/>\n<meta property=\"og:type\" content=\"article\" \/>\n<meta property=\"og:title\" content=\"Pol\u00edcia Militar apreende mais uma arma de fogo dentro do bairro do Rangel \u2013 JP - Pol\u00edcia Militar da Para\u00edba\" \/>\n<meta property=\"og:description\" content=\"As guarni\u00e7\u00f5es do comandante-geral da PM e as equipes de Rondas Ostensivas de Natureza Especializada (RONE) apreenderam mais um rev\u00f3lver\" \/>\n<meta property=\"og:url\" content=\"https:\/\/www.pm.pb.gov.br\/portal\/2025\/10\/18\/policia-militar-apreende-mais-uma-arma-de-fogo-dentro-do-bairro-do-rangel-jp\/\" \/>\n<meta property=\"og:site_name\" content=\"Pol\u00edcia Militar da Para\u00edba\" \/>\n<meta property=\"article:published_time\" content=\"2025-10-18T15:05:06+00:00\" \/>\n<meta property=\"article:modified_time\" content=\"2025-10-18T15:05:09+00:00\" \/>\n<meta property=\"og:image\" content=\"http:\/\/www.pm.pb.gov.br\/portal\/wp-content\/uploads\/2025\/10\/WhatsApp-Image-2025-10-18-at-12.08.46-PM.jpeg\" \/>\n\t<meta property=\"og:image:width\" content=\"958\" \/>\n\t<meta property=\"og:image:height\" content=\"732\" \/>\n\t<meta property=\"og:image:type\" content=\"image\/jpeg\" \/>\n<meta name=\"author\" content=\"Luiz Duarte\" \/>\n<meta name=\"twitter:card\" content=\"summary_large_image\" \/>\n<meta name=\"twitter:label1\" content=\"Escrito por\" \/>\n\t<meta name=\"twitter:data1\" content=\"Luiz Duarte\" \/>\n\t<meta name=\"twitter:label2\" content=\"Est. tempo de leitura\" \/>\n\t<meta name=\"twitter:data2\" content=\"1 minuto\" \/>\n<script type=\"application\/ld+json\" class=\"yoast-schema-graph\">{\"@context\":\"https:\/\/schema.org\",\"@graph\":[{\"@type\":\"Article\",\"@id\":\"https:\/\/www.pm.pb.gov.br\/portal\/2025\/10\/18\/policia-militar-apreende-mais-uma-arma-de-fogo-dentro-do-bairro-do-rangel-jp\/#article\",\"isPartOf\":{\"@id\":\"https:\/\/www.pm.pb.gov.br\/portal\/2025\/10\/18\/policia-militar-apreende-mais-uma-arma-de-fogo-dentro-do-bairro-do-rangel-jp\/\"},\"author\":{\"name\":\"Luiz Duarte\",\"@id\":\"https:\/\/www.pm.pb.gov.br\/portal\/#\/schema\/person\/89dd009e2523c97adf8def1d6cf90ca1\"},\"headline\":\"Pol\u00edcia Militar apreende mais uma arma de fogo dentro do bairro do Rangel \u2013 JP\",\"datePublished\":\"2025-10-18T15:05:06+00:00\",\"dateModified\":\"2025-10-18T15:05:09+00:00\",\"mainEntityOfPage\":{\"@id\":\"https:\/\/www.pm.pb.gov.br\/portal\/2025\/10\/18\/policia-militar-apreende-mais-uma-arma-de-fogo-dentro-do-bairro-do-rangel-jp\/\"},\"wordCount\":125,\"publisher\":{\"@id\":\"https:\/\/www.pm.pb.gov.br\/portal\/#organization\"},\"articleSection\":[\"A\u00e7\u00f5es Policiais\"],\"inLanguage\":\"pt-BR\"},{\"@type\":\"WebPage\",\"@id\":\"https:\/\/www.pm.pb.gov.br\/portal\/2025\/10\/18\/policia-militar-apreende-mais-uma-arma-de-fogo-dentro-do-bairro-do-rangel-jp\/\",\"url\":\"https:\/\/www.pm.pb.gov.br\/portal\/2025\/10\/18\/policia-militar-apreende-mais-uma-arma-de-fogo-dentro-do-bairro-do-rangel-jp\/\",\"name\":\"Pol\u00edcia Militar apreende mais uma arma de fogo dentro do bairro do Rangel \u2013 JP - Pol\u00edcia Militar da Para\u00edba\",\"isPartOf\":{\"@id\":\"https:\/\/www.pm.pb.gov.br\/portal\/#website\"},\"datePublished\":\"2025-10-18T15:05:06+00:00\",\"dateModified\":\"2025-10-18T15:05:09+00:00\",\"breadcrumb\":{\"@id\":\"https:\/\/www.pm.pb.gov.br\/portal\/2025\/10\/18\/policia-militar-apreende-mais-uma-arma-de-fogo-dentro-do-bairro-do-rangel-jp\/#breadcrumb\"},\"inLanguage\":\"pt-BR\",\"potentialAction\":[{\"@type\":\"ReadAction\",\"target\":[\"https:\/\/www.pm.pb.gov.br\/portal\/2025\/10\/18\/policia-militar-apreende-mais-uma-arma-de-fogo-dentro-do-bairro-do-rangel-jp\/\"]}]},{\"@type\":\"BreadcrumbList\",\"@id\":\"https:\/\/www.pm.pb.gov.br\/portal\/2025\/10\/18\/policia-militar-apreende-mais-uma-arma-de-fogo-dentro-do-bairro-do-rangel-jp\/#breadcrumb\",\"itemListElement\":[{\"@type\":\"ListItem\",\"position\":1,\"name\":\"In\u00edcio\",\"item\":\"https:\/\/www.pm.pb.gov.br\/portal\/\"},{\"@type\":\"ListItem\",\"position\":2,\"name\":\"Pol\u00edcia Militar apreende mais uma arma de fogo dentro do bairro do Rangel \u2013 JP\"}]},{\"@type\":\"WebSite\",\"@id\":\"https:\/\/www.pm.pb.gov.br\/portal\/#website\",\"url\":\"https:\/\/www.pm.pb.gov.br\/portal\/\",\"name\":\"Pol\u00edcia Militar da Para\u00edba\",\"description\":\"\",\"publisher\":{\"@id\":\"https:\/\/www.pm.pb.gov.br\/portal\/#organization\"},\"potentialAction\":[{\"@type\":\"SearchAction\",\"target\":{\"@type\":\"EntryPoint\",\"urlTemplate\":\"https:\/\/www.pm.pb.gov.br\/portal\/?s={search_term_string}\"},\"query-input\":\"required name=search_term_string\"}],\"inLanguage\":\"pt-BR\"},{\"@type\":\"Organization\",\"@id\":\"https:\/\/www.pm.pb.gov.br\/portal\/#organization\",\"name\":\"Pol\u00edcia Militar da Para\u00edba\",\"url\":\"https:\/\/www.pm.pb.gov.br\/portal\/\",\"logo\":{\"@type\":\"ImageObject\",\"inLanguage\":\"pt-BR\",\"@id\":\"https:\/\/www.pm.pb.gov.br\/portal\/#\/schema\/logo\/image\/\",\"url\":\"https:\/\/www.pm.pb.gov.br\/portal\/wp-content\/uploads\/2025\/03\/cropped-logo-site-mag2-1.png\",\"contentUrl\":\"https:\/\/www.pm.pb.gov.br\/portal\/wp-content\/uploads\/2025\/03\/cropped-logo-site-mag2-1.png\",\"width\":320,\"height\":90,\"caption\":\"Pol\u00edcia Militar da Para\u00edba\"},\"image\":{\"@id\":\"https:\/\/www.pm.pb.gov.br\/portal\/#\/schema\/logo\/image\/\"}},{\"@type\":\"Person\",\"@id\":\"https:\/\/www.pm.pb.gov.br\/portal\/#\/schema\/person\/89dd009e2523c97adf8def1d6cf90ca1\",\"name\":\"Luiz Duarte\",\"image\":{\"@type\":\"ImageObject\",\"inLanguage\":\"pt-BR\",\"@id\":\"https:\/\/www.pm.pb.gov.br\/portal\/#\/schema\/person\/image\/\",\"url\":\"https:\/\/secure.gravatar.com\/avatar\/ce5539b97246ef4d24dd039a3f64145b?s=96&d=mm&r=g\",\"contentUrl\":\"https:\/\/secure.gravatar.com\/avatar\/ce5539b97246ef4d24dd039a3f64145b?s=96&d=mm&r=g\",\"caption\":\"Luiz Duarte\"},\"url\":\"https:\/\/www.pm.pb.gov.br\/portal\/author\/luiz\/\"}]}<\/script>\n<!-- \/ Yoast SEO plugin. -->","yoast_head_json":{"title":"Pol\u00edcia Militar apreende mais uma arma de fogo dentro do bairro do Rangel \u2013 JP - Pol\u00edcia Militar da Para\u00edba","robots":{"index":"index","follow":"follow","max-snippet":"max-snippet:-1","max-image-preview":"max-image-preview:large","max-video-preview":"max-video-preview:-1"},"canonical":"https:\/\/www.pm.pb.gov.br\/portal\/2025\/10\/18\/policia-militar-apreende-mais-uma-arma-de-fogo-dentro-do-bairro-do-rangel-jp\/","og_locale":"pt_BR","og_type":"article","og_title":"Pol\u00edcia Militar apreende mais uma arma de fogo dentro do bairro do Rangel \u2013 JP - Pol\u00edcia Militar da Para\u00edba","og_description":"As guarni\u00e7\u00f5es do comandante-geral da PM e as equipes de Rondas Ostensivas de Natureza Especializada (RONE) apreenderam mais um rev\u00f3lver","og_url":"https:\/\/www.pm.pb.gov.br\/portal\/2025\/10\/18\/policia-militar-apreende-mais-uma-arma-de-fogo-dentro-do-bairro-do-rangel-jp\/","og_site_name":"Pol\u00edcia Militar da Para\u00edba","article_published_time":"2025-10-18T15:05:06+00:00","article_modified_time":"2025-10-18T15:05:09+00:00","og_image":[{"width":958,"height":732,"url":"http:\/\/www.pm.pb.gov.br\/portal\/wp-content\/uploads\/2025\/10\/WhatsApp-Image-2025-10-18-at-12.08.46-PM.jpeg","type":"image\/jpeg"}],"author":"Luiz Duarte","twitter_card":"summary_large_image","twitter_misc":{"Escrito por":"Luiz Duarte","Est. tempo de leitura":"1 minuto"},"schema":{"@context":"https:\/\/schema.org","@graph":[{"@type":"Article","@id":"https:\/\/www.pm.pb.gov.br\/portal\/2025\/10\/18\/policia-militar-apreende-mais-uma-arma-de-fogo-dentro-do-bairro-do-rangel-jp\/#article","isPartOf":{"@id":"https:\/\/www.pm.pb.gov.br\/portal\/2025\/10\/18\/policia-militar-apreende-mais-uma-arma-de-fogo-dentro-do-bairro-do-rangel-jp\/"},"author":{"name":"Luiz Duarte","@id":"https:\/\/www.pm.pb.gov.br\/portal\/#\/schema\/person\/89dd009e2523c97adf8def1d6cf90ca1"},"headline":"Pol\u00edcia Militar apreende mais uma arma de fogo dentro do bairro do Rangel \u2013 JP","datePublished":"2025-10-18T15:05:06+00:00","dateModified":"2025-10-18T15:05:09+00:00","mainEntityOfPage":{"@id":"https:\/\/www.pm.pb.gov.br\/portal\/2025\/10\/18\/policia-militar-apreende-mais-uma-arma-de-fogo-dentro-do-bairro-do-rangel-jp\/"},"wordCount":125,"publisher":{"@id":"https:\/\/www.pm.pb.gov.br\/portal\/#organization"},"articleSection":["A\u00e7\u00f5es Policiais"],"inLanguage":"pt-BR"},{"@type":"WebPage","@id":"https:\/\/www.pm.pb.gov.br\/portal\/2025\/10\/18\/policia-militar-apreende-mais-uma-arma-de-fogo-dentro-do-bairro-do-rangel-jp\/","url":"https:\/\/www.pm.pb.gov.br\/portal\/2025\/10\/18\/policia-militar-apreende-mais-uma-arma-de-fogo-dentro-do-bairro-do-rangel-jp\/","name":"Pol\u00edcia Militar apreende mais uma arma de fogo dentro do bairro do Rangel \u2013 JP - Pol\u00edcia Militar da Para\u00edba","isPartOf":{"@id":"https:\/\/www.pm.pb.gov.br\/portal\/#website"},"datePublished":"2025-10-18T15:05:06+00:00","dateModified":"2025-10-18T15:05:09+00:00","breadcrumb":{"@id":"https:\/\/www.pm.pb.gov.br\/portal\/2025\/10\/18\/policia-militar-apreende-mais-uma-arma-de-fogo-dentro-do-bairro-do-rangel-jp\/#breadcrumb"},"inLanguage":"pt-BR","potentialAction":[{"@type":"ReadAction","target":["https:\/\/www.pm.pb.gov.br\/portal\/2025\/10\/18\/policia-militar-apreende-mais-uma-arma-de-fogo-dentro-do-bairro-do-rangel-jp\/"]}]},{"@type":"BreadcrumbList","@id":"https:\/\/www.pm.pb.gov.br\/portal\/2025\/10\/18\/policia-militar-apreende-mais-uma-arma-de-fogo-dentro-do-bairro-do-rangel-jp\/#breadcrumb","itemListElement":[{"@type":"ListItem","position":1,"name":"In\u00edcio","item":"https:\/\/www.pm.pb.gov.br\/portal\/"},{"@type":"ListItem","position":2,"name":"Pol\u00edcia Militar apreende mais uma arma de fogo dentro do bairro do Rangel \u2013 JP"}]},{"@type":"WebSite","@id":"https:\/\/www.pm.pb.gov.br\/portal\/#website","url":"https:\/\/www.pm.pb.gov.br\/portal\/","name":"Pol\u00edcia Militar da Para\u00edba","description":"","publisher":{"@id":"https:\/\/www.pm.pb.gov.br\/portal\/#organization"},"potentialAction":[{"@type":"SearchAction","target":{"@type":"EntryPoint","urlTemplate":"https:\/\/www.pm.pb.gov.br\/portal\/?s={search_term_string}"},"query-input":"required name=search_term_string"}],"inLanguage":"pt-BR"},{"@type":"Organization","@id":"https:\/\/www.pm.pb.gov.br\/portal\/#organization","name":"Pol\u00edcia Militar da Para\u00edba","url":"https:\/\/www.pm.pb.gov.br\/portal\/","logo":{"@type":"ImageObject","inLanguage":"pt-BR","@id":"https:\/\/www.pm.pb.gov.br\/portal\/#\/schema\/logo\/image\/","url":"https:\/\/www.pm.pb.gov.br\/portal\/wp-content\/uploads\/2025\/03\/cropped-logo-site-mag2-1.png","contentUrl":"https:\/\/www.pm.pb.gov.br\/portal\/wp-content\/uploads\/2025\/03\/cropped-logo-site-mag2-1.png","width":320,"height":90,"caption":"Pol\u00edcia Militar da Para\u00edba"},"image":{"@id":"https:\/\/www.pm.pb.gov.br\/portal\/#\/schema\/logo\/image\/"}},{"@type":"Person","@id":"https:\/\/www.pm.pb.gov.br\/portal\/#\/schema\/person\/89dd009e2523c97adf8def1d6cf90ca1","name":"Luiz Duarte","image":{"@type":"ImageObject","inLanguage":"pt-BR","@id":"https:\/\/www.pm.pb.gov.br\/portal\/#\/schema\/person\/image\/","url":"https:\/\/secure.gravatar.com\/avatar\/ce5539b97246ef4d24dd039a3f64145b?s=96&d=mm&r=g","contentUrl":"https:\/\/secure.gravatar.com\/avatar\/ce5539b97246ef4d24dd039a3f64145b?s=96&d=mm&r=g","caption":"Luiz Duarte"},"url":"https:\/\/www.pm.pb.gov.br\/portal\/author\/luiz\/"}]}},"_links":{"self":[{"href":"https:\/\/www.pm.pb.gov.br\/portal\/wp-json\/wp\/v2\/posts\/928447"}],"collection":[{"href":"https:\/\/www.pm.pb.gov.br\/portal\/wp-json\/wp\/v2\/posts"}],"about":[{"href":"https:\/\/www.pm.pb.gov.br\/portal\/wp-json\/wp\/v2\/types\/post"}],"author":[{"embeddable":true,"href":"https:\/\/www.pm.pb.gov.br\/portal\/wp-json\/wp\/v2\/users\/18"}],"replies":[{"embeddable":true,"href":"https:\/\/www.pm.pb.gov.br\/portal\/wp-json\/wp\/v2\/comments?post=928447"}],"version-history":[{"count":1,"href":"https:\/\/www.pm.pb.gov.br\/portal\/wp-json\/wp\/v2\/posts\/928447\/revisions"}],"predecessor-version":[{"id":928449,"href":"https:\/\/www.pm.pb.gov.br\/portal\/wp-json\/wp\/v2\/posts\/928447\/revisions\/928449"}],"wp:featuredmedia":[{"embeddable":true,"href":"https:\/\/www.pm.pb.gov.br\/portal\/wp-json\/wp\/v2\/media\/928452"}],"wp:attachment":[{"href":"https:\/\/www.pm.pb.gov.br\/portal\/wp-json\/wp\/v2\/media?parent=928447"}],"wp:term":[{"taxonomy":"category","embeddable":true,"href":"https:\/\/www.pm.pb.gov.br\/portal\/wp-json\/wp\/v2\/categories?post=928447"},{"taxonomy":"post_tag","embeddable":true,"href":"https:\/\/www.pm.pb.gov.br\/portal\/wp-json\/wp\/v2\/tags?post=928447"}],"curies":[{"name":"wp","href":"https:\/\/api.w.org\/{rel}","templated":true}]}}