{"id":928407,"date":"2025-10-15T15:04:12","date_gmt":"2025-10-15T18:04:12","guid":{"rendered":"https:\/\/www.pm.pb.gov.br\/portal\/?p=928407"},"modified":"2025-10-15T15:04:15","modified_gmt":"2025-10-15T18:04:15","slug":"mulher-denuncia-violencia-domestica-e-pm-prende-marido-com-arsenal-em-joao-pessoa","status":"publish","type":"post","link":"https:\/\/www.pm.pb.gov.br\/portal\/2025\/10\/15\/mulher-denuncia-violencia-domestica-e-pm-prende-marido-com-arsenal-em-joao-pessoa\/","title":{"rendered":"Mulher denuncia viol\u00eancia dom\u00e9stica e PM prende marido com arsenal em Jo\u00e3o Pessoa"},"content":{"rendered":"\n<p>Na manh\u00e3 desta quarta-feira (15), policiais militares do Batalh\u00e3o Especializado em Policiamento Tur\u00edstico (BEPTur) prenderam um homem por viol\u00eancia dom\u00e9stica em Jo\u00e3o Pessoa. O acusado tinha um vasto arsenal, entre armas e muni\u00e7\u00f5es, incluindo um fuzil.<\/p>\n\n\n\n<p>De acordo com o BEPTur, os policiais foram acionados para atender a uma ocorr\u00eancia de viol\u00eancia dom\u00e9stica no bairro Brisamar. No local, as equipes encontraram a v\u00edtima com marcas de viol\u00eancia no rosto, e foram informados que o agressor teria agredido e que estava em estado alterado, ap\u00f3s ter chegado tarde da noite na resid\u00eancia do casal. A v\u00edtima tamb\u00e9m declarou que o marido possui registro como CA\u0421 (Colecionador, Atirador e Ca\u00e7ador), sendo propriet\u00e1rio de diversas armas de fogo e muni\u00e7\u00f5es. Ainda segundo a v\u00edtima, o agressor utilizava-se dessas armas para amea\u00e7\u00e1-la constantemente.<\/p>\n\n\n\n<p>O agressor foi localizado no apartamento do casal, dormindo em uma rede, portando um rev\u00f3lver na cintura. Ainda na resid\u00eancia foram encontradas uma pistola, calibre 9 mil\u00edmetros, um fuzil, calibre 5,56 mil\u00edmetros, um rifle, calibre .22, v\u00e1rias muni\u00e7\u00f5es, acess\u00f3rios e insumos, al\u00e9m do rev\u00f3lver. As guarni\u00e7\u00f5es tamb\u00e9m constataram que as armas estavam em local de f\u00e1cil acesso no apartamento.<\/p>\n\n\n\n<p>O suspeito, de 38 anos de idade, foi preso e conduzido, com todo o material apreendido \u00e0 Delegacia Especializada de Atendimento \u00e0 Mulher (DEAM) para as provid\u00eancias cab\u00edveis. A legalidade das armas dever\u00e1 ser confirmada, contudo diante da constata\u00e7\u00e3o de viol\u00eancia dom\u00e9stica, o juiz poder\u00e1 aplicar ao agressor a suspens\u00e3o da posse dos armamentos.<\/p>\n","protected":false},"excerpt":{"rendered":"<p>Na manh\u00e3 desta quarta-feira (15), policiais militares do Batalh\u00e3o Especializado em Policiamento Tur\u00edstico (BEPTur) prenderam um homem por viol\u00eancia dom\u00e9stica<\/p>\n","protected":false},"author":5,"featured_media":928408,"comment_status":"closed","ping_status":"closed","sticky":false,"template":"","format":"standard","meta":{"_exactmetrics_skip_tracking":false,"_exactmetrics_sitenote_active":false,"_exactmetrics_sitenote_note":"","_exactmetrics_sitenote_category":0,"footnotes":""},"categories":[4],"tags":[],"yoast_head":"<!-- This site is optimized with the Yoast SEO plugin v22.0 - https:\/\/yoast.com\/wordpress\/plugins\/seo\/ -->\n<title>Mulher denuncia viol\u00eancia dom\u00e9stica e PM prende marido com arsenal em Jo\u00e3o Pessoa - Pol\u00edcia Militar da Para\u00edba<\/title>\n<meta name=\"robots\" content=\"index, follow, max-snippet:-1, max-image-preview:large, max-video-preview:-1\" \/>\n<link rel=\"canonical\" href=\"https:\/\/www.pm.pb.gov.br\/portal\/2025\/10\/15\/mulher-denuncia-violencia-domestica-e-pm-prende-marido-com-arsenal-em-joao-pessoa\/\" \/>\n<meta property=\"og:locale\" content=\"pt_BR\" \/>\n<meta property=\"og:type\" content=\"article\" \/>\n<meta property=\"og:title\" content=\"Mulher denuncia viol\u00eancia dom\u00e9stica e PM prende marido com arsenal em Jo\u00e3o Pessoa - Pol\u00edcia Militar da Para\u00edba\" \/>\n<meta property=\"og:description\" content=\"Na manh\u00e3 desta quarta-feira (15), policiais militares do Batalh\u00e3o Especializado em Policiamento Tur\u00edstico (BEPTur) prenderam um homem por viol\u00eancia dom\u00e9stica\" \/>\n<meta property=\"og:url\" content=\"https:\/\/www.pm.pb.gov.br\/portal\/2025\/10\/15\/mulher-denuncia-violencia-domestica-e-pm-prende-marido-com-arsenal-em-joao-pessoa\/\" \/>\n<meta property=\"og:site_name\" content=\"Pol\u00edcia Militar da Para\u00edba\" \/>\n<meta property=\"article:published_time\" content=\"2025-10-15T18:04:12+00:00\" \/>\n<meta property=\"article:modified_time\" content=\"2025-10-15T18:04:15+00:00\" \/>\n<meta property=\"og:image\" content=\"http:\/\/www.pm.pb.gov.br\/portal\/wp-content\/uploads\/2025\/10\/armas.jpeg\" \/>\n\t<meta property=\"og:image:width\" content=\"800\" \/>\n\t<meta property=\"og:image:height\" content=\"445\" \/>\n\t<meta property=\"og:image:type\" content=\"image\/jpeg\" \/>\n<meta name=\"author\" content=\"Assessoria de Imprensa da PMPB\" \/>\n<meta name=\"twitter:card\" content=\"summary_large_image\" \/>\n<meta name=\"twitter:label1\" content=\"Escrito por\" \/>\n\t<meta name=\"twitter:data1\" content=\"Assessoria de Imprensa da PMPB\" \/>\n\t<meta name=\"twitter:label2\" content=\"Est. tempo de leitura\" \/>\n\t<meta name=\"twitter:data2\" content=\"2 minutos\" \/>\n<script type=\"application\/ld+json\" class=\"yoast-schema-graph\">{\"@context\":\"https:\/\/schema.org\",\"@graph\":[{\"@type\":\"Article\",\"@id\":\"https:\/\/www.pm.pb.gov.br\/portal\/2025\/10\/15\/mulher-denuncia-violencia-domestica-e-pm-prende-marido-com-arsenal-em-joao-pessoa\/#article\",\"isPartOf\":{\"@id\":\"https:\/\/www.pm.pb.gov.br\/portal\/2025\/10\/15\/mulher-denuncia-violencia-domestica-e-pm-prende-marido-com-arsenal-em-joao-pessoa\/\"},\"author\":{\"name\":\"Assessoria de Imprensa da PMPB\",\"@id\":\"https:\/\/www.pm.pb.gov.br\/portal\/#\/schema\/person\/e8454f46651c3ecf0e1ba3c1666d9947\"},\"headline\":\"Mulher denuncia viol\u00eancia dom\u00e9stica e PM prende marido com arsenal em Jo\u00e3o Pessoa\",\"datePublished\":\"2025-10-15T18:04:12+00:00\",\"dateModified\":\"2025-10-15T18:04:15+00:00\",\"mainEntityOfPage\":{\"@id\":\"https:\/\/www.pm.pb.gov.br\/portal\/2025\/10\/15\/mulher-denuncia-violencia-domestica-e-pm-prende-marido-com-arsenal-em-joao-pessoa\/\"},\"wordCount\":289,\"publisher\":{\"@id\":\"https:\/\/www.pm.pb.gov.br\/portal\/#organization\"},\"articleSection\":[\"A\u00e7\u00f5es Policiais\"],\"inLanguage\":\"pt-BR\"},{\"@type\":\"WebPage\",\"@id\":\"https:\/\/www.pm.pb.gov.br\/portal\/2025\/10\/15\/mulher-denuncia-violencia-domestica-e-pm-prende-marido-com-arsenal-em-joao-pessoa\/\",\"url\":\"https:\/\/www.pm.pb.gov.br\/portal\/2025\/10\/15\/mulher-denuncia-violencia-domestica-e-pm-prende-marido-com-arsenal-em-joao-pessoa\/\",\"name\":\"Mulher denuncia viol\u00eancia dom\u00e9stica e PM prende marido com arsenal em Jo\u00e3o Pessoa - Pol\u00edcia Militar da Para\u00edba\",\"isPartOf\":{\"@id\":\"https:\/\/www.pm.pb.gov.br\/portal\/#website\"},\"datePublished\":\"2025-10-15T18:04:12+00:00\",\"dateModified\":\"2025-10-15T18:04:15+00:00\",\"breadcrumb\":{\"@id\":\"https:\/\/www.pm.pb.gov.br\/portal\/2025\/10\/15\/mulher-denuncia-violencia-domestica-e-pm-prende-marido-com-arsenal-em-joao-pessoa\/#breadcrumb\"},\"inLanguage\":\"pt-BR\",\"potentialAction\":[{\"@type\":\"ReadAction\",\"target\":[\"https:\/\/www.pm.pb.gov.br\/portal\/2025\/10\/15\/mulher-denuncia-violencia-domestica-e-pm-prende-marido-com-arsenal-em-joao-pessoa\/\"]}]},{\"@type\":\"BreadcrumbList\",\"@id\":\"https:\/\/www.pm.pb.gov.br\/portal\/2025\/10\/15\/mulher-denuncia-violencia-domestica-e-pm-prende-marido-com-arsenal-em-joao-pessoa\/#breadcrumb\",\"itemListElement\":[{\"@type\":\"ListItem\",\"position\":1,\"name\":\"In\u00edcio\",\"item\":\"https:\/\/www.pm.pb.gov.br\/portal\/\"},{\"@type\":\"ListItem\",\"position\":2,\"name\":\"Mulher denuncia viol\u00eancia dom\u00e9stica e PM prende marido com arsenal em Jo\u00e3o Pessoa\"}]},{\"@type\":\"WebSite\",\"@id\":\"https:\/\/www.pm.pb.gov.br\/portal\/#website\",\"url\":\"https:\/\/www.pm.pb.gov.br\/portal\/\",\"name\":\"Pol\u00edcia Militar da Para\u00edba\",\"description\":\"\",\"publisher\":{\"@id\":\"https:\/\/www.pm.pb.gov.br\/portal\/#organization\"},\"potentialAction\":[{\"@type\":\"SearchAction\",\"target\":{\"@type\":\"EntryPoint\",\"urlTemplate\":\"https:\/\/www.pm.pb.gov.br\/portal\/?s={search_term_string}\"},\"query-input\":\"required name=search_term_string\"}],\"inLanguage\":\"pt-BR\"},{\"@type\":\"Organization\",\"@id\":\"https:\/\/www.pm.pb.gov.br\/portal\/#organization\",\"name\":\"Pol\u00edcia Militar da Para\u00edba\",\"url\":\"https:\/\/www.pm.pb.gov.br\/portal\/\",\"logo\":{\"@type\":\"ImageObject\",\"inLanguage\":\"pt-BR\",\"@id\":\"https:\/\/www.pm.pb.gov.br\/portal\/#\/schema\/logo\/image\/\",\"url\":\"https:\/\/www.pm.pb.gov.br\/portal\/wp-content\/uploads\/2025\/03\/cropped-logo-site-mag2-1.png\",\"contentUrl\":\"https:\/\/www.pm.pb.gov.br\/portal\/wp-content\/uploads\/2025\/03\/cropped-logo-site-mag2-1.png\",\"width\":320,\"height\":90,\"caption\":\"Pol\u00edcia Militar da Para\u00edba\"},\"image\":{\"@id\":\"https:\/\/www.pm.pb.gov.br\/portal\/#\/schema\/logo\/image\/\"}},{\"@type\":\"Person\",\"@id\":\"https:\/\/www.pm.pb.gov.br\/portal\/#\/schema\/person\/e8454f46651c3ecf0e1ba3c1666d9947\",\"name\":\"Assessoria de Imprensa da PMPB\",\"image\":{\"@type\":\"ImageObject\",\"inLanguage\":\"pt-BR\",\"@id\":\"https:\/\/www.pm.pb.gov.br\/portal\/#\/schema\/person\/image\/\",\"url\":\"https:\/\/secure.gravatar.com\/avatar\/2efe197438265d1e90bd98c4c8e1acf8?s=96&d=mm&r=g\",\"contentUrl\":\"https:\/\/secure.gravatar.com\/avatar\/2efe197438265d1e90bd98c4c8e1acf8?s=96&d=mm&r=g\",\"caption\":\"Assessoria de Imprensa da PMPB\"},\"url\":\"https:\/\/www.pm.pb.gov.br\/portal\/author\/assessoria\/\"}]}<\/script>\n<!-- \/ Yoast SEO plugin. -->","yoast_head_json":{"title":"Mulher denuncia viol\u00eancia dom\u00e9stica e PM prende marido com arsenal em Jo\u00e3o Pessoa - Pol\u00edcia Militar da Para\u00edba","robots":{"index":"index","follow":"follow","max-snippet":"max-snippet:-1","max-image-preview":"max-image-preview:large","max-video-preview":"max-video-preview:-1"},"canonical":"https:\/\/www.pm.pb.gov.br\/portal\/2025\/10\/15\/mulher-denuncia-violencia-domestica-e-pm-prende-marido-com-arsenal-em-joao-pessoa\/","og_locale":"pt_BR","og_type":"article","og_title":"Mulher denuncia viol\u00eancia dom\u00e9stica e PM prende marido com arsenal em Jo\u00e3o Pessoa - Pol\u00edcia Militar da Para\u00edba","og_description":"Na manh\u00e3 desta quarta-feira (15), policiais militares do Batalh\u00e3o Especializado em Policiamento Tur\u00edstico (BEPTur) prenderam um homem por viol\u00eancia dom\u00e9stica","og_url":"https:\/\/www.pm.pb.gov.br\/portal\/2025\/10\/15\/mulher-denuncia-violencia-domestica-e-pm-prende-marido-com-arsenal-em-joao-pessoa\/","og_site_name":"Pol\u00edcia Militar da Para\u00edba","article_published_time":"2025-10-15T18:04:12+00:00","article_modified_time":"2025-10-15T18:04:15+00:00","og_image":[{"width":800,"height":445,"url":"http:\/\/www.pm.pb.gov.br\/portal\/wp-content\/uploads\/2025\/10\/armas.jpeg","type":"image\/jpeg"}],"author":"Assessoria de Imprensa da PMPB","twitter_card":"summary_large_image","twitter_misc":{"Escrito por":"Assessoria de Imprensa da PMPB","Est. tempo de leitura":"2 minutos"},"schema":{"@context":"https:\/\/schema.org","@graph":[{"@type":"Article","@id":"https:\/\/www.pm.pb.gov.br\/portal\/2025\/10\/15\/mulher-denuncia-violencia-domestica-e-pm-prende-marido-com-arsenal-em-joao-pessoa\/#article","isPartOf":{"@id":"https:\/\/www.pm.pb.gov.br\/portal\/2025\/10\/15\/mulher-denuncia-violencia-domestica-e-pm-prende-marido-com-arsenal-em-joao-pessoa\/"},"author":{"name":"Assessoria de Imprensa da PMPB","@id":"https:\/\/www.pm.pb.gov.br\/portal\/#\/schema\/person\/e8454f46651c3ecf0e1ba3c1666d9947"},"headline":"Mulher denuncia viol\u00eancia dom\u00e9stica e PM prende marido com arsenal em Jo\u00e3o Pessoa","datePublished":"2025-10-15T18:04:12+00:00","dateModified":"2025-10-15T18:04:15+00:00","mainEntityOfPage":{"@id":"https:\/\/www.pm.pb.gov.br\/portal\/2025\/10\/15\/mulher-denuncia-violencia-domestica-e-pm-prende-marido-com-arsenal-em-joao-pessoa\/"},"wordCount":289,"publisher":{"@id":"https:\/\/www.pm.pb.gov.br\/portal\/#organization"},"articleSection":["A\u00e7\u00f5es Policiais"],"inLanguage":"pt-BR"},{"@type":"WebPage","@id":"https:\/\/www.pm.pb.gov.br\/portal\/2025\/10\/15\/mulher-denuncia-violencia-domestica-e-pm-prende-marido-com-arsenal-em-joao-pessoa\/","url":"https:\/\/www.pm.pb.gov.br\/portal\/2025\/10\/15\/mulher-denuncia-violencia-domestica-e-pm-prende-marido-com-arsenal-em-joao-pessoa\/","name":"Mulher denuncia viol\u00eancia dom\u00e9stica e PM prende marido com arsenal em Jo\u00e3o Pessoa - Pol\u00edcia Militar da Para\u00edba","isPartOf":{"@id":"https:\/\/www.pm.pb.gov.br\/portal\/#website"},"datePublished":"2025-10-15T18:04:12+00:00","dateModified":"2025-10-15T18:04:15+00:00","breadcrumb":{"@id":"https:\/\/www.pm.pb.gov.br\/portal\/2025\/10\/15\/mulher-denuncia-violencia-domestica-e-pm-prende-marido-com-arsenal-em-joao-pessoa\/#breadcrumb"},"inLanguage":"pt-BR","potentialAction":[{"@type":"ReadAction","target":["https:\/\/www.pm.pb.gov.br\/portal\/2025\/10\/15\/mulher-denuncia-violencia-domestica-e-pm-prende-marido-com-arsenal-em-joao-pessoa\/"]}]},{"@type":"BreadcrumbList","@id":"https:\/\/www.pm.pb.gov.br\/portal\/2025\/10\/15\/mulher-denuncia-violencia-domestica-e-pm-prende-marido-com-arsenal-em-joao-pessoa\/#breadcrumb","itemListElement":[{"@type":"ListItem","position":1,"name":"In\u00edcio","item":"https:\/\/www.pm.pb.gov.br\/portal\/"},{"@type":"ListItem","position":2,"name":"Mulher denuncia viol\u00eancia dom\u00e9stica e PM prende marido com arsenal em Jo\u00e3o Pessoa"}]},{"@type":"WebSite","@id":"https:\/\/www.pm.pb.gov.br\/portal\/#website","url":"https:\/\/www.pm.pb.gov.br\/portal\/","name":"Pol\u00edcia Militar da Para\u00edba","description":"","publisher":{"@id":"https:\/\/www.pm.pb.gov.br\/portal\/#organization"},"potentialAction":[{"@type":"SearchAction","target":{"@type":"EntryPoint","urlTemplate":"https:\/\/www.pm.pb.gov.br\/portal\/?s={search_term_string}"},"query-input":"required name=search_term_string"}],"inLanguage":"pt-BR"},{"@type":"Organization","@id":"https:\/\/www.pm.pb.gov.br\/portal\/#organization","name":"Pol\u00edcia Militar da Para\u00edba","url":"https:\/\/www.pm.pb.gov.br\/portal\/","logo":{"@type":"ImageObject","inLanguage":"pt-BR","@id":"https:\/\/www.pm.pb.gov.br\/portal\/#\/schema\/logo\/image\/","url":"https:\/\/www.pm.pb.gov.br\/portal\/wp-content\/uploads\/2025\/03\/cropped-logo-site-mag2-1.png","contentUrl":"https:\/\/www.pm.pb.gov.br\/portal\/wp-content\/uploads\/2025\/03\/cropped-logo-site-mag2-1.png","width":320,"height":90,"caption":"Pol\u00edcia Militar da Para\u00edba"},"image":{"@id":"https:\/\/www.pm.pb.gov.br\/portal\/#\/schema\/logo\/image\/"}},{"@type":"Person","@id":"https:\/\/www.pm.pb.gov.br\/portal\/#\/schema\/person\/e8454f46651c3ecf0e1ba3c1666d9947","name":"Assessoria de Imprensa da PMPB","image":{"@type":"ImageObject","inLanguage":"pt-BR","@id":"https:\/\/www.pm.pb.gov.br\/portal\/#\/schema\/person\/image\/","url":"https:\/\/secure.gravatar.com\/avatar\/2efe197438265d1e90bd98c4c8e1acf8?s=96&d=mm&r=g","contentUrl":"https:\/\/secure.gravatar.com\/avatar\/2efe197438265d1e90bd98c4c8e1acf8?s=96&d=mm&r=g","caption":"Assessoria de Imprensa da PMPB"},"url":"https:\/\/www.pm.pb.gov.br\/portal\/author\/assessoria\/"}]}},"_links":{"self":[{"href":"https:\/\/www.pm.pb.gov.br\/portal\/wp-json\/wp\/v2\/posts\/928407"}],"collection":[{"href":"https:\/\/www.pm.pb.gov.br\/portal\/wp-json\/wp\/v2\/posts"}],"about":[{"href":"https:\/\/www.pm.pb.gov.br\/portal\/wp-json\/wp\/v2\/types\/post"}],"author":[{"embeddable":true,"href":"https:\/\/www.pm.pb.gov.br\/portal\/wp-json\/wp\/v2\/users\/5"}],"replies":[{"embeddable":true,"href":"https:\/\/www.pm.pb.gov.br\/portal\/wp-json\/wp\/v2\/comments?post=928407"}],"version-history":[{"count":1,"href":"https:\/\/www.pm.pb.gov.br\/portal\/wp-json\/wp\/v2\/posts\/928407\/revisions"}],"predecessor-version":[{"id":928409,"href":"https:\/\/www.pm.pb.gov.br\/portal\/wp-json\/wp\/v2\/posts\/928407\/revisions\/928409"}],"wp:featuredmedia":[{"embeddable":true,"href":"https:\/\/www.pm.pb.gov.br\/portal\/wp-json\/wp\/v2\/media\/928408"}],"wp:attachment":[{"href":"https:\/\/www.pm.pb.gov.br\/portal\/wp-json\/wp\/v2\/media?parent=928407"}],"wp:term":[{"taxonomy":"category","embeddable":true,"href":"https:\/\/www.pm.pb.gov.br\/portal\/wp-json\/wp\/v2\/categories?post=928407"},{"taxonomy":"post_tag","embeddable":true,"href":"https:\/\/www.pm.pb.gov.br\/portal\/wp-json\/wp\/v2\/tags?post=928407"}],"curies":[{"name":"wp","href":"https:\/\/api.w.org\/{rel}","templated":true}]}}