{"id":928393,"date":"2025-10-14T19:02:23","date_gmt":"2025-10-14T22:02:23","guid":{"rendered":"https:\/\/www.pm.pb.gov.br\/portal\/?p=928393"},"modified":"2025-10-14T19:02:26","modified_gmt":"2025-10-14T22:02:26","slug":"integracao-das-policias-militares-da-pb-e-de-pernambuco-resulta-em-mais-uma-prisao","status":"publish","type":"post","link":"https:\/\/www.pm.pb.gov.br\/portal\/2025\/10\/14\/integracao-das-policias-militares-da-pb-e-de-pernambuco-resulta-em-mais-uma-prisao\/","title":{"rendered":"Integra\u00e7\u00e3o das Pol\u00edcias Militares da PB e de Pernambuco resulta em mais uma pris\u00e3o"},"content":{"rendered":"Foi presa na tarde desta ter\u00e7a-feira (14), na cidade de Igara\u00e7u, em Pernambuco, uma mulher de 48 anos que j\u00e1 foi condenada por tr\u00e1fico de drogas e fugiu ap\u00f3s passar para o regime semiaberto. A acusada, que tinha ainda 4 anos e 11 meses de pena para cumprir, teve o mandado de pris\u00e3o expedido pela 1\u00aa Vara Regional de Execu\u00e7\u00e3o Penal da Capital \u2013 TJPE.<br \/><br \/>Ela foi localizada atrav\u00e9s de mais um trabalho conjunto entre as Pol\u00edcias Militares da Para\u00edba e de Pernambuco. A presa \u00e9 pernambucana e foi apresentada na delegacia da cidade onde foi localizada.<br \/>","protected":false},"excerpt":{"rendered":"<p>Foi presa na tarde desta ter\u00e7a-feira (14), na cidade de Igara\u00e7u, em Pernambuco, uma mulher de 48 anos que j\u00e1<\/p>\n","protected":false},"author":18,"featured_media":894594,"comment_status":"closed","ping_status":"closed","sticky":false,"template":"","format":"standard","meta":{"_exactmetrics_skip_tracking":false,"_exactmetrics_sitenote_active":false,"_exactmetrics_sitenote_note":"","_exactmetrics_sitenote_category":0,"footnotes":""},"categories":[4],"tags":[],"yoast_head":"<!-- This site is optimized with the Yoast SEO plugin v22.0 - https:\/\/yoast.com\/wordpress\/plugins\/seo\/ -->\n<title>Integra\u00e7\u00e3o das Pol\u00edcias Militares da PB e de Pernambuco resulta em mais uma pris\u00e3o - Pol\u00edcia Militar da Para\u00edba<\/title>\n<meta name=\"robots\" content=\"index, follow, max-snippet:-1, max-image-preview:large, max-video-preview:-1\" \/>\n<link rel=\"canonical\" href=\"https:\/\/www.pm.pb.gov.br\/portal\/2025\/10\/14\/integracao-das-policias-militares-da-pb-e-de-pernambuco-resulta-em-mais-uma-prisao\/\" \/>\n<meta property=\"og:locale\" content=\"pt_BR\" \/>\n<meta property=\"og:type\" content=\"article\" \/>\n<meta property=\"og:title\" content=\"Integra\u00e7\u00e3o das Pol\u00edcias Militares da PB e de Pernambuco resulta em mais uma pris\u00e3o - Pol\u00edcia Militar da Para\u00edba\" \/>\n<meta property=\"og:description\" content=\"Foi presa na tarde desta ter\u00e7a-feira (14), na cidade de Igara\u00e7u, em Pernambuco, uma mulher de 48 anos que j\u00e1\" \/>\n<meta property=\"og:url\" content=\"https:\/\/www.pm.pb.gov.br\/portal\/2025\/10\/14\/integracao-das-policias-militares-da-pb-e-de-pernambuco-resulta-em-mais-uma-prisao\/\" \/>\n<meta property=\"og:site_name\" content=\"Pol\u00edcia Militar da Para\u00edba\" \/>\n<meta property=\"article:published_time\" content=\"2025-10-14T22:02:23+00:00\" \/>\n<meta property=\"article:modified_time\" content=\"2025-10-14T22:02:26+00:00\" \/>\n<meta property=\"og:image\" content=\"http:\/\/www.pm.pb.gov.br\/portal\/wp-content\/uploads\/2017\/04\/foto_brasao-1.jpg\" \/>\n\t<meta property=\"og:image:width\" content=\"620\" \/>\n\t<meta property=\"og:image:height\" content=\"411\" \/>\n\t<meta property=\"og:image:type\" content=\"image\/jpeg\" \/>\n<meta name=\"author\" content=\"Luiz Duarte\" \/>\n<meta name=\"twitter:card\" content=\"summary_large_image\" \/>\n<meta name=\"twitter:label1\" content=\"Escrito por\" \/>\n\t<meta name=\"twitter:data1\" content=\"Luiz Duarte\" \/>\n\t<meta name=\"twitter:label2\" content=\"Est. tempo de leitura\" \/>\n\t<meta name=\"twitter:data2\" content=\"1 minuto\" \/>\n<script type=\"application\/ld+json\" class=\"yoast-schema-graph\">{\"@context\":\"https:\/\/schema.org\",\"@graph\":[{\"@type\":\"Article\",\"@id\":\"https:\/\/www.pm.pb.gov.br\/portal\/2025\/10\/14\/integracao-das-policias-militares-da-pb-e-de-pernambuco-resulta-em-mais-uma-prisao\/#article\",\"isPartOf\":{\"@id\":\"https:\/\/www.pm.pb.gov.br\/portal\/2025\/10\/14\/integracao-das-policias-militares-da-pb-e-de-pernambuco-resulta-em-mais-uma-prisao\/\"},\"author\":{\"name\":\"Luiz Duarte\",\"@id\":\"https:\/\/www.pm.pb.gov.br\/portal\/#\/schema\/person\/89dd009e2523c97adf8def1d6cf90ca1\"},\"headline\":\"Integra\u00e7\u00e3o das Pol\u00edcias Militares da PB e de Pernambuco resulta em mais uma pris\u00e3o\",\"datePublished\":\"2025-10-14T22:02:23+00:00\",\"dateModified\":\"2025-10-14T22:02:26+00:00\",\"mainEntityOfPage\":{\"@id\":\"https:\/\/www.pm.pb.gov.br\/portal\/2025\/10\/14\/integracao-das-policias-militares-da-pb-e-de-pernambuco-resulta-em-mais-uma-prisao\/\"},\"wordCount\":116,\"publisher\":{\"@id\":\"https:\/\/www.pm.pb.gov.br\/portal\/#organization\"},\"articleSection\":[\"A\u00e7\u00f5es Policiais\"],\"inLanguage\":\"pt-BR\"},{\"@type\":\"WebPage\",\"@id\":\"https:\/\/www.pm.pb.gov.br\/portal\/2025\/10\/14\/integracao-das-policias-militares-da-pb-e-de-pernambuco-resulta-em-mais-uma-prisao\/\",\"url\":\"https:\/\/www.pm.pb.gov.br\/portal\/2025\/10\/14\/integracao-das-policias-militares-da-pb-e-de-pernambuco-resulta-em-mais-uma-prisao\/\",\"name\":\"Integra\u00e7\u00e3o das Pol\u00edcias Militares da PB e de Pernambuco resulta em mais uma pris\u00e3o - Pol\u00edcia Militar da Para\u00edba\",\"isPartOf\":{\"@id\":\"https:\/\/www.pm.pb.gov.br\/portal\/#website\"},\"datePublished\":\"2025-10-14T22:02:23+00:00\",\"dateModified\":\"2025-10-14T22:02:26+00:00\",\"breadcrumb\":{\"@id\":\"https:\/\/www.pm.pb.gov.br\/portal\/2025\/10\/14\/integracao-das-policias-militares-da-pb-e-de-pernambuco-resulta-em-mais-uma-prisao\/#breadcrumb\"},\"inLanguage\":\"pt-BR\",\"potentialAction\":[{\"@type\":\"ReadAction\",\"target\":[\"https:\/\/www.pm.pb.gov.br\/portal\/2025\/10\/14\/integracao-das-policias-militares-da-pb-e-de-pernambuco-resulta-em-mais-uma-prisao\/\"]}]},{\"@type\":\"BreadcrumbList\",\"@id\":\"https:\/\/www.pm.pb.gov.br\/portal\/2025\/10\/14\/integracao-das-policias-militares-da-pb-e-de-pernambuco-resulta-em-mais-uma-prisao\/#breadcrumb\",\"itemListElement\":[{\"@type\":\"ListItem\",\"position\":1,\"name\":\"In\u00edcio\",\"item\":\"https:\/\/www.pm.pb.gov.br\/portal\/\"},{\"@type\":\"ListItem\",\"position\":2,\"name\":\"Integra\u00e7\u00e3o das Pol\u00edcias Militares da PB e de Pernambuco resulta em mais uma pris\u00e3o\"}]},{\"@type\":\"WebSite\",\"@id\":\"https:\/\/www.pm.pb.gov.br\/portal\/#website\",\"url\":\"https:\/\/www.pm.pb.gov.br\/portal\/\",\"name\":\"Pol\u00edcia Militar da Para\u00edba\",\"description\":\"\",\"publisher\":{\"@id\":\"https:\/\/www.pm.pb.gov.br\/portal\/#organization\"},\"potentialAction\":[{\"@type\":\"SearchAction\",\"target\":{\"@type\":\"EntryPoint\",\"urlTemplate\":\"https:\/\/www.pm.pb.gov.br\/portal\/?s={search_term_string}\"},\"query-input\":\"required name=search_term_string\"}],\"inLanguage\":\"pt-BR\"},{\"@type\":\"Organization\",\"@id\":\"https:\/\/www.pm.pb.gov.br\/portal\/#organization\",\"name\":\"Pol\u00edcia Militar da Para\u00edba\",\"url\":\"https:\/\/www.pm.pb.gov.br\/portal\/\",\"logo\":{\"@type\":\"ImageObject\",\"inLanguage\":\"pt-BR\",\"@id\":\"https:\/\/www.pm.pb.gov.br\/portal\/#\/schema\/logo\/image\/\",\"url\":\"https:\/\/www.pm.pb.gov.br\/portal\/wp-content\/uploads\/2025\/03\/cropped-logo-site-mag2-1.png\",\"contentUrl\":\"https:\/\/www.pm.pb.gov.br\/portal\/wp-content\/uploads\/2025\/03\/cropped-logo-site-mag2-1.png\",\"width\":320,\"height\":90,\"caption\":\"Pol\u00edcia Militar da Para\u00edba\"},\"image\":{\"@id\":\"https:\/\/www.pm.pb.gov.br\/portal\/#\/schema\/logo\/image\/\"}},{\"@type\":\"Person\",\"@id\":\"https:\/\/www.pm.pb.gov.br\/portal\/#\/schema\/person\/89dd009e2523c97adf8def1d6cf90ca1\",\"name\":\"Luiz Duarte\",\"image\":{\"@type\":\"ImageObject\",\"inLanguage\":\"pt-BR\",\"@id\":\"https:\/\/www.pm.pb.gov.br\/portal\/#\/schema\/person\/image\/\",\"url\":\"https:\/\/secure.gravatar.com\/avatar\/ce5539b97246ef4d24dd039a3f64145b?s=96&d=mm&r=g\",\"contentUrl\":\"https:\/\/secure.gravatar.com\/avatar\/ce5539b97246ef4d24dd039a3f64145b?s=96&d=mm&r=g\",\"caption\":\"Luiz Duarte\"},\"url\":\"https:\/\/www.pm.pb.gov.br\/portal\/author\/luiz\/\"}]}<\/script>\n<!-- \/ Yoast SEO plugin. -->","yoast_head_json":{"title":"Integra\u00e7\u00e3o das Pol\u00edcias Militares da PB e de Pernambuco resulta em mais uma pris\u00e3o - Pol\u00edcia Militar da Para\u00edba","robots":{"index":"index","follow":"follow","max-snippet":"max-snippet:-1","max-image-preview":"max-image-preview:large","max-video-preview":"max-video-preview:-1"},"canonical":"https:\/\/www.pm.pb.gov.br\/portal\/2025\/10\/14\/integracao-das-policias-militares-da-pb-e-de-pernambuco-resulta-em-mais-uma-prisao\/","og_locale":"pt_BR","og_type":"article","og_title":"Integra\u00e7\u00e3o das Pol\u00edcias Militares da PB e de Pernambuco resulta em mais uma pris\u00e3o - Pol\u00edcia Militar da Para\u00edba","og_description":"Foi presa na tarde desta ter\u00e7a-feira (14), na cidade de Igara\u00e7u, em Pernambuco, uma mulher de 48 anos que j\u00e1","og_url":"https:\/\/www.pm.pb.gov.br\/portal\/2025\/10\/14\/integracao-das-policias-militares-da-pb-e-de-pernambuco-resulta-em-mais-uma-prisao\/","og_site_name":"Pol\u00edcia Militar da Para\u00edba","article_published_time":"2025-10-14T22:02:23+00:00","article_modified_time":"2025-10-14T22:02:26+00:00","og_image":[{"width":620,"height":411,"url":"http:\/\/www.pm.pb.gov.br\/portal\/wp-content\/uploads\/2017\/04\/foto_brasao-1.jpg","type":"image\/jpeg"}],"author":"Luiz Duarte","twitter_card":"summary_large_image","twitter_misc":{"Escrito por":"Luiz Duarte","Est. tempo de leitura":"1 minuto"},"schema":{"@context":"https:\/\/schema.org","@graph":[{"@type":"Article","@id":"https:\/\/www.pm.pb.gov.br\/portal\/2025\/10\/14\/integracao-das-policias-militares-da-pb-e-de-pernambuco-resulta-em-mais-uma-prisao\/#article","isPartOf":{"@id":"https:\/\/www.pm.pb.gov.br\/portal\/2025\/10\/14\/integracao-das-policias-militares-da-pb-e-de-pernambuco-resulta-em-mais-uma-prisao\/"},"author":{"name":"Luiz Duarte","@id":"https:\/\/www.pm.pb.gov.br\/portal\/#\/schema\/person\/89dd009e2523c97adf8def1d6cf90ca1"},"headline":"Integra\u00e7\u00e3o das Pol\u00edcias Militares da PB e de Pernambuco resulta em mais uma pris\u00e3o","datePublished":"2025-10-14T22:02:23+00:00","dateModified":"2025-10-14T22:02:26+00:00","mainEntityOfPage":{"@id":"https:\/\/www.pm.pb.gov.br\/portal\/2025\/10\/14\/integracao-das-policias-militares-da-pb-e-de-pernambuco-resulta-em-mais-uma-prisao\/"},"wordCount":116,"publisher":{"@id":"https:\/\/www.pm.pb.gov.br\/portal\/#organization"},"articleSection":["A\u00e7\u00f5es Policiais"],"inLanguage":"pt-BR"},{"@type":"WebPage","@id":"https:\/\/www.pm.pb.gov.br\/portal\/2025\/10\/14\/integracao-das-policias-militares-da-pb-e-de-pernambuco-resulta-em-mais-uma-prisao\/","url":"https:\/\/www.pm.pb.gov.br\/portal\/2025\/10\/14\/integracao-das-policias-militares-da-pb-e-de-pernambuco-resulta-em-mais-uma-prisao\/","name":"Integra\u00e7\u00e3o das Pol\u00edcias Militares da PB e de Pernambuco resulta em mais uma pris\u00e3o - Pol\u00edcia Militar da Para\u00edba","isPartOf":{"@id":"https:\/\/www.pm.pb.gov.br\/portal\/#website"},"datePublished":"2025-10-14T22:02:23+00:00","dateModified":"2025-10-14T22:02:26+00:00","breadcrumb":{"@id":"https:\/\/www.pm.pb.gov.br\/portal\/2025\/10\/14\/integracao-das-policias-militares-da-pb-e-de-pernambuco-resulta-em-mais-uma-prisao\/#breadcrumb"},"inLanguage":"pt-BR","potentialAction":[{"@type":"ReadAction","target":["https:\/\/www.pm.pb.gov.br\/portal\/2025\/10\/14\/integracao-das-policias-militares-da-pb-e-de-pernambuco-resulta-em-mais-uma-prisao\/"]}]},{"@type":"BreadcrumbList","@id":"https:\/\/www.pm.pb.gov.br\/portal\/2025\/10\/14\/integracao-das-policias-militares-da-pb-e-de-pernambuco-resulta-em-mais-uma-prisao\/#breadcrumb","itemListElement":[{"@type":"ListItem","position":1,"name":"In\u00edcio","item":"https:\/\/www.pm.pb.gov.br\/portal\/"},{"@type":"ListItem","position":2,"name":"Integra\u00e7\u00e3o das Pol\u00edcias Militares da PB e de Pernambuco resulta em mais uma pris\u00e3o"}]},{"@type":"WebSite","@id":"https:\/\/www.pm.pb.gov.br\/portal\/#website","url":"https:\/\/www.pm.pb.gov.br\/portal\/","name":"Pol\u00edcia Militar da Para\u00edba","description":"","publisher":{"@id":"https:\/\/www.pm.pb.gov.br\/portal\/#organization"},"potentialAction":[{"@type":"SearchAction","target":{"@type":"EntryPoint","urlTemplate":"https:\/\/www.pm.pb.gov.br\/portal\/?s={search_term_string}"},"query-input":"required name=search_term_string"}],"inLanguage":"pt-BR"},{"@type":"Organization","@id":"https:\/\/www.pm.pb.gov.br\/portal\/#organization","name":"Pol\u00edcia Militar da Para\u00edba","url":"https:\/\/www.pm.pb.gov.br\/portal\/","logo":{"@type":"ImageObject","inLanguage":"pt-BR","@id":"https:\/\/www.pm.pb.gov.br\/portal\/#\/schema\/logo\/image\/","url":"https:\/\/www.pm.pb.gov.br\/portal\/wp-content\/uploads\/2025\/03\/cropped-logo-site-mag2-1.png","contentUrl":"https:\/\/www.pm.pb.gov.br\/portal\/wp-content\/uploads\/2025\/03\/cropped-logo-site-mag2-1.png","width":320,"height":90,"caption":"Pol\u00edcia Militar da Para\u00edba"},"image":{"@id":"https:\/\/www.pm.pb.gov.br\/portal\/#\/schema\/logo\/image\/"}},{"@type":"Person","@id":"https:\/\/www.pm.pb.gov.br\/portal\/#\/schema\/person\/89dd009e2523c97adf8def1d6cf90ca1","name":"Luiz Duarte","image":{"@type":"ImageObject","inLanguage":"pt-BR","@id":"https:\/\/www.pm.pb.gov.br\/portal\/#\/schema\/person\/image\/","url":"https:\/\/secure.gravatar.com\/avatar\/ce5539b97246ef4d24dd039a3f64145b?s=96&d=mm&r=g","contentUrl":"https:\/\/secure.gravatar.com\/avatar\/ce5539b97246ef4d24dd039a3f64145b?s=96&d=mm&r=g","caption":"Luiz Duarte"},"url":"https:\/\/www.pm.pb.gov.br\/portal\/author\/luiz\/"}]}},"_links":{"self":[{"href":"https:\/\/www.pm.pb.gov.br\/portal\/wp-json\/wp\/v2\/posts\/928393"}],"collection":[{"href":"https:\/\/www.pm.pb.gov.br\/portal\/wp-json\/wp\/v2\/posts"}],"about":[{"href":"https:\/\/www.pm.pb.gov.br\/portal\/wp-json\/wp\/v2\/types\/post"}],"author":[{"embeddable":true,"href":"https:\/\/www.pm.pb.gov.br\/portal\/wp-json\/wp\/v2\/users\/18"}],"replies":[{"embeddable":true,"href":"https:\/\/www.pm.pb.gov.br\/portal\/wp-json\/wp\/v2\/comments?post=928393"}],"version-history":[{"count":1,"href":"https:\/\/www.pm.pb.gov.br\/portal\/wp-json\/wp\/v2\/posts\/928393\/revisions"}],"predecessor-version":[{"id":928394,"href":"https:\/\/www.pm.pb.gov.br\/portal\/wp-json\/wp\/v2\/posts\/928393\/revisions\/928394"}],"wp:featuredmedia":[{"embeddable":true,"href":"https:\/\/www.pm.pb.gov.br\/portal\/wp-json\/wp\/v2\/media\/894594"}],"wp:attachment":[{"href":"https:\/\/www.pm.pb.gov.br\/portal\/wp-json\/wp\/v2\/media?parent=928393"}],"wp:term":[{"taxonomy":"category","embeddable":true,"href":"https:\/\/www.pm.pb.gov.br\/portal\/wp-json\/wp\/v2\/categories?post=928393"},{"taxonomy":"post_tag","embeddable":true,"href":"https:\/\/www.pm.pb.gov.br\/portal\/wp-json\/wp\/v2\/tags?post=928393"}],"curies":[{"name":"wp","href":"https:\/\/api.w.org\/{rel}","templated":true}]}}