{"id":928382,"date":"2025-10-14T13:13:34","date_gmt":"2025-10-14T16:13:34","guid":{"rendered":"https:\/\/www.pm.pb.gov.br\/portal\/?p=928382"},"modified":"2025-10-14T13:19:38","modified_gmt":"2025-10-14T16:19:38","slug":"operacao-de-seguranca-no-cop30-tera-atuacao-do-canil-da-policia-militar-da-paraiba","status":"publish","type":"post","link":"https:\/\/www.pm.pb.gov.br\/portal\/2025\/10\/14\/operacao-de-seguranca-no-cop30-tera-atuacao-do-canil-da-policia-militar-da-paraiba\/","title":{"rendered":"Opera\u00e7\u00e3o de seguran\u00e7a no COP30 ter\u00e1 atua\u00e7\u00e3o do Canil da Pol\u00edcia Militar da Para\u00edba"},"content":{"rendered":"\n<p>A Pol\u00edcia Militar da Para\u00edba estar\u00e1 integrando a Opera\u00e7\u00e3o Nacional de Seguran\u00e7a na 30\u00aa Confer\u00eancia das Na\u00e7\u00f5es Unidas sobre Mudan\u00e7a do Clima (COP30), que acontece entre os dias 6 a 21 de novembro, em Bel\u00e9m do Par\u00e1, reunindo l\u00edderes mundiais, autoridades e delega\u00e7\u00f5es de mais de 190 pa\u00edses. A Companhia Independente de Policiamento com C\u00e3es (CIPC\u00c3ES) estar\u00e1 atuando na parte de detec\u00e7\u00e3o de explosivos, utilizando o c\u00e3o farejador Lupi \u2013 da ra\u00e7a labrador.<br><br>O chamamento da PM da Para\u00edba foi feito atrav\u00e9s de convite da Secretaria Nacional de Seguran\u00e7a P\u00fablica (SENASP\/MJSP). Os policiais paraibanos ser\u00e3o respons\u00e1veis por atuarem, com aux\u00edlio do c\u00e3o farejador, nas varreduras t\u00e9cnicas em hot\u00e9is, ve\u00edculos e locais oficiais &#8211; em coopera\u00e7\u00e3o com for\u00e7as de seguran\u00e7a federais e estaduais, sob coordena\u00e7\u00e3o do Centro Integrado de Comando e Controle Nacional (CICCN) e da Diretoria de Opera\u00e7\u00f5es Integradas e de Intelig\u00eancia da SENASP. <br><br>O Comandante da CIPC\u00c3ES, Major Sobral, destacou que a miss\u00e3o representa o reconhecimento da excel\u00eancia t\u00e9cnica e do alto n\u00edvel de preparo da tropa e dos c\u00e3es da Pol\u00edcia Militar da Para\u00edba. \u201cA participa\u00e7\u00e3o da CIPC\u00c3ES na COP30 demonstra a confian\u00e7a da SENASP na nossa capacidade t\u00e9cnica e na gest\u00e3o de resultados que desenvolvemos na PMPB. \u00c9 um marco de visibilidade nacional e internacional, que refor\u00e7a o compromisso da corpora\u00e7\u00e3o com a excel\u00eancia, a integra\u00e7\u00e3o e a seguran\u00e7a p\u00fablica baseada em profissionalismo e ci\u00eancia\u201d, disse.<br><br>Todas as despesas da equipe paraibana ser\u00e3o custeadas pela pr\u00f3pria Secretaria Nacional de Seguran\u00e7a P\u00fablica. Os policiais participar\u00e3o tamb\u00e9m de Workshop Nacional de Padroniza\u00e7\u00e3o de Procedimentos de Varredura T\u00e9cnica com Emprego de Bin\u00f4mios K9, j\u00e1 neste m\u00eas de outubro (de 27 a 31), antecedendo o in\u00edcio da opera\u00e7\u00e3o. <\/p>\n\n\n\n<p><img loading=\"lazy\" decoding=\"async\" width=\"1204\" height=\"1600\" class=\"wp-image-928387\" style=\"width: 800px;\" src=\"http:\/\/www.pm.pb.gov.br\/portal\/wp-content\/uploads\/2025\/10\/WhatsApp-Image-2025-10-14-at-12.34.56-PM.jpeg\" alt=\"\" srcset=\"https:\/\/www.pm.pb.gov.br\/portal\/wp-content\/uploads\/2025\/10\/WhatsApp-Image-2025-10-14-at-12.34.56-PM.jpeg 1204w, https:\/\/www.pm.pb.gov.br\/portal\/wp-content\/uploads\/2025\/10\/WhatsApp-Image-2025-10-14-at-12.34.56-PM-335x445.jpeg 335w, https:\/\/www.pm.pb.gov.br\/portal\/wp-content\/uploads\/2025\/10\/WhatsApp-Image-2025-10-14-at-12.34.56-PM-429x570.jpeg 429w, https:\/\/www.pm.pb.gov.br\/portal\/wp-content\/uploads\/2025\/10\/WhatsApp-Image-2025-10-14-at-12.34.56-PM-768x1021.jpeg 768w, https:\/\/www.pm.pb.gov.br\/portal\/wp-content\/uploads\/2025\/10\/WhatsApp-Image-2025-10-14-at-12.34.56-PM-1156x1536.jpeg 1156w\" sizes=\"(max-width: 1204px) 100vw, 1204px\" \/><br><\/p>\n","protected":false},"excerpt":{"rendered":"<p>A Pol\u00edcia Militar da Para\u00edba estar\u00e1 integrando a Opera\u00e7\u00e3o Nacional de Seguran\u00e7a na 30\u00aa Confer\u00eancia das Na\u00e7\u00f5es Unidas sobre Mudan\u00e7a<\/p>\n","protected":false},"author":18,"featured_media":928386,"comment_status":"closed","ping_status":"closed","sticky":false,"template":"","format":"standard","meta":{"_exactmetrics_skip_tracking":false,"_exactmetrics_sitenote_active":false,"_exactmetrics_sitenote_note":"","_exactmetrics_sitenote_category":0,"footnotes":""},"categories":[15],"tags":[],"yoast_head":"<!-- This site is optimized with the Yoast SEO plugin v22.0 - https:\/\/yoast.com\/wordpress\/plugins\/seo\/ -->\n<title>Opera\u00e7\u00e3o de seguran\u00e7a no COP30 ter\u00e1 atua\u00e7\u00e3o do Canil da Pol\u00edcia Militar da Para\u00edba - Pol\u00edcia Militar da Para\u00edba<\/title>\n<meta name=\"robots\" content=\"index, follow, max-snippet:-1, max-image-preview:large, max-video-preview:-1\" \/>\n<link rel=\"canonical\" href=\"https:\/\/www.pm.pb.gov.br\/portal\/2025\/10\/14\/operacao-de-seguranca-no-cop30-tera-atuacao-do-canil-da-policia-militar-da-paraiba\/\" \/>\n<meta property=\"og:locale\" content=\"pt_BR\" \/>\n<meta property=\"og:type\" content=\"article\" \/>\n<meta property=\"og:title\" content=\"Opera\u00e7\u00e3o de seguran\u00e7a no COP30 ter\u00e1 atua\u00e7\u00e3o do Canil da Pol\u00edcia Militar da Para\u00edba - Pol\u00edcia Militar da Para\u00edba\" \/>\n<meta property=\"og:description\" content=\"A Pol\u00edcia Militar da Para\u00edba estar\u00e1 integrando a Opera\u00e7\u00e3o Nacional de Seguran\u00e7a na 30\u00aa Confer\u00eancia das Na\u00e7\u00f5es Unidas sobre Mudan\u00e7a\" \/>\n<meta property=\"og:url\" content=\"https:\/\/www.pm.pb.gov.br\/portal\/2025\/10\/14\/operacao-de-seguranca-no-cop30-tera-atuacao-do-canil-da-policia-militar-da-paraiba\/\" \/>\n<meta property=\"og:site_name\" content=\"Pol\u00edcia Militar da Para\u00edba\" \/>\n<meta property=\"article:published_time\" content=\"2025-10-14T16:13:34+00:00\" \/>\n<meta property=\"article:modified_time\" content=\"2025-10-14T16:19:38+00:00\" \/>\n<meta property=\"og:image\" content=\"http:\/\/www.pm.pb.gov.br\/portal\/wp-content\/uploads\/2025\/10\/WhatsApp-Image-2025-10-14-at-8.17.00-AM.jpeg\" \/>\n\t<meta property=\"og:image:width\" content=\"960\" \/>\n\t<meta property=\"og:image:height\" content=\"1280\" \/>\n\t<meta property=\"og:image:type\" content=\"image\/jpeg\" \/>\n<meta name=\"author\" content=\"Luiz Duarte\" \/>\n<meta name=\"twitter:card\" content=\"summary_large_image\" \/>\n<meta name=\"twitter:label1\" content=\"Escrito por\" \/>\n\t<meta name=\"twitter:data1\" content=\"Luiz Duarte\" \/>\n\t<meta name=\"twitter:label2\" content=\"Est. tempo de leitura\" \/>\n\t<meta name=\"twitter:data2\" content=\"2 minutos\" \/>\n<script type=\"application\/ld+json\" class=\"yoast-schema-graph\">{\"@context\":\"https:\/\/schema.org\",\"@graph\":[{\"@type\":\"Article\",\"@id\":\"https:\/\/www.pm.pb.gov.br\/portal\/2025\/10\/14\/operacao-de-seguranca-no-cop30-tera-atuacao-do-canil-da-policia-militar-da-paraiba\/#article\",\"isPartOf\":{\"@id\":\"https:\/\/www.pm.pb.gov.br\/portal\/2025\/10\/14\/operacao-de-seguranca-no-cop30-tera-atuacao-do-canil-da-policia-militar-da-paraiba\/\"},\"author\":{\"name\":\"Luiz Duarte\",\"@id\":\"https:\/\/www.pm.pb.gov.br\/portal\/#\/schema\/person\/89dd009e2523c97adf8def1d6cf90ca1\"},\"headline\":\"Opera\u00e7\u00e3o de seguran\u00e7a no COP30 ter\u00e1 atua\u00e7\u00e3o do Canil da Pol\u00edcia Militar da Para\u00edba\",\"datePublished\":\"2025-10-14T16:13:34+00:00\",\"dateModified\":\"2025-10-14T16:19:38+00:00\",\"mainEntityOfPage\":{\"@id\":\"https:\/\/www.pm.pb.gov.br\/portal\/2025\/10\/14\/operacao-de-seguranca-no-cop30-tera-atuacao-do-canil-da-policia-militar-da-paraiba\/\"},\"wordCount\":354,\"publisher\":{\"@id\":\"https:\/\/www.pm.pb.gov.br\/portal\/#organization\"},\"articleSection\":[\"Informativo\"],\"inLanguage\":\"pt-BR\"},{\"@type\":\"WebPage\",\"@id\":\"https:\/\/www.pm.pb.gov.br\/portal\/2025\/10\/14\/operacao-de-seguranca-no-cop30-tera-atuacao-do-canil-da-policia-militar-da-paraiba\/\",\"url\":\"https:\/\/www.pm.pb.gov.br\/portal\/2025\/10\/14\/operacao-de-seguranca-no-cop30-tera-atuacao-do-canil-da-policia-militar-da-paraiba\/\",\"name\":\"Opera\u00e7\u00e3o de seguran\u00e7a no COP30 ter\u00e1 atua\u00e7\u00e3o do Canil da Pol\u00edcia Militar da Para\u00edba - Pol\u00edcia Militar da Para\u00edba\",\"isPartOf\":{\"@id\":\"https:\/\/www.pm.pb.gov.br\/portal\/#website\"},\"datePublished\":\"2025-10-14T16:13:34+00:00\",\"dateModified\":\"2025-10-14T16:19:38+00:00\",\"breadcrumb\":{\"@id\":\"https:\/\/www.pm.pb.gov.br\/portal\/2025\/10\/14\/operacao-de-seguranca-no-cop30-tera-atuacao-do-canil-da-policia-militar-da-paraiba\/#breadcrumb\"},\"inLanguage\":\"pt-BR\",\"potentialAction\":[{\"@type\":\"ReadAction\",\"target\":[\"https:\/\/www.pm.pb.gov.br\/portal\/2025\/10\/14\/operacao-de-seguranca-no-cop30-tera-atuacao-do-canil-da-policia-militar-da-paraiba\/\"]}]},{\"@type\":\"BreadcrumbList\",\"@id\":\"https:\/\/www.pm.pb.gov.br\/portal\/2025\/10\/14\/operacao-de-seguranca-no-cop30-tera-atuacao-do-canil-da-policia-militar-da-paraiba\/#breadcrumb\",\"itemListElement\":[{\"@type\":\"ListItem\",\"position\":1,\"name\":\"In\u00edcio\",\"item\":\"https:\/\/www.pm.pb.gov.br\/portal\/\"},{\"@type\":\"ListItem\",\"position\":2,\"name\":\"Opera\u00e7\u00e3o de seguran\u00e7a no COP30 ter\u00e1 atua\u00e7\u00e3o do Canil da Pol\u00edcia Militar da Para\u00edba\"}]},{\"@type\":\"WebSite\",\"@id\":\"https:\/\/www.pm.pb.gov.br\/portal\/#website\",\"url\":\"https:\/\/www.pm.pb.gov.br\/portal\/\",\"name\":\"Pol\u00edcia Militar da Para\u00edba\",\"description\":\"\",\"publisher\":{\"@id\":\"https:\/\/www.pm.pb.gov.br\/portal\/#organization\"},\"potentialAction\":[{\"@type\":\"SearchAction\",\"target\":{\"@type\":\"EntryPoint\",\"urlTemplate\":\"https:\/\/www.pm.pb.gov.br\/portal\/?s={search_term_string}\"},\"query-input\":\"required name=search_term_string\"}],\"inLanguage\":\"pt-BR\"},{\"@type\":\"Organization\",\"@id\":\"https:\/\/www.pm.pb.gov.br\/portal\/#organization\",\"name\":\"Pol\u00edcia Militar da Para\u00edba\",\"url\":\"https:\/\/www.pm.pb.gov.br\/portal\/\",\"logo\":{\"@type\":\"ImageObject\",\"inLanguage\":\"pt-BR\",\"@id\":\"https:\/\/www.pm.pb.gov.br\/portal\/#\/schema\/logo\/image\/\",\"url\":\"https:\/\/www.pm.pb.gov.br\/portal\/wp-content\/uploads\/2025\/03\/cropped-logo-site-mag2-1.png\",\"contentUrl\":\"https:\/\/www.pm.pb.gov.br\/portal\/wp-content\/uploads\/2025\/03\/cropped-logo-site-mag2-1.png\",\"width\":320,\"height\":90,\"caption\":\"Pol\u00edcia Militar da Para\u00edba\"},\"image\":{\"@id\":\"https:\/\/www.pm.pb.gov.br\/portal\/#\/schema\/logo\/image\/\"}},{\"@type\":\"Person\",\"@id\":\"https:\/\/www.pm.pb.gov.br\/portal\/#\/schema\/person\/89dd009e2523c97adf8def1d6cf90ca1\",\"name\":\"Luiz Duarte\",\"image\":{\"@type\":\"ImageObject\",\"inLanguage\":\"pt-BR\",\"@id\":\"https:\/\/www.pm.pb.gov.br\/portal\/#\/schema\/person\/image\/\",\"url\":\"https:\/\/secure.gravatar.com\/avatar\/ce5539b97246ef4d24dd039a3f64145b?s=96&d=mm&r=g\",\"contentUrl\":\"https:\/\/secure.gravatar.com\/avatar\/ce5539b97246ef4d24dd039a3f64145b?s=96&d=mm&r=g\",\"caption\":\"Luiz Duarte\"},\"url\":\"https:\/\/www.pm.pb.gov.br\/portal\/author\/luiz\/\"}]}<\/script>\n<!-- \/ Yoast SEO plugin. -->","yoast_head_json":{"title":"Opera\u00e7\u00e3o de seguran\u00e7a no COP30 ter\u00e1 atua\u00e7\u00e3o do Canil da Pol\u00edcia Militar da Para\u00edba - Pol\u00edcia Militar da Para\u00edba","robots":{"index":"index","follow":"follow","max-snippet":"max-snippet:-1","max-image-preview":"max-image-preview:large","max-video-preview":"max-video-preview:-1"},"canonical":"https:\/\/www.pm.pb.gov.br\/portal\/2025\/10\/14\/operacao-de-seguranca-no-cop30-tera-atuacao-do-canil-da-policia-militar-da-paraiba\/","og_locale":"pt_BR","og_type":"article","og_title":"Opera\u00e7\u00e3o de seguran\u00e7a no COP30 ter\u00e1 atua\u00e7\u00e3o do Canil da Pol\u00edcia Militar da Para\u00edba - Pol\u00edcia Militar da Para\u00edba","og_description":"A Pol\u00edcia Militar da Para\u00edba estar\u00e1 integrando a Opera\u00e7\u00e3o Nacional de Seguran\u00e7a na 30\u00aa Confer\u00eancia das Na\u00e7\u00f5es Unidas sobre Mudan\u00e7a","og_url":"https:\/\/www.pm.pb.gov.br\/portal\/2025\/10\/14\/operacao-de-seguranca-no-cop30-tera-atuacao-do-canil-da-policia-militar-da-paraiba\/","og_site_name":"Pol\u00edcia Militar da Para\u00edba","article_published_time":"2025-10-14T16:13:34+00:00","article_modified_time":"2025-10-14T16:19:38+00:00","og_image":[{"width":960,"height":1280,"url":"http:\/\/www.pm.pb.gov.br\/portal\/wp-content\/uploads\/2025\/10\/WhatsApp-Image-2025-10-14-at-8.17.00-AM.jpeg","type":"image\/jpeg"}],"author":"Luiz Duarte","twitter_card":"summary_large_image","twitter_misc":{"Escrito por":"Luiz Duarte","Est. tempo de leitura":"2 minutos"},"schema":{"@context":"https:\/\/schema.org","@graph":[{"@type":"Article","@id":"https:\/\/www.pm.pb.gov.br\/portal\/2025\/10\/14\/operacao-de-seguranca-no-cop30-tera-atuacao-do-canil-da-policia-militar-da-paraiba\/#article","isPartOf":{"@id":"https:\/\/www.pm.pb.gov.br\/portal\/2025\/10\/14\/operacao-de-seguranca-no-cop30-tera-atuacao-do-canil-da-policia-militar-da-paraiba\/"},"author":{"name":"Luiz Duarte","@id":"https:\/\/www.pm.pb.gov.br\/portal\/#\/schema\/person\/89dd009e2523c97adf8def1d6cf90ca1"},"headline":"Opera\u00e7\u00e3o de seguran\u00e7a no COP30 ter\u00e1 atua\u00e7\u00e3o do Canil da Pol\u00edcia Militar da Para\u00edba","datePublished":"2025-10-14T16:13:34+00:00","dateModified":"2025-10-14T16:19:38+00:00","mainEntityOfPage":{"@id":"https:\/\/www.pm.pb.gov.br\/portal\/2025\/10\/14\/operacao-de-seguranca-no-cop30-tera-atuacao-do-canil-da-policia-militar-da-paraiba\/"},"wordCount":354,"publisher":{"@id":"https:\/\/www.pm.pb.gov.br\/portal\/#organization"},"articleSection":["Informativo"],"inLanguage":"pt-BR"},{"@type":"WebPage","@id":"https:\/\/www.pm.pb.gov.br\/portal\/2025\/10\/14\/operacao-de-seguranca-no-cop30-tera-atuacao-do-canil-da-policia-militar-da-paraiba\/","url":"https:\/\/www.pm.pb.gov.br\/portal\/2025\/10\/14\/operacao-de-seguranca-no-cop30-tera-atuacao-do-canil-da-policia-militar-da-paraiba\/","name":"Opera\u00e7\u00e3o de seguran\u00e7a no COP30 ter\u00e1 atua\u00e7\u00e3o do Canil da Pol\u00edcia Militar da Para\u00edba - Pol\u00edcia Militar da Para\u00edba","isPartOf":{"@id":"https:\/\/www.pm.pb.gov.br\/portal\/#website"},"datePublished":"2025-10-14T16:13:34+00:00","dateModified":"2025-10-14T16:19:38+00:00","breadcrumb":{"@id":"https:\/\/www.pm.pb.gov.br\/portal\/2025\/10\/14\/operacao-de-seguranca-no-cop30-tera-atuacao-do-canil-da-policia-militar-da-paraiba\/#breadcrumb"},"inLanguage":"pt-BR","potentialAction":[{"@type":"ReadAction","target":["https:\/\/www.pm.pb.gov.br\/portal\/2025\/10\/14\/operacao-de-seguranca-no-cop30-tera-atuacao-do-canil-da-policia-militar-da-paraiba\/"]}]},{"@type":"BreadcrumbList","@id":"https:\/\/www.pm.pb.gov.br\/portal\/2025\/10\/14\/operacao-de-seguranca-no-cop30-tera-atuacao-do-canil-da-policia-militar-da-paraiba\/#breadcrumb","itemListElement":[{"@type":"ListItem","position":1,"name":"In\u00edcio","item":"https:\/\/www.pm.pb.gov.br\/portal\/"},{"@type":"ListItem","position":2,"name":"Opera\u00e7\u00e3o de seguran\u00e7a no COP30 ter\u00e1 atua\u00e7\u00e3o do Canil da Pol\u00edcia Militar da Para\u00edba"}]},{"@type":"WebSite","@id":"https:\/\/www.pm.pb.gov.br\/portal\/#website","url":"https:\/\/www.pm.pb.gov.br\/portal\/","name":"Pol\u00edcia Militar da Para\u00edba","description":"","publisher":{"@id":"https:\/\/www.pm.pb.gov.br\/portal\/#organization"},"potentialAction":[{"@type":"SearchAction","target":{"@type":"EntryPoint","urlTemplate":"https:\/\/www.pm.pb.gov.br\/portal\/?s={search_term_string}"},"query-input":"required name=search_term_string"}],"inLanguage":"pt-BR"},{"@type":"Organization","@id":"https:\/\/www.pm.pb.gov.br\/portal\/#organization","name":"Pol\u00edcia Militar da Para\u00edba","url":"https:\/\/www.pm.pb.gov.br\/portal\/","logo":{"@type":"ImageObject","inLanguage":"pt-BR","@id":"https:\/\/www.pm.pb.gov.br\/portal\/#\/schema\/logo\/image\/","url":"https:\/\/www.pm.pb.gov.br\/portal\/wp-content\/uploads\/2025\/03\/cropped-logo-site-mag2-1.png","contentUrl":"https:\/\/www.pm.pb.gov.br\/portal\/wp-content\/uploads\/2025\/03\/cropped-logo-site-mag2-1.png","width":320,"height":90,"caption":"Pol\u00edcia Militar da Para\u00edba"},"image":{"@id":"https:\/\/www.pm.pb.gov.br\/portal\/#\/schema\/logo\/image\/"}},{"@type":"Person","@id":"https:\/\/www.pm.pb.gov.br\/portal\/#\/schema\/person\/89dd009e2523c97adf8def1d6cf90ca1","name":"Luiz Duarte","image":{"@type":"ImageObject","inLanguage":"pt-BR","@id":"https:\/\/www.pm.pb.gov.br\/portal\/#\/schema\/person\/image\/","url":"https:\/\/secure.gravatar.com\/avatar\/ce5539b97246ef4d24dd039a3f64145b?s=96&d=mm&r=g","contentUrl":"https:\/\/secure.gravatar.com\/avatar\/ce5539b97246ef4d24dd039a3f64145b?s=96&d=mm&r=g","caption":"Luiz Duarte"},"url":"https:\/\/www.pm.pb.gov.br\/portal\/author\/luiz\/"}]}},"_links":{"self":[{"href":"https:\/\/www.pm.pb.gov.br\/portal\/wp-json\/wp\/v2\/posts\/928382"}],"collection":[{"href":"https:\/\/www.pm.pb.gov.br\/portal\/wp-json\/wp\/v2\/posts"}],"about":[{"href":"https:\/\/www.pm.pb.gov.br\/portal\/wp-json\/wp\/v2\/types\/post"}],"author":[{"embeddable":true,"href":"https:\/\/www.pm.pb.gov.br\/portal\/wp-json\/wp\/v2\/users\/18"}],"replies":[{"embeddable":true,"href":"https:\/\/www.pm.pb.gov.br\/portal\/wp-json\/wp\/v2\/comments?post=928382"}],"version-history":[{"count":2,"href":"https:\/\/www.pm.pb.gov.br\/portal\/wp-json\/wp\/v2\/posts\/928382\/revisions"}],"predecessor-version":[{"id":928388,"href":"https:\/\/www.pm.pb.gov.br\/portal\/wp-json\/wp\/v2\/posts\/928382\/revisions\/928388"}],"wp:featuredmedia":[{"embeddable":true,"href":"https:\/\/www.pm.pb.gov.br\/portal\/wp-json\/wp\/v2\/media\/928386"}],"wp:attachment":[{"href":"https:\/\/www.pm.pb.gov.br\/portal\/wp-json\/wp\/v2\/media?parent=928382"}],"wp:term":[{"taxonomy":"category","embeddable":true,"href":"https:\/\/www.pm.pb.gov.br\/portal\/wp-json\/wp\/v2\/categories?post=928382"},{"taxonomy":"post_tag","embeddable":true,"href":"https:\/\/www.pm.pb.gov.br\/portal\/wp-json\/wp\/v2\/tags?post=928382"}],"curies":[{"name":"wp","href":"https:\/\/api.w.org\/{rel}","templated":true}]}}