{"id":928355,"date":"2025-10-12T08:29:00","date_gmt":"2025-10-12T11:29:00","guid":{"rendered":"https:\/\/www.pm.pb.gov.br\/portal\/?p=928355"},"modified":"2025-10-12T11:36:11","modified_gmt":"2025-10-12T14:36:11","slug":"pm-frustra-ataque-de-faccao-apreende-quatro-armas-de-fogo-e-cerca-de-160-municoes-em-bayeux","status":"publish","type":"post","link":"https:\/\/www.pm.pb.gov.br\/portal\/2025\/10\/12\/pm-frustra-ataque-de-faccao-apreende-quatro-armas-de-fogo-e-cerca-de-160-municoes-em-bayeux\/","title":{"rendered":"PM frustra ataque de fac\u00e7\u00e3o, apreende quatro armas de fogo e cerca de 160 muni\u00e7\u00f5es em Bayeux"},"content":{"rendered":"\n<p>A Pol\u00edcia Militar frustrou uma fac\u00e7\u00e3o criminosa e impediu um ataque em uma comunidade, na noite do \u00faltimo s\u00e1bado (11), em Bayeux. Quatro armas de fogo foram apreendidas e quatro acusados presos.<\/p>\n<p>Policiais do 19\u00b0 Batalh\u00e3o j\u00e1 refor\u00e7am as a\u00e7\u00f5es preventivas na regi\u00e3o do M\u00e1rio Andreazza, quando se depararam com criminosos armados que atiraram contra as guarni\u00e7\u00f5es. Em um cerco montado pela PM, quatro acusados foram presos, sendo tr\u00eas adolescentes apreendidos. Quatro armas de fogo tamb\u00e9m apreendidas, sendo duas espingardas e duas pistolas, al\u00e9m de cerca de 160 muni\u00e7\u00f5es de diversos calibres, e por\u00e7\u00f5es de drogas (foto acima).<\/p>\n<p>&#8220;Essa \u00e9 mais uma resposta que a Pol\u00edcia Militar atrav\u00e9s do 19\u00b0 BPM d\u00e1 a sociedade, retirando esses criminosos da rua, e que vinham prejudicando a popula\u00e7\u00e3o. Temos ainda informa\u00e7\u00f5es que o grupo se preparava para atacar criminosos rivais no Jardim Aeroporto, amedrontando tamb\u00e9m a popula\u00e7\u00e3o local, algo que foi frustrado pelas nossas guarni\u00e7\u00f5es e apoio de outras unidades operacionais&#8221; explicou o major Mailson, comandante do Batalh\u00e3o.<\/p>\n<p>S\u00f3 nesta semana, j\u00e1 s\u00e3o sete armas apreendidas em Bayeux, e 10 ve\u00edculos roubados que foram recuperados. O comandante refor\u00e7ou que novas a\u00e7\u00f5es preventivas e qualificadas contra grupos criminosos devem ocorrer.<\/p>\n\n\n","protected":false},"excerpt":{"rendered":"<p>A Pol\u00edcia Militar frustrou uma fac\u00e7\u00e3o criminosa e impediu um ataque em uma comunidade, na noite do \u00faltimo s\u00e1bado (11),<\/p>\n","protected":false},"author":12,"featured_media":928356,"comment_status":"closed","ping_status":"closed","sticky":false,"template":"","format":"standard","meta":{"_exactmetrics_skip_tracking":false,"_exactmetrics_sitenote_active":false,"_exactmetrics_sitenote_note":"","_exactmetrics_sitenote_category":0,"footnotes":""},"categories":[4],"tags":[],"yoast_head":"<!-- This site is optimized with the Yoast SEO plugin v22.0 - https:\/\/yoast.com\/wordpress\/plugins\/seo\/ -->\n<title>PM frustra ataque de fac\u00e7\u00e3o, apreende quatro armas de fogo e cerca de 160 muni\u00e7\u00f5es em Bayeux - Pol\u00edcia Militar da Para\u00edba<\/title>\n<meta name=\"robots\" content=\"index, follow, max-snippet:-1, max-image-preview:large, max-video-preview:-1\" \/>\n<link rel=\"canonical\" href=\"https:\/\/www.pm.pb.gov.br\/portal\/2025\/10\/12\/pm-frustra-ataque-de-faccao-apreende-quatro-armas-de-fogo-e-cerca-de-160-municoes-em-bayeux\/\" \/>\n<meta property=\"og:locale\" content=\"pt_BR\" \/>\n<meta property=\"og:type\" content=\"article\" \/>\n<meta property=\"og:title\" content=\"PM frustra ataque de fac\u00e7\u00e3o, apreende quatro armas de fogo e cerca de 160 muni\u00e7\u00f5es em Bayeux - Pol\u00edcia Militar da Para\u00edba\" \/>\n<meta property=\"og:description\" content=\"A Pol\u00edcia Militar frustrou uma fac\u00e7\u00e3o criminosa e impediu um ataque em uma comunidade, na noite do \u00faltimo s\u00e1bado (11),\" \/>\n<meta property=\"og:url\" content=\"https:\/\/www.pm.pb.gov.br\/portal\/2025\/10\/12\/pm-frustra-ataque-de-faccao-apreende-quatro-armas-de-fogo-e-cerca-de-160-municoes-em-bayeux\/\" \/>\n<meta property=\"og:site_name\" content=\"Pol\u00edcia Militar da Para\u00edba\" \/>\n<meta property=\"article:published_time\" content=\"2025-10-12T11:29:00+00:00\" \/>\n<meta property=\"article:modified_time\" content=\"2025-10-12T14:36:11+00:00\" \/>\n<meta property=\"og:image\" content=\"http:\/\/www.pm.pb.gov.br\/portal\/wp-content\/uploads\/2025\/10\/WhatsApp-Image-2025-10-12-at-10.11.57.jpeg\" \/>\n\t<meta property=\"og:image:width\" content=\"1040\" \/>\n\t<meta property=\"og:image:height\" content=\"617\" \/>\n\t<meta property=\"og:image:type\" content=\"image\/jpeg\" \/>\n<meta name=\"author\" content=\"Tarcisio Oliveira\" \/>\n<meta name=\"twitter:card\" content=\"summary_large_image\" \/>\n<meta name=\"twitter:label1\" content=\"Escrito por\" \/>\n\t<meta name=\"twitter:data1\" content=\"Tarcisio Oliveira\" \/>\n\t<meta name=\"twitter:label2\" content=\"Est. tempo de leitura\" \/>\n\t<meta name=\"twitter:data2\" content=\"2 minutos\" \/>\n<script type=\"application\/ld+json\" class=\"yoast-schema-graph\">{\"@context\":\"https:\/\/schema.org\",\"@graph\":[{\"@type\":\"Article\",\"@id\":\"https:\/\/www.pm.pb.gov.br\/portal\/2025\/10\/12\/pm-frustra-ataque-de-faccao-apreende-quatro-armas-de-fogo-e-cerca-de-160-municoes-em-bayeux\/#article\",\"isPartOf\":{\"@id\":\"https:\/\/www.pm.pb.gov.br\/portal\/2025\/10\/12\/pm-frustra-ataque-de-faccao-apreende-quatro-armas-de-fogo-e-cerca-de-160-municoes-em-bayeux\/\"},\"author\":{\"name\":\"Tarcisio Oliveira\",\"@id\":\"https:\/\/www.pm.pb.gov.br\/portal\/#\/schema\/person\/f84f56dcc78ce4357054da888b8247fd\"},\"headline\":\"PM frustra ataque de fac\u00e7\u00e3o, apreende quatro armas de fogo e cerca de 160 muni\u00e7\u00f5es em Bayeux\",\"datePublished\":\"2025-10-12T11:29:00+00:00\",\"dateModified\":\"2025-10-12T14:36:11+00:00\",\"mainEntityOfPage\":{\"@id\":\"https:\/\/www.pm.pb.gov.br\/portal\/2025\/10\/12\/pm-frustra-ataque-de-faccao-apreende-quatro-armas-de-fogo-e-cerca-de-160-municoes-em-bayeux\/\"},\"wordCount\":234,\"publisher\":{\"@id\":\"https:\/\/www.pm.pb.gov.br\/portal\/#organization\"},\"articleSection\":[\"A\u00e7\u00f5es Policiais\"],\"inLanguage\":\"pt-BR\"},{\"@type\":\"WebPage\",\"@id\":\"https:\/\/www.pm.pb.gov.br\/portal\/2025\/10\/12\/pm-frustra-ataque-de-faccao-apreende-quatro-armas-de-fogo-e-cerca-de-160-municoes-em-bayeux\/\",\"url\":\"https:\/\/www.pm.pb.gov.br\/portal\/2025\/10\/12\/pm-frustra-ataque-de-faccao-apreende-quatro-armas-de-fogo-e-cerca-de-160-municoes-em-bayeux\/\",\"name\":\"PM frustra ataque de fac\u00e7\u00e3o, apreende quatro armas de fogo e cerca de 160 muni\u00e7\u00f5es em Bayeux - Pol\u00edcia Militar da Para\u00edba\",\"isPartOf\":{\"@id\":\"https:\/\/www.pm.pb.gov.br\/portal\/#website\"},\"datePublished\":\"2025-10-12T11:29:00+00:00\",\"dateModified\":\"2025-10-12T14:36:11+00:00\",\"breadcrumb\":{\"@id\":\"https:\/\/www.pm.pb.gov.br\/portal\/2025\/10\/12\/pm-frustra-ataque-de-faccao-apreende-quatro-armas-de-fogo-e-cerca-de-160-municoes-em-bayeux\/#breadcrumb\"},\"inLanguage\":\"pt-BR\",\"potentialAction\":[{\"@type\":\"ReadAction\",\"target\":[\"https:\/\/www.pm.pb.gov.br\/portal\/2025\/10\/12\/pm-frustra-ataque-de-faccao-apreende-quatro-armas-de-fogo-e-cerca-de-160-municoes-em-bayeux\/\"]}]},{\"@type\":\"BreadcrumbList\",\"@id\":\"https:\/\/www.pm.pb.gov.br\/portal\/2025\/10\/12\/pm-frustra-ataque-de-faccao-apreende-quatro-armas-de-fogo-e-cerca-de-160-municoes-em-bayeux\/#breadcrumb\",\"itemListElement\":[{\"@type\":\"ListItem\",\"position\":1,\"name\":\"In\u00edcio\",\"item\":\"https:\/\/www.pm.pb.gov.br\/portal\/\"},{\"@type\":\"ListItem\",\"position\":2,\"name\":\"PM frustra ataque de fac\u00e7\u00e3o, apreende quatro armas de fogo e cerca de 160 muni\u00e7\u00f5es em Bayeux\"}]},{\"@type\":\"WebSite\",\"@id\":\"https:\/\/www.pm.pb.gov.br\/portal\/#website\",\"url\":\"https:\/\/www.pm.pb.gov.br\/portal\/\",\"name\":\"Pol\u00edcia Militar da Para\u00edba\",\"description\":\"\",\"publisher\":{\"@id\":\"https:\/\/www.pm.pb.gov.br\/portal\/#organization\"},\"potentialAction\":[{\"@type\":\"SearchAction\",\"target\":{\"@type\":\"EntryPoint\",\"urlTemplate\":\"https:\/\/www.pm.pb.gov.br\/portal\/?s={search_term_string}\"},\"query-input\":\"required name=search_term_string\"}],\"inLanguage\":\"pt-BR\"},{\"@type\":\"Organization\",\"@id\":\"https:\/\/www.pm.pb.gov.br\/portal\/#organization\",\"name\":\"Pol\u00edcia Militar da Para\u00edba\",\"url\":\"https:\/\/www.pm.pb.gov.br\/portal\/\",\"logo\":{\"@type\":\"ImageObject\",\"inLanguage\":\"pt-BR\",\"@id\":\"https:\/\/www.pm.pb.gov.br\/portal\/#\/schema\/logo\/image\/\",\"url\":\"https:\/\/www.pm.pb.gov.br\/portal\/wp-content\/uploads\/2025\/03\/cropped-logo-site-mag2-1.png\",\"contentUrl\":\"https:\/\/www.pm.pb.gov.br\/portal\/wp-content\/uploads\/2025\/03\/cropped-logo-site-mag2-1.png\",\"width\":320,\"height\":90,\"caption\":\"Pol\u00edcia Militar da Para\u00edba\"},\"image\":{\"@id\":\"https:\/\/www.pm.pb.gov.br\/portal\/#\/schema\/logo\/image\/\"}},{\"@type\":\"Person\",\"@id\":\"https:\/\/www.pm.pb.gov.br\/portal\/#\/schema\/person\/f84f56dcc78ce4357054da888b8247fd\",\"name\":\"Tarcisio Oliveira\",\"image\":{\"@type\":\"ImageObject\",\"inLanguage\":\"pt-BR\",\"@id\":\"https:\/\/www.pm.pb.gov.br\/portal\/#\/schema\/person\/image\/\",\"url\":\"https:\/\/secure.gravatar.com\/avatar\/72917b630b69d31cd0297507f34bac97?s=96&d=mm&r=g\",\"contentUrl\":\"https:\/\/secure.gravatar.com\/avatar\/72917b630b69d31cd0297507f34bac97?s=96&d=mm&r=g\",\"caption\":\"Tarcisio Oliveira\"},\"url\":\"https:\/\/www.pm.pb.gov.br\/portal\/author\/tarcisio\/\"}]}<\/script>\n<!-- \/ Yoast SEO plugin. -->","yoast_head_json":{"title":"PM frustra ataque de fac\u00e7\u00e3o, apreende quatro armas de fogo e cerca de 160 muni\u00e7\u00f5es em Bayeux - Pol\u00edcia Militar da Para\u00edba","robots":{"index":"index","follow":"follow","max-snippet":"max-snippet:-1","max-image-preview":"max-image-preview:large","max-video-preview":"max-video-preview:-1"},"canonical":"https:\/\/www.pm.pb.gov.br\/portal\/2025\/10\/12\/pm-frustra-ataque-de-faccao-apreende-quatro-armas-de-fogo-e-cerca-de-160-municoes-em-bayeux\/","og_locale":"pt_BR","og_type":"article","og_title":"PM frustra ataque de fac\u00e7\u00e3o, apreende quatro armas de fogo e cerca de 160 muni\u00e7\u00f5es em Bayeux - Pol\u00edcia Militar da Para\u00edba","og_description":"A Pol\u00edcia Militar frustrou uma fac\u00e7\u00e3o criminosa e impediu um ataque em uma comunidade, na noite do \u00faltimo s\u00e1bado (11),","og_url":"https:\/\/www.pm.pb.gov.br\/portal\/2025\/10\/12\/pm-frustra-ataque-de-faccao-apreende-quatro-armas-de-fogo-e-cerca-de-160-municoes-em-bayeux\/","og_site_name":"Pol\u00edcia Militar da Para\u00edba","article_published_time":"2025-10-12T11:29:00+00:00","article_modified_time":"2025-10-12T14:36:11+00:00","og_image":[{"width":1040,"height":617,"url":"http:\/\/www.pm.pb.gov.br\/portal\/wp-content\/uploads\/2025\/10\/WhatsApp-Image-2025-10-12-at-10.11.57.jpeg","type":"image\/jpeg"}],"author":"Tarcisio Oliveira","twitter_card":"summary_large_image","twitter_misc":{"Escrito por":"Tarcisio Oliveira","Est. tempo de leitura":"2 minutos"},"schema":{"@context":"https:\/\/schema.org","@graph":[{"@type":"Article","@id":"https:\/\/www.pm.pb.gov.br\/portal\/2025\/10\/12\/pm-frustra-ataque-de-faccao-apreende-quatro-armas-de-fogo-e-cerca-de-160-municoes-em-bayeux\/#article","isPartOf":{"@id":"https:\/\/www.pm.pb.gov.br\/portal\/2025\/10\/12\/pm-frustra-ataque-de-faccao-apreende-quatro-armas-de-fogo-e-cerca-de-160-municoes-em-bayeux\/"},"author":{"name":"Tarcisio Oliveira","@id":"https:\/\/www.pm.pb.gov.br\/portal\/#\/schema\/person\/f84f56dcc78ce4357054da888b8247fd"},"headline":"PM frustra ataque de fac\u00e7\u00e3o, apreende quatro armas de fogo e cerca de 160 muni\u00e7\u00f5es em Bayeux","datePublished":"2025-10-12T11:29:00+00:00","dateModified":"2025-10-12T14:36:11+00:00","mainEntityOfPage":{"@id":"https:\/\/www.pm.pb.gov.br\/portal\/2025\/10\/12\/pm-frustra-ataque-de-faccao-apreende-quatro-armas-de-fogo-e-cerca-de-160-municoes-em-bayeux\/"},"wordCount":234,"publisher":{"@id":"https:\/\/www.pm.pb.gov.br\/portal\/#organization"},"articleSection":["A\u00e7\u00f5es Policiais"],"inLanguage":"pt-BR"},{"@type":"WebPage","@id":"https:\/\/www.pm.pb.gov.br\/portal\/2025\/10\/12\/pm-frustra-ataque-de-faccao-apreende-quatro-armas-de-fogo-e-cerca-de-160-municoes-em-bayeux\/","url":"https:\/\/www.pm.pb.gov.br\/portal\/2025\/10\/12\/pm-frustra-ataque-de-faccao-apreende-quatro-armas-de-fogo-e-cerca-de-160-municoes-em-bayeux\/","name":"PM frustra ataque de fac\u00e7\u00e3o, apreende quatro armas de fogo e cerca de 160 muni\u00e7\u00f5es em Bayeux - Pol\u00edcia Militar da Para\u00edba","isPartOf":{"@id":"https:\/\/www.pm.pb.gov.br\/portal\/#website"},"datePublished":"2025-10-12T11:29:00+00:00","dateModified":"2025-10-12T14:36:11+00:00","breadcrumb":{"@id":"https:\/\/www.pm.pb.gov.br\/portal\/2025\/10\/12\/pm-frustra-ataque-de-faccao-apreende-quatro-armas-de-fogo-e-cerca-de-160-municoes-em-bayeux\/#breadcrumb"},"inLanguage":"pt-BR","potentialAction":[{"@type":"ReadAction","target":["https:\/\/www.pm.pb.gov.br\/portal\/2025\/10\/12\/pm-frustra-ataque-de-faccao-apreende-quatro-armas-de-fogo-e-cerca-de-160-municoes-em-bayeux\/"]}]},{"@type":"BreadcrumbList","@id":"https:\/\/www.pm.pb.gov.br\/portal\/2025\/10\/12\/pm-frustra-ataque-de-faccao-apreende-quatro-armas-de-fogo-e-cerca-de-160-municoes-em-bayeux\/#breadcrumb","itemListElement":[{"@type":"ListItem","position":1,"name":"In\u00edcio","item":"https:\/\/www.pm.pb.gov.br\/portal\/"},{"@type":"ListItem","position":2,"name":"PM frustra ataque de fac\u00e7\u00e3o, apreende quatro armas de fogo e cerca de 160 muni\u00e7\u00f5es em Bayeux"}]},{"@type":"WebSite","@id":"https:\/\/www.pm.pb.gov.br\/portal\/#website","url":"https:\/\/www.pm.pb.gov.br\/portal\/","name":"Pol\u00edcia Militar da Para\u00edba","description":"","publisher":{"@id":"https:\/\/www.pm.pb.gov.br\/portal\/#organization"},"potentialAction":[{"@type":"SearchAction","target":{"@type":"EntryPoint","urlTemplate":"https:\/\/www.pm.pb.gov.br\/portal\/?s={search_term_string}"},"query-input":"required name=search_term_string"}],"inLanguage":"pt-BR"},{"@type":"Organization","@id":"https:\/\/www.pm.pb.gov.br\/portal\/#organization","name":"Pol\u00edcia Militar da Para\u00edba","url":"https:\/\/www.pm.pb.gov.br\/portal\/","logo":{"@type":"ImageObject","inLanguage":"pt-BR","@id":"https:\/\/www.pm.pb.gov.br\/portal\/#\/schema\/logo\/image\/","url":"https:\/\/www.pm.pb.gov.br\/portal\/wp-content\/uploads\/2025\/03\/cropped-logo-site-mag2-1.png","contentUrl":"https:\/\/www.pm.pb.gov.br\/portal\/wp-content\/uploads\/2025\/03\/cropped-logo-site-mag2-1.png","width":320,"height":90,"caption":"Pol\u00edcia Militar da Para\u00edba"},"image":{"@id":"https:\/\/www.pm.pb.gov.br\/portal\/#\/schema\/logo\/image\/"}},{"@type":"Person","@id":"https:\/\/www.pm.pb.gov.br\/portal\/#\/schema\/person\/f84f56dcc78ce4357054da888b8247fd","name":"Tarcisio Oliveira","image":{"@type":"ImageObject","inLanguage":"pt-BR","@id":"https:\/\/www.pm.pb.gov.br\/portal\/#\/schema\/person\/image\/","url":"https:\/\/secure.gravatar.com\/avatar\/72917b630b69d31cd0297507f34bac97?s=96&d=mm&r=g","contentUrl":"https:\/\/secure.gravatar.com\/avatar\/72917b630b69d31cd0297507f34bac97?s=96&d=mm&r=g","caption":"Tarcisio Oliveira"},"url":"https:\/\/www.pm.pb.gov.br\/portal\/author\/tarcisio\/"}]}},"_links":{"self":[{"href":"https:\/\/www.pm.pb.gov.br\/portal\/wp-json\/wp\/v2\/posts\/928355"}],"collection":[{"href":"https:\/\/www.pm.pb.gov.br\/portal\/wp-json\/wp\/v2\/posts"}],"about":[{"href":"https:\/\/www.pm.pb.gov.br\/portal\/wp-json\/wp\/v2\/types\/post"}],"author":[{"embeddable":true,"href":"https:\/\/www.pm.pb.gov.br\/portal\/wp-json\/wp\/v2\/users\/12"}],"replies":[{"embeddable":true,"href":"https:\/\/www.pm.pb.gov.br\/portal\/wp-json\/wp\/v2\/comments?post=928355"}],"version-history":[{"count":2,"href":"https:\/\/www.pm.pb.gov.br\/portal\/wp-json\/wp\/v2\/posts\/928355\/revisions"}],"predecessor-version":[{"id":928358,"href":"https:\/\/www.pm.pb.gov.br\/portal\/wp-json\/wp\/v2\/posts\/928355\/revisions\/928358"}],"wp:featuredmedia":[{"embeddable":true,"href":"https:\/\/www.pm.pb.gov.br\/portal\/wp-json\/wp\/v2\/media\/928356"}],"wp:attachment":[{"href":"https:\/\/www.pm.pb.gov.br\/portal\/wp-json\/wp\/v2\/media?parent=928355"}],"wp:term":[{"taxonomy":"category","embeddable":true,"href":"https:\/\/www.pm.pb.gov.br\/portal\/wp-json\/wp\/v2\/categories?post=928355"},{"taxonomy":"post_tag","embeddable":true,"href":"https:\/\/www.pm.pb.gov.br\/portal\/wp-json\/wp\/v2\/tags?post=928355"}],"curies":[{"name":"wp","href":"https:\/\/api.w.org\/{rel}","templated":true}]}}