{"id":928336,"date":"2025-10-14T12:50:22","date_gmt":"2025-10-14T15:50:22","guid":{"rendered":"https:\/\/www.pm.pb.gov.br\/portal\/?p=928336"},"modified":"2025-10-14T12:50:24","modified_gmt":"2025-10-14T15:50:24","slug":"suspeito-que-responde-em-liberdade-por-homicidio-e-flagrado-atuando-no-trafico-em-campina-grande","status":"publish","type":"post","link":"https:\/\/www.pm.pb.gov.br\/portal\/2025\/10\/14\/suspeito-que-responde-em-liberdade-por-homicidio-e-flagrado-atuando-no-trafico-em-campina-grande\/","title":{"rendered":"Suspeito que responde em liberdade por homic\u00eddio \u00e9 flagrado atuando no tr\u00e1fico em Campina Grande"},"content":{"rendered":"Um homem de 29 anos que responde em liberdade por tentativa de homic\u00eddio foi flagrado, nessa segunda-feira (13), atuando no tr\u00e1fico de drogas, no bairro Rosa Cruz, na cidade de Campina Grande. Na a\u00e7\u00e3o, foram apreendidas drogas dos tipos coca\u00edna e crack, balan\u00e7a de precis\u00e3o, celulares que possivelmente foram trocados por entorpecentes, dinheiro e dez muni\u00e7\u00f5es deflagradas.<br \/><br \/>O acusado foi preso pelos policiais do 2\u00ba Pelot\u00e3o do Regimento de Opera\u00e7\u00f5es T\u00e1ticas com Apoio de Motocicletas (ROTAM), que realizavam uma a\u00e7\u00e3o de combate ao tr\u00e1fico de drogas na regi\u00e3o. Ele foi apresentado na Cidade da Pol\u00edcia Civil, em Campina Grande.","protected":false},"excerpt":{"rendered":"<p>Um homem de 29 anos que responde em liberdade por tentativa de homic\u00eddio foi flagrado, nessa segunda-feira (13), atuando no<\/p>\n","protected":false},"author":18,"featured_media":928374,"comment_status":"closed","ping_status":"closed","sticky":false,"template":"","format":"standard","meta":{"_exactmetrics_skip_tracking":false,"_exactmetrics_sitenote_active":false,"_exactmetrics_sitenote_note":"","_exactmetrics_sitenote_category":0,"footnotes":""},"categories":[4],"tags":[],"yoast_head":"<!-- This site is optimized with the Yoast SEO plugin v22.0 - https:\/\/yoast.com\/wordpress\/plugins\/seo\/ -->\n<title>Suspeito que responde em liberdade por homic\u00eddio \u00e9 flagrado atuando no tr\u00e1fico em Campina Grande - Pol\u00edcia Militar da Para\u00edba<\/title>\n<meta name=\"robots\" content=\"index, follow, max-snippet:-1, max-image-preview:large, max-video-preview:-1\" \/>\n<link rel=\"canonical\" href=\"https:\/\/www.pm.pb.gov.br\/portal\/2025\/10\/14\/suspeito-que-responde-em-liberdade-por-homicidio-e-flagrado-atuando-no-trafico-em-campina-grande\/\" \/>\n<meta property=\"og:locale\" content=\"pt_BR\" \/>\n<meta property=\"og:type\" content=\"article\" \/>\n<meta property=\"og:title\" content=\"Suspeito que responde em liberdade por homic\u00eddio \u00e9 flagrado atuando no tr\u00e1fico em Campina Grande - Pol\u00edcia Militar da Para\u00edba\" \/>\n<meta property=\"og:description\" content=\"Um homem de 29 anos que responde em liberdade por tentativa de homic\u00eddio foi flagrado, nessa segunda-feira (13), atuando no\" \/>\n<meta property=\"og:url\" content=\"https:\/\/www.pm.pb.gov.br\/portal\/2025\/10\/14\/suspeito-que-responde-em-liberdade-por-homicidio-e-flagrado-atuando-no-trafico-em-campina-grande\/\" \/>\n<meta property=\"og:site_name\" content=\"Pol\u00edcia Militar da Para\u00edba\" \/>\n<meta property=\"article:published_time\" content=\"2025-10-14T15:50:22+00:00\" \/>\n<meta property=\"article:modified_time\" content=\"2025-10-14T15:50:24+00:00\" \/>\n<meta property=\"og:image\" content=\"http:\/\/www.pm.pb.gov.br\/portal\/wp-content\/uploads\/2025\/10\/WhatsApp-Image-2025-10-13-at-9.43.52-PM.jpeg\" \/>\n\t<meta property=\"og:image:width\" content=\"1600\" \/>\n\t<meta property=\"og:image:height\" content=\"1412\" \/>\n\t<meta property=\"og:image:type\" content=\"image\/jpeg\" \/>\n<meta name=\"author\" content=\"Luiz Duarte\" \/>\n<meta name=\"twitter:card\" content=\"summary_large_image\" \/>\n<meta name=\"twitter:label1\" content=\"Escrito por\" \/>\n\t<meta name=\"twitter:data1\" content=\"Luiz Duarte\" \/>\n\t<meta name=\"twitter:label2\" content=\"Est. tempo de leitura\" \/>\n\t<meta name=\"twitter:data2\" content=\"1 minuto\" \/>\n<script type=\"application\/ld+json\" class=\"yoast-schema-graph\">{\"@context\":\"https:\/\/schema.org\",\"@graph\":[{\"@type\":\"Article\",\"@id\":\"https:\/\/www.pm.pb.gov.br\/portal\/2025\/10\/14\/suspeito-que-responde-em-liberdade-por-homicidio-e-flagrado-atuando-no-trafico-em-campina-grande\/#article\",\"isPartOf\":{\"@id\":\"https:\/\/www.pm.pb.gov.br\/portal\/2025\/10\/14\/suspeito-que-responde-em-liberdade-por-homicidio-e-flagrado-atuando-no-trafico-em-campina-grande\/\"},\"author\":{\"name\":\"Luiz Duarte\",\"@id\":\"https:\/\/www.pm.pb.gov.br\/portal\/#\/schema\/person\/89dd009e2523c97adf8def1d6cf90ca1\"},\"headline\":\"Suspeito que responde em liberdade por homic\u00eddio \u00e9 flagrado atuando no tr\u00e1fico em Campina Grande\",\"datePublished\":\"2025-10-14T15:50:22+00:00\",\"dateModified\":\"2025-10-14T15:50:24+00:00\",\"mainEntityOfPage\":{\"@id\":\"https:\/\/www.pm.pb.gov.br\/portal\/2025\/10\/14\/suspeito-que-responde-em-liberdade-por-homicidio-e-flagrado-atuando-no-trafico-em-campina-grande\/\"},\"wordCount\":126,\"publisher\":{\"@id\":\"https:\/\/www.pm.pb.gov.br\/portal\/#organization\"},\"articleSection\":[\"A\u00e7\u00f5es Policiais\"],\"inLanguage\":\"pt-BR\"},{\"@type\":\"WebPage\",\"@id\":\"https:\/\/www.pm.pb.gov.br\/portal\/2025\/10\/14\/suspeito-que-responde-em-liberdade-por-homicidio-e-flagrado-atuando-no-trafico-em-campina-grande\/\",\"url\":\"https:\/\/www.pm.pb.gov.br\/portal\/2025\/10\/14\/suspeito-que-responde-em-liberdade-por-homicidio-e-flagrado-atuando-no-trafico-em-campina-grande\/\",\"name\":\"Suspeito que responde em liberdade por homic\u00eddio \u00e9 flagrado atuando no tr\u00e1fico em Campina Grande - Pol\u00edcia Militar da Para\u00edba\",\"isPartOf\":{\"@id\":\"https:\/\/www.pm.pb.gov.br\/portal\/#website\"},\"datePublished\":\"2025-10-14T15:50:22+00:00\",\"dateModified\":\"2025-10-14T15:50:24+00:00\",\"breadcrumb\":{\"@id\":\"https:\/\/www.pm.pb.gov.br\/portal\/2025\/10\/14\/suspeito-que-responde-em-liberdade-por-homicidio-e-flagrado-atuando-no-trafico-em-campina-grande\/#breadcrumb\"},\"inLanguage\":\"pt-BR\",\"potentialAction\":[{\"@type\":\"ReadAction\",\"target\":[\"https:\/\/www.pm.pb.gov.br\/portal\/2025\/10\/14\/suspeito-que-responde-em-liberdade-por-homicidio-e-flagrado-atuando-no-trafico-em-campina-grande\/\"]}]},{\"@type\":\"BreadcrumbList\",\"@id\":\"https:\/\/www.pm.pb.gov.br\/portal\/2025\/10\/14\/suspeito-que-responde-em-liberdade-por-homicidio-e-flagrado-atuando-no-trafico-em-campina-grande\/#breadcrumb\",\"itemListElement\":[{\"@type\":\"ListItem\",\"position\":1,\"name\":\"In\u00edcio\",\"item\":\"https:\/\/www.pm.pb.gov.br\/portal\/\"},{\"@type\":\"ListItem\",\"position\":2,\"name\":\"Suspeito que responde em liberdade por homic\u00eddio \u00e9 flagrado atuando no tr\u00e1fico em Campina Grande\"}]},{\"@type\":\"WebSite\",\"@id\":\"https:\/\/www.pm.pb.gov.br\/portal\/#website\",\"url\":\"https:\/\/www.pm.pb.gov.br\/portal\/\",\"name\":\"Pol\u00edcia Militar da Para\u00edba\",\"description\":\"\",\"publisher\":{\"@id\":\"https:\/\/www.pm.pb.gov.br\/portal\/#organization\"},\"potentialAction\":[{\"@type\":\"SearchAction\",\"target\":{\"@type\":\"EntryPoint\",\"urlTemplate\":\"https:\/\/www.pm.pb.gov.br\/portal\/?s={search_term_string}\"},\"query-input\":\"required name=search_term_string\"}],\"inLanguage\":\"pt-BR\"},{\"@type\":\"Organization\",\"@id\":\"https:\/\/www.pm.pb.gov.br\/portal\/#organization\",\"name\":\"Pol\u00edcia Militar da Para\u00edba\",\"url\":\"https:\/\/www.pm.pb.gov.br\/portal\/\",\"logo\":{\"@type\":\"ImageObject\",\"inLanguage\":\"pt-BR\",\"@id\":\"https:\/\/www.pm.pb.gov.br\/portal\/#\/schema\/logo\/image\/\",\"url\":\"https:\/\/www.pm.pb.gov.br\/portal\/wp-content\/uploads\/2025\/03\/cropped-logo-site-mag2-1.png\",\"contentUrl\":\"https:\/\/www.pm.pb.gov.br\/portal\/wp-content\/uploads\/2025\/03\/cropped-logo-site-mag2-1.png\",\"width\":320,\"height\":90,\"caption\":\"Pol\u00edcia Militar da Para\u00edba\"},\"image\":{\"@id\":\"https:\/\/www.pm.pb.gov.br\/portal\/#\/schema\/logo\/image\/\"}},{\"@type\":\"Person\",\"@id\":\"https:\/\/www.pm.pb.gov.br\/portal\/#\/schema\/person\/89dd009e2523c97adf8def1d6cf90ca1\",\"name\":\"Luiz Duarte\",\"image\":{\"@type\":\"ImageObject\",\"inLanguage\":\"pt-BR\",\"@id\":\"https:\/\/www.pm.pb.gov.br\/portal\/#\/schema\/person\/image\/\",\"url\":\"https:\/\/secure.gravatar.com\/avatar\/ce5539b97246ef4d24dd039a3f64145b?s=96&d=mm&r=g\",\"contentUrl\":\"https:\/\/secure.gravatar.com\/avatar\/ce5539b97246ef4d24dd039a3f64145b?s=96&d=mm&r=g\",\"caption\":\"Luiz Duarte\"},\"url\":\"https:\/\/www.pm.pb.gov.br\/portal\/author\/luiz\/\"}]}<\/script>\n<!-- \/ Yoast SEO plugin. -->","yoast_head_json":{"title":"Suspeito que responde em liberdade por homic\u00eddio \u00e9 flagrado atuando no tr\u00e1fico em Campina Grande - Pol\u00edcia Militar da Para\u00edba","robots":{"index":"index","follow":"follow","max-snippet":"max-snippet:-1","max-image-preview":"max-image-preview:large","max-video-preview":"max-video-preview:-1"},"canonical":"https:\/\/www.pm.pb.gov.br\/portal\/2025\/10\/14\/suspeito-que-responde-em-liberdade-por-homicidio-e-flagrado-atuando-no-trafico-em-campina-grande\/","og_locale":"pt_BR","og_type":"article","og_title":"Suspeito que responde em liberdade por homic\u00eddio \u00e9 flagrado atuando no tr\u00e1fico em Campina Grande - Pol\u00edcia Militar da Para\u00edba","og_description":"Um homem de 29 anos que responde em liberdade por tentativa de homic\u00eddio foi flagrado, nessa segunda-feira (13), atuando no","og_url":"https:\/\/www.pm.pb.gov.br\/portal\/2025\/10\/14\/suspeito-que-responde-em-liberdade-por-homicidio-e-flagrado-atuando-no-trafico-em-campina-grande\/","og_site_name":"Pol\u00edcia Militar da Para\u00edba","article_published_time":"2025-10-14T15:50:22+00:00","article_modified_time":"2025-10-14T15:50:24+00:00","og_image":[{"width":1600,"height":1412,"url":"http:\/\/www.pm.pb.gov.br\/portal\/wp-content\/uploads\/2025\/10\/WhatsApp-Image-2025-10-13-at-9.43.52-PM.jpeg","type":"image\/jpeg"}],"author":"Luiz Duarte","twitter_card":"summary_large_image","twitter_misc":{"Escrito por":"Luiz Duarte","Est. tempo de leitura":"1 minuto"},"schema":{"@context":"https:\/\/schema.org","@graph":[{"@type":"Article","@id":"https:\/\/www.pm.pb.gov.br\/portal\/2025\/10\/14\/suspeito-que-responde-em-liberdade-por-homicidio-e-flagrado-atuando-no-trafico-em-campina-grande\/#article","isPartOf":{"@id":"https:\/\/www.pm.pb.gov.br\/portal\/2025\/10\/14\/suspeito-que-responde-em-liberdade-por-homicidio-e-flagrado-atuando-no-trafico-em-campina-grande\/"},"author":{"name":"Luiz Duarte","@id":"https:\/\/www.pm.pb.gov.br\/portal\/#\/schema\/person\/89dd009e2523c97adf8def1d6cf90ca1"},"headline":"Suspeito que responde em liberdade por homic\u00eddio \u00e9 flagrado atuando no tr\u00e1fico em Campina Grande","datePublished":"2025-10-14T15:50:22+00:00","dateModified":"2025-10-14T15:50:24+00:00","mainEntityOfPage":{"@id":"https:\/\/www.pm.pb.gov.br\/portal\/2025\/10\/14\/suspeito-que-responde-em-liberdade-por-homicidio-e-flagrado-atuando-no-trafico-em-campina-grande\/"},"wordCount":126,"publisher":{"@id":"https:\/\/www.pm.pb.gov.br\/portal\/#organization"},"articleSection":["A\u00e7\u00f5es Policiais"],"inLanguage":"pt-BR"},{"@type":"WebPage","@id":"https:\/\/www.pm.pb.gov.br\/portal\/2025\/10\/14\/suspeito-que-responde-em-liberdade-por-homicidio-e-flagrado-atuando-no-trafico-em-campina-grande\/","url":"https:\/\/www.pm.pb.gov.br\/portal\/2025\/10\/14\/suspeito-que-responde-em-liberdade-por-homicidio-e-flagrado-atuando-no-trafico-em-campina-grande\/","name":"Suspeito que responde em liberdade por homic\u00eddio \u00e9 flagrado atuando no tr\u00e1fico em Campina Grande - Pol\u00edcia Militar da Para\u00edba","isPartOf":{"@id":"https:\/\/www.pm.pb.gov.br\/portal\/#website"},"datePublished":"2025-10-14T15:50:22+00:00","dateModified":"2025-10-14T15:50:24+00:00","breadcrumb":{"@id":"https:\/\/www.pm.pb.gov.br\/portal\/2025\/10\/14\/suspeito-que-responde-em-liberdade-por-homicidio-e-flagrado-atuando-no-trafico-em-campina-grande\/#breadcrumb"},"inLanguage":"pt-BR","potentialAction":[{"@type":"ReadAction","target":["https:\/\/www.pm.pb.gov.br\/portal\/2025\/10\/14\/suspeito-que-responde-em-liberdade-por-homicidio-e-flagrado-atuando-no-trafico-em-campina-grande\/"]}]},{"@type":"BreadcrumbList","@id":"https:\/\/www.pm.pb.gov.br\/portal\/2025\/10\/14\/suspeito-que-responde-em-liberdade-por-homicidio-e-flagrado-atuando-no-trafico-em-campina-grande\/#breadcrumb","itemListElement":[{"@type":"ListItem","position":1,"name":"In\u00edcio","item":"https:\/\/www.pm.pb.gov.br\/portal\/"},{"@type":"ListItem","position":2,"name":"Suspeito que responde em liberdade por homic\u00eddio \u00e9 flagrado atuando no tr\u00e1fico em Campina Grande"}]},{"@type":"WebSite","@id":"https:\/\/www.pm.pb.gov.br\/portal\/#website","url":"https:\/\/www.pm.pb.gov.br\/portal\/","name":"Pol\u00edcia Militar da Para\u00edba","description":"","publisher":{"@id":"https:\/\/www.pm.pb.gov.br\/portal\/#organization"},"potentialAction":[{"@type":"SearchAction","target":{"@type":"EntryPoint","urlTemplate":"https:\/\/www.pm.pb.gov.br\/portal\/?s={search_term_string}"},"query-input":"required name=search_term_string"}],"inLanguage":"pt-BR"},{"@type":"Organization","@id":"https:\/\/www.pm.pb.gov.br\/portal\/#organization","name":"Pol\u00edcia Militar da Para\u00edba","url":"https:\/\/www.pm.pb.gov.br\/portal\/","logo":{"@type":"ImageObject","inLanguage":"pt-BR","@id":"https:\/\/www.pm.pb.gov.br\/portal\/#\/schema\/logo\/image\/","url":"https:\/\/www.pm.pb.gov.br\/portal\/wp-content\/uploads\/2025\/03\/cropped-logo-site-mag2-1.png","contentUrl":"https:\/\/www.pm.pb.gov.br\/portal\/wp-content\/uploads\/2025\/03\/cropped-logo-site-mag2-1.png","width":320,"height":90,"caption":"Pol\u00edcia Militar da Para\u00edba"},"image":{"@id":"https:\/\/www.pm.pb.gov.br\/portal\/#\/schema\/logo\/image\/"}},{"@type":"Person","@id":"https:\/\/www.pm.pb.gov.br\/portal\/#\/schema\/person\/89dd009e2523c97adf8def1d6cf90ca1","name":"Luiz Duarte","image":{"@type":"ImageObject","inLanguage":"pt-BR","@id":"https:\/\/www.pm.pb.gov.br\/portal\/#\/schema\/person\/image\/","url":"https:\/\/secure.gravatar.com\/avatar\/ce5539b97246ef4d24dd039a3f64145b?s=96&d=mm&r=g","contentUrl":"https:\/\/secure.gravatar.com\/avatar\/ce5539b97246ef4d24dd039a3f64145b?s=96&d=mm&r=g","caption":"Luiz Duarte"},"url":"https:\/\/www.pm.pb.gov.br\/portal\/author\/luiz\/"}]}},"_links":{"self":[{"href":"https:\/\/www.pm.pb.gov.br\/portal\/wp-json\/wp\/v2\/posts\/928336"}],"collection":[{"href":"https:\/\/www.pm.pb.gov.br\/portal\/wp-json\/wp\/v2\/posts"}],"about":[{"href":"https:\/\/www.pm.pb.gov.br\/portal\/wp-json\/wp\/v2\/types\/post"}],"author":[{"embeddable":true,"href":"https:\/\/www.pm.pb.gov.br\/portal\/wp-json\/wp\/v2\/users\/18"}],"replies":[{"embeddable":true,"href":"https:\/\/www.pm.pb.gov.br\/portal\/wp-json\/wp\/v2\/comments?post=928336"}],"version-history":[{"count":1,"href":"https:\/\/www.pm.pb.gov.br\/portal\/wp-json\/wp\/v2\/posts\/928336\/revisions"}],"predecessor-version":[{"id":928372,"href":"https:\/\/www.pm.pb.gov.br\/portal\/wp-json\/wp\/v2\/posts\/928336\/revisions\/928372"}],"wp:featuredmedia":[{"embeddable":true,"href":"https:\/\/www.pm.pb.gov.br\/portal\/wp-json\/wp\/v2\/media\/928374"}],"wp:attachment":[{"href":"https:\/\/www.pm.pb.gov.br\/portal\/wp-json\/wp\/v2\/media?parent=928336"}],"wp:term":[{"taxonomy":"category","embeddable":true,"href":"https:\/\/www.pm.pb.gov.br\/portal\/wp-json\/wp\/v2\/categories?post=928336"},{"taxonomy":"post_tag","embeddable":true,"href":"https:\/\/www.pm.pb.gov.br\/portal\/wp-json\/wp\/v2\/tags?post=928336"}],"curies":[{"name":"wp","href":"https:\/\/api.w.org\/{rel}","templated":true}]}}