{"id":928194,"date":"2025-09-29T14:13:16","date_gmt":"2025-09-29T17:13:16","guid":{"rendered":"https:\/\/www.pm.pb.gov.br\/portal\/?p=928194"},"modified":"2025-09-29T14:13:17","modified_gmt":"2025-09-29T17:13:17","slug":"forca-total-mais-de-114-500-kg-de-drogas-e-390-armas-sao-apreendidas-em-operacao-das-policias-militares-do-brasil","status":"publish","type":"post","link":"https:\/\/www.pm.pb.gov.br\/portal\/2025\/09\/29\/forca-total-mais-de-114-500-kg-de-drogas-e-390-armas-sao-apreendidas-em-operacao-das-policias-militares-do-brasil\/","title":{"rendered":"FOR\u00c7A TOTAL: Mais de 114.500 Kg de drogas e 390 armas s\u00e3o apreendidas em opera\u00e7\u00e3o das Pol\u00edcias Militares do Brasil"},"content":{"rendered":"\n<p>A 19\u00aa edi\u00e7\u00e3o da Opera\u00e7\u00e3o For\u00e7a Total, realizada entre os 18 a 19 de setembro, em todo o Brasil, resultou em 3.872 pessoas presas em flagrante, 1.064 adolescentes apreendidos, 390 armas apreendidas, 114.584 kg de drogas apreendidas e 464 ve\u00edculos recuperados. O trabalho foi realizado pelas pol\u00edcias militares do Brasil, coordenadas pelo Conselho Nacional de Comandantes-Gerais de Pol\u00edcia Militar (CNCGPM). A PM da Para\u00edba participou de todas as edi\u00e7\u00f5es.<\/p>\n\n\n\n<p>Al\u00e9m da preven\u00e7\u00e3o e combate ao crime, a Opera\u00e7\u00e3o For\u00e7a Total estabelece la\u00e7os fortes de uni\u00e3o entre as Pol\u00edcias Militares, com a colabora\u00e7\u00e3o entre as institui\u00e7\u00f5es para construir resultados cada vez maiores e melhores na seguran\u00e7a p\u00fablica. Foram mobilizados 128.771 policiais militares e 44.855 viaturas nesta 19\u00aa edi\u00e7\u00e3o, que aconteceu em todo o territ\u00f3rio nacional.<\/p>\n\n\n\n<p>CNCG \u2013 O Conselho dos Comandantes-Gerais das Pol\u00edcias Militares e do Corpo de Bombeiros do Brasil existe desde 1993 e \u00e9 composto por todos os comandantes das duas institui\u00e7\u00f5es nos Estados, que discutem a formula\u00e7\u00e3o, acompanhamento e avalia\u00e7\u00e3o das pol\u00edticas e diretrizes relacionadas \u00e0 seguran\u00e7a p\u00fablica.<\/p>\n","protected":false},"excerpt":{"rendered":"<p>A 19\u00aa edi\u00e7\u00e3o da Opera\u00e7\u00e3o For\u00e7a Total, realizada entre os 18 a 19 de setembro, em todo o Brasil, resultou<\/p>\n","protected":false},"author":5,"featured_media":928195,"comment_status":"closed","ping_status":"closed","sticky":false,"template":"","format":"standard","meta":{"_exactmetrics_skip_tracking":false,"_exactmetrics_sitenote_active":false,"_exactmetrics_sitenote_note":"","_exactmetrics_sitenote_category":0,"footnotes":""},"categories":[4],"tags":[],"yoast_head":"<!-- This site is optimized with the Yoast SEO plugin v22.0 - https:\/\/yoast.com\/wordpress\/plugins\/seo\/ -->\n<title>FOR\u00c7A TOTAL: Mais de 114.500 Kg de drogas e 390 armas s\u00e3o apreendidas em opera\u00e7\u00e3o das Pol\u00edcias Militares do Brasil - Pol\u00edcia Militar da Para\u00edba<\/title>\n<meta name=\"robots\" content=\"index, follow, max-snippet:-1, max-image-preview:large, max-video-preview:-1\" \/>\n<link rel=\"canonical\" href=\"https:\/\/www.pm.pb.gov.br\/portal\/2025\/09\/29\/forca-total-mais-de-114-500-kg-de-drogas-e-390-armas-sao-apreendidas-em-operacao-das-policias-militares-do-brasil\/\" \/>\n<meta property=\"og:locale\" content=\"pt_BR\" \/>\n<meta property=\"og:type\" content=\"article\" \/>\n<meta property=\"og:title\" content=\"FOR\u00c7A TOTAL: Mais de 114.500 Kg de drogas e 390 armas s\u00e3o apreendidas em opera\u00e7\u00e3o das Pol\u00edcias Militares do Brasil - Pol\u00edcia Militar da Para\u00edba\" \/>\n<meta property=\"og:description\" content=\"A 19\u00aa edi\u00e7\u00e3o da Opera\u00e7\u00e3o For\u00e7a Total, realizada entre os 18 a 19 de setembro, em todo o Brasil, resultou\" \/>\n<meta property=\"og:url\" content=\"https:\/\/www.pm.pb.gov.br\/portal\/2025\/09\/29\/forca-total-mais-de-114-500-kg-de-drogas-e-390-armas-sao-apreendidas-em-operacao-das-policias-militares-do-brasil\/\" \/>\n<meta property=\"og:site_name\" content=\"Pol\u00edcia Militar da Para\u00edba\" \/>\n<meta property=\"article:published_time\" content=\"2025-09-29T17:13:16+00:00\" \/>\n<meta property=\"article:modified_time\" content=\"2025-09-29T17:13:17+00:00\" \/>\n<meta property=\"og:image\" content=\"http:\/\/www.pm.pb.gov.br\/portal\/wp-content\/uploads\/2025\/09\/imagem.jpg\" \/>\n\t<meta property=\"og:image:width\" content=\"800\" \/>\n\t<meta property=\"og:image:height\" content=\"445\" \/>\n\t<meta property=\"og:image:type\" content=\"image\/jpeg\" \/>\n<meta name=\"author\" content=\"Assessoria de Imprensa da PMPB\" \/>\n<meta name=\"twitter:card\" content=\"summary_large_image\" \/>\n<meta name=\"twitter:label1\" content=\"Escrito por\" \/>\n\t<meta name=\"twitter:data1\" content=\"Assessoria de Imprensa da PMPB\" \/>\n\t<meta name=\"twitter:label2\" content=\"Est. tempo de leitura\" \/>\n\t<meta name=\"twitter:data2\" content=\"2 minutos\" \/>\n<script type=\"application\/ld+json\" class=\"yoast-schema-graph\">{\"@context\":\"https:\/\/schema.org\",\"@graph\":[{\"@type\":\"Article\",\"@id\":\"https:\/\/www.pm.pb.gov.br\/portal\/2025\/09\/29\/forca-total-mais-de-114-500-kg-de-drogas-e-390-armas-sao-apreendidas-em-operacao-das-policias-militares-do-brasil\/#article\",\"isPartOf\":{\"@id\":\"https:\/\/www.pm.pb.gov.br\/portal\/2025\/09\/29\/forca-total-mais-de-114-500-kg-de-drogas-e-390-armas-sao-apreendidas-em-operacao-das-policias-militares-do-brasil\/\"},\"author\":{\"name\":\"Assessoria de Imprensa da PMPB\",\"@id\":\"https:\/\/www.pm.pb.gov.br\/portal\/#\/schema\/person\/e8454f46651c3ecf0e1ba3c1666d9947\"},\"headline\":\"FOR\u00c7A TOTAL: Mais de 114.500 Kg de drogas e 390 armas s\u00e3o apreendidas em opera\u00e7\u00e3o das Pol\u00edcias Militares do Brasil\",\"datePublished\":\"2025-09-29T17:13:16+00:00\",\"dateModified\":\"2025-09-29T17:13:17+00:00\",\"mainEntityOfPage\":{\"@id\":\"https:\/\/www.pm.pb.gov.br\/portal\/2025\/09\/29\/forca-total-mais-de-114-500-kg-de-drogas-e-390-armas-sao-apreendidas-em-operacao-das-policias-militares-do-brasil\/\"},\"wordCount\":205,\"publisher\":{\"@id\":\"https:\/\/www.pm.pb.gov.br\/portal\/#organization\"},\"articleSection\":[\"A\u00e7\u00f5es Policiais\"],\"inLanguage\":\"pt-BR\"},{\"@type\":\"WebPage\",\"@id\":\"https:\/\/www.pm.pb.gov.br\/portal\/2025\/09\/29\/forca-total-mais-de-114-500-kg-de-drogas-e-390-armas-sao-apreendidas-em-operacao-das-policias-militares-do-brasil\/\",\"url\":\"https:\/\/www.pm.pb.gov.br\/portal\/2025\/09\/29\/forca-total-mais-de-114-500-kg-de-drogas-e-390-armas-sao-apreendidas-em-operacao-das-policias-militares-do-brasil\/\",\"name\":\"FOR\u00c7A TOTAL: Mais de 114.500 Kg de drogas e 390 armas s\u00e3o apreendidas em opera\u00e7\u00e3o das Pol\u00edcias Militares do Brasil - Pol\u00edcia Militar da Para\u00edba\",\"isPartOf\":{\"@id\":\"https:\/\/www.pm.pb.gov.br\/portal\/#website\"},\"datePublished\":\"2025-09-29T17:13:16+00:00\",\"dateModified\":\"2025-09-29T17:13:17+00:00\",\"breadcrumb\":{\"@id\":\"https:\/\/www.pm.pb.gov.br\/portal\/2025\/09\/29\/forca-total-mais-de-114-500-kg-de-drogas-e-390-armas-sao-apreendidas-em-operacao-das-policias-militares-do-brasil\/#breadcrumb\"},\"inLanguage\":\"pt-BR\",\"potentialAction\":[{\"@type\":\"ReadAction\",\"target\":[\"https:\/\/www.pm.pb.gov.br\/portal\/2025\/09\/29\/forca-total-mais-de-114-500-kg-de-drogas-e-390-armas-sao-apreendidas-em-operacao-das-policias-militares-do-brasil\/\"]}]},{\"@type\":\"BreadcrumbList\",\"@id\":\"https:\/\/www.pm.pb.gov.br\/portal\/2025\/09\/29\/forca-total-mais-de-114-500-kg-de-drogas-e-390-armas-sao-apreendidas-em-operacao-das-policias-militares-do-brasil\/#breadcrumb\",\"itemListElement\":[{\"@type\":\"ListItem\",\"position\":1,\"name\":\"In\u00edcio\",\"item\":\"https:\/\/www.pm.pb.gov.br\/portal\/\"},{\"@type\":\"ListItem\",\"position\":2,\"name\":\"FOR\u00c7A TOTAL: Mais de 114.500 Kg de drogas e 390 armas s\u00e3o apreendidas em opera\u00e7\u00e3o das Pol\u00edcias Militares do Brasil\"}]},{\"@type\":\"WebSite\",\"@id\":\"https:\/\/www.pm.pb.gov.br\/portal\/#website\",\"url\":\"https:\/\/www.pm.pb.gov.br\/portal\/\",\"name\":\"Pol\u00edcia Militar da Para\u00edba\",\"description\":\"\",\"publisher\":{\"@id\":\"https:\/\/www.pm.pb.gov.br\/portal\/#organization\"},\"potentialAction\":[{\"@type\":\"SearchAction\",\"target\":{\"@type\":\"EntryPoint\",\"urlTemplate\":\"https:\/\/www.pm.pb.gov.br\/portal\/?s={search_term_string}\"},\"query-input\":\"required name=search_term_string\"}],\"inLanguage\":\"pt-BR\"},{\"@type\":\"Organization\",\"@id\":\"https:\/\/www.pm.pb.gov.br\/portal\/#organization\",\"name\":\"Pol\u00edcia Militar da Para\u00edba\",\"url\":\"https:\/\/www.pm.pb.gov.br\/portal\/\",\"logo\":{\"@type\":\"ImageObject\",\"inLanguage\":\"pt-BR\",\"@id\":\"https:\/\/www.pm.pb.gov.br\/portal\/#\/schema\/logo\/image\/\",\"url\":\"https:\/\/www.pm.pb.gov.br\/portal\/wp-content\/uploads\/2025\/03\/cropped-logo-site-mag2-1.png\",\"contentUrl\":\"https:\/\/www.pm.pb.gov.br\/portal\/wp-content\/uploads\/2025\/03\/cropped-logo-site-mag2-1.png\",\"width\":320,\"height\":90,\"caption\":\"Pol\u00edcia Militar da Para\u00edba\"},\"image\":{\"@id\":\"https:\/\/www.pm.pb.gov.br\/portal\/#\/schema\/logo\/image\/\"}},{\"@type\":\"Person\",\"@id\":\"https:\/\/www.pm.pb.gov.br\/portal\/#\/schema\/person\/e8454f46651c3ecf0e1ba3c1666d9947\",\"name\":\"Assessoria de Imprensa da PMPB\",\"image\":{\"@type\":\"ImageObject\",\"inLanguage\":\"pt-BR\",\"@id\":\"https:\/\/www.pm.pb.gov.br\/portal\/#\/schema\/person\/image\/\",\"url\":\"https:\/\/secure.gravatar.com\/avatar\/2efe197438265d1e90bd98c4c8e1acf8?s=96&d=mm&r=g\",\"contentUrl\":\"https:\/\/secure.gravatar.com\/avatar\/2efe197438265d1e90bd98c4c8e1acf8?s=96&d=mm&r=g\",\"caption\":\"Assessoria de Imprensa da PMPB\"},\"url\":\"https:\/\/www.pm.pb.gov.br\/portal\/author\/assessoria\/\"}]}<\/script>\n<!-- \/ Yoast SEO plugin. -->","yoast_head_json":{"title":"FOR\u00c7A TOTAL: Mais de 114.500 Kg de drogas e 390 armas s\u00e3o apreendidas em opera\u00e7\u00e3o das Pol\u00edcias Militares do Brasil - Pol\u00edcia Militar da Para\u00edba","robots":{"index":"index","follow":"follow","max-snippet":"max-snippet:-1","max-image-preview":"max-image-preview:large","max-video-preview":"max-video-preview:-1"},"canonical":"https:\/\/www.pm.pb.gov.br\/portal\/2025\/09\/29\/forca-total-mais-de-114-500-kg-de-drogas-e-390-armas-sao-apreendidas-em-operacao-das-policias-militares-do-brasil\/","og_locale":"pt_BR","og_type":"article","og_title":"FOR\u00c7A TOTAL: Mais de 114.500 Kg de drogas e 390 armas s\u00e3o apreendidas em opera\u00e7\u00e3o das Pol\u00edcias Militares do Brasil - Pol\u00edcia Militar da Para\u00edba","og_description":"A 19\u00aa edi\u00e7\u00e3o da Opera\u00e7\u00e3o For\u00e7a Total, realizada entre os 18 a 19 de setembro, em todo o Brasil, resultou","og_url":"https:\/\/www.pm.pb.gov.br\/portal\/2025\/09\/29\/forca-total-mais-de-114-500-kg-de-drogas-e-390-armas-sao-apreendidas-em-operacao-das-policias-militares-do-brasil\/","og_site_name":"Pol\u00edcia Militar da Para\u00edba","article_published_time":"2025-09-29T17:13:16+00:00","article_modified_time":"2025-09-29T17:13:17+00:00","og_image":[{"width":800,"height":445,"url":"http:\/\/www.pm.pb.gov.br\/portal\/wp-content\/uploads\/2025\/09\/imagem.jpg","type":"image\/jpeg"}],"author":"Assessoria de Imprensa da PMPB","twitter_card":"summary_large_image","twitter_misc":{"Escrito por":"Assessoria de Imprensa da PMPB","Est. tempo de leitura":"2 minutos"},"schema":{"@context":"https:\/\/schema.org","@graph":[{"@type":"Article","@id":"https:\/\/www.pm.pb.gov.br\/portal\/2025\/09\/29\/forca-total-mais-de-114-500-kg-de-drogas-e-390-armas-sao-apreendidas-em-operacao-das-policias-militares-do-brasil\/#article","isPartOf":{"@id":"https:\/\/www.pm.pb.gov.br\/portal\/2025\/09\/29\/forca-total-mais-de-114-500-kg-de-drogas-e-390-armas-sao-apreendidas-em-operacao-das-policias-militares-do-brasil\/"},"author":{"name":"Assessoria de Imprensa da PMPB","@id":"https:\/\/www.pm.pb.gov.br\/portal\/#\/schema\/person\/e8454f46651c3ecf0e1ba3c1666d9947"},"headline":"FOR\u00c7A TOTAL: Mais de 114.500 Kg de drogas e 390 armas s\u00e3o apreendidas em opera\u00e7\u00e3o das Pol\u00edcias Militares do Brasil","datePublished":"2025-09-29T17:13:16+00:00","dateModified":"2025-09-29T17:13:17+00:00","mainEntityOfPage":{"@id":"https:\/\/www.pm.pb.gov.br\/portal\/2025\/09\/29\/forca-total-mais-de-114-500-kg-de-drogas-e-390-armas-sao-apreendidas-em-operacao-das-policias-militares-do-brasil\/"},"wordCount":205,"publisher":{"@id":"https:\/\/www.pm.pb.gov.br\/portal\/#organization"},"articleSection":["A\u00e7\u00f5es Policiais"],"inLanguage":"pt-BR"},{"@type":"WebPage","@id":"https:\/\/www.pm.pb.gov.br\/portal\/2025\/09\/29\/forca-total-mais-de-114-500-kg-de-drogas-e-390-armas-sao-apreendidas-em-operacao-das-policias-militares-do-brasil\/","url":"https:\/\/www.pm.pb.gov.br\/portal\/2025\/09\/29\/forca-total-mais-de-114-500-kg-de-drogas-e-390-armas-sao-apreendidas-em-operacao-das-policias-militares-do-brasil\/","name":"FOR\u00c7A TOTAL: Mais de 114.500 Kg de drogas e 390 armas s\u00e3o apreendidas em opera\u00e7\u00e3o das Pol\u00edcias Militares do Brasil - Pol\u00edcia Militar da Para\u00edba","isPartOf":{"@id":"https:\/\/www.pm.pb.gov.br\/portal\/#website"},"datePublished":"2025-09-29T17:13:16+00:00","dateModified":"2025-09-29T17:13:17+00:00","breadcrumb":{"@id":"https:\/\/www.pm.pb.gov.br\/portal\/2025\/09\/29\/forca-total-mais-de-114-500-kg-de-drogas-e-390-armas-sao-apreendidas-em-operacao-das-policias-militares-do-brasil\/#breadcrumb"},"inLanguage":"pt-BR","potentialAction":[{"@type":"ReadAction","target":["https:\/\/www.pm.pb.gov.br\/portal\/2025\/09\/29\/forca-total-mais-de-114-500-kg-de-drogas-e-390-armas-sao-apreendidas-em-operacao-das-policias-militares-do-brasil\/"]}]},{"@type":"BreadcrumbList","@id":"https:\/\/www.pm.pb.gov.br\/portal\/2025\/09\/29\/forca-total-mais-de-114-500-kg-de-drogas-e-390-armas-sao-apreendidas-em-operacao-das-policias-militares-do-brasil\/#breadcrumb","itemListElement":[{"@type":"ListItem","position":1,"name":"In\u00edcio","item":"https:\/\/www.pm.pb.gov.br\/portal\/"},{"@type":"ListItem","position":2,"name":"FOR\u00c7A TOTAL: Mais de 114.500 Kg de drogas e 390 armas s\u00e3o apreendidas em opera\u00e7\u00e3o das Pol\u00edcias Militares do Brasil"}]},{"@type":"WebSite","@id":"https:\/\/www.pm.pb.gov.br\/portal\/#website","url":"https:\/\/www.pm.pb.gov.br\/portal\/","name":"Pol\u00edcia Militar da Para\u00edba","description":"","publisher":{"@id":"https:\/\/www.pm.pb.gov.br\/portal\/#organization"},"potentialAction":[{"@type":"SearchAction","target":{"@type":"EntryPoint","urlTemplate":"https:\/\/www.pm.pb.gov.br\/portal\/?s={search_term_string}"},"query-input":"required name=search_term_string"}],"inLanguage":"pt-BR"},{"@type":"Organization","@id":"https:\/\/www.pm.pb.gov.br\/portal\/#organization","name":"Pol\u00edcia Militar da Para\u00edba","url":"https:\/\/www.pm.pb.gov.br\/portal\/","logo":{"@type":"ImageObject","inLanguage":"pt-BR","@id":"https:\/\/www.pm.pb.gov.br\/portal\/#\/schema\/logo\/image\/","url":"https:\/\/www.pm.pb.gov.br\/portal\/wp-content\/uploads\/2025\/03\/cropped-logo-site-mag2-1.png","contentUrl":"https:\/\/www.pm.pb.gov.br\/portal\/wp-content\/uploads\/2025\/03\/cropped-logo-site-mag2-1.png","width":320,"height":90,"caption":"Pol\u00edcia Militar da Para\u00edba"},"image":{"@id":"https:\/\/www.pm.pb.gov.br\/portal\/#\/schema\/logo\/image\/"}},{"@type":"Person","@id":"https:\/\/www.pm.pb.gov.br\/portal\/#\/schema\/person\/e8454f46651c3ecf0e1ba3c1666d9947","name":"Assessoria de Imprensa da PMPB","image":{"@type":"ImageObject","inLanguage":"pt-BR","@id":"https:\/\/www.pm.pb.gov.br\/portal\/#\/schema\/person\/image\/","url":"https:\/\/secure.gravatar.com\/avatar\/2efe197438265d1e90bd98c4c8e1acf8?s=96&d=mm&r=g","contentUrl":"https:\/\/secure.gravatar.com\/avatar\/2efe197438265d1e90bd98c4c8e1acf8?s=96&d=mm&r=g","caption":"Assessoria de Imprensa da PMPB"},"url":"https:\/\/www.pm.pb.gov.br\/portal\/author\/assessoria\/"}]}},"_links":{"self":[{"href":"https:\/\/www.pm.pb.gov.br\/portal\/wp-json\/wp\/v2\/posts\/928194"}],"collection":[{"href":"https:\/\/www.pm.pb.gov.br\/portal\/wp-json\/wp\/v2\/posts"}],"about":[{"href":"https:\/\/www.pm.pb.gov.br\/portal\/wp-json\/wp\/v2\/types\/post"}],"author":[{"embeddable":true,"href":"https:\/\/www.pm.pb.gov.br\/portal\/wp-json\/wp\/v2\/users\/5"}],"replies":[{"embeddable":true,"href":"https:\/\/www.pm.pb.gov.br\/portal\/wp-json\/wp\/v2\/comments?post=928194"}],"version-history":[{"count":1,"href":"https:\/\/www.pm.pb.gov.br\/portal\/wp-json\/wp\/v2\/posts\/928194\/revisions"}],"predecessor-version":[{"id":928196,"href":"https:\/\/www.pm.pb.gov.br\/portal\/wp-json\/wp\/v2\/posts\/928194\/revisions\/928196"}],"wp:featuredmedia":[{"embeddable":true,"href":"https:\/\/www.pm.pb.gov.br\/portal\/wp-json\/wp\/v2\/media\/928195"}],"wp:attachment":[{"href":"https:\/\/www.pm.pb.gov.br\/portal\/wp-json\/wp\/v2\/media?parent=928194"}],"wp:term":[{"taxonomy":"category","embeddable":true,"href":"https:\/\/www.pm.pb.gov.br\/portal\/wp-json\/wp\/v2\/categories?post=928194"},{"taxonomy":"post_tag","embeddable":true,"href":"https:\/\/www.pm.pb.gov.br\/portal\/wp-json\/wp\/v2\/tags?post=928194"}],"curies":[{"name":"wp","href":"https:\/\/api.w.org\/{rel}","templated":true}]}}