{"id":928182,"date":"2025-09-29T08:45:35","date_gmt":"2025-09-29T11:45:35","guid":{"rendered":"https:\/\/www.pm.pb.gov.br\/portal\/?p=928182"},"modified":"2025-09-29T08:45:38","modified_gmt":"2025-09-29T11:45:38","slug":"policia-militar-prende-homem-com-arma-de-fogo-apos-ser-denunciado-por-violencia-domestica-em-sape","status":"publish","type":"post","link":"https:\/\/www.pm.pb.gov.br\/portal\/2025\/09\/29\/policia-militar-prende-homem-com-arma-de-fogo-apos-ser-denunciado-por-violencia-domestica-em-sape\/","title":{"rendered":"Pol\u00edcia Militar prende homem com arma de fogo, ap\u00f3s ser denunciado por viol\u00eancia dom\u00e9stica em Sap\u00e9"},"content":{"rendered":"\n<p>Na noite deste domingo (28), policiais militares da For\u00e7a T\u00e1tica da 9\u00aa CIPM, receberam uma den\u00fancia an\u00f4nima de que uma mulher estaria sendo agredida fisicamente pelo companheiro no bairro Agrovila, em Sap\u00e9-PB. Com o suspeito foi apreendida uma espingarda, calibre .44.<\/p>\n\n\n\n<p>A equipe chegou ao local indicado e conseguiu interceptar o suspeito e, durante abordagem, com ele foi encontrada uma arma de fogo do tipo espingarda, calibre .44, com 08 muni\u00e7\u00f5es intactas.<\/p>\n\n\n\n<p>O suspeito, de 35 anos, foi preso por viol\u00eancia dom\u00e9stica e porte ilegal de arma de fogo, sendo conduzido \u00e0 Delegacia de Pol\u00edcia Civil de Sap\u00e9 para as medidas legais.<\/p>\n","protected":false},"excerpt":{"rendered":"<p>Na noite deste domingo (28), policiais militares da For\u00e7a T\u00e1tica da 9\u00aa CIPM, receberam uma den\u00fancia an\u00f4nima de que uma<\/p>\n","protected":false},"author":5,"featured_media":928183,"comment_status":"closed","ping_status":"closed","sticky":false,"template":"","format":"standard","meta":{"_exactmetrics_skip_tracking":false,"_exactmetrics_sitenote_active":false,"_exactmetrics_sitenote_note":"","_exactmetrics_sitenote_category":0,"footnotes":""},"categories":[4],"tags":[],"yoast_head":"<!-- This site is optimized with the Yoast SEO plugin v22.0 - https:\/\/yoast.com\/wordpress\/plugins\/seo\/ -->\n<title>Pol\u00edcia Militar prende homem com arma de fogo, ap\u00f3s ser denunciado por viol\u00eancia dom\u00e9stica em Sap\u00e9 - Pol\u00edcia Militar da Para\u00edba<\/title>\n<meta name=\"robots\" content=\"index, follow, max-snippet:-1, max-image-preview:large, max-video-preview:-1\" \/>\n<link rel=\"canonical\" href=\"https:\/\/www.pm.pb.gov.br\/portal\/2025\/09\/29\/policia-militar-prende-homem-com-arma-de-fogo-apos-ser-denunciado-por-violencia-domestica-em-sape\/\" \/>\n<meta property=\"og:locale\" content=\"pt_BR\" \/>\n<meta property=\"og:type\" content=\"article\" \/>\n<meta property=\"og:title\" content=\"Pol\u00edcia Militar prende homem com arma de fogo, ap\u00f3s ser denunciado por viol\u00eancia dom\u00e9stica em Sap\u00e9 - Pol\u00edcia Militar da Para\u00edba\" \/>\n<meta property=\"og:description\" content=\"Na noite deste domingo (28), policiais militares da For\u00e7a T\u00e1tica da 9\u00aa CIPM, receberam uma den\u00fancia an\u00f4nima de que uma\" \/>\n<meta property=\"og:url\" content=\"https:\/\/www.pm.pb.gov.br\/portal\/2025\/09\/29\/policia-militar-prende-homem-com-arma-de-fogo-apos-ser-denunciado-por-violencia-domestica-em-sape\/\" \/>\n<meta property=\"og:site_name\" content=\"Pol\u00edcia Militar da Para\u00edba\" \/>\n<meta property=\"article:published_time\" content=\"2025-09-29T11:45:35+00:00\" \/>\n<meta property=\"article:modified_time\" content=\"2025-09-29T11:45:38+00:00\" \/>\n<meta property=\"og:image\" content=\"http:\/\/www.pm.pb.gov.br\/portal\/wp-content\/uploads\/2025\/09\/Captura-de-tela-2025-09-29-084454.png\" \/>\n\t<meta property=\"og:image:width\" content=\"800\" \/>\n\t<meta property=\"og:image:height\" content=\"445\" \/>\n\t<meta property=\"og:image:type\" content=\"image\/png\" \/>\n<meta name=\"author\" content=\"Assessoria de Imprensa da PMPB\" \/>\n<meta name=\"twitter:card\" content=\"summary_large_image\" \/>\n<meta name=\"twitter:label1\" content=\"Escrito por\" \/>\n\t<meta name=\"twitter:data1\" content=\"Assessoria de Imprensa da PMPB\" \/>\n\t<meta name=\"twitter:label2\" content=\"Est. tempo de leitura\" \/>\n\t<meta name=\"twitter:data2\" content=\"1 minuto\" \/>\n<script type=\"application\/ld+json\" class=\"yoast-schema-graph\">{\"@context\":\"https:\/\/schema.org\",\"@graph\":[{\"@type\":\"Article\",\"@id\":\"https:\/\/www.pm.pb.gov.br\/portal\/2025\/09\/29\/policia-militar-prende-homem-com-arma-de-fogo-apos-ser-denunciado-por-violencia-domestica-em-sape\/#article\",\"isPartOf\":{\"@id\":\"https:\/\/www.pm.pb.gov.br\/portal\/2025\/09\/29\/policia-militar-prende-homem-com-arma-de-fogo-apos-ser-denunciado-por-violencia-domestica-em-sape\/\"},\"author\":{\"name\":\"Assessoria de Imprensa da PMPB\",\"@id\":\"https:\/\/www.pm.pb.gov.br\/portal\/#\/schema\/person\/e8454f46651c3ecf0e1ba3c1666d9947\"},\"headline\":\"Pol\u00edcia Militar prende homem com arma de fogo, ap\u00f3s ser denunciado por viol\u00eancia dom\u00e9stica em Sap\u00e9\",\"datePublished\":\"2025-09-29T11:45:35+00:00\",\"dateModified\":\"2025-09-29T11:45:38+00:00\",\"mainEntityOfPage\":{\"@id\":\"https:\/\/www.pm.pb.gov.br\/portal\/2025\/09\/29\/policia-militar-prende-homem-com-arma-de-fogo-apos-ser-denunciado-por-violencia-domestica-em-sape\/\"},\"wordCount\":124,\"publisher\":{\"@id\":\"https:\/\/www.pm.pb.gov.br\/portal\/#organization\"},\"articleSection\":[\"A\u00e7\u00f5es Policiais\"],\"inLanguage\":\"pt-BR\"},{\"@type\":\"WebPage\",\"@id\":\"https:\/\/www.pm.pb.gov.br\/portal\/2025\/09\/29\/policia-militar-prende-homem-com-arma-de-fogo-apos-ser-denunciado-por-violencia-domestica-em-sape\/\",\"url\":\"https:\/\/www.pm.pb.gov.br\/portal\/2025\/09\/29\/policia-militar-prende-homem-com-arma-de-fogo-apos-ser-denunciado-por-violencia-domestica-em-sape\/\",\"name\":\"Pol\u00edcia Militar prende homem com arma de fogo, ap\u00f3s ser denunciado por viol\u00eancia dom\u00e9stica em Sap\u00e9 - Pol\u00edcia Militar da Para\u00edba\",\"isPartOf\":{\"@id\":\"https:\/\/www.pm.pb.gov.br\/portal\/#website\"},\"datePublished\":\"2025-09-29T11:45:35+00:00\",\"dateModified\":\"2025-09-29T11:45:38+00:00\",\"breadcrumb\":{\"@id\":\"https:\/\/www.pm.pb.gov.br\/portal\/2025\/09\/29\/policia-militar-prende-homem-com-arma-de-fogo-apos-ser-denunciado-por-violencia-domestica-em-sape\/#breadcrumb\"},\"inLanguage\":\"pt-BR\",\"potentialAction\":[{\"@type\":\"ReadAction\",\"target\":[\"https:\/\/www.pm.pb.gov.br\/portal\/2025\/09\/29\/policia-militar-prende-homem-com-arma-de-fogo-apos-ser-denunciado-por-violencia-domestica-em-sape\/\"]}]},{\"@type\":\"BreadcrumbList\",\"@id\":\"https:\/\/www.pm.pb.gov.br\/portal\/2025\/09\/29\/policia-militar-prende-homem-com-arma-de-fogo-apos-ser-denunciado-por-violencia-domestica-em-sape\/#breadcrumb\",\"itemListElement\":[{\"@type\":\"ListItem\",\"position\":1,\"name\":\"In\u00edcio\",\"item\":\"https:\/\/www.pm.pb.gov.br\/portal\/\"},{\"@type\":\"ListItem\",\"position\":2,\"name\":\"Pol\u00edcia Militar prende homem com arma de fogo, ap\u00f3s ser denunciado por viol\u00eancia dom\u00e9stica em Sap\u00e9\"}]},{\"@type\":\"WebSite\",\"@id\":\"https:\/\/www.pm.pb.gov.br\/portal\/#website\",\"url\":\"https:\/\/www.pm.pb.gov.br\/portal\/\",\"name\":\"Pol\u00edcia Militar da Para\u00edba\",\"description\":\"\",\"publisher\":{\"@id\":\"https:\/\/www.pm.pb.gov.br\/portal\/#organization\"},\"potentialAction\":[{\"@type\":\"SearchAction\",\"target\":{\"@type\":\"EntryPoint\",\"urlTemplate\":\"https:\/\/www.pm.pb.gov.br\/portal\/?s={search_term_string}\"},\"query-input\":\"required name=search_term_string\"}],\"inLanguage\":\"pt-BR\"},{\"@type\":\"Organization\",\"@id\":\"https:\/\/www.pm.pb.gov.br\/portal\/#organization\",\"name\":\"Pol\u00edcia Militar da Para\u00edba\",\"url\":\"https:\/\/www.pm.pb.gov.br\/portal\/\",\"logo\":{\"@type\":\"ImageObject\",\"inLanguage\":\"pt-BR\",\"@id\":\"https:\/\/www.pm.pb.gov.br\/portal\/#\/schema\/logo\/image\/\",\"url\":\"https:\/\/www.pm.pb.gov.br\/portal\/wp-content\/uploads\/2025\/03\/cropped-logo-site-mag2-1.png\",\"contentUrl\":\"https:\/\/www.pm.pb.gov.br\/portal\/wp-content\/uploads\/2025\/03\/cropped-logo-site-mag2-1.png\",\"width\":320,\"height\":90,\"caption\":\"Pol\u00edcia Militar da Para\u00edba\"},\"image\":{\"@id\":\"https:\/\/www.pm.pb.gov.br\/portal\/#\/schema\/logo\/image\/\"}},{\"@type\":\"Person\",\"@id\":\"https:\/\/www.pm.pb.gov.br\/portal\/#\/schema\/person\/e8454f46651c3ecf0e1ba3c1666d9947\",\"name\":\"Assessoria de Imprensa da PMPB\",\"image\":{\"@type\":\"ImageObject\",\"inLanguage\":\"pt-BR\",\"@id\":\"https:\/\/www.pm.pb.gov.br\/portal\/#\/schema\/person\/image\/\",\"url\":\"https:\/\/secure.gravatar.com\/avatar\/2efe197438265d1e90bd98c4c8e1acf8?s=96&d=mm&r=g\",\"contentUrl\":\"https:\/\/secure.gravatar.com\/avatar\/2efe197438265d1e90bd98c4c8e1acf8?s=96&d=mm&r=g\",\"caption\":\"Assessoria de Imprensa da PMPB\"},\"url\":\"https:\/\/www.pm.pb.gov.br\/portal\/author\/assessoria\/\"}]}<\/script>\n<!-- \/ Yoast SEO plugin. -->","yoast_head_json":{"title":"Pol\u00edcia Militar prende homem com arma de fogo, ap\u00f3s ser denunciado por viol\u00eancia dom\u00e9stica em Sap\u00e9 - Pol\u00edcia Militar da Para\u00edba","robots":{"index":"index","follow":"follow","max-snippet":"max-snippet:-1","max-image-preview":"max-image-preview:large","max-video-preview":"max-video-preview:-1"},"canonical":"https:\/\/www.pm.pb.gov.br\/portal\/2025\/09\/29\/policia-militar-prende-homem-com-arma-de-fogo-apos-ser-denunciado-por-violencia-domestica-em-sape\/","og_locale":"pt_BR","og_type":"article","og_title":"Pol\u00edcia Militar prende homem com arma de fogo, ap\u00f3s ser denunciado por viol\u00eancia dom\u00e9stica em Sap\u00e9 - Pol\u00edcia Militar da Para\u00edba","og_description":"Na noite deste domingo (28), policiais militares da For\u00e7a T\u00e1tica da 9\u00aa CIPM, receberam uma den\u00fancia an\u00f4nima de que uma","og_url":"https:\/\/www.pm.pb.gov.br\/portal\/2025\/09\/29\/policia-militar-prende-homem-com-arma-de-fogo-apos-ser-denunciado-por-violencia-domestica-em-sape\/","og_site_name":"Pol\u00edcia Militar da Para\u00edba","article_published_time":"2025-09-29T11:45:35+00:00","article_modified_time":"2025-09-29T11:45:38+00:00","og_image":[{"width":800,"height":445,"url":"http:\/\/www.pm.pb.gov.br\/portal\/wp-content\/uploads\/2025\/09\/Captura-de-tela-2025-09-29-084454.png","type":"image\/png"}],"author":"Assessoria de Imprensa da PMPB","twitter_card":"summary_large_image","twitter_misc":{"Escrito por":"Assessoria de Imprensa da PMPB","Est. tempo de leitura":"1 minuto"},"schema":{"@context":"https:\/\/schema.org","@graph":[{"@type":"Article","@id":"https:\/\/www.pm.pb.gov.br\/portal\/2025\/09\/29\/policia-militar-prende-homem-com-arma-de-fogo-apos-ser-denunciado-por-violencia-domestica-em-sape\/#article","isPartOf":{"@id":"https:\/\/www.pm.pb.gov.br\/portal\/2025\/09\/29\/policia-militar-prende-homem-com-arma-de-fogo-apos-ser-denunciado-por-violencia-domestica-em-sape\/"},"author":{"name":"Assessoria de Imprensa da PMPB","@id":"https:\/\/www.pm.pb.gov.br\/portal\/#\/schema\/person\/e8454f46651c3ecf0e1ba3c1666d9947"},"headline":"Pol\u00edcia Militar prende homem com arma de fogo, ap\u00f3s ser denunciado por viol\u00eancia dom\u00e9stica em Sap\u00e9","datePublished":"2025-09-29T11:45:35+00:00","dateModified":"2025-09-29T11:45:38+00:00","mainEntityOfPage":{"@id":"https:\/\/www.pm.pb.gov.br\/portal\/2025\/09\/29\/policia-militar-prende-homem-com-arma-de-fogo-apos-ser-denunciado-por-violencia-domestica-em-sape\/"},"wordCount":124,"publisher":{"@id":"https:\/\/www.pm.pb.gov.br\/portal\/#organization"},"articleSection":["A\u00e7\u00f5es Policiais"],"inLanguage":"pt-BR"},{"@type":"WebPage","@id":"https:\/\/www.pm.pb.gov.br\/portal\/2025\/09\/29\/policia-militar-prende-homem-com-arma-de-fogo-apos-ser-denunciado-por-violencia-domestica-em-sape\/","url":"https:\/\/www.pm.pb.gov.br\/portal\/2025\/09\/29\/policia-militar-prende-homem-com-arma-de-fogo-apos-ser-denunciado-por-violencia-domestica-em-sape\/","name":"Pol\u00edcia Militar prende homem com arma de fogo, ap\u00f3s ser denunciado por viol\u00eancia dom\u00e9stica em Sap\u00e9 - Pol\u00edcia Militar da Para\u00edba","isPartOf":{"@id":"https:\/\/www.pm.pb.gov.br\/portal\/#website"},"datePublished":"2025-09-29T11:45:35+00:00","dateModified":"2025-09-29T11:45:38+00:00","breadcrumb":{"@id":"https:\/\/www.pm.pb.gov.br\/portal\/2025\/09\/29\/policia-militar-prende-homem-com-arma-de-fogo-apos-ser-denunciado-por-violencia-domestica-em-sape\/#breadcrumb"},"inLanguage":"pt-BR","potentialAction":[{"@type":"ReadAction","target":["https:\/\/www.pm.pb.gov.br\/portal\/2025\/09\/29\/policia-militar-prende-homem-com-arma-de-fogo-apos-ser-denunciado-por-violencia-domestica-em-sape\/"]}]},{"@type":"BreadcrumbList","@id":"https:\/\/www.pm.pb.gov.br\/portal\/2025\/09\/29\/policia-militar-prende-homem-com-arma-de-fogo-apos-ser-denunciado-por-violencia-domestica-em-sape\/#breadcrumb","itemListElement":[{"@type":"ListItem","position":1,"name":"In\u00edcio","item":"https:\/\/www.pm.pb.gov.br\/portal\/"},{"@type":"ListItem","position":2,"name":"Pol\u00edcia Militar prende homem com arma de fogo, ap\u00f3s ser denunciado por viol\u00eancia dom\u00e9stica em Sap\u00e9"}]},{"@type":"WebSite","@id":"https:\/\/www.pm.pb.gov.br\/portal\/#website","url":"https:\/\/www.pm.pb.gov.br\/portal\/","name":"Pol\u00edcia Militar da Para\u00edba","description":"","publisher":{"@id":"https:\/\/www.pm.pb.gov.br\/portal\/#organization"},"potentialAction":[{"@type":"SearchAction","target":{"@type":"EntryPoint","urlTemplate":"https:\/\/www.pm.pb.gov.br\/portal\/?s={search_term_string}"},"query-input":"required name=search_term_string"}],"inLanguage":"pt-BR"},{"@type":"Organization","@id":"https:\/\/www.pm.pb.gov.br\/portal\/#organization","name":"Pol\u00edcia Militar da Para\u00edba","url":"https:\/\/www.pm.pb.gov.br\/portal\/","logo":{"@type":"ImageObject","inLanguage":"pt-BR","@id":"https:\/\/www.pm.pb.gov.br\/portal\/#\/schema\/logo\/image\/","url":"https:\/\/www.pm.pb.gov.br\/portal\/wp-content\/uploads\/2025\/03\/cropped-logo-site-mag2-1.png","contentUrl":"https:\/\/www.pm.pb.gov.br\/portal\/wp-content\/uploads\/2025\/03\/cropped-logo-site-mag2-1.png","width":320,"height":90,"caption":"Pol\u00edcia Militar da Para\u00edba"},"image":{"@id":"https:\/\/www.pm.pb.gov.br\/portal\/#\/schema\/logo\/image\/"}},{"@type":"Person","@id":"https:\/\/www.pm.pb.gov.br\/portal\/#\/schema\/person\/e8454f46651c3ecf0e1ba3c1666d9947","name":"Assessoria de Imprensa da PMPB","image":{"@type":"ImageObject","inLanguage":"pt-BR","@id":"https:\/\/www.pm.pb.gov.br\/portal\/#\/schema\/person\/image\/","url":"https:\/\/secure.gravatar.com\/avatar\/2efe197438265d1e90bd98c4c8e1acf8?s=96&d=mm&r=g","contentUrl":"https:\/\/secure.gravatar.com\/avatar\/2efe197438265d1e90bd98c4c8e1acf8?s=96&d=mm&r=g","caption":"Assessoria de Imprensa da PMPB"},"url":"https:\/\/www.pm.pb.gov.br\/portal\/author\/assessoria\/"}]}},"_links":{"self":[{"href":"https:\/\/www.pm.pb.gov.br\/portal\/wp-json\/wp\/v2\/posts\/928182"}],"collection":[{"href":"https:\/\/www.pm.pb.gov.br\/portal\/wp-json\/wp\/v2\/posts"}],"about":[{"href":"https:\/\/www.pm.pb.gov.br\/portal\/wp-json\/wp\/v2\/types\/post"}],"author":[{"embeddable":true,"href":"https:\/\/www.pm.pb.gov.br\/portal\/wp-json\/wp\/v2\/users\/5"}],"replies":[{"embeddable":true,"href":"https:\/\/www.pm.pb.gov.br\/portal\/wp-json\/wp\/v2\/comments?post=928182"}],"version-history":[{"count":1,"href":"https:\/\/www.pm.pb.gov.br\/portal\/wp-json\/wp\/v2\/posts\/928182\/revisions"}],"predecessor-version":[{"id":928184,"href":"https:\/\/www.pm.pb.gov.br\/portal\/wp-json\/wp\/v2\/posts\/928182\/revisions\/928184"}],"wp:featuredmedia":[{"embeddable":true,"href":"https:\/\/www.pm.pb.gov.br\/portal\/wp-json\/wp\/v2\/media\/928183"}],"wp:attachment":[{"href":"https:\/\/www.pm.pb.gov.br\/portal\/wp-json\/wp\/v2\/media?parent=928182"}],"wp:term":[{"taxonomy":"category","embeddable":true,"href":"https:\/\/www.pm.pb.gov.br\/portal\/wp-json\/wp\/v2\/categories?post=928182"},{"taxonomy":"post_tag","embeddable":true,"href":"https:\/\/www.pm.pb.gov.br\/portal\/wp-json\/wp\/v2\/tags?post=928182"}],"curies":[{"name":"wp","href":"https:\/\/api.w.org\/{rel}","templated":true}]}}