{"id":928086,"date":"2025-09-20T16:08:04","date_gmt":"2025-09-20T19:08:04","guid":{"rendered":"https:\/\/www.pm.pb.gov.br\/portal\/?p=928086"},"modified":"2025-09-20T16:08:06","modified_gmt":"2025-09-20T19:08:06","slug":"foragido-com-mais-de-15-anos-de-pena-e-preso-na-orla-do-cabo-branco-em-joao-pessoa","status":"publish","type":"post","link":"https:\/\/www.pm.pb.gov.br\/portal\/2025\/09\/20\/foragido-com-mais-de-15-anos-de-pena-e-preso-na-orla-do-cabo-branco-em-joao-pessoa\/","title":{"rendered":"Foragido com mais de 15 anos de pena \u00e9 preso na orla do Cabo Branco, em Jo\u00e3o Pessoa"},"content":{"rendered":"\n<p>A intensifica\u00e7\u00e3o das a\u00e7\u00f5es policiais preventivas na orla de Jo\u00e3o Pessoa, resultou na captura de um foragido da Justi\u00e7a que tem mais de 15 anos de pena a ser cumprida. A pris\u00e3o ocorreu no fim da manh\u00e3 deste s\u00e1bado (20) e foi realizada pela Pol\u00edcia Militar (foto acima ilustrativa).<\/p>\n<p>De acordo com o Batalh\u00e3o Especializado em Policiamento Tur\u00edstico (BEPTur), o foragido foi encontrado e identificado ap\u00f3s uma s\u00e9rie de abordagens da orla do Cabo Branco. Contra ele, os policiais da unidade identificaram que havia um mandado de pris\u00e3o em aberto pelo crime de roubo, com 15 anos e seis meses de pena a ser cumprida. O detalhe que chamou aten\u00e7\u00e3o na ocorr\u00eancia \u00e9 que o homem j\u00e1 usava tornozeleira eletr\u00f4nica.<\/p>\n<p>A pris\u00e3o do BEPTur foi realizada pelos policiais que usam os quadriciclos, refor\u00e7ando a presen\u00e7a da PM na faixa de areia, e pr\u00f3ximo \u00e0s barracas e banhistas. As a\u00e7\u00f5es devem continuar durante todo o final de semana.<\/p>\n<p>O caso foi apresentado na delegacia para devida autua\u00e7\u00e3o e cumprimento da pena do foragido.<\/p>\n\n\n","protected":false},"excerpt":{"rendered":"<p>A intensifica\u00e7\u00e3o das a\u00e7\u00f5es policiais preventivas na orla de Jo\u00e3o Pessoa, resultou na captura de um foragido da Justi\u00e7a que<\/p>\n","protected":false},"author":12,"featured_media":917248,"comment_status":"closed","ping_status":"closed","sticky":false,"template":"","format":"standard","meta":{"_exactmetrics_skip_tracking":false,"_exactmetrics_sitenote_active":false,"_exactmetrics_sitenote_note":"","_exactmetrics_sitenote_category":0,"footnotes":""},"categories":[4],"tags":[],"yoast_head":"<!-- This site is optimized with the Yoast SEO plugin v22.0 - https:\/\/yoast.com\/wordpress\/plugins\/seo\/ -->\n<title>Foragido com mais de 15 anos de pena \u00e9 preso na orla do Cabo Branco, em Jo\u00e3o Pessoa - Pol\u00edcia Militar da Para\u00edba<\/title>\n<meta name=\"description\" content=\"A pris\u00e3o do BEPTur foi realizada pelos policiais que usam os quadriciclos, refor\u00e7ando a presen\u00e7a da PM na faixa de areia. As a\u00e7\u00f5es devem continuar durante todo o final de semana.\" \/>\n<meta name=\"robots\" content=\"index, follow, max-snippet:-1, max-image-preview:large, max-video-preview:-1\" \/>\n<link rel=\"canonical\" href=\"https:\/\/www.pm.pb.gov.br\/portal\/2025\/09\/20\/foragido-com-mais-de-15-anos-de-pena-e-preso-na-orla-do-cabo-branco-em-joao-pessoa\/\" \/>\n<meta property=\"og:locale\" content=\"pt_BR\" \/>\n<meta property=\"og:type\" content=\"article\" \/>\n<meta property=\"og:title\" content=\"Foragido com mais de 15 anos de pena \u00e9 preso na orla do Cabo Branco, em Jo\u00e3o Pessoa - Pol\u00edcia Militar da Para\u00edba\" \/>\n<meta property=\"og:description\" content=\"A pris\u00e3o do BEPTur foi realizada pelos policiais que usam os quadriciclos, refor\u00e7ando a presen\u00e7a da PM na faixa de areia. As a\u00e7\u00f5es devem continuar durante todo o final de semana.\" \/>\n<meta property=\"og:url\" content=\"https:\/\/www.pm.pb.gov.br\/portal\/2025\/09\/20\/foragido-com-mais-de-15-anos-de-pena-e-preso-na-orla-do-cabo-branco-em-joao-pessoa\/\" \/>\n<meta property=\"og:site_name\" content=\"Pol\u00edcia Militar da Para\u00edba\" \/>\n<meta property=\"article:published_time\" content=\"2025-09-20T19:08:04+00:00\" \/>\n<meta property=\"article:modified_time\" content=\"2025-09-20T19:08:06+00:00\" \/>\n<meta property=\"og:image\" content=\"http:\/\/www.pm.pb.gov.br\/portal\/wp-content\/uploads\/2023\/06\/beptur1.jpeg\" \/>\n\t<meta property=\"og:image:width\" content=\"800\" \/>\n\t<meta property=\"og:image:height\" content=\"445\" \/>\n\t<meta property=\"og:image:type\" content=\"image\/jpeg\" \/>\n<meta name=\"author\" content=\"Tarcisio Oliveira\" \/>\n<meta name=\"twitter:card\" content=\"summary_large_image\" \/>\n<meta name=\"twitter:label1\" content=\"Escrito por\" \/>\n\t<meta name=\"twitter:data1\" content=\"Tarcisio Oliveira\" \/>\n\t<meta name=\"twitter:label2\" content=\"Est. tempo de leitura\" \/>\n\t<meta name=\"twitter:data2\" content=\"2 minutos\" \/>\n<script type=\"application\/ld+json\" class=\"yoast-schema-graph\">{\"@context\":\"https:\/\/schema.org\",\"@graph\":[{\"@type\":\"Article\",\"@id\":\"https:\/\/www.pm.pb.gov.br\/portal\/2025\/09\/20\/foragido-com-mais-de-15-anos-de-pena-e-preso-na-orla-do-cabo-branco-em-joao-pessoa\/#article\",\"isPartOf\":{\"@id\":\"https:\/\/www.pm.pb.gov.br\/portal\/2025\/09\/20\/foragido-com-mais-de-15-anos-de-pena-e-preso-na-orla-do-cabo-branco-em-joao-pessoa\/\"},\"author\":{\"name\":\"Tarcisio Oliveira\",\"@id\":\"https:\/\/www.pm.pb.gov.br\/portal\/#\/schema\/person\/f84f56dcc78ce4357054da888b8247fd\"},\"headline\":\"Foragido com mais de 15 anos de pena \u00e9 preso na orla do Cabo Branco, em Jo\u00e3o Pessoa\",\"datePublished\":\"2025-09-20T19:08:04+00:00\",\"dateModified\":\"2025-09-20T19:08:06+00:00\",\"mainEntityOfPage\":{\"@id\":\"https:\/\/www.pm.pb.gov.br\/portal\/2025\/09\/20\/foragido-com-mais-de-15-anos-de-pena-e-preso-na-orla-do-cabo-branco-em-joao-pessoa\/\"},\"wordCount\":206,\"publisher\":{\"@id\":\"https:\/\/www.pm.pb.gov.br\/portal\/#organization\"},\"articleSection\":[\"A\u00e7\u00f5es Policiais\"],\"inLanguage\":\"pt-BR\"},{\"@type\":\"WebPage\",\"@id\":\"https:\/\/www.pm.pb.gov.br\/portal\/2025\/09\/20\/foragido-com-mais-de-15-anos-de-pena-e-preso-na-orla-do-cabo-branco-em-joao-pessoa\/\",\"url\":\"https:\/\/www.pm.pb.gov.br\/portal\/2025\/09\/20\/foragido-com-mais-de-15-anos-de-pena-e-preso-na-orla-do-cabo-branco-em-joao-pessoa\/\",\"name\":\"Foragido com mais de 15 anos de pena \u00e9 preso na orla do Cabo Branco, em Jo\u00e3o Pessoa - Pol\u00edcia Militar da Para\u00edba\",\"isPartOf\":{\"@id\":\"https:\/\/www.pm.pb.gov.br\/portal\/#website\"},\"datePublished\":\"2025-09-20T19:08:04+00:00\",\"dateModified\":\"2025-09-20T19:08:06+00:00\",\"description\":\"A pris\u00e3o do BEPTur foi realizada pelos policiais que usam os quadriciclos, refor\u00e7ando a presen\u00e7a da PM na faixa de areia. As a\u00e7\u00f5es devem continuar durante todo o final de semana.\",\"breadcrumb\":{\"@id\":\"https:\/\/www.pm.pb.gov.br\/portal\/2025\/09\/20\/foragido-com-mais-de-15-anos-de-pena-e-preso-na-orla-do-cabo-branco-em-joao-pessoa\/#breadcrumb\"},\"inLanguage\":\"pt-BR\",\"potentialAction\":[{\"@type\":\"ReadAction\",\"target\":[\"https:\/\/www.pm.pb.gov.br\/portal\/2025\/09\/20\/foragido-com-mais-de-15-anos-de-pena-e-preso-na-orla-do-cabo-branco-em-joao-pessoa\/\"]}]},{\"@type\":\"BreadcrumbList\",\"@id\":\"https:\/\/www.pm.pb.gov.br\/portal\/2025\/09\/20\/foragido-com-mais-de-15-anos-de-pena-e-preso-na-orla-do-cabo-branco-em-joao-pessoa\/#breadcrumb\",\"itemListElement\":[{\"@type\":\"ListItem\",\"position\":1,\"name\":\"In\u00edcio\",\"item\":\"https:\/\/www.pm.pb.gov.br\/portal\/\"},{\"@type\":\"ListItem\",\"position\":2,\"name\":\"Foragido com mais de 15 anos de pena \u00e9 preso na orla do Cabo Branco, em Jo\u00e3o Pessoa\"}]},{\"@type\":\"WebSite\",\"@id\":\"https:\/\/www.pm.pb.gov.br\/portal\/#website\",\"url\":\"https:\/\/www.pm.pb.gov.br\/portal\/\",\"name\":\"Pol\u00edcia Militar da Para\u00edba\",\"description\":\"\",\"publisher\":{\"@id\":\"https:\/\/www.pm.pb.gov.br\/portal\/#organization\"},\"potentialAction\":[{\"@type\":\"SearchAction\",\"target\":{\"@type\":\"EntryPoint\",\"urlTemplate\":\"https:\/\/www.pm.pb.gov.br\/portal\/?s={search_term_string}\"},\"query-input\":\"required name=search_term_string\"}],\"inLanguage\":\"pt-BR\"},{\"@type\":\"Organization\",\"@id\":\"https:\/\/www.pm.pb.gov.br\/portal\/#organization\",\"name\":\"Pol\u00edcia Militar da Para\u00edba\",\"url\":\"https:\/\/www.pm.pb.gov.br\/portal\/\",\"logo\":{\"@type\":\"ImageObject\",\"inLanguage\":\"pt-BR\",\"@id\":\"https:\/\/www.pm.pb.gov.br\/portal\/#\/schema\/logo\/image\/\",\"url\":\"https:\/\/www.pm.pb.gov.br\/portal\/wp-content\/uploads\/2025\/03\/cropped-logo-site-mag2-1.png\",\"contentUrl\":\"https:\/\/www.pm.pb.gov.br\/portal\/wp-content\/uploads\/2025\/03\/cropped-logo-site-mag2-1.png\",\"width\":320,\"height\":90,\"caption\":\"Pol\u00edcia Militar da Para\u00edba\"},\"image\":{\"@id\":\"https:\/\/www.pm.pb.gov.br\/portal\/#\/schema\/logo\/image\/\"}},{\"@type\":\"Person\",\"@id\":\"https:\/\/www.pm.pb.gov.br\/portal\/#\/schema\/person\/f84f56dcc78ce4357054da888b8247fd\",\"name\":\"Tarcisio Oliveira\",\"image\":{\"@type\":\"ImageObject\",\"inLanguage\":\"pt-BR\",\"@id\":\"https:\/\/www.pm.pb.gov.br\/portal\/#\/schema\/person\/image\/\",\"url\":\"https:\/\/secure.gravatar.com\/avatar\/72917b630b69d31cd0297507f34bac97?s=96&d=mm&r=g\",\"contentUrl\":\"https:\/\/secure.gravatar.com\/avatar\/72917b630b69d31cd0297507f34bac97?s=96&d=mm&r=g\",\"caption\":\"Tarcisio Oliveira\"},\"url\":\"https:\/\/www.pm.pb.gov.br\/portal\/author\/tarcisio\/\"}]}<\/script>\n<!-- \/ Yoast SEO plugin. -->","yoast_head_json":{"title":"Foragido com mais de 15 anos de pena \u00e9 preso na orla do Cabo Branco, em Jo\u00e3o Pessoa - Pol\u00edcia Militar da Para\u00edba","description":"A pris\u00e3o do BEPTur foi realizada pelos policiais que usam os quadriciclos, refor\u00e7ando a presen\u00e7a da PM na faixa de areia. As a\u00e7\u00f5es devem continuar durante todo o final de semana.","robots":{"index":"index","follow":"follow","max-snippet":"max-snippet:-1","max-image-preview":"max-image-preview:large","max-video-preview":"max-video-preview:-1"},"canonical":"https:\/\/www.pm.pb.gov.br\/portal\/2025\/09\/20\/foragido-com-mais-de-15-anos-de-pena-e-preso-na-orla-do-cabo-branco-em-joao-pessoa\/","og_locale":"pt_BR","og_type":"article","og_title":"Foragido com mais de 15 anos de pena \u00e9 preso na orla do Cabo Branco, em Jo\u00e3o Pessoa - Pol\u00edcia Militar da Para\u00edba","og_description":"A pris\u00e3o do BEPTur foi realizada pelos policiais que usam os quadriciclos, refor\u00e7ando a presen\u00e7a da PM na faixa de areia. As a\u00e7\u00f5es devem continuar durante todo o final de semana.","og_url":"https:\/\/www.pm.pb.gov.br\/portal\/2025\/09\/20\/foragido-com-mais-de-15-anos-de-pena-e-preso-na-orla-do-cabo-branco-em-joao-pessoa\/","og_site_name":"Pol\u00edcia Militar da Para\u00edba","article_published_time":"2025-09-20T19:08:04+00:00","article_modified_time":"2025-09-20T19:08:06+00:00","og_image":[{"width":800,"height":445,"url":"http:\/\/www.pm.pb.gov.br\/portal\/wp-content\/uploads\/2023\/06\/beptur1.jpeg","type":"image\/jpeg"}],"author":"Tarcisio Oliveira","twitter_card":"summary_large_image","twitter_misc":{"Escrito por":"Tarcisio Oliveira","Est. tempo de leitura":"2 minutos"},"schema":{"@context":"https:\/\/schema.org","@graph":[{"@type":"Article","@id":"https:\/\/www.pm.pb.gov.br\/portal\/2025\/09\/20\/foragido-com-mais-de-15-anos-de-pena-e-preso-na-orla-do-cabo-branco-em-joao-pessoa\/#article","isPartOf":{"@id":"https:\/\/www.pm.pb.gov.br\/portal\/2025\/09\/20\/foragido-com-mais-de-15-anos-de-pena-e-preso-na-orla-do-cabo-branco-em-joao-pessoa\/"},"author":{"name":"Tarcisio Oliveira","@id":"https:\/\/www.pm.pb.gov.br\/portal\/#\/schema\/person\/f84f56dcc78ce4357054da888b8247fd"},"headline":"Foragido com mais de 15 anos de pena \u00e9 preso na orla do Cabo Branco, em Jo\u00e3o Pessoa","datePublished":"2025-09-20T19:08:04+00:00","dateModified":"2025-09-20T19:08:06+00:00","mainEntityOfPage":{"@id":"https:\/\/www.pm.pb.gov.br\/portal\/2025\/09\/20\/foragido-com-mais-de-15-anos-de-pena-e-preso-na-orla-do-cabo-branco-em-joao-pessoa\/"},"wordCount":206,"publisher":{"@id":"https:\/\/www.pm.pb.gov.br\/portal\/#organization"},"articleSection":["A\u00e7\u00f5es Policiais"],"inLanguage":"pt-BR"},{"@type":"WebPage","@id":"https:\/\/www.pm.pb.gov.br\/portal\/2025\/09\/20\/foragido-com-mais-de-15-anos-de-pena-e-preso-na-orla-do-cabo-branco-em-joao-pessoa\/","url":"https:\/\/www.pm.pb.gov.br\/portal\/2025\/09\/20\/foragido-com-mais-de-15-anos-de-pena-e-preso-na-orla-do-cabo-branco-em-joao-pessoa\/","name":"Foragido com mais de 15 anos de pena \u00e9 preso na orla do Cabo Branco, em Jo\u00e3o Pessoa - Pol\u00edcia Militar da Para\u00edba","isPartOf":{"@id":"https:\/\/www.pm.pb.gov.br\/portal\/#website"},"datePublished":"2025-09-20T19:08:04+00:00","dateModified":"2025-09-20T19:08:06+00:00","description":"A pris\u00e3o do BEPTur foi realizada pelos policiais que usam os quadriciclos, refor\u00e7ando a presen\u00e7a da PM na faixa de areia. As a\u00e7\u00f5es devem continuar durante todo o final de semana.","breadcrumb":{"@id":"https:\/\/www.pm.pb.gov.br\/portal\/2025\/09\/20\/foragido-com-mais-de-15-anos-de-pena-e-preso-na-orla-do-cabo-branco-em-joao-pessoa\/#breadcrumb"},"inLanguage":"pt-BR","potentialAction":[{"@type":"ReadAction","target":["https:\/\/www.pm.pb.gov.br\/portal\/2025\/09\/20\/foragido-com-mais-de-15-anos-de-pena-e-preso-na-orla-do-cabo-branco-em-joao-pessoa\/"]}]},{"@type":"BreadcrumbList","@id":"https:\/\/www.pm.pb.gov.br\/portal\/2025\/09\/20\/foragido-com-mais-de-15-anos-de-pena-e-preso-na-orla-do-cabo-branco-em-joao-pessoa\/#breadcrumb","itemListElement":[{"@type":"ListItem","position":1,"name":"In\u00edcio","item":"https:\/\/www.pm.pb.gov.br\/portal\/"},{"@type":"ListItem","position":2,"name":"Foragido com mais de 15 anos de pena \u00e9 preso na orla do Cabo Branco, em Jo\u00e3o Pessoa"}]},{"@type":"WebSite","@id":"https:\/\/www.pm.pb.gov.br\/portal\/#website","url":"https:\/\/www.pm.pb.gov.br\/portal\/","name":"Pol\u00edcia Militar da Para\u00edba","description":"","publisher":{"@id":"https:\/\/www.pm.pb.gov.br\/portal\/#organization"},"potentialAction":[{"@type":"SearchAction","target":{"@type":"EntryPoint","urlTemplate":"https:\/\/www.pm.pb.gov.br\/portal\/?s={search_term_string}"},"query-input":"required name=search_term_string"}],"inLanguage":"pt-BR"},{"@type":"Organization","@id":"https:\/\/www.pm.pb.gov.br\/portal\/#organization","name":"Pol\u00edcia Militar da Para\u00edba","url":"https:\/\/www.pm.pb.gov.br\/portal\/","logo":{"@type":"ImageObject","inLanguage":"pt-BR","@id":"https:\/\/www.pm.pb.gov.br\/portal\/#\/schema\/logo\/image\/","url":"https:\/\/www.pm.pb.gov.br\/portal\/wp-content\/uploads\/2025\/03\/cropped-logo-site-mag2-1.png","contentUrl":"https:\/\/www.pm.pb.gov.br\/portal\/wp-content\/uploads\/2025\/03\/cropped-logo-site-mag2-1.png","width":320,"height":90,"caption":"Pol\u00edcia Militar da Para\u00edba"},"image":{"@id":"https:\/\/www.pm.pb.gov.br\/portal\/#\/schema\/logo\/image\/"}},{"@type":"Person","@id":"https:\/\/www.pm.pb.gov.br\/portal\/#\/schema\/person\/f84f56dcc78ce4357054da888b8247fd","name":"Tarcisio Oliveira","image":{"@type":"ImageObject","inLanguage":"pt-BR","@id":"https:\/\/www.pm.pb.gov.br\/portal\/#\/schema\/person\/image\/","url":"https:\/\/secure.gravatar.com\/avatar\/72917b630b69d31cd0297507f34bac97?s=96&d=mm&r=g","contentUrl":"https:\/\/secure.gravatar.com\/avatar\/72917b630b69d31cd0297507f34bac97?s=96&d=mm&r=g","caption":"Tarcisio Oliveira"},"url":"https:\/\/www.pm.pb.gov.br\/portal\/author\/tarcisio\/"}]}},"_links":{"self":[{"href":"https:\/\/www.pm.pb.gov.br\/portal\/wp-json\/wp\/v2\/posts\/928086"}],"collection":[{"href":"https:\/\/www.pm.pb.gov.br\/portal\/wp-json\/wp\/v2\/posts"}],"about":[{"href":"https:\/\/www.pm.pb.gov.br\/portal\/wp-json\/wp\/v2\/types\/post"}],"author":[{"embeddable":true,"href":"https:\/\/www.pm.pb.gov.br\/portal\/wp-json\/wp\/v2\/users\/12"}],"replies":[{"embeddable":true,"href":"https:\/\/www.pm.pb.gov.br\/portal\/wp-json\/wp\/v2\/comments?post=928086"}],"version-history":[{"count":1,"href":"https:\/\/www.pm.pb.gov.br\/portal\/wp-json\/wp\/v2\/posts\/928086\/revisions"}],"predecessor-version":[{"id":928087,"href":"https:\/\/www.pm.pb.gov.br\/portal\/wp-json\/wp\/v2\/posts\/928086\/revisions\/928087"}],"wp:featuredmedia":[{"embeddable":true,"href":"https:\/\/www.pm.pb.gov.br\/portal\/wp-json\/wp\/v2\/media\/917248"}],"wp:attachment":[{"href":"https:\/\/www.pm.pb.gov.br\/portal\/wp-json\/wp\/v2\/media?parent=928086"}],"wp:term":[{"taxonomy":"category","embeddable":true,"href":"https:\/\/www.pm.pb.gov.br\/portal\/wp-json\/wp\/v2\/categories?post=928086"},{"taxonomy":"post_tag","embeddable":true,"href":"https:\/\/www.pm.pb.gov.br\/portal\/wp-json\/wp\/v2\/tags?post=928086"}],"curies":[{"name":"wp","href":"https:\/\/api.w.org\/{rel}","templated":true}]}}