{"id":928082,"date":"2025-09-20T13:11:16","date_gmt":"2025-09-20T16:11:16","guid":{"rendered":"https:\/\/www.pm.pb.gov.br\/portal\/?p=928082"},"modified":"2025-09-20T13:41:56","modified_gmt":"2025-09-20T16:41:56","slug":"policia-militar-frustra-criminosos-prende-tornozelados-e-apreende-tres-armas-em-cabedelo","status":"publish","type":"post","link":"https:\/\/www.pm.pb.gov.br\/portal\/2025\/09\/20\/policia-militar-frustra-criminosos-prende-tornozelados-e-apreende-tres-armas-em-cabedelo\/","title":{"rendered":"Pol\u00edcia Militar frustra criminosos, prende tornozelados e apreende tr\u00eas armas em Cabedelo"},"content":{"rendered":"\n\n\n<p>A Pol\u00edcia Militar intensificou as a\u00e7\u00f5es em Cabedelo e prendeu, somente nas \u00faltimas horas da sexta-feira e madrugada deste s\u00e1bado (20), quatro criminosos e apreendeu tr\u00eas armas de fogo. Dois dos acusados j\u00e1 usavam tornozeleira eletr\u00f4nica.<\/p>\n<p>As a\u00e7\u00f5es, que foram coordenadas pelo pr\u00f3prio comandante-geral da PM, o coronel S\u00e9rgio Fonseca, aconteceram nas comunidades da Gameleira e Jardim Gama.<\/p>\n<p>Na primeira delas, o acusado j\u00e1 estava sendo novamente preso pela terceira vez, j\u00e1 usava tornozeleira eletr\u00f4nica, e foi encontrado agora com uma arma de fogo, um rev\u00f3lver calibre 38. &#8220;H\u00e1 cerca de 15 dias, esse mesmo criminoso tentou fugir de nossas guarni\u00e7\u00f5es, e usou a pr\u00f3pria m\u00e3e como escudo, mas o ato foi frustrado&#8221; relatou o coronel S\u00e9rgio.<\/p>\n<p>Mais tarde, j\u00e1 na madrugada de s\u00e1bado, outros tr\u00eas foram presos com duas arma, sendo um rev\u00f3lver e uma pistola (foto acima), no Jardim Gama. Desses, um j\u00e1 usava tornozeleira eletr\u00f4nica, o que demonstra o alto grau de reincid\u00eancia dos infratores e a gravidade das a\u00e7\u00f5es delituosas.<\/p>\n<p>As pris\u00f5es tamb\u00e9m foram acompanhadas Batalh\u00e3o de Policiamento de Choque (BPChoque) e pelo comando da 6a Companhia Independente, unidade que somente este ano j\u00e1 apreendeu 85 armas de fogo que estavam com criminosos na cidade portu\u00e1ria.<\/p>\n<p>Os casos foram encaminhados para a delegacia para devida autua\u00e7\u00e3o. As pris\u00f5es devem reduzir a incid\u00eancia criminosa na localidade e impedir novos ataques de infratores.<\/p>\n<p><em>Atualizado \u00e0s 13h42.<\/em><\/p>\n","protected":false},"excerpt":{"rendered":"<p>A Pol\u00edcia Militar intensificou as a\u00e7\u00f5es em Cabedelo e prendeu, somente nas \u00faltimas horas da sexta-feira e madrugada deste s\u00e1bado<\/p>\n","protected":false},"author":12,"featured_media":928083,"comment_status":"closed","ping_status":"closed","sticky":false,"template":"","format":"standard","meta":{"_exactmetrics_skip_tracking":false,"_exactmetrics_sitenote_active":false,"_exactmetrics_sitenote_note":"","_exactmetrics_sitenote_category":0,"footnotes":""},"categories":[4],"tags":[],"yoast_head":"<!-- This site is optimized with the Yoast SEO plugin v22.0 - https:\/\/yoast.com\/wordpress\/plugins\/seo\/ -->\n<title>Pol\u00edcia Militar frustra criminosos, prende tornozelados e apreende tr\u00eas armas em Cabedelo - Pol\u00edcia Militar da Para\u00edba<\/title>\n<meta name=\"robots\" content=\"index, follow, max-snippet:-1, max-image-preview:large, max-video-preview:-1\" \/>\n<link rel=\"canonical\" href=\"https:\/\/www.pm.pb.gov.br\/portal\/2025\/09\/20\/policia-militar-frustra-criminosos-prende-tornozelados-e-apreende-tres-armas-em-cabedelo\/\" \/>\n<meta property=\"og:locale\" content=\"pt_BR\" \/>\n<meta property=\"og:type\" content=\"article\" \/>\n<meta property=\"og:title\" content=\"Pol\u00edcia Militar frustra criminosos, prende tornozelados e apreende tr\u00eas armas em Cabedelo - Pol\u00edcia Militar da Para\u00edba\" \/>\n<meta property=\"og:description\" content=\"A Pol\u00edcia Militar intensificou as a\u00e7\u00f5es em Cabedelo e prendeu, somente nas \u00faltimas horas da sexta-feira e madrugada deste s\u00e1bado\" \/>\n<meta property=\"og:url\" content=\"https:\/\/www.pm.pb.gov.br\/portal\/2025\/09\/20\/policia-militar-frustra-criminosos-prende-tornozelados-e-apreende-tres-armas-em-cabedelo\/\" \/>\n<meta property=\"og:site_name\" content=\"Pol\u00edcia Militar da Para\u00edba\" \/>\n<meta property=\"article:published_time\" content=\"2025-09-20T16:11:16+00:00\" \/>\n<meta property=\"article:modified_time\" content=\"2025-09-20T16:41:56+00:00\" \/>\n<meta property=\"og:image\" content=\"http:\/\/www.pm.pb.gov.br\/portal\/wp-content\/uploads\/2025\/09\/IMG-20250920-WA0010.jpg\" \/>\n\t<meta property=\"og:image:width\" content=\"1600\" \/>\n\t<meta property=\"og:image:height\" content=\"1200\" \/>\n\t<meta property=\"og:image:type\" content=\"image\/jpeg\" \/>\n<meta name=\"author\" content=\"Tarcisio Oliveira\" \/>\n<meta name=\"twitter:card\" content=\"summary_large_image\" \/>\n<meta name=\"twitter:label1\" content=\"Escrito por\" \/>\n\t<meta name=\"twitter:data1\" content=\"Tarcisio Oliveira\" \/>\n\t<meta name=\"twitter:label2\" content=\"Est. tempo de leitura\" \/>\n\t<meta name=\"twitter:data2\" content=\"2 minutos\" \/>\n<script type=\"application\/ld+json\" class=\"yoast-schema-graph\">{\"@context\":\"https:\/\/schema.org\",\"@graph\":[{\"@type\":\"Article\",\"@id\":\"https:\/\/www.pm.pb.gov.br\/portal\/2025\/09\/20\/policia-militar-frustra-criminosos-prende-tornozelados-e-apreende-tres-armas-em-cabedelo\/#article\",\"isPartOf\":{\"@id\":\"https:\/\/www.pm.pb.gov.br\/portal\/2025\/09\/20\/policia-militar-frustra-criminosos-prende-tornozelados-e-apreende-tres-armas-em-cabedelo\/\"},\"author\":{\"name\":\"Tarcisio Oliveira\",\"@id\":\"https:\/\/www.pm.pb.gov.br\/portal\/#\/schema\/person\/f84f56dcc78ce4357054da888b8247fd\"},\"headline\":\"Pol\u00edcia Militar frustra criminosos, prende tornozelados e apreende tr\u00eas armas em Cabedelo\",\"datePublished\":\"2025-09-20T16:11:16+00:00\",\"dateModified\":\"2025-09-20T16:41:56+00:00\",\"mainEntityOfPage\":{\"@id\":\"https:\/\/www.pm.pb.gov.br\/portal\/2025\/09\/20\/policia-militar-frustra-criminosos-prende-tornozelados-e-apreende-tres-armas-em-cabedelo\/\"},\"wordCount\":265,\"publisher\":{\"@id\":\"https:\/\/www.pm.pb.gov.br\/portal\/#organization\"},\"articleSection\":[\"A\u00e7\u00f5es Policiais\"],\"inLanguage\":\"pt-BR\"},{\"@type\":\"WebPage\",\"@id\":\"https:\/\/www.pm.pb.gov.br\/portal\/2025\/09\/20\/policia-militar-frustra-criminosos-prende-tornozelados-e-apreende-tres-armas-em-cabedelo\/\",\"url\":\"https:\/\/www.pm.pb.gov.br\/portal\/2025\/09\/20\/policia-militar-frustra-criminosos-prende-tornozelados-e-apreende-tres-armas-em-cabedelo\/\",\"name\":\"Pol\u00edcia Militar frustra criminosos, prende tornozelados e apreende tr\u00eas armas em Cabedelo - Pol\u00edcia Militar da Para\u00edba\",\"isPartOf\":{\"@id\":\"https:\/\/www.pm.pb.gov.br\/portal\/#website\"},\"datePublished\":\"2025-09-20T16:11:16+00:00\",\"dateModified\":\"2025-09-20T16:41:56+00:00\",\"breadcrumb\":{\"@id\":\"https:\/\/www.pm.pb.gov.br\/portal\/2025\/09\/20\/policia-militar-frustra-criminosos-prende-tornozelados-e-apreende-tres-armas-em-cabedelo\/#breadcrumb\"},\"inLanguage\":\"pt-BR\",\"potentialAction\":[{\"@type\":\"ReadAction\",\"target\":[\"https:\/\/www.pm.pb.gov.br\/portal\/2025\/09\/20\/policia-militar-frustra-criminosos-prende-tornozelados-e-apreende-tres-armas-em-cabedelo\/\"]}]},{\"@type\":\"BreadcrumbList\",\"@id\":\"https:\/\/www.pm.pb.gov.br\/portal\/2025\/09\/20\/policia-militar-frustra-criminosos-prende-tornozelados-e-apreende-tres-armas-em-cabedelo\/#breadcrumb\",\"itemListElement\":[{\"@type\":\"ListItem\",\"position\":1,\"name\":\"In\u00edcio\",\"item\":\"https:\/\/www.pm.pb.gov.br\/portal\/\"},{\"@type\":\"ListItem\",\"position\":2,\"name\":\"Pol\u00edcia Militar frustra criminosos, prende tornozelados e apreende tr\u00eas armas em Cabedelo\"}]},{\"@type\":\"WebSite\",\"@id\":\"https:\/\/www.pm.pb.gov.br\/portal\/#website\",\"url\":\"https:\/\/www.pm.pb.gov.br\/portal\/\",\"name\":\"Pol\u00edcia Militar da Para\u00edba\",\"description\":\"\",\"publisher\":{\"@id\":\"https:\/\/www.pm.pb.gov.br\/portal\/#organization\"},\"potentialAction\":[{\"@type\":\"SearchAction\",\"target\":{\"@type\":\"EntryPoint\",\"urlTemplate\":\"https:\/\/www.pm.pb.gov.br\/portal\/?s={search_term_string}\"},\"query-input\":\"required name=search_term_string\"}],\"inLanguage\":\"pt-BR\"},{\"@type\":\"Organization\",\"@id\":\"https:\/\/www.pm.pb.gov.br\/portal\/#organization\",\"name\":\"Pol\u00edcia Militar da Para\u00edba\",\"url\":\"https:\/\/www.pm.pb.gov.br\/portal\/\",\"logo\":{\"@type\":\"ImageObject\",\"inLanguage\":\"pt-BR\",\"@id\":\"https:\/\/www.pm.pb.gov.br\/portal\/#\/schema\/logo\/image\/\",\"url\":\"https:\/\/www.pm.pb.gov.br\/portal\/wp-content\/uploads\/2025\/03\/cropped-logo-site-mag2-1.png\",\"contentUrl\":\"https:\/\/www.pm.pb.gov.br\/portal\/wp-content\/uploads\/2025\/03\/cropped-logo-site-mag2-1.png\",\"width\":320,\"height\":90,\"caption\":\"Pol\u00edcia Militar da Para\u00edba\"},\"image\":{\"@id\":\"https:\/\/www.pm.pb.gov.br\/portal\/#\/schema\/logo\/image\/\"}},{\"@type\":\"Person\",\"@id\":\"https:\/\/www.pm.pb.gov.br\/portal\/#\/schema\/person\/f84f56dcc78ce4357054da888b8247fd\",\"name\":\"Tarcisio Oliveira\",\"image\":{\"@type\":\"ImageObject\",\"inLanguage\":\"pt-BR\",\"@id\":\"https:\/\/www.pm.pb.gov.br\/portal\/#\/schema\/person\/image\/\",\"url\":\"https:\/\/secure.gravatar.com\/avatar\/72917b630b69d31cd0297507f34bac97?s=96&d=mm&r=g\",\"contentUrl\":\"https:\/\/secure.gravatar.com\/avatar\/72917b630b69d31cd0297507f34bac97?s=96&d=mm&r=g\",\"caption\":\"Tarcisio Oliveira\"},\"url\":\"https:\/\/www.pm.pb.gov.br\/portal\/author\/tarcisio\/\"}]}<\/script>\n<!-- \/ Yoast SEO plugin. -->","yoast_head_json":{"title":"Pol\u00edcia Militar frustra criminosos, prende tornozelados e apreende tr\u00eas armas em Cabedelo - Pol\u00edcia Militar da Para\u00edba","robots":{"index":"index","follow":"follow","max-snippet":"max-snippet:-1","max-image-preview":"max-image-preview:large","max-video-preview":"max-video-preview:-1"},"canonical":"https:\/\/www.pm.pb.gov.br\/portal\/2025\/09\/20\/policia-militar-frustra-criminosos-prende-tornozelados-e-apreende-tres-armas-em-cabedelo\/","og_locale":"pt_BR","og_type":"article","og_title":"Pol\u00edcia Militar frustra criminosos, prende tornozelados e apreende tr\u00eas armas em Cabedelo - Pol\u00edcia Militar da Para\u00edba","og_description":"A Pol\u00edcia Militar intensificou as a\u00e7\u00f5es em Cabedelo e prendeu, somente nas \u00faltimas horas da sexta-feira e madrugada deste s\u00e1bado","og_url":"https:\/\/www.pm.pb.gov.br\/portal\/2025\/09\/20\/policia-militar-frustra-criminosos-prende-tornozelados-e-apreende-tres-armas-em-cabedelo\/","og_site_name":"Pol\u00edcia Militar da Para\u00edba","article_published_time":"2025-09-20T16:11:16+00:00","article_modified_time":"2025-09-20T16:41:56+00:00","og_image":[{"width":1600,"height":1200,"url":"http:\/\/www.pm.pb.gov.br\/portal\/wp-content\/uploads\/2025\/09\/IMG-20250920-WA0010.jpg","type":"image\/jpeg"}],"author":"Tarcisio Oliveira","twitter_card":"summary_large_image","twitter_misc":{"Escrito por":"Tarcisio Oliveira","Est. tempo de leitura":"2 minutos"},"schema":{"@context":"https:\/\/schema.org","@graph":[{"@type":"Article","@id":"https:\/\/www.pm.pb.gov.br\/portal\/2025\/09\/20\/policia-militar-frustra-criminosos-prende-tornozelados-e-apreende-tres-armas-em-cabedelo\/#article","isPartOf":{"@id":"https:\/\/www.pm.pb.gov.br\/portal\/2025\/09\/20\/policia-militar-frustra-criminosos-prende-tornozelados-e-apreende-tres-armas-em-cabedelo\/"},"author":{"name":"Tarcisio Oliveira","@id":"https:\/\/www.pm.pb.gov.br\/portal\/#\/schema\/person\/f84f56dcc78ce4357054da888b8247fd"},"headline":"Pol\u00edcia Militar frustra criminosos, prende tornozelados e apreende tr\u00eas armas em Cabedelo","datePublished":"2025-09-20T16:11:16+00:00","dateModified":"2025-09-20T16:41:56+00:00","mainEntityOfPage":{"@id":"https:\/\/www.pm.pb.gov.br\/portal\/2025\/09\/20\/policia-militar-frustra-criminosos-prende-tornozelados-e-apreende-tres-armas-em-cabedelo\/"},"wordCount":265,"publisher":{"@id":"https:\/\/www.pm.pb.gov.br\/portal\/#organization"},"articleSection":["A\u00e7\u00f5es Policiais"],"inLanguage":"pt-BR"},{"@type":"WebPage","@id":"https:\/\/www.pm.pb.gov.br\/portal\/2025\/09\/20\/policia-militar-frustra-criminosos-prende-tornozelados-e-apreende-tres-armas-em-cabedelo\/","url":"https:\/\/www.pm.pb.gov.br\/portal\/2025\/09\/20\/policia-militar-frustra-criminosos-prende-tornozelados-e-apreende-tres-armas-em-cabedelo\/","name":"Pol\u00edcia Militar frustra criminosos, prende tornozelados e apreende tr\u00eas armas em Cabedelo - Pol\u00edcia Militar da Para\u00edba","isPartOf":{"@id":"https:\/\/www.pm.pb.gov.br\/portal\/#website"},"datePublished":"2025-09-20T16:11:16+00:00","dateModified":"2025-09-20T16:41:56+00:00","breadcrumb":{"@id":"https:\/\/www.pm.pb.gov.br\/portal\/2025\/09\/20\/policia-militar-frustra-criminosos-prende-tornozelados-e-apreende-tres-armas-em-cabedelo\/#breadcrumb"},"inLanguage":"pt-BR","potentialAction":[{"@type":"ReadAction","target":["https:\/\/www.pm.pb.gov.br\/portal\/2025\/09\/20\/policia-militar-frustra-criminosos-prende-tornozelados-e-apreende-tres-armas-em-cabedelo\/"]}]},{"@type":"BreadcrumbList","@id":"https:\/\/www.pm.pb.gov.br\/portal\/2025\/09\/20\/policia-militar-frustra-criminosos-prende-tornozelados-e-apreende-tres-armas-em-cabedelo\/#breadcrumb","itemListElement":[{"@type":"ListItem","position":1,"name":"In\u00edcio","item":"https:\/\/www.pm.pb.gov.br\/portal\/"},{"@type":"ListItem","position":2,"name":"Pol\u00edcia Militar frustra criminosos, prende tornozelados e apreende tr\u00eas armas em Cabedelo"}]},{"@type":"WebSite","@id":"https:\/\/www.pm.pb.gov.br\/portal\/#website","url":"https:\/\/www.pm.pb.gov.br\/portal\/","name":"Pol\u00edcia Militar da Para\u00edba","description":"","publisher":{"@id":"https:\/\/www.pm.pb.gov.br\/portal\/#organization"},"potentialAction":[{"@type":"SearchAction","target":{"@type":"EntryPoint","urlTemplate":"https:\/\/www.pm.pb.gov.br\/portal\/?s={search_term_string}"},"query-input":"required name=search_term_string"}],"inLanguage":"pt-BR"},{"@type":"Organization","@id":"https:\/\/www.pm.pb.gov.br\/portal\/#organization","name":"Pol\u00edcia Militar da Para\u00edba","url":"https:\/\/www.pm.pb.gov.br\/portal\/","logo":{"@type":"ImageObject","inLanguage":"pt-BR","@id":"https:\/\/www.pm.pb.gov.br\/portal\/#\/schema\/logo\/image\/","url":"https:\/\/www.pm.pb.gov.br\/portal\/wp-content\/uploads\/2025\/03\/cropped-logo-site-mag2-1.png","contentUrl":"https:\/\/www.pm.pb.gov.br\/portal\/wp-content\/uploads\/2025\/03\/cropped-logo-site-mag2-1.png","width":320,"height":90,"caption":"Pol\u00edcia Militar da Para\u00edba"},"image":{"@id":"https:\/\/www.pm.pb.gov.br\/portal\/#\/schema\/logo\/image\/"}},{"@type":"Person","@id":"https:\/\/www.pm.pb.gov.br\/portal\/#\/schema\/person\/f84f56dcc78ce4357054da888b8247fd","name":"Tarcisio Oliveira","image":{"@type":"ImageObject","inLanguage":"pt-BR","@id":"https:\/\/www.pm.pb.gov.br\/portal\/#\/schema\/person\/image\/","url":"https:\/\/secure.gravatar.com\/avatar\/72917b630b69d31cd0297507f34bac97?s=96&d=mm&r=g","contentUrl":"https:\/\/secure.gravatar.com\/avatar\/72917b630b69d31cd0297507f34bac97?s=96&d=mm&r=g","caption":"Tarcisio Oliveira"},"url":"https:\/\/www.pm.pb.gov.br\/portal\/author\/tarcisio\/"}]}},"_links":{"self":[{"href":"https:\/\/www.pm.pb.gov.br\/portal\/wp-json\/wp\/v2\/posts\/928082"}],"collection":[{"href":"https:\/\/www.pm.pb.gov.br\/portal\/wp-json\/wp\/v2\/posts"}],"about":[{"href":"https:\/\/www.pm.pb.gov.br\/portal\/wp-json\/wp\/v2\/types\/post"}],"author":[{"embeddable":true,"href":"https:\/\/www.pm.pb.gov.br\/portal\/wp-json\/wp\/v2\/users\/12"}],"replies":[{"embeddable":true,"href":"https:\/\/www.pm.pb.gov.br\/portal\/wp-json\/wp\/v2\/comments?post=928082"}],"version-history":[{"count":2,"href":"https:\/\/www.pm.pb.gov.br\/portal\/wp-json\/wp\/v2\/posts\/928082\/revisions"}],"predecessor-version":[{"id":928085,"href":"https:\/\/www.pm.pb.gov.br\/portal\/wp-json\/wp\/v2\/posts\/928082\/revisions\/928085"}],"wp:featuredmedia":[{"embeddable":true,"href":"https:\/\/www.pm.pb.gov.br\/portal\/wp-json\/wp\/v2\/media\/928083"}],"wp:attachment":[{"href":"https:\/\/www.pm.pb.gov.br\/portal\/wp-json\/wp\/v2\/media?parent=928082"}],"wp:term":[{"taxonomy":"category","embeddable":true,"href":"https:\/\/www.pm.pb.gov.br\/portal\/wp-json\/wp\/v2\/categories?post=928082"},{"taxonomy":"post_tag","embeddable":true,"href":"https:\/\/www.pm.pb.gov.br\/portal\/wp-json\/wp\/v2\/tags?post=928082"}],"curies":[{"name":"wp","href":"https:\/\/api.w.org\/{rel}","templated":true}]}}