{"id":928070,"date":"2025-09-19T14:54:26","date_gmt":"2025-09-19T17:54:26","guid":{"rendered":"https:\/\/www.pm.pb.gov.br\/portal\/?p=928070"},"modified":"2025-09-19T14:54:29","modified_gmt":"2025-09-19T17:54:29","slug":"policia-militar-prende-mulher-por-trafico-de-drogas-em-sousa","status":"publish","type":"post","link":"https:\/\/www.pm.pb.gov.br\/portal\/2025\/09\/19\/policia-militar-prende-mulher-por-trafico-de-drogas-em-sousa\/","title":{"rendered":"Pol\u00edcia Militar prende mulher por tr\u00e1fico de drogas em Sousa"},"content":{"rendered":"\n<p>Na manh\u00e3 desta sexta-feira (19), policiais do 3\u00b0 Esquadr\u00e3o ROTAM prenderam uma mulher por tr\u00e1fico de drogas na cidade de Sousa-PB. As drogas apreendidas estavam prontas para o com\u00e9rcio il\u00edcito.<\/p>\n\n\n\n<p>As equipes estavam em rondas pelo bairro Esta\u00e7\u00e3o quando receberam as informa\u00e7\u00f5es sobre a pr\u00e1tica de tr\u00e1fico de entorpecentes em uma resid\u00eancia situada naquela regi\u00e3o. Ao chegar no local indicado, os policiais abordaram alguns indiv\u00edduos em frente ao im\u00f3vel, sendo encontrada com um deles uma pequena por\u00e7\u00e3o de coca\u00edna. Enquanto isso, uma mulher correu para dentro da casa ao perceber a aproxima\u00e7\u00e3o da guarni\u00e7\u00e3o, sendo interceptada em flagrante delito.<\/p>\n\n\n\n<p>Na resid\u00eancia, foram apreendidos cerca de 20g de coca\u00edna, 45g de crack em pedras, 83 papelotes de crack prontos para a comercializa\u00e7\u00e3o, al\u00e9m de uma balan\u00e7a de precis\u00e3o, uma l\u00e2mina de gilete (usada para fracionamento da droga), um tubo de papel alum\u00ednio e a quantia de R$ 372,10 reais, em esp\u00e9cie.<\/p>\n\n\n\n<p>A suspeita foi presa e todo o material apreendido foram conduzidos \u00e0 Delegacia de Pol\u00edcia Civil de Sousa para as provid\u00eancias cab\u00edveis.<\/p>\n","protected":false},"excerpt":{"rendered":"<p>Na manh\u00e3 desta sexta-feira (19), policiais do 3\u00b0 Esquadr\u00e3o ROTAM prenderam uma mulher por tr\u00e1fico de drogas na cidade de<\/p>\n","protected":false},"author":5,"featured_media":928071,"comment_status":"closed","ping_status":"closed","sticky":false,"template":"","format":"standard","meta":{"_exactmetrics_skip_tracking":false,"_exactmetrics_sitenote_active":false,"_exactmetrics_sitenote_note":"","_exactmetrics_sitenote_category":0,"footnotes":""},"categories":[4],"tags":[],"yoast_head":"<!-- This site is optimized with the Yoast SEO plugin v22.0 - https:\/\/yoast.com\/wordpress\/plugins\/seo\/ -->\n<title>Pol\u00edcia Militar prende mulher por tr\u00e1fico de drogas em Sousa - Pol\u00edcia Militar da Para\u00edba<\/title>\n<meta name=\"robots\" content=\"index, follow, max-snippet:-1, max-image-preview:large, max-video-preview:-1\" \/>\n<link rel=\"canonical\" href=\"https:\/\/www.pm.pb.gov.br\/portal\/2025\/09\/19\/policia-militar-prende-mulher-por-trafico-de-drogas-em-sousa\/\" \/>\n<meta property=\"og:locale\" content=\"pt_BR\" \/>\n<meta property=\"og:type\" content=\"article\" \/>\n<meta property=\"og:title\" content=\"Pol\u00edcia Militar prende mulher por tr\u00e1fico de drogas em Sousa - Pol\u00edcia Militar da Para\u00edba\" \/>\n<meta property=\"og:description\" content=\"Na manh\u00e3 desta sexta-feira (19), policiais do 3\u00b0 Esquadr\u00e3o ROTAM prenderam uma mulher por tr\u00e1fico de drogas na cidade de\" \/>\n<meta property=\"og:url\" content=\"https:\/\/www.pm.pb.gov.br\/portal\/2025\/09\/19\/policia-militar-prende-mulher-por-trafico-de-drogas-em-sousa\/\" \/>\n<meta property=\"og:site_name\" content=\"Pol\u00edcia Militar da Para\u00edba\" \/>\n<meta property=\"article:published_time\" content=\"2025-09-19T17:54:26+00:00\" \/>\n<meta property=\"article:modified_time\" content=\"2025-09-19T17:54:29+00:00\" \/>\n<meta property=\"og:image\" content=\"http:\/\/www.pm.pb.gov.br\/portal\/wp-content\/uploads\/2025\/09\/WhatsApp-Image-2025-09-19-at-12.29.17.jpeg\" \/>\n\t<meta property=\"og:image:width\" content=\"800\" \/>\n\t<meta property=\"og:image:height\" content=\"446\" \/>\n\t<meta property=\"og:image:type\" content=\"image\/jpeg\" \/>\n<meta name=\"author\" content=\"Assessoria de Imprensa da PMPB\" \/>\n<meta name=\"twitter:card\" content=\"summary_large_image\" \/>\n<meta name=\"twitter:label1\" content=\"Escrito por\" \/>\n\t<meta name=\"twitter:data1\" content=\"Assessoria de Imprensa da PMPB\" \/>\n\t<meta name=\"twitter:label2\" content=\"Est. tempo de leitura\" \/>\n\t<meta name=\"twitter:data2\" content=\"2 minutos\" \/>\n<script type=\"application\/ld+json\" class=\"yoast-schema-graph\">{\"@context\":\"https:\/\/schema.org\",\"@graph\":[{\"@type\":\"Article\",\"@id\":\"https:\/\/www.pm.pb.gov.br\/portal\/2025\/09\/19\/policia-militar-prende-mulher-por-trafico-de-drogas-em-sousa\/#article\",\"isPartOf\":{\"@id\":\"https:\/\/www.pm.pb.gov.br\/portal\/2025\/09\/19\/policia-militar-prende-mulher-por-trafico-de-drogas-em-sousa\/\"},\"author\":{\"name\":\"Assessoria de Imprensa da PMPB\",\"@id\":\"https:\/\/www.pm.pb.gov.br\/portal\/#\/schema\/person\/e8454f46651c3ecf0e1ba3c1666d9947\"},\"headline\":\"Pol\u00edcia Militar prende mulher por tr\u00e1fico de drogas em Sousa\",\"datePublished\":\"2025-09-19T17:54:26+00:00\",\"dateModified\":\"2025-09-19T17:54:29+00:00\",\"mainEntityOfPage\":{\"@id\":\"https:\/\/www.pm.pb.gov.br\/portal\/2025\/09\/19\/policia-militar-prende-mulher-por-trafico-de-drogas-em-sousa\/\"},\"wordCount\":207,\"publisher\":{\"@id\":\"https:\/\/www.pm.pb.gov.br\/portal\/#organization\"},\"articleSection\":[\"A\u00e7\u00f5es Policiais\"],\"inLanguage\":\"pt-BR\"},{\"@type\":\"WebPage\",\"@id\":\"https:\/\/www.pm.pb.gov.br\/portal\/2025\/09\/19\/policia-militar-prende-mulher-por-trafico-de-drogas-em-sousa\/\",\"url\":\"https:\/\/www.pm.pb.gov.br\/portal\/2025\/09\/19\/policia-militar-prende-mulher-por-trafico-de-drogas-em-sousa\/\",\"name\":\"Pol\u00edcia Militar prende mulher por tr\u00e1fico de drogas em Sousa - Pol\u00edcia Militar da Para\u00edba\",\"isPartOf\":{\"@id\":\"https:\/\/www.pm.pb.gov.br\/portal\/#website\"},\"datePublished\":\"2025-09-19T17:54:26+00:00\",\"dateModified\":\"2025-09-19T17:54:29+00:00\",\"breadcrumb\":{\"@id\":\"https:\/\/www.pm.pb.gov.br\/portal\/2025\/09\/19\/policia-militar-prende-mulher-por-trafico-de-drogas-em-sousa\/#breadcrumb\"},\"inLanguage\":\"pt-BR\",\"potentialAction\":[{\"@type\":\"ReadAction\",\"target\":[\"https:\/\/www.pm.pb.gov.br\/portal\/2025\/09\/19\/policia-militar-prende-mulher-por-trafico-de-drogas-em-sousa\/\"]}]},{\"@type\":\"BreadcrumbList\",\"@id\":\"https:\/\/www.pm.pb.gov.br\/portal\/2025\/09\/19\/policia-militar-prende-mulher-por-trafico-de-drogas-em-sousa\/#breadcrumb\",\"itemListElement\":[{\"@type\":\"ListItem\",\"position\":1,\"name\":\"In\u00edcio\",\"item\":\"https:\/\/www.pm.pb.gov.br\/portal\/\"},{\"@type\":\"ListItem\",\"position\":2,\"name\":\"Pol\u00edcia Militar prende mulher por tr\u00e1fico de drogas em Sousa\"}]},{\"@type\":\"WebSite\",\"@id\":\"https:\/\/www.pm.pb.gov.br\/portal\/#website\",\"url\":\"https:\/\/www.pm.pb.gov.br\/portal\/\",\"name\":\"Pol\u00edcia Militar da Para\u00edba\",\"description\":\"\",\"publisher\":{\"@id\":\"https:\/\/www.pm.pb.gov.br\/portal\/#organization\"},\"potentialAction\":[{\"@type\":\"SearchAction\",\"target\":{\"@type\":\"EntryPoint\",\"urlTemplate\":\"https:\/\/www.pm.pb.gov.br\/portal\/?s={search_term_string}\"},\"query-input\":\"required name=search_term_string\"}],\"inLanguage\":\"pt-BR\"},{\"@type\":\"Organization\",\"@id\":\"https:\/\/www.pm.pb.gov.br\/portal\/#organization\",\"name\":\"Pol\u00edcia Militar da Para\u00edba\",\"url\":\"https:\/\/www.pm.pb.gov.br\/portal\/\",\"logo\":{\"@type\":\"ImageObject\",\"inLanguage\":\"pt-BR\",\"@id\":\"https:\/\/www.pm.pb.gov.br\/portal\/#\/schema\/logo\/image\/\",\"url\":\"https:\/\/www.pm.pb.gov.br\/portal\/wp-content\/uploads\/2025\/03\/cropped-logo-site-mag2-1.png\",\"contentUrl\":\"https:\/\/www.pm.pb.gov.br\/portal\/wp-content\/uploads\/2025\/03\/cropped-logo-site-mag2-1.png\",\"width\":320,\"height\":90,\"caption\":\"Pol\u00edcia Militar da Para\u00edba\"},\"image\":{\"@id\":\"https:\/\/www.pm.pb.gov.br\/portal\/#\/schema\/logo\/image\/\"}},{\"@type\":\"Person\",\"@id\":\"https:\/\/www.pm.pb.gov.br\/portal\/#\/schema\/person\/e8454f46651c3ecf0e1ba3c1666d9947\",\"name\":\"Assessoria de Imprensa da PMPB\",\"image\":{\"@type\":\"ImageObject\",\"inLanguage\":\"pt-BR\",\"@id\":\"https:\/\/www.pm.pb.gov.br\/portal\/#\/schema\/person\/image\/\",\"url\":\"https:\/\/secure.gravatar.com\/avatar\/2efe197438265d1e90bd98c4c8e1acf8?s=96&d=mm&r=g\",\"contentUrl\":\"https:\/\/secure.gravatar.com\/avatar\/2efe197438265d1e90bd98c4c8e1acf8?s=96&d=mm&r=g\",\"caption\":\"Assessoria de Imprensa da PMPB\"},\"url\":\"https:\/\/www.pm.pb.gov.br\/portal\/author\/assessoria\/\"}]}<\/script>\n<!-- \/ Yoast SEO plugin. -->","yoast_head_json":{"title":"Pol\u00edcia Militar prende mulher por tr\u00e1fico de drogas em Sousa - Pol\u00edcia Militar da Para\u00edba","robots":{"index":"index","follow":"follow","max-snippet":"max-snippet:-1","max-image-preview":"max-image-preview:large","max-video-preview":"max-video-preview:-1"},"canonical":"https:\/\/www.pm.pb.gov.br\/portal\/2025\/09\/19\/policia-militar-prende-mulher-por-trafico-de-drogas-em-sousa\/","og_locale":"pt_BR","og_type":"article","og_title":"Pol\u00edcia Militar prende mulher por tr\u00e1fico de drogas em Sousa - Pol\u00edcia Militar da Para\u00edba","og_description":"Na manh\u00e3 desta sexta-feira (19), policiais do 3\u00b0 Esquadr\u00e3o ROTAM prenderam uma mulher por tr\u00e1fico de drogas na cidade de","og_url":"https:\/\/www.pm.pb.gov.br\/portal\/2025\/09\/19\/policia-militar-prende-mulher-por-trafico-de-drogas-em-sousa\/","og_site_name":"Pol\u00edcia Militar da Para\u00edba","article_published_time":"2025-09-19T17:54:26+00:00","article_modified_time":"2025-09-19T17:54:29+00:00","og_image":[{"width":800,"height":446,"url":"http:\/\/www.pm.pb.gov.br\/portal\/wp-content\/uploads\/2025\/09\/WhatsApp-Image-2025-09-19-at-12.29.17.jpeg","type":"image\/jpeg"}],"author":"Assessoria de Imprensa da PMPB","twitter_card":"summary_large_image","twitter_misc":{"Escrito por":"Assessoria de Imprensa da PMPB","Est. tempo de leitura":"2 minutos"},"schema":{"@context":"https:\/\/schema.org","@graph":[{"@type":"Article","@id":"https:\/\/www.pm.pb.gov.br\/portal\/2025\/09\/19\/policia-militar-prende-mulher-por-trafico-de-drogas-em-sousa\/#article","isPartOf":{"@id":"https:\/\/www.pm.pb.gov.br\/portal\/2025\/09\/19\/policia-militar-prende-mulher-por-trafico-de-drogas-em-sousa\/"},"author":{"name":"Assessoria de Imprensa da PMPB","@id":"https:\/\/www.pm.pb.gov.br\/portal\/#\/schema\/person\/e8454f46651c3ecf0e1ba3c1666d9947"},"headline":"Pol\u00edcia Militar prende mulher por tr\u00e1fico de drogas em Sousa","datePublished":"2025-09-19T17:54:26+00:00","dateModified":"2025-09-19T17:54:29+00:00","mainEntityOfPage":{"@id":"https:\/\/www.pm.pb.gov.br\/portal\/2025\/09\/19\/policia-militar-prende-mulher-por-trafico-de-drogas-em-sousa\/"},"wordCount":207,"publisher":{"@id":"https:\/\/www.pm.pb.gov.br\/portal\/#organization"},"articleSection":["A\u00e7\u00f5es Policiais"],"inLanguage":"pt-BR"},{"@type":"WebPage","@id":"https:\/\/www.pm.pb.gov.br\/portal\/2025\/09\/19\/policia-militar-prende-mulher-por-trafico-de-drogas-em-sousa\/","url":"https:\/\/www.pm.pb.gov.br\/portal\/2025\/09\/19\/policia-militar-prende-mulher-por-trafico-de-drogas-em-sousa\/","name":"Pol\u00edcia Militar prende mulher por tr\u00e1fico de drogas em Sousa - Pol\u00edcia Militar da Para\u00edba","isPartOf":{"@id":"https:\/\/www.pm.pb.gov.br\/portal\/#website"},"datePublished":"2025-09-19T17:54:26+00:00","dateModified":"2025-09-19T17:54:29+00:00","breadcrumb":{"@id":"https:\/\/www.pm.pb.gov.br\/portal\/2025\/09\/19\/policia-militar-prende-mulher-por-trafico-de-drogas-em-sousa\/#breadcrumb"},"inLanguage":"pt-BR","potentialAction":[{"@type":"ReadAction","target":["https:\/\/www.pm.pb.gov.br\/portal\/2025\/09\/19\/policia-militar-prende-mulher-por-trafico-de-drogas-em-sousa\/"]}]},{"@type":"BreadcrumbList","@id":"https:\/\/www.pm.pb.gov.br\/portal\/2025\/09\/19\/policia-militar-prende-mulher-por-trafico-de-drogas-em-sousa\/#breadcrumb","itemListElement":[{"@type":"ListItem","position":1,"name":"In\u00edcio","item":"https:\/\/www.pm.pb.gov.br\/portal\/"},{"@type":"ListItem","position":2,"name":"Pol\u00edcia Militar prende mulher por tr\u00e1fico de drogas em Sousa"}]},{"@type":"WebSite","@id":"https:\/\/www.pm.pb.gov.br\/portal\/#website","url":"https:\/\/www.pm.pb.gov.br\/portal\/","name":"Pol\u00edcia Militar da Para\u00edba","description":"","publisher":{"@id":"https:\/\/www.pm.pb.gov.br\/portal\/#organization"},"potentialAction":[{"@type":"SearchAction","target":{"@type":"EntryPoint","urlTemplate":"https:\/\/www.pm.pb.gov.br\/portal\/?s={search_term_string}"},"query-input":"required name=search_term_string"}],"inLanguage":"pt-BR"},{"@type":"Organization","@id":"https:\/\/www.pm.pb.gov.br\/portal\/#organization","name":"Pol\u00edcia Militar da Para\u00edba","url":"https:\/\/www.pm.pb.gov.br\/portal\/","logo":{"@type":"ImageObject","inLanguage":"pt-BR","@id":"https:\/\/www.pm.pb.gov.br\/portal\/#\/schema\/logo\/image\/","url":"https:\/\/www.pm.pb.gov.br\/portal\/wp-content\/uploads\/2025\/03\/cropped-logo-site-mag2-1.png","contentUrl":"https:\/\/www.pm.pb.gov.br\/portal\/wp-content\/uploads\/2025\/03\/cropped-logo-site-mag2-1.png","width":320,"height":90,"caption":"Pol\u00edcia Militar da Para\u00edba"},"image":{"@id":"https:\/\/www.pm.pb.gov.br\/portal\/#\/schema\/logo\/image\/"}},{"@type":"Person","@id":"https:\/\/www.pm.pb.gov.br\/portal\/#\/schema\/person\/e8454f46651c3ecf0e1ba3c1666d9947","name":"Assessoria de Imprensa da PMPB","image":{"@type":"ImageObject","inLanguage":"pt-BR","@id":"https:\/\/www.pm.pb.gov.br\/portal\/#\/schema\/person\/image\/","url":"https:\/\/secure.gravatar.com\/avatar\/2efe197438265d1e90bd98c4c8e1acf8?s=96&d=mm&r=g","contentUrl":"https:\/\/secure.gravatar.com\/avatar\/2efe197438265d1e90bd98c4c8e1acf8?s=96&d=mm&r=g","caption":"Assessoria de Imprensa da PMPB"},"url":"https:\/\/www.pm.pb.gov.br\/portal\/author\/assessoria\/"}]}},"_links":{"self":[{"href":"https:\/\/www.pm.pb.gov.br\/portal\/wp-json\/wp\/v2\/posts\/928070"}],"collection":[{"href":"https:\/\/www.pm.pb.gov.br\/portal\/wp-json\/wp\/v2\/posts"}],"about":[{"href":"https:\/\/www.pm.pb.gov.br\/portal\/wp-json\/wp\/v2\/types\/post"}],"author":[{"embeddable":true,"href":"https:\/\/www.pm.pb.gov.br\/portal\/wp-json\/wp\/v2\/users\/5"}],"replies":[{"embeddable":true,"href":"https:\/\/www.pm.pb.gov.br\/portal\/wp-json\/wp\/v2\/comments?post=928070"}],"version-history":[{"count":1,"href":"https:\/\/www.pm.pb.gov.br\/portal\/wp-json\/wp\/v2\/posts\/928070\/revisions"}],"predecessor-version":[{"id":928072,"href":"https:\/\/www.pm.pb.gov.br\/portal\/wp-json\/wp\/v2\/posts\/928070\/revisions\/928072"}],"wp:featuredmedia":[{"embeddable":true,"href":"https:\/\/www.pm.pb.gov.br\/portal\/wp-json\/wp\/v2\/media\/928071"}],"wp:attachment":[{"href":"https:\/\/www.pm.pb.gov.br\/portal\/wp-json\/wp\/v2\/media?parent=928070"}],"wp:term":[{"taxonomy":"category","embeddable":true,"href":"https:\/\/www.pm.pb.gov.br\/portal\/wp-json\/wp\/v2\/categories?post=928070"},{"taxonomy":"post_tag","embeddable":true,"href":"https:\/\/www.pm.pb.gov.br\/portal\/wp-json\/wp\/v2\/tags?post=928070"}],"curies":[{"name":"wp","href":"https:\/\/api.w.org\/{rel}","templated":true}]}}